{"id":86436,"date":"2025-07-17T10:58:03","date_gmt":"2025-07-17T07:58:03","guid":{"rendered":"https:\/\/kibrisdakik.com\/index.php\/2025\/07\/17\/kktc-anayasa-mahkemesi-turk-dunyasi-anayasa-yargisi-konferansina-gozlemci-uye-olarak-katildi\/"},"modified":"2025-07-17T10:58:03","modified_gmt":"2025-07-17T07:58:03","slug":"kktc-anayasa-mahkemesi-turk-dunyasi-anayasa-yargisi-konferansina-gozlemci-uye-olarak-katildi","status":"publish","type":"post","link":"https:\/\/kibrisdakik.com\/?p=86436","title":{"rendered":"KKTC Anayasa Mahkemesi, T\u00fcrk D\u00fcnyas\u0131 Anayasa Yarg\u0131s\u0131 Konferans\u0131\u2019na g\u00f6zlemci \u00fcye olarak kat\u0131ld\u0131"},"content":{"rendered":"<p> <br \/>\n<\/p>\n<div>\n<div class=\"mariselle-image-container center\">\n                                            <\/div>\n<p>\u00a0KKTC Anayasa Mahkemesi, Bak\u00fc\u2019de imzalanan deklarasyon ile T\u00fcrk D\u00fcnyas\u0131 Anayasa Yarg\u0131s\u0131 Konferans\u0131\u2019na (T\u00dcRK-AY) g\u00f6zlemci \u00fcye olarak kat\u0131ld\u0131.<\/p>\n<p>Azerbaycan Anayasa Mahkemesi taraf\u0131ndan Anayasa\u2019n\u0131n kabul\u00fcn\u00fcn 30. y\u0131l\u0131 m\u00fcnasebetiyle d\u00fczenlenen etkinliklere, Anayasa Mahkemesi Ba\u015fkan\u0131 Bertan \u00d6zerda\u011f ve Anayasa Mahkemesi \u00fcyesi Peri Hakk\u0131 kat\u0131ld\u0131.<\/p>\n<p>Ba\u015fkan Bertan \u00d6zerda\u011f konferans kapsam\u0131nda bir konu\u015fma yapt\u0131. \u00d6zerda\u011f, Konferans sonras\u0131 yap\u0131lan T\u00dcRK-AY T\u00fcrk Anayasa Mahkemeleri toplant\u0131s\u0131na da kat\u0131ld\u0131.<\/p>\n<p>Konferans\u0131n g\u00fcndeminde olan KKTC Anayasa Mahkemesi\u2019nin g\u00f6zlemci \u00fcye stat\u00fcs\u00fc ba\u015fvurusu, toplant\u0131da \u00fcye devletler taraf\u0131ndan imzalanan Bak\u00fc deklarasyonuna dahil edilerek kabul edildi ve KKTC Anayasa Mahkemesi\u2019ne g\u00f6zlemci \u00fcye stat\u00fcs\u00fc verildi.<\/p>\n<\/p><\/div>\n<p><script async\n                    defer\n                    crossorigin=\"anonymous\"\n                    src=\"https:\/\/connect.facebook.net\/tr_TR\/sdk.js#xfbml=1&#038;version=v3.3\"\n            ><\/script><br \/>\n<br \/><br \/>\n<br \/><a href=\"[kibrisdakik.com]\n<\/p>\n","protected":false},"excerpt":{"rendered":"<p>\u00a0KKTC Anayasa Mahkemesi, Bak\u00fc\u2019de imzalanan deklarasyon ile T\u00fcrk D\u00fcnyas\u0131 Anayasa Yarg\u0131s\u0131 Konferans\u0131\u2019na (T\u00dcRK-AY) g\u00f6zlemci \u00fcye olarak kat\u0131ld\u0131. Azerbaycan Anayasa Mahkemesi taraf\u0131ndan Anayasa\u2019n\u0131n kabul\u00fcn\u00fcn 30. y\u0131l\u0131 m\u00fcnasebetiyle d\u00fczenlenen etkinliklere, Anayasa Mahkemesi Ba\u015fkan\u0131 Bertan \u00d6zerda\u011f ve Anayasa Mahkemesi \u00fcyesi Peri Hakk\u0131 kat\u0131ld\u0131. Ba\u015fkan Bertan \u00d6zerda\u011f konferans kapsam\u0131nda bir konu\u015fma yapt\u0131. \u00d6zerda\u011f, Konferans sonras\u0131 yap\u0131lan T\u00dcRK-AY T\u00fcrk Anayasa<\/p>\n","protected":false},"author":1,"featured_media":86437,"comment_status":"open","ping_status":"open","sticky":false,"template":"","format":"standard","meta":{"footnotes":""},"categories":[81,101],"tags":[],"class_list":["post-86436","post","type-post","status-publish","format-standard","has-post-thumbnail","hentry","category-kibris","category-manset"],"yoast_head":"<!-- This site is optimized with the Yoast SEO plugin v27.5 - https:\/\/yoast.com\/product\/yoast-seo-wordpress\/ -->\n<title>KKTC Anayasa Mahkemesi, T\u00fcrk D\u00fcnyas\u0131 Anayasa Yarg\u0131s\u0131 Konferans\u0131\u2019na g\u00f6zlemci \u00fcye olarak kat\u0131ld\u0131 -<\/title>\n<meta name=\"robots\" content=\"index, follow, max-snippet:-1, max-image-preview:large, max-video-preview:-1\" \/>\n<link rel=\"canonical\" href=\"https:\/\/kibrisdakik.com\/?p=86436\" \/>\n<meta property=\"og:locale\" content=\"tr_TR\" \/>\n<meta property=\"og:type\" content=\"article\" \/>\n<meta property=\"og:title\" content=\"KKTC Anayasa Mahkemesi, T\u00fcrk D\u00fcnyas\u0131 Anayasa Yarg\u0131s\u0131 Konferans\u0131\u2019na g\u00f6zlemci \u00fcye olarak kat\u0131ld\u0131 -\" \/>\n<meta property=\"og:description\" content=\"\u00a0KKTC Anayasa Mahkemesi, Bak\u00fc\u2019de imzalanan deklarasyon ile T\u00fcrk D\u00fcnyas\u0131 Anayasa Yarg\u0131s\u0131 Konferans\u0131\u2019na (T\u00dcRK-AY) g\u00f6zlemci \u00fcye olarak kat\u0131ld\u0131. Azerbaycan Anayasa Mahkemesi taraf\u0131ndan Anayasa\u2019n\u0131n kabul\u00fcn\u00fcn 30. y\u0131l\u0131 m\u00fcnasebetiyle d\u00fczenlenen etkinliklere, Anayasa Mahkemesi Ba\u015fkan\u0131 Bertan \u00d6zerda\u011f ve Anayasa Mahkemesi \u00fcyesi Peri Hakk\u0131 kat\u0131ld\u0131. Ba\u015fkan Bertan \u00d6zerda\u011f konferans kapsam\u0131nda bir konu\u015fma yapt\u0131. \u00d6zerda\u011f, Konferans sonras\u0131 yap\u0131lan T\u00dcRK-AY T\u00fcrk Anayasa\" \/>\n<meta property=\"og:url\" content=\"https:\/\/kibrisdakik.com\/?p=86436\" \/>\n<meta property=\"article:published_time\" content=\"2025-07-17T07:58:03+00:00\" \/>\n<meta property=\"og:image\" content=\"https:\/\/kibrisdakik.com\/wp-content\/uploads\/2025\/07\/1752736434005Ozerdag-Baku-TURKAY-740x420.jpeg\" \/>\n\t<meta property=\"og:image:width\" content=\"1600\" \/>\n\t<meta property=\"og:image:height\" content=\"1200\" \/>\n\t<meta property=\"og:image:type\" content=\"image\/jpeg\" \/>\n<meta name=\"author\" content=\"admin\" \/>\n<meta name=\"twitter:card\" content=\"summary_large_image\" \/>\n<meta name=\"twitter:label1\" content=\"Yazan:\" \/>\n\t<meta name=\"twitter:data1\" content=\"admin\" \/>\n\t<meta name=\"twitter:label2\" content=\"Tahmini okuma s\u00fcresi\" \/>\n\t<meta name=\"twitter:data2\" content=\"1 dakika\" \/>\n<script type=\"application\/ld+json\" class=\"yoast-schema-graph\">{\"@context\":\"https:\\\/\\\/schema.org\",\"@graph\":[{\"@type\":\"Article\",\"@id\":\"https:\\\/\\\/kibrisdakik.com\\\/?p=86436#article\",\"isPartOf\":{\"@id\":\"https:\\\/\\\/kibrisdakik.com\\\/?p=86436\"},\"author\":{\"name\":\"admin\",\"@id\":\"https:\\\/\\\/kibrisdakik.com\\\/#\\\/schema\\\/person\\\/9cd9d437bbb44f72b73ba127e06d8e79\"},\"headline\":\"KKTC Anayasa Mahkemesi, T\u00fcrk D\u00fcnyas\u0131 Anayasa Yarg\u0131s\u0131 Konferans\u0131\u2019na g\u00f6zlemci \u00fcye olarak kat\u0131ld\u0131\",\"datePublished\":\"2025-07-17T07:58:03+00:00\",\"mainEntityOfPage\":{\"@id\":\"https:\\\/\\\/kibrisdakik.com\\\/?p=86436\"},\"wordCount\":145,\"commentCount\":0,\"image\":{\"@id\":\"https:\\\/\\\/kibrisdakik.com\\\/?p=86436#primaryimage\"},\"thumbnailUrl\":\"https:\\\/\\\/kibrisdakik.com\\\/wp-content\\\/uploads\\\/2025\\\/07\\\/1752736434005Ozerdag-Baku-TURKAY-740x420.jpeg\",\"articleSection\":[\"K\u0131br\u0131s\",\"Man\u015fet\"],\"inLanguage\":\"tr\",\"potentialAction\":[{\"@type\":\"CommentAction\",\"name\":\"Comment\",\"target\":[\"https:\\\/\\\/kibrisdakik.com\\\/?p=86436#respond\"]}]},{\"@type\":\"WebPage\",\"@id\":\"https:\\\/\\\/kibrisdakik.com\\\/?p=86436\",\"url\":\"https:\\\/\\\/kibrisdakik.com\\\/?p=86436\",\"name\":\"KKTC Anayasa Mahkemesi, T\u00fcrk D\u00fcnyas\u0131 Anayasa Yarg\u0131s\u0131 Konferans\u0131\u2019na g\u00f6zlemci \u00fcye olarak kat\u0131ld\u0131 -\",\"isPartOf\":{\"@id\":\"https:\\\/\\\/kibrisdakik.com\\\/#website\"},\"primaryImageOfPage\":{\"@id\":\"https:\\\/\\\/kibrisdakik.com\\\/?p=86436#primaryimage\"},\"image\":{\"@id\":\"https:\\\/\\\/kibrisdakik.com\\\/?p=86436#primaryimage\"},\"thumbnailUrl\":\"https:\\\/\\\/kibrisdakik.com\\\/wp-content\\\/uploads\\\/2025\\\/07\\\/1752736434005Ozerdag-Baku-TURKAY-740x420.jpeg\",\"datePublished\":\"2025-07-17T07:58:03+00:00\",\"author\":{\"@id\":\"https:\\\/\\\/kibrisdakik.com\\\/#\\\/schema\\\/person\\\/9cd9d437bbb44f72b73ba127e06d8e79\"},\"breadcrumb\":{\"@id\":\"https:\\\/\\\/kibrisdakik.com\\\/?p=86436#breadcrumb\"},\"inLanguage\":\"tr\",\"potentialAction\":[{\"@type\":\"ReadAction\",\"target\":[\"https:\\\/\\\/kibrisdakik.com\\\/?p=86436\"]}]},{\"@type\":\"ImageObject\",\"inLanguage\":\"tr\",\"@id\":\"https:\\\/\\\/kibrisdakik.com\\\/?p=86436#primaryimage\",\"url\":\"https:\\\/\\\/kibrisdakik.com\\\/wp-content\\\/uploads\\\/2025\\\/07\\\/1752736434005Ozerdag-Baku-TURKAY-740x420.jpeg\",\"contentUrl\":\"https:\\\/\\\/kibrisdakik.com\\\/wp-content\\\/uploads\\\/2025\\\/07\\\/1752736434005Ozerdag-Baku-TURKAY-740x420.jpeg\",\"width\":1600,\"height\":1200},{\"@type\":\"BreadcrumbList\",\"@id\":\"https:\\\/\\\/kibrisdakik.com\\\/?p=86436#breadcrumb\",\"itemListElement\":[{\"@type\":\"ListItem\",\"position\":1,\"name\":\"Home\",\"item\":\"https:\\\/\\\/kibrisdakik.com\\\/\"},{\"@type\":\"ListItem\",\"position\":2,\"name\":\"KKTC Anayasa Mahkemesi, T\u00fcrk D\u00fcnyas\u0131 Anayasa Yarg\u0131s\u0131 Konferans\u0131\u2019na g\u00f6zlemci \u00fcye olarak kat\u0131ld\u0131\"}]},{\"@type\":\"WebSite\",\"@id\":\"https:\\\/\\\/kibrisdakik.com\\\/#website\",\"url\":\"https:\\\/\\\/kibrisdakik.com\\\/\",\"name\":\"\",\"description\":\"Tam vaktinde haber\",\"potentialAction\":[{\"@type\":\"SearchAction\",\"target\":{\"@type\":\"EntryPoint\",\"urlTemplate\":\"https:\\\/\\\/kibrisdakik.com\\\/?s={search_term_string}\"},\"query-input\":{\"@type\":\"PropertyValueSpecification\",\"valueRequired\":true,\"valueName\":\"search_term_string\"}}],\"inLanguage\":\"tr\"},{\"@type\":\"Person\",\"@id\":\"https:\\\/\\\/kibrisdakik.com\\\/#\\\/schema\\\/person\\\/9cd9d437bbb44f72b73ba127e06d8e79\",\"name\":\"admin\",\"image\":{\"@type\":\"ImageObject\",\"inLanguage\":\"tr\",\"@id\":\"https:\\\/\\\/secure.gravatar.com\\\/avatar\\\/ccc17943b9d660506c869530f897617f7cb1c21a4bf30023f252596d83e1f007?s=96&d=mm&r=g\",\"url\":\"https:\\\/\\\/secure.gravatar.com\\\/avatar\\\/ccc17943b9d660506c869530f897617f7cb1c21a4bf30023f252596d83e1f007?s=96&d=mm&r=g\",\"contentUrl\":\"https:\\\/\\\/secure.gravatar.com\\\/avatar\\\/ccc17943b9d660506c869530f897617f7cb1c21a4bf30023f252596d83e1f007?s=96&d=mm&r=g\",\"caption\":\"admin\"},\"sameAs\":[\"https:\\\/\\\/kibrisdakik.com\"],\"url\":\"https:\\\/\\\/kibrisdakik.com\\\/?author=1\"}]}<\/script>\n<!-- \/ Yoast SEO plugin. -->","yoast_head_json":{"title":"KKTC Anayasa Mahkemesi, T\u00fcrk D\u00fcnyas\u0131 Anayasa Yarg\u0131s\u0131 Konferans\u0131\u2019na g\u00f6zlemci \u00fcye olarak kat\u0131ld\u0131 -","robots":{"index":"index","follow":"follow","max-snippet":"max-snippet:-1","max-image-preview":"max-image-preview:large","max-video-preview":"max-video-preview:-1"},"canonical":"https:\/\/kibrisdakik.com\/?p=86436","og_locale":"tr_TR","og_type":"article","og_title":"KKTC Anayasa Mahkemesi, T\u00fcrk D\u00fcnyas\u0131 Anayasa Yarg\u0131s\u0131 Konferans\u0131\u2019na g\u00f6zlemci \u00fcye olarak kat\u0131ld\u0131 -","og_description":"\u00a0KKTC Anayasa Mahkemesi, Bak\u00fc\u2019de imzalanan deklarasyon ile T\u00fcrk D\u00fcnyas\u0131 Anayasa Yarg\u0131s\u0131 Konferans\u0131\u2019na (T\u00dcRK-AY) g\u00f6zlemci \u00fcye olarak kat\u0131ld\u0131. Azerbaycan Anayasa Mahkemesi taraf\u0131ndan Anayasa\u2019n\u0131n kabul\u00fcn\u00fcn 30. y\u0131l\u0131 m\u00fcnasebetiyle d\u00fczenlenen etkinliklere, Anayasa Mahkemesi Ba\u015fkan\u0131 Bertan \u00d6zerda\u011f ve Anayasa Mahkemesi \u00fcyesi Peri Hakk\u0131 kat\u0131ld\u0131. Ba\u015fkan Bertan \u00d6zerda\u011f konferans kapsam\u0131nda bir konu\u015fma yapt\u0131. \u00d6zerda\u011f, Konferans sonras\u0131 yap\u0131lan T\u00dcRK-AY T\u00fcrk Anayasa","og_url":"https:\/\/kibrisdakik.com\/?p=86436","article_published_time":"2025-07-17T07:58:03+00:00","og_image":[{"width":1600,"height":1200,"url":"https:\/\/kibrisdakik.com\/wp-content\/uploads\/2025\/07\/1752736434005Ozerdag-Baku-TURKAY-740x420.jpeg","type":"image\/jpeg"}],"author":"admin","twitter_card":"summary_large_image","twitter_misc":{"Yazan:":"admin","Tahmini okuma s\u00fcresi":"1 dakika"},"schema":{"@context":"https:\/\/schema.org","@graph":[{"@type":"Article","@id":"https:\/\/kibrisdakik.com\/?p=86436#article","isPartOf":{"@id":"https:\/\/kibrisdakik.com\/?p=86436"},"author":{"name":"admin","@id":"https:\/\/kibrisdakik.com\/#\/schema\/person\/9cd9d437bbb44f72b73ba127e06d8e79"},"headline":"KKTC Anayasa Mahkemesi, T\u00fcrk D\u00fcnyas\u0131 Anayasa Yarg\u0131s\u0131 Konferans\u0131\u2019na g\u00f6zlemci \u00fcye olarak kat\u0131ld\u0131","datePublished":"2025-07-17T07:58:03+00:00","mainEntityOfPage":{"@id":"https:\/\/kibrisdakik.com\/?p=86436"},"wordCount":145,"commentCount":0,"image":{"@id":"https:\/\/kibrisdakik.com\/?p=86436#primaryimage"},"thumbnailUrl":"https:\/\/kibrisdakik.com\/wp-content\/uploads\/2025\/07\/1752736434005Ozerdag-Baku-TURKAY-740x420.jpeg","articleSection":["K\u0131br\u0131s","Man\u015fet"],"inLanguage":"tr","potentialAction":[{"@type":"CommentAction","name":"Comment","target":["https:\/\/kibrisdakik.com\/?p=86436#respond"]}]},{"@type":"WebPage","@id":"https:\/\/kibrisdakik.com\/?p=86436","url":"https:\/\/kibrisdakik.com\/?p=86436","name":"KKTC Anayasa Mahkemesi, T\u00fcrk D\u00fcnyas\u0131 Anayasa Yarg\u0131s\u0131 Konferans\u0131\u2019na g\u00f6zlemci \u00fcye olarak kat\u0131ld\u0131 -","isPartOf":{"@id":"https:\/\/kibrisdakik.com\/#website"},"primaryImageOfPage":{"@id":"https:\/\/kibrisdakik.com\/?p=86436#primaryimage"},"image":{"@id":"https:\/\/kibrisdakik.com\/?p=86436#primaryimage"},"thumbnailUrl":"https:\/\/kibrisdakik.com\/wp-content\/uploads\/2025\/07\/1752736434005Ozerdag-Baku-TURKAY-740x420.jpeg","datePublished":"2025-07-17T07:58:03+00:00","author":{"@id":"https:\/\/kibrisdakik.com\/#\/schema\/person\/9cd9d437bbb44f72b73ba127e06d8e79"},"breadcrumb":{"@id":"https:\/\/kibrisdakik.com\/?p=86436#breadcrumb"},"inLanguage":"tr","potentialAction":[{"@type":"ReadAction","target":["https:\/\/kibrisdakik.com\/?p=86436"]}]},{"@type":"ImageObject","inLanguage":"tr","@id":"https:\/\/kibrisdakik.com\/?p=86436#primaryimage","url":"https:\/\/kibrisdakik.com\/wp-content\/uploads\/2025\/07\/1752736434005Ozerdag-Baku-TURKAY-740x420.jpeg","contentUrl":"https:\/\/kibrisdakik.com\/wp-content\/uploads\/2025\/07\/1752736434005Ozerdag-Baku-TURKAY-740x420.jpeg","width":1600,"height":1200},{"@type":"BreadcrumbList","@id":"https:\/\/kibrisdakik.com\/?p=86436#breadcrumb","itemListElement":[{"@type":"ListItem","position":1,"name":"Home","item":"https:\/\/kibrisdakik.com\/"},{"@type":"ListItem","position":2,"name":"KKTC Anayasa Mahkemesi, T\u00fcrk D\u00fcnyas\u0131 Anayasa Yarg\u0131s\u0131 Konferans\u0131\u2019na g\u00f6zlemci \u00fcye olarak kat\u0131ld\u0131"}]},{"@type":"WebSite","@id":"https:\/\/kibrisdakik.com\/#website","url":"https:\/\/kibrisdakik.com\/","name":"","description":"Tam vaktinde haber","potentialAction":[{"@type":"SearchAction","target":{"@type":"EntryPoint","urlTemplate":"https:\/\/kibrisdakik.com\/?s={search_term_string}"},"query-input":{"@type":"PropertyValueSpecification","valueRequired":true,"valueName":"search_term_string"}}],"inLanguage":"tr"},{"@type":"Person","@id":"https:\/\/kibrisdakik.com\/#\/schema\/person\/9cd9d437bbb44f72b73ba127e06d8e79","name":"admin","image":{"@type":"ImageObject","inLanguage":"tr","@id":"https:\/\/secure.gravatar.com\/avatar\/ccc17943b9d660506c869530f897617f7cb1c21a4bf30023f252596d83e1f007?s=96&d=mm&r=g","url":"https:\/\/secure.gravatar.com\/avatar\/ccc17943b9d660506c869530f897617f7cb1c21a4bf30023f252596d83e1f007?s=96&d=mm&r=g","contentUrl":"https:\/\/secure.gravatar.com\/avatar\/ccc17943b9d660506c869530f897617f7cb1c21a4bf30023f252596d83e1f007?s=96&d=mm&r=g","caption":"admin"},"sameAs":["https:\/\/kibrisdakik.com"],"url":"https:\/\/kibrisdakik.com\/?author=1"}]}},"_links":{"self":[{"href":"https:\/\/kibrisdakik.com\/index.php?rest_route=\/wp\/v2\/posts\/86436","targetHints":{"allow":["GET"]}}],"collection":[{"href":"https:\/\/kibrisdakik.com\/index.php?rest_route=\/wp\/v2\/posts"}],"about":[{"href":"https:\/\/kibrisdakik.com\/index.php?rest_route=\/wp\/v2\/types\/post"}],"author":[{"embeddable":true,"href":"https:\/\/kibrisdakik.com\/index.php?rest_route=\/wp\/v2\/users\/1"}],"replies":[{"embeddable":true,"href":"https:\/\/kibrisdakik.com\/index.php?rest_route=%2Fwp%2Fv2%2Fcomments&post=86436"}],"version-history":[{"count":0,"href":"https:\/\/kibrisdakik.com\/index.php?rest_route=\/wp\/v2\/posts\/86436\/revisions"}],"wp:featuredmedia":[{"embeddable":true,"href":"https:\/\/kibrisdakik.com\/index.php?rest_route=\/wp\/v2\/media\/86437"}],"wp:attachment":[{"href":"https:\/\/kibrisdakik.com\/index.php?rest_route=%2Fwp%2Fv2%2Fmedia&parent=86436"}],"wp:term":[{"taxonomy":"category","embeddable":true,"href":"https:\/\/kibrisdakik.com\/index.php?rest_route=%2Fwp%2Fv2%2Fcategories&post=86436"},{"taxonomy":"post_tag","embeddable":true,"href":"https:\/\/kibrisdakik.com\/index.php?rest_route=%2Fwp%2Fv2%2Ftags&post=86436"}],"curies":[{"name":"wp","href":"https:\/\/api.w.org\/{rel}","templated":true}]}}