{"id":86438,"date":"2025-07-17T11:29:05","date_gmt":"2025-07-17T08:29:05","guid":{"rendered":"https:\/\/kibrisdakik.com\/index.php\/2025\/07\/17\/chp-genel-baskani-ozele-kamu-gorevlisine-hakaretten-sorusturma\/"},"modified":"2025-07-17T11:29:05","modified_gmt":"2025-07-17T08:29:05","slug":"chp-genel-baskani-ozele-kamu-gorevlisine-hakaretten-sorusturma","status":"publish","type":"post","link":"https:\/\/kibrisdakik.com\/?p=86438","title":{"rendered":"CHP Genel Ba\u015fkan\u0131 \u00d6zel\u2019e \u201ckamu g\u00f6revlisine hakaret\u201dten soru\u015fturma"},"content":{"rendered":"<p><\/p>\n<div>\n<div class=\"mariselle-image-container center\">\n                                            <\/div>\n<p> \u0130stanbul Cumhuriyet Ba\u015fsavc\u0131l\u0131\u011f\u0131, CHP Genel Ba\u015fkan\u0131 \u00d6zg\u00fcr \u00d6zel hakk\u0131nda, Silivri\u2019de yapt\u0131\u011f\u0131 bas\u0131n a\u00e7\u0131klamas\u0131nda Cumhuriyet Savc\u0131s\u0131 Cahit Cihad Sar\u0131\u2019ya y\u00f6nelik s\u00f6zleri nedeniyle \u201ckamu g\u00f6revlisine g\u00f6revinden dolay\u0131 alenen hakaret\u201d ve \u201ctehdit\u201d su\u00e7lar\u0131ndan soru\u015fturma ba\u015flat\u0131ld\u0131\u011f\u0131n\u0131 bildirdi.<\/p>\n<p>Ba\u015fsavc\u0131l\u0131ktan yap\u0131lan a\u00e7\u0131klamada, \u00d6zg\u00fcr \u00d6zel hakk\u0131nda ba\u015flat\u0131lan soru\u015fturmaya ili\u015fkin \u015funlar kaydedildi:<\/p>\n<p>\u201cCHP Genel Ba\u015fkan\u0131 \u00d6zg\u00fcr \u00d6zel hakk\u0131nda 16 Temmuz tarihinde ilimiz Silivri i\u00e7erisinde yapm\u0131\u015f oldu\u011fu bas\u0131n a\u00e7\u0131klamas\u0131nda Cumhuriyet Ba\u015fsavc\u0131l\u0131\u011f\u0131m\u0131z \u00d6rg\u00fctl\u00fc Su\u00e7lar Soru\u015fturma B\u00fcrosunda g\u00f6revli Cumhuriyet Savc\u0131s\u0131 Cahit Cihad Sar\u0131\u2019ya y\u00f6nelik s\u00f6zleri nedeniyle \u2018kamu g\u00f6revlisine g\u00f6revinden dolay\u0131 alenen hakaret\u2019 ve \u2018tehdit\u2019 su\u00e7lar\u0131ndan resen soru\u015fturma ba\u015flat\u0131lm\u0131\u015ft\u0131r.\u201d<\/p>\n<p>A\u00e7\u0131klamada, \u00d6zel\u2019in s\u00f6ylemlerinden sonra Cumhuriyet savc\u0131s\u0131n\u0131 hedef alan sosyal medya hesaplar\u0131ndaki payla\u015f\u0131mlara y\u00f6nelik ayr\u0131ca soru\u015fturma ba\u015flat\u0131ld\u0131\u011f\u0131 da duyuruldu.<\/p>\n<\/p><\/div>\n<p><script async\n                    defer\n                    crossorigin=\"anonymous\"\n                    src=\"https:\/\/connect.facebook.net\/tr_TR\/sdk.js#xfbml=1&#038;version=v3.3\"\n            ><\/script><\/p>\n","protected":false},"excerpt":{"rendered":"<p>\u0130stanbul Cumhuriyet Ba\u015fsavc\u0131l\u0131\u011f\u0131, CHP Genel Ba\u015fkan\u0131 \u00d6zg\u00fcr \u00d6zel hakk\u0131nda, Silivri\u2019de yapt\u0131\u011f\u0131 bas\u0131n a\u00e7\u0131klamas\u0131nda Cumhuriyet Savc\u0131s\u0131 Cahit Cihad Sar\u0131\u2019ya y\u00f6nelik s\u00f6zleri nedeniyle \u201ckamu g\u00f6revlisine g\u00f6revinden dolay\u0131 alenen hakaret\u201d ve \u201ctehdit\u201d su\u00e7lar\u0131ndan soru\u015fturma ba\u015flat\u0131ld\u0131\u011f\u0131n\u0131 bildirdi. Ba\u015fsavc\u0131l\u0131ktan yap\u0131lan a\u00e7\u0131klamada, \u00d6zg\u00fcr \u00d6zel hakk\u0131nda ba\u015flat\u0131lan soru\u015fturmaya ili\u015fkin \u015funlar kaydedildi: \u201cCHP Genel Ba\u015fkan\u0131 \u00d6zg\u00fcr \u00d6zel hakk\u0131nda 16 Temmuz tarihinde ilimiz Silivri<\/p>\n","protected":false},"author":1,"featured_media":80656,"comment_status":"open","ping_status":"open","sticky":false,"template":"","format":"standard","meta":{"footnotes":""},"categories":[101,86],"tags":[],"class_list":["post-86438","post","type-post","status-publish","format-standard","has-post-thumbnail","hentry","category-manset","category-turkiye"],"yoast_head":"<!-- This site is optimized with the Yoast SEO plugin v27.4 - https:\/\/yoast.com\/product\/yoast-seo-wordpress\/ -->\n<title>CHP Genel Ba\u015fkan\u0131 \u00d6zel\u2019e \u201ckamu g\u00f6revlisine hakaret\u201dten soru\u015fturma -<\/title>\n<meta name=\"robots\" content=\"index, follow, max-snippet:-1, max-image-preview:large, max-video-preview:-1\" \/>\n<link rel=\"canonical\" href=\"https:\/\/kibrisdakik.com\/?p=86438\" \/>\n<meta property=\"og:locale\" content=\"tr_TR\" \/>\n<meta property=\"og:type\" content=\"article\" \/>\n<meta property=\"og:title\" content=\"CHP Genel Ba\u015fkan\u0131 \u00d6zel\u2019e \u201ckamu g\u00f6revlisine hakaret\u201dten soru\u015fturma -\" \/>\n<meta property=\"og:description\" content=\"\u0130stanbul Cumhuriyet Ba\u015fsavc\u0131l\u0131\u011f\u0131, CHP Genel Ba\u015fkan\u0131 \u00d6zg\u00fcr \u00d6zel hakk\u0131nda, Silivri\u2019de yapt\u0131\u011f\u0131 bas\u0131n a\u00e7\u0131klamas\u0131nda Cumhuriyet Savc\u0131s\u0131 Cahit Cihad Sar\u0131\u2019ya y\u00f6nelik s\u00f6zleri nedeniyle \u201ckamu g\u00f6revlisine g\u00f6revinden dolay\u0131 alenen hakaret\u201d ve \u201ctehdit\u201d su\u00e7lar\u0131ndan soru\u015fturma ba\u015flat\u0131ld\u0131\u011f\u0131n\u0131 bildirdi. Ba\u015fsavc\u0131l\u0131ktan yap\u0131lan a\u00e7\u0131klamada, \u00d6zg\u00fcr \u00d6zel hakk\u0131nda ba\u015flat\u0131lan soru\u015fturmaya ili\u015fkin \u015funlar kaydedildi: \u201cCHP Genel Ba\u015fkan\u0131 \u00d6zg\u00fcr \u00d6zel hakk\u0131nda 16 Temmuz tarihinde ilimiz Silivri\" \/>\n<meta property=\"og:url\" content=\"https:\/\/kibrisdakik.com\/?p=86438\" \/>\n<meta property=\"article:published_time\" content=\"2025-07-17T08:29:05+00:00\" \/>\n<meta property=\"og:image\" content=\"https:\/\/kibrisdakik.com\/wp-content\/uploads\/2025\/04\/ozgur-ozel.webp-740x420.webp\" \/>\n\t<meta property=\"og:image:width\" content=\"1280\" \/>\n\t<meta property=\"og:image:height\" content=\"720\" \/>\n\t<meta property=\"og:image:type\" content=\"image\/webp\" \/>\n<meta name=\"author\" content=\"admin\" \/>\n<meta name=\"twitter:card\" content=\"summary_large_image\" \/>\n<meta name=\"twitter:label1\" content=\"Yazan:\" \/>\n\t<meta name=\"twitter:data1\" content=\"admin\" \/>\n\t<meta name=\"twitter:label2\" content=\"Tahmini okuma s\u00fcresi\" \/>\n\t<meta name=\"twitter:data2\" content=\"1 dakika\" \/>\n<script type=\"application\/ld+json\" class=\"yoast-schema-graph\">{\"@context\":\"https:\\\/\\\/schema.org\",\"@graph\":[{\"@type\":\"Article\",\"@id\":\"https:\\\/\\\/kibrisdakik.com\\\/?p=86438#article\",\"isPartOf\":{\"@id\":\"https:\\\/\\\/kibrisdakik.com\\\/?p=86438\"},\"author\":{\"name\":\"admin\",\"@id\":\"https:\\\/\\\/kibrisdakik.com\\\/#\\\/schema\\\/person\\\/9cd9d437bbb44f72b73ba127e06d8e79\"},\"headline\":\"CHP Genel Ba\u015fkan\u0131 \u00d6zel\u2019e \u201ckamu g\u00f6revlisine hakaret\u201dten soru\u015fturma\",\"datePublished\":\"2025-07-17T08:29:05+00:00\",\"mainEntityOfPage\":{\"@id\":\"https:\\\/\\\/kibrisdakik.com\\\/?p=86438\"},\"wordCount\":191,\"commentCount\":0,\"image\":{\"@id\":\"https:\\\/\\\/kibrisdakik.com\\\/?p=86438#primaryimage\"},\"thumbnailUrl\":\"https:\\\/\\\/kibrisdakik.com\\\/wp-content\\\/uploads\\\/2025\\\/04\\\/ozgur-ozel.webp-740x420.webp\",\"articleSection\":[\"Man\u015fet\",\"T\u00fcrkiye\"],\"inLanguage\":\"tr\",\"potentialAction\":[{\"@type\":\"CommentAction\",\"name\":\"Comment\",\"target\":[\"https:\\\/\\\/kibrisdakik.com\\\/?p=86438#respond\"]}]},{\"@type\":\"WebPage\",\"@id\":\"https:\\\/\\\/kibrisdakik.com\\\/?p=86438\",\"url\":\"https:\\\/\\\/kibrisdakik.com\\\/?p=86438\",\"name\":\"CHP Genel Ba\u015fkan\u0131 \u00d6zel\u2019e \u201ckamu g\u00f6revlisine hakaret\u201dten soru\u015fturma -\",\"isPartOf\":{\"@id\":\"https:\\\/\\\/kibrisdakik.com\\\/#website\"},\"primaryImageOfPage\":{\"@id\":\"https:\\\/\\\/kibrisdakik.com\\\/?p=86438#primaryimage\"},\"image\":{\"@id\":\"https:\\\/\\\/kibrisdakik.com\\\/?p=86438#primaryimage\"},\"thumbnailUrl\":\"https:\\\/\\\/kibrisdakik.com\\\/wp-content\\\/uploads\\\/2025\\\/04\\\/ozgur-ozel.webp-740x420.webp\",\"datePublished\":\"2025-07-17T08:29:05+00:00\",\"author\":{\"@id\":\"https:\\\/\\\/kibrisdakik.com\\\/#\\\/schema\\\/person\\\/9cd9d437bbb44f72b73ba127e06d8e79\"},\"breadcrumb\":{\"@id\":\"https:\\\/\\\/kibrisdakik.com\\\/?p=86438#breadcrumb\"},\"inLanguage\":\"tr\",\"potentialAction\":[{\"@type\":\"ReadAction\",\"target\":[\"https:\\\/\\\/kibrisdakik.com\\\/?p=86438\"]}]},{\"@type\":\"ImageObject\",\"inLanguage\":\"tr\",\"@id\":\"https:\\\/\\\/kibrisdakik.com\\\/?p=86438#primaryimage\",\"url\":\"https:\\\/\\\/kibrisdakik.com\\\/wp-content\\\/uploads\\\/2025\\\/04\\\/ozgur-ozel.webp-740x420.webp\",\"contentUrl\":\"https:\\\/\\\/kibrisdakik.com\\\/wp-content\\\/uploads\\\/2025\\\/04\\\/ozgur-ozel.webp-740x420.webp\",\"width\":1280,\"height\":720},{\"@type\":\"BreadcrumbList\",\"@id\":\"https:\\\/\\\/kibrisdakik.com\\\/?p=86438#breadcrumb\",\"itemListElement\":[{\"@type\":\"ListItem\",\"position\":1,\"name\":\"Home\",\"item\":\"https:\\\/\\\/kibrisdakik.com\\\/\"},{\"@type\":\"ListItem\",\"position\":2,\"name\":\"CHP Genel Ba\u015fkan\u0131 \u00d6zel\u2019e \u201ckamu g\u00f6revlisine hakaret\u201dten soru\u015fturma\"}]},{\"@type\":\"WebSite\",\"@id\":\"https:\\\/\\\/kibrisdakik.com\\\/#website\",\"url\":\"https:\\\/\\\/kibrisdakik.com\\\/\",\"name\":\"\",\"description\":\"Tam vaktinde haber\",\"potentialAction\":[{\"@type\":\"SearchAction\",\"target\":{\"@type\":\"EntryPoint\",\"urlTemplate\":\"https:\\\/\\\/kibrisdakik.com\\\/?s={search_term_string}\"},\"query-input\":{\"@type\":\"PropertyValueSpecification\",\"valueRequired\":true,\"valueName\":\"search_term_string\"}}],\"inLanguage\":\"tr\"},{\"@type\":\"Person\",\"@id\":\"https:\\\/\\\/kibrisdakik.com\\\/#\\\/schema\\\/person\\\/9cd9d437bbb44f72b73ba127e06d8e79\",\"name\":\"admin\",\"image\":{\"@type\":\"ImageObject\",\"inLanguage\":\"tr\",\"@id\":\"https:\\\/\\\/secure.gravatar.com\\\/avatar\\\/ccc17943b9d660506c869530f897617f7cb1c21a4bf30023f252596d83e1f007?s=96&d=mm&r=g\",\"url\":\"https:\\\/\\\/secure.gravatar.com\\\/avatar\\\/ccc17943b9d660506c869530f897617f7cb1c21a4bf30023f252596d83e1f007?s=96&d=mm&r=g\",\"contentUrl\":\"https:\\\/\\\/secure.gravatar.com\\\/avatar\\\/ccc17943b9d660506c869530f897617f7cb1c21a4bf30023f252596d83e1f007?s=96&d=mm&r=g\",\"caption\":\"admin\"},\"sameAs\":[\"https:\\\/\\\/kibrisdakik.com\"],\"url\":\"https:\\\/\\\/kibrisdakik.com\\\/?author=1\"}]}<\/script>\n<!-- \/ Yoast SEO plugin. -->","yoast_head_json":{"title":"CHP Genel Ba\u015fkan\u0131 \u00d6zel\u2019e \u201ckamu g\u00f6revlisine hakaret\u201dten soru\u015fturma -","robots":{"index":"index","follow":"follow","max-snippet":"max-snippet:-1","max-image-preview":"max-image-preview:large","max-video-preview":"max-video-preview:-1"},"canonical":"https:\/\/kibrisdakik.com\/?p=86438","og_locale":"tr_TR","og_type":"article","og_title":"CHP Genel Ba\u015fkan\u0131 \u00d6zel\u2019e \u201ckamu g\u00f6revlisine hakaret\u201dten soru\u015fturma -","og_description":"\u0130stanbul Cumhuriyet Ba\u015fsavc\u0131l\u0131\u011f\u0131, CHP Genel Ba\u015fkan\u0131 \u00d6zg\u00fcr \u00d6zel hakk\u0131nda, Silivri\u2019de yapt\u0131\u011f\u0131 bas\u0131n a\u00e7\u0131klamas\u0131nda Cumhuriyet Savc\u0131s\u0131 Cahit Cihad Sar\u0131\u2019ya y\u00f6nelik s\u00f6zleri nedeniyle \u201ckamu g\u00f6revlisine g\u00f6revinden dolay\u0131 alenen hakaret\u201d ve \u201ctehdit\u201d su\u00e7lar\u0131ndan soru\u015fturma ba\u015flat\u0131ld\u0131\u011f\u0131n\u0131 bildirdi. Ba\u015fsavc\u0131l\u0131ktan yap\u0131lan a\u00e7\u0131klamada, \u00d6zg\u00fcr \u00d6zel hakk\u0131nda ba\u015flat\u0131lan soru\u015fturmaya ili\u015fkin \u015funlar kaydedildi: \u201cCHP Genel Ba\u015fkan\u0131 \u00d6zg\u00fcr \u00d6zel hakk\u0131nda 16 Temmuz tarihinde ilimiz Silivri","og_url":"https:\/\/kibrisdakik.com\/?p=86438","article_published_time":"2025-07-17T08:29:05+00:00","og_image":[{"width":1280,"height":720,"url":"https:\/\/kibrisdakik.com\/wp-content\/uploads\/2025\/04\/ozgur-ozel.webp-740x420.webp","type":"image\/webp"}],"author":"admin","twitter_card":"summary_large_image","twitter_misc":{"Yazan:":"admin","Tahmini okuma s\u00fcresi":"1 dakika"},"schema":{"@context":"https:\/\/schema.org","@graph":[{"@type":"Article","@id":"https:\/\/kibrisdakik.com\/?p=86438#article","isPartOf":{"@id":"https:\/\/kibrisdakik.com\/?p=86438"},"author":{"name":"admin","@id":"https:\/\/kibrisdakik.com\/#\/schema\/person\/9cd9d437bbb44f72b73ba127e06d8e79"},"headline":"CHP Genel Ba\u015fkan\u0131 \u00d6zel\u2019e \u201ckamu g\u00f6revlisine hakaret\u201dten soru\u015fturma","datePublished":"2025-07-17T08:29:05+00:00","mainEntityOfPage":{"@id":"https:\/\/kibrisdakik.com\/?p=86438"},"wordCount":191,"commentCount":0,"image":{"@id":"https:\/\/kibrisdakik.com\/?p=86438#primaryimage"},"thumbnailUrl":"https:\/\/kibrisdakik.com\/wp-content\/uploads\/2025\/04\/ozgur-ozel.webp-740x420.webp","articleSection":["Man\u015fet","T\u00fcrkiye"],"inLanguage":"tr","potentialAction":[{"@type":"CommentAction","name":"Comment","target":["https:\/\/kibrisdakik.com\/?p=86438#respond"]}]},{"@type":"WebPage","@id":"https:\/\/kibrisdakik.com\/?p=86438","url":"https:\/\/kibrisdakik.com\/?p=86438","name":"CHP Genel Ba\u015fkan\u0131 \u00d6zel\u2019e \u201ckamu g\u00f6revlisine hakaret\u201dten soru\u015fturma -","isPartOf":{"@id":"https:\/\/kibrisdakik.com\/#website"},"primaryImageOfPage":{"@id":"https:\/\/kibrisdakik.com\/?p=86438#primaryimage"},"image":{"@id":"https:\/\/kibrisdakik.com\/?p=86438#primaryimage"},"thumbnailUrl":"https:\/\/kibrisdakik.com\/wp-content\/uploads\/2025\/04\/ozgur-ozel.webp-740x420.webp","datePublished":"2025-07-17T08:29:05+00:00","author":{"@id":"https:\/\/kibrisdakik.com\/#\/schema\/person\/9cd9d437bbb44f72b73ba127e06d8e79"},"breadcrumb":{"@id":"https:\/\/kibrisdakik.com\/?p=86438#breadcrumb"},"inLanguage":"tr","potentialAction":[{"@type":"ReadAction","target":["https:\/\/kibrisdakik.com\/?p=86438"]}]},{"@type":"ImageObject","inLanguage":"tr","@id":"https:\/\/kibrisdakik.com\/?p=86438#primaryimage","url":"https:\/\/kibrisdakik.com\/wp-content\/uploads\/2025\/04\/ozgur-ozel.webp-740x420.webp","contentUrl":"https:\/\/kibrisdakik.com\/wp-content\/uploads\/2025\/04\/ozgur-ozel.webp-740x420.webp","width":1280,"height":720},{"@type":"BreadcrumbList","@id":"https:\/\/kibrisdakik.com\/?p=86438#breadcrumb","itemListElement":[{"@type":"ListItem","position":1,"name":"Home","item":"https:\/\/kibrisdakik.com\/"},{"@type":"ListItem","position":2,"name":"CHP Genel Ba\u015fkan\u0131 \u00d6zel\u2019e \u201ckamu g\u00f6revlisine hakaret\u201dten soru\u015fturma"}]},{"@type":"WebSite","@id":"https:\/\/kibrisdakik.com\/#website","url":"https:\/\/kibrisdakik.com\/","name":"","description":"Tam vaktinde haber","potentialAction":[{"@type":"SearchAction","target":{"@type":"EntryPoint","urlTemplate":"https:\/\/kibrisdakik.com\/?s={search_term_string}"},"query-input":{"@type":"PropertyValueSpecification","valueRequired":true,"valueName":"search_term_string"}}],"inLanguage":"tr"},{"@type":"Person","@id":"https:\/\/kibrisdakik.com\/#\/schema\/person\/9cd9d437bbb44f72b73ba127e06d8e79","name":"admin","image":{"@type":"ImageObject","inLanguage":"tr","@id":"https:\/\/secure.gravatar.com\/avatar\/ccc17943b9d660506c869530f897617f7cb1c21a4bf30023f252596d83e1f007?s=96&d=mm&r=g","url":"https:\/\/secure.gravatar.com\/avatar\/ccc17943b9d660506c869530f897617f7cb1c21a4bf30023f252596d83e1f007?s=96&d=mm&r=g","contentUrl":"https:\/\/secure.gravatar.com\/avatar\/ccc17943b9d660506c869530f897617f7cb1c21a4bf30023f252596d83e1f007?s=96&d=mm&r=g","caption":"admin"},"sameAs":["https:\/\/kibrisdakik.com"],"url":"https:\/\/kibrisdakik.com\/?author=1"}]}},"_links":{"self":[{"href":"https:\/\/kibrisdakik.com\/index.php?rest_route=\/wp\/v2\/posts\/86438","targetHints":{"allow":["GET"]}}],"collection":[{"href":"https:\/\/kibrisdakik.com\/index.php?rest_route=\/wp\/v2\/posts"}],"about":[{"href":"https:\/\/kibrisdakik.com\/index.php?rest_route=\/wp\/v2\/types\/post"}],"author":[{"embeddable":true,"href":"https:\/\/kibrisdakik.com\/index.php?rest_route=\/wp\/v2\/users\/1"}],"replies":[{"embeddable":true,"href":"https:\/\/kibrisdakik.com\/index.php?rest_route=%2Fwp%2Fv2%2Fcomments&post=86438"}],"version-history":[{"count":0,"href":"https:\/\/kibrisdakik.com\/index.php?rest_route=\/wp\/v2\/posts\/86438\/revisions"}],"wp:featuredmedia":[{"embeddable":true,"href":"https:\/\/kibrisdakik.com\/index.php?rest_route=\/wp\/v2\/media\/80656"}],"wp:attachment":[{"href":"https:\/\/kibrisdakik.com\/index.php?rest_route=%2Fwp%2Fv2%2Fmedia&parent=86438"}],"wp:term":[{"taxonomy":"category","embeddable":true,"href":"https:\/\/kibrisdakik.com\/index.php?rest_route=%2Fwp%2Fv2%2Fcategories&post=86438"},{"taxonomy":"post_tag","embeddable":true,"href":"https:\/\/kibrisdakik.com\/index.php?rest_route=%2Fwp%2Fv2%2Ftags&post=86438"}],"curies":[{"name":"wp","href":"https:\/\/api.w.org\/{rel}","templated":true}]}}