{"id":86443,"date":"2025-07-17T12:04:11","date_gmt":"2025-07-17T09:04:11","guid":{"rendered":"https:\/\/kibrisdakik.com\/index.php\/2025\/07\/17\/gonyeli-alaykoy-belediyesi-ile-belediye-emekcileri-sendikasi-arasinda-toplu-is-sozlesmesi-imzalandi-amcaogluemege-ve-hizmete-deger-vermeye-devam-edecegiz\/"},"modified":"2025-07-17T12:04:11","modified_gmt":"2025-07-17T09:04:11","slug":"gonyeli-alaykoy-belediyesi-ile-belediye-emekcileri-sendikasi-arasinda-toplu-is-sozlesmesi-imzalandi-amcaogluemege-ve-hizmete-deger-vermeye-devam-edecegiz","status":"publish","type":"post","link":"https:\/\/kibrisdakik.com\/?p=86443","title":{"rendered":"G\u00f6nyeli-Alayk\u00f6y Belediyesi ile Belediye Emek\u00e7ileri Sendikas\u0131 aras\u0131nda toplu i\u015f s\u00f6zle\u015fmesi imzaland\u0131..Amcao\u011flu:Eme\u011fe ve hizmete de\u011fer vermeye devam edece\u011fiz"},"content":{"rendered":"<p> <br \/>\n<\/p>\n<div>\n<div class=\"mariselle-image-container center\">\n                                            <\/div>\n<p>G\u00f6nyeli-Alayk\u00f6y Belediyesi ile Belediye Emek\u00e7ileri Sendikas\u0131 (BES) aras\u0131nda 2025-2026 y\u0131llar\u0131n\u0131 kapsayan toplu i\u015f s\u00f6zle\u015fmesi imzaland\u0131.<\/p>\n<p>Belediyeden verilen bilgiye g\u00f6re, Toplu i\u015f s\u00f6zle\u015fmesi, Belediye Ba\u015fkan\u0131 H\u00fcseyin Amcao\u011flu ve BES Ba\u015fkan\u0131 Mustafa Yal\u0131nkaya\u2019n\u0131n kat\u0131l\u0131m\u0131yla kar\u015f\u0131l\u0131kl\u0131 anlay\u0131\u015f ve uzla\u015f\u0131 \u00e7er\u00e7evesinde tamamland\u0131.<\/p>\n<p>Belediye Ba\u015fkan\u0131 H\u00fcseyin Amcao\u011flu, imza t\u00f6reninin ard\u0131ndan yapt\u0131\u011f\u0131 a\u00e7\u0131klamada \u015fu ifadelere yer verdi:<\/p>\n<p>\u201cBu bizim ikinci s\u00f6zle\u015fmemiz. Belediye olarak g\u00f6reve geldi\u011fimiz g\u00fcnden beri eme\u011fe, al\u0131n terine, birlikte \u00fcretmeye hep de\u011fer verdik. \u00d6nemli olan sadece s\u00f6zle\u015fmeye imza atmak de\u011fil; o s\u00f6zle\u015fmenin ruhuna uygun bir \u015fekilde, refah ve huzur i\u00e7inde bir \u00e7al\u0131\u015fma hayat\u0131 s\u00fcrd\u00fcrebilmektir.<\/p>\n<p> S\u00f6zle\u015fmenin t\u00fcm \u00e7al\u0131\u015fma arkada\u015flar\u0131m\u0131za hay\u0131rl\u0131 olmas\u0131n\u0131 diliyorum. Bu s\u00fcre\u00e7te eme\u011fi ge\u00e7en Sendika Ba\u015fkan\u0131m\u0131z Mustafa Yal\u0131nkaya\u2019ya, sendika temsilcilerine, t\u00fcm \u00e7al\u0131\u015fma arkada\u015flar\u0131m\u0131za ve bu s\u00fcrece katk\u0131 koyan belediye meclis \u00fcyelerimize y\u00fcrekten te\u015fekk\u00fcr ederim.\u201d<\/p>\n<p>Belediye Emek\u00e7ileri Sendikas\u0131 (BES) Ba\u015fkan\u0131 Mustafa Yal\u0131nkaya da konu\u015fmas\u0131nda, G\u00f6nyeli-Alayk\u00f6y Belediyesi ile s\u00fcrd\u00fcr\u00fclen yap\u0131c\u0131 diyalog oldu\u011funu belirtti.<\/p>\n<\/p><\/div>\n<p><script async\n                    defer\n                    crossorigin=\"anonymous\"\n                    src=\"https:\/\/connect.facebook.net\/tr_TR\/sdk.js#xfbml=1&#038;version=v3.3\"\n            ><\/script><br \/>\n<br \/><br \/>\n<br \/><a href=\"[kibrisdakik.com]\n<\/p>\n","protected":false},"excerpt":{"rendered":"<p>G\u00f6nyeli-Alayk\u00f6y Belediyesi ile Belediye Emek\u00e7ileri Sendikas\u0131 (BES) aras\u0131nda 2025-2026 y\u0131llar\u0131n\u0131 kapsayan toplu i\u015f s\u00f6zle\u015fmesi imzaland\u0131. Belediyeden verilen bilgiye g\u00f6re, Toplu i\u015f s\u00f6zle\u015fmesi, Belediye Ba\u015fkan\u0131 H\u00fcseyin Amcao\u011flu ve BES Ba\u015fkan\u0131 Mustafa Yal\u0131nkaya\u2019n\u0131n kat\u0131l\u0131m\u0131yla kar\u015f\u0131l\u0131kl\u0131 anlay\u0131\u015f ve uzla\u015f\u0131 \u00e7er\u00e7evesinde tamamland\u0131. Belediye Ba\u015fkan\u0131 H\u00fcseyin Amcao\u011flu, imza t\u00f6reninin ard\u0131ndan yapt\u0131\u011f\u0131 a\u00e7\u0131klamada \u015fu ifadelere yer verdi: \u201cBu bizim ikinci s\u00f6zle\u015fmemiz.<\/p>\n","protected":false},"author":1,"featured_media":86444,"comment_status":"open","ping_status":"open","sticky":false,"template":"","format":"standard","meta":{"footnotes":""},"categories":[81,101],"tags":[],"class_list":["post-86443","post","type-post","status-publish","format-standard","has-post-thumbnail","hentry","category-kibris","category-manset"],"yoast_head":"<!-- This site is optimized with the Yoast SEO plugin v27.5 - https:\/\/yoast.com\/product\/yoast-seo-wordpress\/ -->\n<title>G\u00f6nyeli-Alayk\u00f6y Belediyesi ile Belediye Emek\u00e7ileri Sendikas\u0131 aras\u0131nda toplu i\u015f s\u00f6zle\u015fmesi imzaland\u0131..Amcao\u011flu:Eme\u011fe ve hizmete de\u011fer vermeye devam edece\u011fiz -<\/title>\n<meta name=\"robots\" content=\"index, follow, max-snippet:-1, max-image-preview:large, max-video-preview:-1\" \/>\n<link rel=\"canonical\" href=\"https:\/\/kibrisdakik.com\/?p=86443\" \/>\n<meta property=\"og:locale\" content=\"tr_TR\" \/>\n<meta property=\"og:type\" content=\"article\" \/>\n<meta property=\"og:title\" content=\"G\u00f6nyeli-Alayk\u00f6y Belediyesi ile Belediye Emek\u00e7ileri Sendikas\u0131 aras\u0131nda toplu i\u015f s\u00f6zle\u015fmesi imzaland\u0131..Amcao\u011flu:Eme\u011fe ve hizmete de\u011fer vermeye devam edece\u011fiz -\" \/>\n<meta property=\"og:description\" content=\"G\u00f6nyeli-Alayk\u00f6y Belediyesi ile Belediye Emek\u00e7ileri Sendikas\u0131 (BES) aras\u0131nda 2025-2026 y\u0131llar\u0131n\u0131 kapsayan toplu i\u015f s\u00f6zle\u015fmesi imzaland\u0131. Belediyeden verilen bilgiye g\u00f6re, Toplu i\u015f s\u00f6zle\u015fmesi, Belediye Ba\u015fkan\u0131 H\u00fcseyin Amcao\u011flu ve BES Ba\u015fkan\u0131 Mustafa Yal\u0131nkaya\u2019n\u0131n kat\u0131l\u0131m\u0131yla kar\u015f\u0131l\u0131kl\u0131 anlay\u0131\u015f ve uzla\u015f\u0131 \u00e7er\u00e7evesinde tamamland\u0131. Belediye Ba\u015fkan\u0131 H\u00fcseyin Amcao\u011flu, imza t\u00f6reninin ard\u0131ndan yapt\u0131\u011f\u0131 a\u00e7\u0131klamada \u015fu ifadelere yer verdi: \u201cBu bizim ikinci s\u00f6zle\u015fmemiz.\" \/>\n<meta property=\"og:url\" content=\"https:\/\/kibrisdakik.com\/?p=86443\" \/>\n<meta property=\"article:published_time\" content=\"2025-07-17T09:04:11+00:00\" \/>\n<meta property=\"og:image\" content=\"https:\/\/kibrisdakik.com\/wp-content\/uploads\/2025\/07\/13941091-740x420.jpg\" \/>\n\t<meta property=\"og:image:width\" content=\"2000\" \/>\n\t<meta property=\"og:image:height\" content=\"1331\" \/>\n\t<meta property=\"og:image:type\" content=\"image\/jpeg\" \/>\n<meta name=\"author\" content=\"admin\" \/>\n<meta name=\"twitter:card\" content=\"summary_large_image\" \/>\n<meta name=\"twitter:label1\" content=\"Yazan:\" \/>\n\t<meta name=\"twitter:data1\" content=\"admin\" \/>\n\t<meta name=\"twitter:label2\" content=\"Tahmini okuma s\u00fcresi\" \/>\n\t<meta name=\"twitter:data2\" content=\"1 dakika\" \/>\n<script type=\"application\/ld+json\" class=\"yoast-schema-graph\">{\"@context\":\"https:\\\/\\\/schema.org\",\"@graph\":[{\"@type\":\"Article\",\"@id\":\"https:\\\/\\\/kibrisdakik.com\\\/?p=86443#article\",\"isPartOf\":{\"@id\":\"https:\\\/\\\/kibrisdakik.com\\\/?p=86443\"},\"author\":{\"name\":\"admin\",\"@id\":\"https:\\\/\\\/kibrisdakik.com\\\/#\\\/schema\\\/person\\\/9cd9d437bbb44f72b73ba127e06d8e79\"},\"headline\":\"G\u00f6nyeli-Alayk\u00f6y Belediyesi ile Belediye Emek\u00e7ileri Sendikas\u0131 aras\u0131nda toplu i\u015f s\u00f6zle\u015fmesi imzaland\u0131..Amcao\u011flu:Eme\u011fe ve hizmete de\u011fer vermeye devam edece\u011fiz\",\"datePublished\":\"2025-07-17T09:04:11+00:00\",\"mainEntityOfPage\":{\"@id\":\"https:\\\/\\\/kibrisdakik.com\\\/?p=86443\"},\"wordCount\":255,\"commentCount\":0,\"image\":{\"@id\":\"https:\\\/\\\/kibrisdakik.com\\\/?p=86443#primaryimage\"},\"thumbnailUrl\":\"https:\\\/\\\/kibrisdakik.com\\\/wp-content\\\/uploads\\\/2025\\\/07\\\/13941091-740x420.jpg\",\"articleSection\":[\"K\u0131br\u0131s\",\"Man\u015fet\"],\"inLanguage\":\"tr\",\"potentialAction\":[{\"@type\":\"CommentAction\",\"name\":\"Comment\",\"target\":[\"https:\\\/\\\/kibrisdakik.com\\\/?p=86443#respond\"]}]},{\"@type\":\"WebPage\",\"@id\":\"https:\\\/\\\/kibrisdakik.com\\\/?p=86443\",\"url\":\"https:\\\/\\\/kibrisdakik.com\\\/?p=86443\",\"name\":\"G\u00f6nyeli-Alayk\u00f6y Belediyesi ile Belediye Emek\u00e7ileri Sendikas\u0131 aras\u0131nda toplu i\u015f s\u00f6zle\u015fmesi imzaland\u0131..Amcao\u011flu:Eme\u011fe ve hizmete de\u011fer vermeye devam edece\u011fiz -\",\"isPartOf\":{\"@id\":\"https:\\\/\\\/kibrisdakik.com\\\/#website\"},\"primaryImageOfPage\":{\"@id\":\"https:\\\/\\\/kibrisdakik.com\\\/?p=86443#primaryimage\"},\"image\":{\"@id\":\"https:\\\/\\\/kibrisdakik.com\\\/?p=86443#primaryimage\"},\"thumbnailUrl\":\"https:\\\/\\\/kibrisdakik.com\\\/wp-content\\\/uploads\\\/2025\\\/07\\\/13941091-740x420.jpg\",\"datePublished\":\"2025-07-17T09:04:11+00:00\",\"author\":{\"@id\":\"https:\\\/\\\/kibrisdakik.com\\\/#\\\/schema\\\/person\\\/9cd9d437bbb44f72b73ba127e06d8e79\"},\"breadcrumb\":{\"@id\":\"https:\\\/\\\/kibrisdakik.com\\\/?p=86443#breadcrumb\"},\"inLanguage\":\"tr\",\"potentialAction\":[{\"@type\":\"ReadAction\",\"target\":[\"https:\\\/\\\/kibrisdakik.com\\\/?p=86443\"]}]},{\"@type\":\"ImageObject\",\"inLanguage\":\"tr\",\"@id\":\"https:\\\/\\\/kibrisdakik.com\\\/?p=86443#primaryimage\",\"url\":\"https:\\\/\\\/kibrisdakik.com\\\/wp-content\\\/uploads\\\/2025\\\/07\\\/13941091-740x420.jpg\",\"contentUrl\":\"https:\\\/\\\/kibrisdakik.com\\\/wp-content\\\/uploads\\\/2025\\\/07\\\/13941091-740x420.jpg\",\"width\":2000,\"height\":1331},{\"@type\":\"BreadcrumbList\",\"@id\":\"https:\\\/\\\/kibrisdakik.com\\\/?p=86443#breadcrumb\",\"itemListElement\":[{\"@type\":\"ListItem\",\"position\":1,\"name\":\"Home\",\"item\":\"https:\\\/\\\/kibrisdakik.com\\\/\"},{\"@type\":\"ListItem\",\"position\":2,\"name\":\"G\u00f6nyeli-Alayk\u00f6y Belediyesi ile Belediye Emek\u00e7ileri Sendikas\u0131 aras\u0131nda toplu i\u015f s\u00f6zle\u015fmesi imzaland\u0131..Amcao\u011flu:Eme\u011fe ve hizmete de\u011fer vermeye devam edece\u011fiz\"}]},{\"@type\":\"WebSite\",\"@id\":\"https:\\\/\\\/kibrisdakik.com\\\/#website\",\"url\":\"https:\\\/\\\/kibrisdakik.com\\\/\",\"name\":\"\",\"description\":\"Tam vaktinde haber\",\"potentialAction\":[{\"@type\":\"SearchAction\",\"target\":{\"@type\":\"EntryPoint\",\"urlTemplate\":\"https:\\\/\\\/kibrisdakik.com\\\/?s={search_term_string}\"},\"query-input\":{\"@type\":\"PropertyValueSpecification\",\"valueRequired\":true,\"valueName\":\"search_term_string\"}}],\"inLanguage\":\"tr\"},{\"@type\":\"Person\",\"@id\":\"https:\\\/\\\/kibrisdakik.com\\\/#\\\/schema\\\/person\\\/9cd9d437bbb44f72b73ba127e06d8e79\",\"name\":\"admin\",\"image\":{\"@type\":\"ImageObject\",\"inLanguage\":\"tr\",\"@id\":\"https:\\\/\\\/secure.gravatar.com\\\/avatar\\\/ccc17943b9d660506c869530f897617f7cb1c21a4bf30023f252596d83e1f007?s=96&d=mm&r=g\",\"url\":\"https:\\\/\\\/secure.gravatar.com\\\/avatar\\\/ccc17943b9d660506c869530f897617f7cb1c21a4bf30023f252596d83e1f007?s=96&d=mm&r=g\",\"contentUrl\":\"https:\\\/\\\/secure.gravatar.com\\\/avatar\\\/ccc17943b9d660506c869530f897617f7cb1c21a4bf30023f252596d83e1f007?s=96&d=mm&r=g\",\"caption\":\"admin\"},\"sameAs\":[\"https:\\\/\\\/kibrisdakik.com\"],\"url\":\"https:\\\/\\\/kibrisdakik.com\\\/?author=1\"}]}<\/script>\n<!-- \/ Yoast SEO plugin. -->","yoast_head_json":{"title":"G\u00f6nyeli-Alayk\u00f6y Belediyesi ile Belediye Emek\u00e7ileri Sendikas\u0131 aras\u0131nda toplu i\u015f s\u00f6zle\u015fmesi imzaland\u0131..Amcao\u011flu:Eme\u011fe ve hizmete de\u011fer vermeye devam edece\u011fiz -","robots":{"index":"index","follow":"follow","max-snippet":"max-snippet:-1","max-image-preview":"max-image-preview:large","max-video-preview":"max-video-preview:-1"},"canonical":"https:\/\/kibrisdakik.com\/?p=86443","og_locale":"tr_TR","og_type":"article","og_title":"G\u00f6nyeli-Alayk\u00f6y Belediyesi ile Belediye Emek\u00e7ileri Sendikas\u0131 aras\u0131nda toplu i\u015f s\u00f6zle\u015fmesi imzaland\u0131..Amcao\u011flu:Eme\u011fe ve hizmete de\u011fer vermeye devam edece\u011fiz -","og_description":"G\u00f6nyeli-Alayk\u00f6y Belediyesi ile Belediye Emek\u00e7ileri Sendikas\u0131 (BES) aras\u0131nda 2025-2026 y\u0131llar\u0131n\u0131 kapsayan toplu i\u015f s\u00f6zle\u015fmesi imzaland\u0131. Belediyeden verilen bilgiye g\u00f6re, Toplu i\u015f s\u00f6zle\u015fmesi, Belediye Ba\u015fkan\u0131 H\u00fcseyin Amcao\u011flu ve BES Ba\u015fkan\u0131 Mustafa Yal\u0131nkaya\u2019n\u0131n kat\u0131l\u0131m\u0131yla kar\u015f\u0131l\u0131kl\u0131 anlay\u0131\u015f ve uzla\u015f\u0131 \u00e7er\u00e7evesinde tamamland\u0131. Belediye Ba\u015fkan\u0131 H\u00fcseyin Amcao\u011flu, imza t\u00f6reninin ard\u0131ndan yapt\u0131\u011f\u0131 a\u00e7\u0131klamada \u015fu ifadelere yer verdi: \u201cBu bizim ikinci s\u00f6zle\u015fmemiz.","og_url":"https:\/\/kibrisdakik.com\/?p=86443","article_published_time":"2025-07-17T09:04:11+00:00","og_image":[{"width":2000,"height":1331,"url":"https:\/\/kibrisdakik.com\/wp-content\/uploads\/2025\/07\/13941091-740x420.jpg","type":"image\/jpeg"}],"author":"admin","twitter_card":"summary_large_image","twitter_misc":{"Yazan:":"admin","Tahmini okuma s\u00fcresi":"1 dakika"},"schema":{"@context":"https:\/\/schema.org","@graph":[{"@type":"Article","@id":"https:\/\/kibrisdakik.com\/?p=86443#article","isPartOf":{"@id":"https:\/\/kibrisdakik.com\/?p=86443"},"author":{"name":"admin","@id":"https:\/\/kibrisdakik.com\/#\/schema\/person\/9cd9d437bbb44f72b73ba127e06d8e79"},"headline":"G\u00f6nyeli-Alayk\u00f6y Belediyesi ile Belediye Emek\u00e7ileri Sendikas\u0131 aras\u0131nda toplu i\u015f s\u00f6zle\u015fmesi imzaland\u0131..Amcao\u011flu:Eme\u011fe ve hizmete de\u011fer vermeye devam edece\u011fiz","datePublished":"2025-07-17T09:04:11+00:00","mainEntityOfPage":{"@id":"https:\/\/kibrisdakik.com\/?p=86443"},"wordCount":255,"commentCount":0,"image":{"@id":"https:\/\/kibrisdakik.com\/?p=86443#primaryimage"},"thumbnailUrl":"https:\/\/kibrisdakik.com\/wp-content\/uploads\/2025\/07\/13941091-740x420.jpg","articleSection":["K\u0131br\u0131s","Man\u015fet"],"inLanguage":"tr","potentialAction":[{"@type":"CommentAction","name":"Comment","target":["https:\/\/kibrisdakik.com\/?p=86443#respond"]}]},{"@type":"WebPage","@id":"https:\/\/kibrisdakik.com\/?p=86443","url":"https:\/\/kibrisdakik.com\/?p=86443","name":"G\u00f6nyeli-Alayk\u00f6y Belediyesi ile Belediye Emek\u00e7ileri Sendikas\u0131 aras\u0131nda toplu i\u015f s\u00f6zle\u015fmesi imzaland\u0131..Amcao\u011flu:Eme\u011fe ve hizmete de\u011fer vermeye devam edece\u011fiz -","isPartOf":{"@id":"https:\/\/kibrisdakik.com\/#website"},"primaryImageOfPage":{"@id":"https:\/\/kibrisdakik.com\/?p=86443#primaryimage"},"image":{"@id":"https:\/\/kibrisdakik.com\/?p=86443#primaryimage"},"thumbnailUrl":"https:\/\/kibrisdakik.com\/wp-content\/uploads\/2025\/07\/13941091-740x420.jpg","datePublished":"2025-07-17T09:04:11+00:00","author":{"@id":"https:\/\/kibrisdakik.com\/#\/schema\/person\/9cd9d437bbb44f72b73ba127e06d8e79"},"breadcrumb":{"@id":"https:\/\/kibrisdakik.com\/?p=86443#breadcrumb"},"inLanguage":"tr","potentialAction":[{"@type":"ReadAction","target":["https:\/\/kibrisdakik.com\/?p=86443"]}]},{"@type":"ImageObject","inLanguage":"tr","@id":"https:\/\/kibrisdakik.com\/?p=86443#primaryimage","url":"https:\/\/kibrisdakik.com\/wp-content\/uploads\/2025\/07\/13941091-740x420.jpg","contentUrl":"https:\/\/kibrisdakik.com\/wp-content\/uploads\/2025\/07\/13941091-740x420.jpg","width":2000,"height":1331},{"@type":"BreadcrumbList","@id":"https:\/\/kibrisdakik.com\/?p=86443#breadcrumb","itemListElement":[{"@type":"ListItem","position":1,"name":"Home","item":"https:\/\/kibrisdakik.com\/"},{"@type":"ListItem","position":2,"name":"G\u00f6nyeli-Alayk\u00f6y Belediyesi ile Belediye Emek\u00e7ileri Sendikas\u0131 aras\u0131nda toplu i\u015f s\u00f6zle\u015fmesi imzaland\u0131..Amcao\u011flu:Eme\u011fe ve hizmete de\u011fer vermeye devam edece\u011fiz"}]},{"@type":"WebSite","@id":"https:\/\/kibrisdakik.com\/#website","url":"https:\/\/kibrisdakik.com\/","name":"","description":"Tam vaktinde haber","potentialAction":[{"@type":"SearchAction","target":{"@type":"EntryPoint","urlTemplate":"https:\/\/kibrisdakik.com\/?s={search_term_string}"},"query-input":{"@type":"PropertyValueSpecification","valueRequired":true,"valueName":"search_term_string"}}],"inLanguage":"tr"},{"@type":"Person","@id":"https:\/\/kibrisdakik.com\/#\/schema\/person\/9cd9d437bbb44f72b73ba127e06d8e79","name":"admin","image":{"@type":"ImageObject","inLanguage":"tr","@id":"https:\/\/secure.gravatar.com\/avatar\/ccc17943b9d660506c869530f897617f7cb1c21a4bf30023f252596d83e1f007?s=96&d=mm&r=g","url":"https:\/\/secure.gravatar.com\/avatar\/ccc17943b9d660506c869530f897617f7cb1c21a4bf30023f252596d83e1f007?s=96&d=mm&r=g","contentUrl":"https:\/\/secure.gravatar.com\/avatar\/ccc17943b9d660506c869530f897617f7cb1c21a4bf30023f252596d83e1f007?s=96&d=mm&r=g","caption":"admin"},"sameAs":["https:\/\/kibrisdakik.com"],"url":"https:\/\/kibrisdakik.com\/?author=1"}]}},"_links":{"self":[{"href":"https:\/\/kibrisdakik.com\/index.php?rest_route=\/wp\/v2\/posts\/86443","targetHints":{"allow":["GET"]}}],"collection":[{"href":"https:\/\/kibrisdakik.com\/index.php?rest_route=\/wp\/v2\/posts"}],"about":[{"href":"https:\/\/kibrisdakik.com\/index.php?rest_route=\/wp\/v2\/types\/post"}],"author":[{"embeddable":true,"href":"https:\/\/kibrisdakik.com\/index.php?rest_route=\/wp\/v2\/users\/1"}],"replies":[{"embeddable":true,"href":"https:\/\/kibrisdakik.com\/index.php?rest_route=%2Fwp%2Fv2%2Fcomments&post=86443"}],"version-history":[{"count":0,"href":"https:\/\/kibrisdakik.com\/index.php?rest_route=\/wp\/v2\/posts\/86443\/revisions"}],"wp:featuredmedia":[{"embeddable":true,"href":"https:\/\/kibrisdakik.com\/index.php?rest_route=\/wp\/v2\/media\/86444"}],"wp:attachment":[{"href":"https:\/\/kibrisdakik.com\/index.php?rest_route=%2Fwp%2Fv2%2Fmedia&parent=86443"}],"wp:term":[{"taxonomy":"category","embeddable":true,"href":"https:\/\/kibrisdakik.com\/index.php?rest_route=%2Fwp%2Fv2%2Fcategories&post=86443"},{"taxonomy":"post_tag","embeddable":true,"href":"https:\/\/kibrisdakik.com\/index.php?rest_route=%2Fwp%2Fv2%2Ftags&post=86443"}],"curies":[{"name":"wp","href":"https:\/\/api.w.org\/{rel}","templated":true}]}}