{"id":86449,"date":"2025-07-17T12:37:10","date_gmt":"2025-07-17T09:37:10","guid":{"rendered":"https:\/\/kibrisdakik.com\/index.php\/2025\/07\/17\/6-bin-312-kisi-hafta-sonu-khknin-sinavlarina-girecek\/"},"modified":"2025-07-17T12:37:10","modified_gmt":"2025-07-17T09:37:10","slug":"6-bin-312-kisi-hafta-sonu-khknin-sinavlarina-girecek","status":"publish","type":"post","link":"https:\/\/kibrisdakik.com\/?p=86449","title":{"rendered":"6 bin 312 ki\u015fi hafta sonu KHK\u2019n\u0131n s\u0131navlar\u0131na girecek"},"content":{"rendered":"<p> <br \/>\n<\/p>\n<div>\n<div class=\"mariselle-image-container center\">\n                                            <\/div>\n<p>Kamu Hizmeti Komisyonu (KHK) taraf\u0131ndan d\u00fczenlenen yeterlilik s\u0131navlar\u0131yla \u00f6\u011fretmenlik \u00f6n giri\u015f s\u0131navlar\u0131 hafta sonu yap\u0131l\u0131yor.<\/p>\n<p>6 bin 312 aday\u0131n kat\u0131laca\u011f\u0131 s\u0131navlarla ilgili T\u00fcrk Ajans\u0131 K\u0131br\u0131s\u2019a (TAK) konu\u015fan Kamu Hizmeti Komisyonu Ba\u015fkan\u0131 \u00d6mer Ayd\u0131n K\u00f6seo\u011flu, t\u00fcz\u00fck de\u011fi\u015fiklikleriyle ilgili de a\u00e7\u0131klamalarda bulundu.<\/p>\n<p>K\u00f6seo\u011flu, kamu g\u00f6revlileriyle ilgili s\u0131nav t\u00fcz\u00fc\u011f\u00fcnde yap\u0131lan yeni d\u00fczenlemeyle s\u0131navlarda ba\u015far\u0131l\u0131 olup kamuda \u00e7al\u0131\u015fmaya hak kazananlar\u0131n ikamet etti\u011fi en yak\u0131n il\u00e7eye yerle\u015ftirildi\u011fini a\u00e7\u0131klad\u0131.<\/p>\n<p>Komisyonun \u00e7al\u0131\u015fmalar\u0131yla ilgili de bilgi veren K\u00f6seo\u011flu, 2024\u2019te 18 bin ki\u015finin s\u0131nav\u0131n\u0131 yapt\u0131klar\u0131n\u0131 s\u00f6yleyerek, \u201cS\u0131nav s\u00fcre\u00e7lerinde herhangi bir \u015faibeye mahal vermeyecek \u015fekilde geli\u015fmi\u015f g\u00fcvenlik ve denetim sistemleri uygulan\u0131yor. Liyakat, \u015feffafl\u0131k ve e\u015fitlik KHK\u2019n\u0131n vazge\u00e7ilmez ilkeleridir\u201d dedi.<\/p>\n<p><strong>-Yeterlilik ve \u00f6\u011fretmenlik \u00f6n giri\u015f s\u0131navlar\u0131 hafta sonu yap\u0131lacak<\/strong><\/p>\n<p>\u0130lk olarak hafta sonu yap\u0131lacak s\u0131navlarla ilgili bilgi veren \u00d6mer K\u00f6seo\u011flu, \u00f6\u011fretmenlik \u00f6n giri\u015f s\u0131nav\u0131n\u0131n cumartesi g\u00fcn\u00fc saat 09.30\u2019da Bayraktar Ortaokulu, Lefko\u015fa T\u00fcrk Lisesi ve \u015eehit H\u00fcseyin Ruso Ortaokulu olmak \u00fczere 3 merkezde olaca\u011f\u0131n\u0131 s\u00f6yledi.<\/p>\n<p>Orta d\u00fczey yeterlik s\u0131nav\u0131n\u0131n da cumartesi yap\u0131laca\u011f\u0131n\u0131 belirten K\u00f6seo\u011flu, saat 14.00\u2019te ba\u015flayacak s\u0131nav\u0131n Bayraktar Ortaokulu, B\u00fclent Ecevit Anadolu Lisesi, Lefko\u015fa T\u00fcrk Lisesi ve \u015eehit H\u00fcseyin Ruso Ortaokulu olmak \u00fczere 4 merkezde ger\u00e7ekle\u015fece\u011fini ifade eti.<\/p>\n<p><strong>\u2013 Pazar g\u00fcn de s\u0131nav var<\/strong><\/p>\n<p>K\u00f6seo\u011flu, alt d\u00fczey yeterlik s\u0131nav\u0131n\u0131n pazar g\u00fcn\u00fc saat 09.30\u2019da Atleks Sanverler Ortaokulu, Bayraktar Ortaokulu, B\u00fclent Ecevit Anadolu Lisesi, Lefko\u015fa T\u00fcrk Lisesi, \u015eehit H\u00fcseyin Ruso Ortaokulu ve \u0130rsen K\u00fc\u00e7\u00fck Ortaokulu olmak \u00fczere 6 merkezde olaca\u011f\u0131n\u0131 kaydetti.<\/p>\n<p>Kamu Hizmeti Komisyonu Ba\u015fkan\u0131 K\u00f6seo\u011flu, \u00fcst d\u00fczey yeterlik s\u0131nav\u0131n\u0131n pazar g\u00fcn\u00fc saat 14.00\u2019te \u015eehit H\u00fcseyin Ruso Ortaokulu\u2019nda yap\u0131laca\u011f\u0131n\u0131 ifade etti.<\/p>\n<p>\u2013 6 bin 312 aday yar\u0131\u015facak<\/p>\n<p>4 bin 880\u2019i yeterlilik, bin 432\u2019si \u00f6\u011fretmenlik \u00f6n giri\u015f s\u0131nav\u0131 olmak \u00fczere s\u0131navlara toplam 6 bin 312 ki\u015finin kat\u0131lmas\u0131n\u0131 \u00f6ng\u00f6rd\u00fcklerini belirten K\u00f6seo\u011flu, yeterlilik s\u0131navlar\u0131ndan \u00fcst d\u00fczeye 155; orta d\u00fczeye 2 bin 22; alt d\u00fczeye 2 bin 703 aday\u0131n kat\u0131laca\u011f\u0131n\u0131 s\u00f6yledi.<\/p>\n<p>K\u00f6seo\u011flu, \u00f6\u011fretmenlik \u00f6n giri\u015f s\u0131nav\u0131na da bin 432 ki\u015finin girece\u011fini ifade etti.<\/p>\n<p><strong>\u2013 S\u0131navla ilgili hat\u0131rlatmalar<\/strong><\/p>\n<p>S\u0131navlara kat\u0131lacak t\u00fcm adaylara 14 Temmuz pazartesi g\u00fcn\u00fc s\u0131nav yeriyle saatini bildiren SMS g\u00f6nderildi\u011fini, adaylara, aday numaralar\u0131 \u00fczerinden khk.gov.ct.tr web sitesinden de \u00e7a\u011fr\u0131 yap\u0131ld\u0131\u011f\u0131n\u0131 kaydeden K\u00f6seo\u011flu,  SMS ula\u015fmayan adaylar\u0131n s\u0131nav bilgilerine web sitesinden ula\u015fabilece\u011fini de ifade etti.<\/p>\n<p>Adaylar\u0131n s\u0131nava giri\u015fte KKTC kimlik kart\u0131 veya kimli\u011fi do\u011frulayacak resmi bir belgenin orijinalini ibraz etmek zorunda oldu\u011funu hat\u0131rlatan \u00d6mer K\u00f6seo\u011flu, kimli\u011fini belgeleyemeyen adaylar\u0131n s\u0131nava al\u0131nmayaca\u011f\u0131n\u0131 da hat\u0131rlatt\u0131.<\/p>\n<p>Adaylar\u0131n s\u0131nava en ge\u00e7 30 dakika kala salonun \u00f6n\u00fcnde haz\u0131r bulunmas\u0131 gerekti\u011fini de hat\u0131rlatan K\u00f6seo\u011flu, s\u0131nav esnas\u0131nda 2 B gibi koyu, parlak ve yumu\u015fak u\u00e7lu bir kur\u015fun kalem kullan\u0131lmas\u0131na \u00f6zen g\u00f6sterilmesini istedi.<\/p>\n<p>Yumu\u015fak bir silginin tercih edilmesi, cevap anahtar\u0131nda i\u015faretlenecek dairelerin d\u0131\u015f\u0131na \u00e7\u0131k\u0131lmamas\u0131 gerekti\u011fini de an\u0131msatan \u00d6mer K\u00f6seo\u011flu, t\u00fcm adaylara s\u0131navlarda ba\u015far\u0131 diledi.<\/p>\n<p>Ge\u00e7ici s\u0131nav sonu\u00e7lar\u0131n\u0131n ayn\u0131 g\u00fcn i\u00e7inde khk.gov.ct.tr resmi web sitesinden duyurulaca\u011f\u0131n\u0131 da belirten K\u00f6seo\u011flu, kesin sonu\u00e7lar\u0131n 3 i\u015f g\u00fcn\u00fc boyunca al\u0131nacak itirazlar\u0131n de\u011ferlendirilmesinden sonra belirlenece\u011fini dile getirdi.<\/p>\n<p>\u00d6mer K\u00f6seo\u011flu, ba\u015far\u0131l\u0131 adaylar\u0131n sonu\u00e7lar\u0131n kesinle\u015fmesiyle sertifikalar\u0131n\u0131 duyurulacak tarihte Kamu Hizmeti Komisyonu Ba\u015fkanl\u0131\u011f\u0131\u2019ndan alabilece\u011fini de belirtti.<\/p>\n<p><strong>\u2013 Mevzuatlarda de\u011fi\u015fiklik<\/strong><\/p>\n<p>A\u00e7\u0131klamas\u0131nda son d\u00f6nemde \u00d6\u011fretmenler S\u0131nav T\u00fcz\u00fc\u011f\u00fc ile Kamu G\u00f6revlileri S\u0131nav T\u00fcz\u00fc\u011f\u00fc\u2019nde yap\u0131lan de\u011fi\u015fikliklerle ilgili de bilgi veren K\u00f6seo\u011flu, \u00f6nce \u00f6\u011fretmenlerle ilgili t\u00fcz\u00fc\u011fe de\u011findi.<\/p>\n<p>\u00d6mer K\u00f6seo\u011flu, \u00d6\u011fretmenler S\u0131nav T\u00fcz\u00fc\u011f\u00fc\u2019nde yap\u0131lan son de\u011fi\u015fikli\u011fin \u0130ngilizce dilinde e\u011fitim veren okullarda g\u00f6rev yapacak \u00f6\u011fretmenlerle ilgili oldu\u011funu s\u00f6yleyerek, bundan b\u00f6yle C1 d\u00fczeyinde \u0130ngilizcesi olan ve Y\u00fcksek\u00f6\u011fretim Kurumlar\u0131 Yabanc\u0131 Dil S\u0131nav\u0131 (Y\u00d6KD\u0130L) alan\u0131yla ilgili yeterli puan\u0131 alan \u00f6\u011fretmen adaylar\u0131n\u0131n \u0130ngilizce dilindeki \u00f6\u011fretmenlik bran\u015f s\u0131navlar\u0131na ba\u015fvuruda bulunabilece\u011fini aktard\u0131.<\/p>\n<p>\u2013 KHK\u2019da yeni yaz\u0131l\u0131m\u2026 Kamuya ilk atamalarda sistem otomatik yerle\u015ftirme yapacak, aday\u0131n ikametgah\u0131 dikkate al\u0131nacak\u2026<\/p>\n<p>Kamu G\u00f6revlileri S\u0131nav T\u00fcz\u00fc\u011f\u00fc\u2019nde yap\u0131lan de\u011fi\u015fiklikle kamuya ilk atamalarda m\u00fcnhal ilan edilen il\u00e7elere yerle\u015ftirme i\u00e7in algoritma bir yaz\u0131l\u0131m geli\u015ftirildi\u011fini de a\u00e7\u0131klayan K\u00f6seo\u011flu, yeni d\u00fczenlemeyle ki\u015filerin ikamet, medeni hal ve durumu, \u00e7ocuk sahibi olup olmad\u0131\u011f\u0131 ve ba\u015far\u0131 durumu gibi kriterlere bak\u0131larak s\u00f6z konusu sistem \u00fczerinden otomatik yerle\u015ftirme yap\u0131ld\u0131\u011f\u0131n\u0131 s\u00f6yledi.<\/p>\n<p>K\u00f6seo\u011flu, bu de\u011fi\u015fiklikle t\u00fcm adaylar\u0131n ikamet etti\u011fi en yak\u0131n il\u00e7eye yerle\u015ftirilmesinin ama\u00e7land\u0131\u011f\u0131n\u0131 kaydetti.<\/p>\n<p>\u2013 S\u0131nav sonu\u00e7lar\u0131na itirazla ilgili uygulamada da de\u011fi\u015fiklik var<\/p>\n<p>S\u0131nav sonu\u00e7lar\u0131na itirazlar konusunda da yeni bir d\u00fczenlemeye gidildi\u011fini belirten \u00d6mer K\u00f6seo\u011flu, ge\u00e7mi\u015fteki d\u00fczenlemede itirazlar \u00fczerine bir soru iptal edilirse bu sorudan puan almayan adaylara puan verildi\u011fini an\u0131msatarak, yeni uygulamada bunun yap\u0131lmad\u0131\u011f\u0131n\u0131 s\u00f6yledi.<\/p>\n<p>K\u00f6seo\u011flu, yeni uygulamada, hatal\u0131 sorunun iptaliyle ge\u00e7erli sorular\u0131n puan de\u011ferinin yeniden belirlendi\u011fini, iptal edilen soru \u00fczerinden puan verilmedi\u011fini kaydetti.<\/p>\n<p>\u2013 2024\u2019te 18 bin ki\u015fi KHK\u2019n\u0131n s\u0131navlar\u0131na girdi<\/p>\n<p>A\u00e7\u0131klamas\u0131nda baz\u0131 istatistiki verileri de payla\u015fan Kamu Hizmeti Komisyonu Ba\u015fkan\u0131 \u00d6mer K\u00f6seo\u011flu, 2024\u2019te 176 yaz\u0131l\u0131 s\u0131navla yakla\u015f\u0131k 18 bin ki\u015finin s\u0131nav\u0131n\u0131 yapt\u0131klar\u0131n\u0131, 18 bin ki\u015fiden 4 binin kamu g\u00f6revi i\u00e7in ilk atama s\u0131navlar\u0131na girdi\u011fini, s\u0131navlarda ba\u015far\u0131l\u0131 olan 450 aday\u0131n atamas\u0131n\u0131n yap\u0131ld\u0131\u011f\u0131n\u0131 belirtti.<\/p>\n<p>\u00d6mer K\u00f6seo\u011flu, 2024\u2019te 2 bin 300 ki\u015finin \u00f6\u011fretmenlik i\u00e7in ilk atama s\u0131nav\u0131na girdi\u011fini, adaylardan 350\u2019sinin m\u00fcnhal ilan edilen okula yerle\u015fti\u011fini yine 2024\u2019te 11 bin 700 ki\u015finin de yeterlilik, \u00f6\u011fretmenlik \u00f6n giri\u015f ve \u0130ngilizce dil s\u0131navlar\u0131na kat\u0131ld\u0131\u011f\u0131n\u0131 aktard\u0131.<\/p>\n<p>K\u00f6seo\u011flu, ge\u00e7en y\u0131l istihdam edilen 800 ki\u015fiden y\u00fczde 70\u2019inin kad\u0131n, y\u00fczde 30\u2019unun erkek oldu\u011funu da a\u00e7\u0131klad\u0131.<\/p>\n<p><strong>\u2013 350 terfi<\/strong><\/p>\n<p>\u00d6mer K\u00f6seo\u011flu, komisyonun yine 2024\u2019te 180 toplant\u0131yla 350 ki\u015finin terfisini yapt\u0131\u011f\u0131n\u0131, asalet onay, nakil, g\u00f6revlendirme disiplin i\u015flemleri gibi \u00e7e\u015fitli kararlar \u00fcretti\u011fini de belirtti.<\/p>\n<p><strong>\u2013 \u00d6rnek sorular art\u0131k sistemde<\/strong><\/p>\n<p>S\u0131nava haz\u0131rlanacak adaylar\u0131n \u00e7al\u0131\u015fmalar\u0131na y\u00f6n vermek amac\u0131yla yeni uygulama ba\u015flatt\u0131klar\u0131n\u0131 da a\u00e7\u0131klayan \u00d6mer K\u00f6seo\u011flu, ilk etapta \u0130ngilizce yeterlik s\u0131nav\u0131 \u00f6ncesi \u00f6rnek \u0130ngilizce sorular\u0131 sisteme y\u00fcklediklerini s\u00f6yledi.<\/p>\n<p>Memnuniyetle ilgili bir\u00e7ok geri d\u00f6n\u00fc\u015f ald\u0131klar\u0131n\u0131 da ifade eden K\u00f6seo\u011flu, komisyonun resmi web sitesinde Anayasa, E\u011fitim Bilimleri, Genel K\u00fclt\u00fcr, Genel Yetenek, Kamu G\u00f6revlileri Yasas\u0131, Kamu Sa\u011fl\u0131k \u00c7al\u0131\u015fanlar\u0131 Yasas\u0131 ve \u00f6\u011fretmenlik bran\u015f sorular\u0131n\u0131n payla\u015f\u0131ld\u0131\u011f\u0131n\u0131, payla\u015f\u0131mlar\u0131n devam edece\u011fini dile getirdi.<\/p>\n<p><strong>\u2013 KHK sosyal medyada<\/strong><\/p>\n<p>Kamu Hizmeti Komisyonu\u2019nun kurumsal yap\u0131s\u0131n\u0131 g\u00fc\u00e7lendirmek, g\u00f6r\u00fcn\u00fcrl\u00fc\u011f\u00fcn\u00fc art\u0131rmak i\u00e7in baz\u0131 ad\u0131mlar at\u0131ld\u0131\u011f\u0131n\u0131 da kaydeden K\u00f6seo\u011flu, Instagram hesaplar\u0131n\u0131n \u00e7ok yak\u0131nda devreye girece\u011fini a\u00e7\u0131klad\u0131.<\/p>\n<p>Komisyonun kullan\u0131c\u0131 dostu yeni web sitesiyle ilgili \u00e7al\u0131\u015fmalar\u0131n s\u00fcrd\u00fc\u011f\u00fcn\u00fc de kaydeden \u00d6mer K\u00f6seo\u011flu, bilgiye kolayca eri\u015filebilen, arama motorlar\u0131n\u0131n aktif olarak \u00e7al\u0131\u015ft\u0131\u011f\u0131 bir web tasar\u0131m\u0131n\u0131 devreye koymak istediklerini s\u00f6yledi.<\/p>\n<p>Kamu Hizmeti Komisyonu\u2019nun facebook sayfas\u0131n\u0131n bir s\u00fcredir devrede oldu\u011funu da belirten K\u00f6seo\u011flu, d\u0131\u015ftan ald\u0131klar\u0131 hizmet sayesinde bundan sonra t\u00fcm KHK ile ilgili g\u00f6rsellerin, duyurular\u0131n ve bilgi i\u00e7eriklerinin kurumsal standartla bu sayfa \u00fczerinden yay\u0131nlanaca\u011f\u0131n\u0131 dile getirdi.<\/p>\n<p><strong>\u2013 \u201cHedefimiz 2026 y\u0131l\u0131nda sadece online ba\u015fvuru almak\u201d<\/strong><\/p>\n<p>Online ba\u015fvuru uygulamas\u0131n\u0131n 2 y\u0131ld\u0131r ba\u015far\u0131yla s\u00fcrd\u00fcr\u00fcld\u00fc\u011f\u00fcn\u00fc, adaylar\u0131n tamam\u0131n\u0131n bu se\u00e7ene\u011fe y\u00f6nelmesi i\u00e7in teknik \u00e7al\u0131\u015fmalar\u0131n devam etti\u011fini de ifade eden K\u00f6seo\u011flu,  \u00e7al\u0131\u015fmalar\u0131n bir ka\u00e7 ay i\u00e7inde tamamlanaca\u011f\u0131n\u0131 a\u00e7\u0131klad\u0131.  K\u00f6seo\u011flu, \u201cHedefimiz 2026\u2019da sadece online ba\u015fvuru almakt\u0131r\u201d dedi.<\/p>\n<p><strong>\u2013 \u201cKHK ile ilgili baz\u0131 yanl\u0131\u015f alg\u0131lar var\u201d<\/strong><\/p>\n<p>Kamu Hizmeti Komisyonu hakk\u0131nda baz\u0131 yanl\u0131\u015f veya eksik bilgiler oldu\u011funu da belirten K\u00f6seo\u011flu, bunlardan birinin de kamuda i\u015fe giren herkesin komisyon taraf\u0131ndan atand\u0131\u011f\u0131yla ilgili oldu\u011funu s\u00f6yledi.<\/p>\n<p>Kamu Hizmeti Komisyonu\u2019nun yaln\u0131zca Kamu G\u00f6revlileri Yasas\u0131, \u00d6\u011fretmenler Yasas\u0131 ve Kamu Sa\u011fl\u0131k \u00c7al\u0131\u015fanlar\u0131 Yasas\u0131\u2019na tabi olan as\u0131l ve s\u00fcrekli personelin atamas\u0131ndan sorumlu oldu\u011funu vurgulayan \u00d6mer K\u00f6seo\u011flu, devlet kurumlar\u0131nda g\u00f6rev yapan ge\u00e7ici, s\u00f6zle\u015fmeli veya proje bazl\u0131 personelin KHK taraf\u0131ndan i\u015fe al\u0131nmad\u0131\u011f\u0131n\u0131, komisyonun bu t\u00fcr personel \u00fczerinde herhangi bir yetkisi veya sorumlulu\u011fu bulunmad\u0131\u011f\u0131n\u0131 dile getirdi.<\/p>\n<p>\u201cKHK sadece yaz\u0131l\u0131 ve s\u00f6zl\u00fc s\u0131nav yapar\u201d \u015feklinde ba\u015fka bir yanl\u0131\u015f alg\u0131 daha oldu\u011funu belirten K\u00f6seo\u011flu, komisyonun g\u00f6revinin sadece s\u0131nav d\u00fczenlemek olmad\u0131\u011f\u0131n\u0131 da fade etti.<\/p>\n<p>K\u00f6seo\u011flu, atama, terfi, disiplin, sicil, nakil, emekliye sevk, azil, s\u0131nav sonu\u00e7lar\u0131na itiraz s\u00fcre\u00e7lerinin, kamu personel sisteminin sa\u011fl\u0131kl\u0131 i\u015flemesini sa\u011flaman\u0131n da Kamu Hizmeti Komisyonu\u2019nun g\u00f6revleri aras\u0131nda bulundu\u011funu ifade etti.<\/p>\n<p><strong>-\u201c\u015eaibeye mahal vermeyecek g\u00fcvenlik ve denetim sistemleri uygulan\u0131yor\u201d<\/strong><\/p>\n<p>KHK s\u0131navlar\u0131nda ba\u015far\u0131n\u0131n yaln\u0131zca bilgiye, s\u0131nav performans\u0131na ve yetkinli\u011fe dayand\u0131\u011f\u0131n\u0131 da vurgulayan K\u00f6seo\u011flu,  \u201cKomisyon s\u0131navlar\u0131n\u0131 ge\u00e7mek i\u00e7in torpil gerekiyor\u201d \u015feklinde ba\u015fka bir yanl\u0131\u015f alg\u0131 oldu\u011funu ancak bunun yava\u015f yava\u015f de\u011fi\u015fti\u011fini dile getirdi.<\/p>\n<p>K\u00f6seo\u011flu, Kamu Hizmeti Komisyonu\u2019nun s\u0131nav s\u00fcre\u00e7lerinde herhangi bir \u015faibeye mahal vermeyecek \u015fekilde geli\u015fmi\u015f g\u00fcvenlik ve denetim sistemleri uygulad\u0131\u011f\u0131n\u0131 vurgulad\u0131.<\/p>\n<p>S\u0131nav merkezlerinin 7 g\u00fcn 24 saat alarm ve kamera sistemleriyle izlendi\u011fini giri\u015f ve \u00e7\u0131k\u0131\u015flar\u0131n biyometrik (parmak izi) do\u011frulamayla kontrol edildi\u011fini belirten K\u00f6seo\u011flu, merkeze yaln\u0131zca s\u0131n\u0131rl\u0131 say\u0131da yetkili personelin eri\u015febildi\u011fini, g\u00f6revli personel ve dan\u0131\u015fmanlar\u0131n s\u0131nav s\u00fcresince d\u0131\u015f \u00e7evreyle temas\u0131n\u0131n tamamen engellendi\u011fini kaydetti.<\/p>\n<p>S\u0131nav merkezinde internet ve cep telefonu kullan\u0131m\u0131na izin verilmedi\u011fini de an\u0131msatan K\u00f6seo\u011flu, s\u0131nav soru kitap\u00e7\u0131\u011f\u0131n\u0131n s\u0131nav saatine 24 saatten az s\u00fcre kala soru bankas\u0131ndan algoritmik yaz\u0131l\u0131m arac\u0131l\u0131\u011f\u0131yla rasgele al\u0131narak olu\u015fturuldu\u011funu dile getirdi.<\/p>\n<p><strong>-\u201cSoru\u015fturma ba\u015flatma yetkisi KHK\u2019da de\u011fil\u201d<\/strong><\/p>\n<p>Son d\u00f6nemde kamu g\u00f6revlilerinin i\u015fledi\u011fi su\u00e7tan ya da uygunsuz davran\u0131\u015ftan \u00f6t\u00fcr\u00fc gerekli ceza ve veya yapt\u0131r\u0131mlar i\u00e7in KHK\u2019ya ba\u015fvuru geldi\u011fini, bunun usulen yanl\u0131\u015f oldu\u011funu belirten K\u00f6seo\u011flu, yasa gere\u011fi kamu g\u00f6revlilerinin i\u015fledikleri bir su\u00e7 ya da davran\u0131\u015ftan \u00f6t\u00fcr\u00fc cezaland\u0131r\u0131lmalar\u0131yla ilgili s\u00fcrecin kendi kurumlar\u0131nda ba\u015flad\u0131\u011f\u0131n\u0131 s\u00f6yledi.<\/p>\n<p>K\u00f6seo\u011flu, b\u00f6yle bir soru\u015fturmay\u0131 ba\u015flatma yetkisinin kurumun en \u00fcst d\u00fczey amirine ait oldu\u011funu da hat\u0131rlatt\u0131.<\/p>\n<\/p><\/div>\n<p><script async\n                    defer\n                    crossorigin=\"anonymous\"\n                    src=\"https:\/\/connect.facebook.net\/tr_TR\/sdk.js#xfbml=1&#038;version=v3.3\"\n            ><\/script><br \/>\n<br \/><br \/>\n<br \/><a href=\"[kibrisdakik.com]\n<\/p>\n","protected":false},"excerpt":{"rendered":"<p>Kamu Hizmeti Komisyonu (KHK) taraf\u0131ndan d\u00fczenlenen yeterlilik s\u0131navlar\u0131yla \u00f6\u011fretmenlik \u00f6n giri\u015f s\u0131navlar\u0131 hafta sonu yap\u0131l\u0131yor. 6 bin 312 aday\u0131n kat\u0131laca\u011f\u0131 s\u0131navlarla ilgili T\u00fcrk Ajans\u0131 K\u0131br\u0131s\u2019a (TAK) konu\u015fan Kamu Hizmeti Komisyonu Ba\u015fkan\u0131 \u00d6mer Ayd\u0131n K\u00f6seo\u011flu, t\u00fcz\u00fck de\u011fi\u015fiklikleriyle ilgili de a\u00e7\u0131klamalarda bulundu. K\u00f6seo\u011flu, kamu g\u00f6revlileriyle ilgili s\u0131nav t\u00fcz\u00fc\u011f\u00fcnde yap\u0131lan yeni d\u00fczenlemeyle s\u0131navlarda ba\u015far\u0131l\u0131 olup kamuda \u00e7al\u0131\u015fmaya hak<\/p>\n","protected":false},"author":1,"featured_media":86450,"comment_status":"open","ping_status":"open","sticky":false,"template":"","format":"standard","meta":{"footnotes":""},"categories":[81,101],"tags":[],"class_list":["post-86449","post","type-post","status-publish","format-standard","has-post-thumbnail","hentry","category-kibris","category-manset"],"yoast_head":"<!-- This site is optimized with the Yoast SEO plugin v27.5 - https:\/\/yoast.com\/product\/yoast-seo-wordpress\/ -->\n<title>6 bin 312 ki\u015fi hafta sonu KHK\u2019n\u0131n s\u0131navlar\u0131na girecek -<\/title>\n<meta name=\"robots\" content=\"index, follow, max-snippet:-1, max-image-preview:large, max-video-preview:-1\" \/>\n<link rel=\"canonical\" href=\"https:\/\/kibrisdakik.com\/?p=86449\" \/>\n<meta property=\"og:locale\" content=\"tr_TR\" \/>\n<meta property=\"og:type\" content=\"article\" \/>\n<meta property=\"og:title\" content=\"6 bin 312 ki\u015fi hafta sonu KHK\u2019n\u0131n s\u0131navlar\u0131na girecek -\" \/>\n<meta property=\"og:description\" content=\"Kamu Hizmeti Komisyonu (KHK) taraf\u0131ndan d\u00fczenlenen yeterlilik s\u0131navlar\u0131yla \u00f6\u011fretmenlik \u00f6n giri\u015f s\u0131navlar\u0131 hafta sonu yap\u0131l\u0131yor. 6 bin 312 aday\u0131n kat\u0131laca\u011f\u0131 s\u0131navlarla ilgili T\u00fcrk Ajans\u0131 K\u0131br\u0131s\u2019a (TAK) konu\u015fan Kamu Hizmeti Komisyonu Ba\u015fkan\u0131 \u00d6mer Ayd\u0131n K\u00f6seo\u011flu, t\u00fcz\u00fck de\u011fi\u015fiklikleriyle ilgili de a\u00e7\u0131klamalarda bulundu. K\u00f6seo\u011flu, kamu g\u00f6revlileriyle ilgili s\u0131nav t\u00fcz\u00fc\u011f\u00fcnde yap\u0131lan yeni d\u00fczenlemeyle s\u0131navlarda ba\u015far\u0131l\u0131 olup kamuda \u00e7al\u0131\u015fmaya hak\" \/>\n<meta property=\"og:url\" content=\"https:\/\/kibrisdakik.com\/?p=86449\" \/>\n<meta property=\"article:published_time\" content=\"2025-07-17T09:37:10+00:00\" \/>\n<meta property=\"og:image\" content=\"https:\/\/kibrisdakik.com\/wp-content\/uploads\/2025\/07\/yks-sinavlari-740x420.jpg\" \/>\n\t<meta property=\"og:image:width\" content=\"1024\" \/>\n\t<meta property=\"og:image:height\" content=\"683\" \/>\n\t<meta property=\"og:image:type\" content=\"image\/jpeg\" \/>\n<meta name=\"author\" content=\"admin\" \/>\n<meta name=\"twitter:card\" content=\"summary_large_image\" \/>\n<meta name=\"twitter:label1\" content=\"Yazan:\" \/>\n\t<meta name=\"twitter:data1\" content=\"admin\" \/>\n\t<meta name=\"twitter:label2\" content=\"Tahmini okuma s\u00fcresi\" \/>\n\t<meta name=\"twitter:data2\" content=\"10 dakika\" \/>\n<script type=\"application\/ld+json\" class=\"yoast-schema-graph\">{\"@context\":\"https:\\\/\\\/schema.org\",\"@graph\":[{\"@type\":\"Article\",\"@id\":\"https:\\\/\\\/kibrisdakik.com\\\/?p=86449#article\",\"isPartOf\":{\"@id\":\"https:\\\/\\\/kibrisdakik.com\\\/?p=86449\"},\"author\":{\"name\":\"admin\",\"@id\":\"https:\\\/\\\/kibrisdakik.com\\\/#\\\/schema\\\/person\\\/9cd9d437bbb44f72b73ba127e06d8e79\"},\"headline\":\"6 bin 312 ki\u015fi hafta sonu KHK\u2019n\u0131n s\u0131navlar\u0131na girecek\",\"datePublished\":\"2025-07-17T09:37:10+00:00\",\"mainEntityOfPage\":{\"@id\":\"https:\\\/\\\/kibrisdakik.com\\\/?p=86449\"},\"wordCount\":2031,\"commentCount\":0,\"image\":{\"@id\":\"https:\\\/\\\/kibrisdakik.com\\\/?p=86449#primaryimage\"},\"thumbnailUrl\":\"https:\\\/\\\/kibrisdakik.com\\\/wp-content\\\/uploads\\\/2025\\\/07\\\/yks-sinavlari-740x420.jpg\",\"articleSection\":[\"K\u0131br\u0131s\",\"Man\u015fet\"],\"inLanguage\":\"tr\",\"potentialAction\":[{\"@type\":\"CommentAction\",\"name\":\"Comment\",\"target\":[\"https:\\\/\\\/kibrisdakik.com\\\/?p=86449#respond\"]}]},{\"@type\":\"WebPage\",\"@id\":\"https:\\\/\\\/kibrisdakik.com\\\/?p=86449\",\"url\":\"https:\\\/\\\/kibrisdakik.com\\\/?p=86449\",\"name\":\"6 bin 312 ki\u015fi hafta sonu KHK\u2019n\u0131n s\u0131navlar\u0131na girecek -\",\"isPartOf\":{\"@id\":\"https:\\\/\\\/kibrisdakik.com\\\/#website\"},\"primaryImageOfPage\":{\"@id\":\"https:\\\/\\\/kibrisdakik.com\\\/?p=86449#primaryimage\"},\"image\":{\"@id\":\"https:\\\/\\\/kibrisdakik.com\\\/?p=86449#primaryimage\"},\"thumbnailUrl\":\"https:\\\/\\\/kibrisdakik.com\\\/wp-content\\\/uploads\\\/2025\\\/07\\\/yks-sinavlari-740x420.jpg\",\"datePublished\":\"2025-07-17T09:37:10+00:00\",\"author\":{\"@id\":\"https:\\\/\\\/kibrisdakik.com\\\/#\\\/schema\\\/person\\\/9cd9d437bbb44f72b73ba127e06d8e79\"},\"breadcrumb\":{\"@id\":\"https:\\\/\\\/kibrisdakik.com\\\/?p=86449#breadcrumb\"},\"inLanguage\":\"tr\",\"potentialAction\":[{\"@type\":\"ReadAction\",\"target\":[\"https:\\\/\\\/kibrisdakik.com\\\/?p=86449\"]}]},{\"@type\":\"ImageObject\",\"inLanguage\":\"tr\",\"@id\":\"https:\\\/\\\/kibrisdakik.com\\\/?p=86449#primaryimage\",\"url\":\"https:\\\/\\\/kibrisdakik.com\\\/wp-content\\\/uploads\\\/2025\\\/07\\\/yks-sinavlari-740x420.jpg\",\"contentUrl\":\"https:\\\/\\\/kibrisdakik.com\\\/wp-content\\\/uploads\\\/2025\\\/07\\\/yks-sinavlari-740x420.jpg\",\"width\":1024,\"height\":683},{\"@type\":\"BreadcrumbList\",\"@id\":\"https:\\\/\\\/kibrisdakik.com\\\/?p=86449#breadcrumb\",\"itemListElement\":[{\"@type\":\"ListItem\",\"position\":1,\"name\":\"Home\",\"item\":\"https:\\\/\\\/kibrisdakik.com\\\/\"},{\"@type\":\"ListItem\",\"position\":2,\"name\":\"6 bin 312 ki\u015fi hafta sonu KHK\u2019n\u0131n s\u0131navlar\u0131na girecek\"}]},{\"@type\":\"WebSite\",\"@id\":\"https:\\\/\\\/kibrisdakik.com\\\/#website\",\"url\":\"https:\\\/\\\/kibrisdakik.com\\\/\",\"name\":\"\",\"description\":\"Tam vaktinde haber\",\"potentialAction\":[{\"@type\":\"SearchAction\",\"target\":{\"@type\":\"EntryPoint\",\"urlTemplate\":\"https:\\\/\\\/kibrisdakik.com\\\/?s={search_term_string}\"},\"query-input\":{\"@type\":\"PropertyValueSpecification\",\"valueRequired\":true,\"valueName\":\"search_term_string\"}}],\"inLanguage\":\"tr\"},{\"@type\":\"Person\",\"@id\":\"https:\\\/\\\/kibrisdakik.com\\\/#\\\/schema\\\/person\\\/9cd9d437bbb44f72b73ba127e06d8e79\",\"name\":\"admin\",\"image\":{\"@type\":\"ImageObject\",\"inLanguage\":\"tr\",\"@id\":\"https:\\\/\\\/secure.gravatar.com\\\/avatar\\\/ccc17943b9d660506c869530f897617f7cb1c21a4bf30023f252596d83e1f007?s=96&d=mm&r=g\",\"url\":\"https:\\\/\\\/secure.gravatar.com\\\/avatar\\\/ccc17943b9d660506c869530f897617f7cb1c21a4bf30023f252596d83e1f007?s=96&d=mm&r=g\",\"contentUrl\":\"https:\\\/\\\/secure.gravatar.com\\\/avatar\\\/ccc17943b9d660506c869530f897617f7cb1c21a4bf30023f252596d83e1f007?s=96&d=mm&r=g\",\"caption\":\"admin\"},\"sameAs\":[\"https:\\\/\\\/kibrisdakik.com\"],\"url\":\"https:\\\/\\\/kibrisdakik.com\\\/?author=1\"}]}<\/script>\n<!-- \/ Yoast SEO plugin. -->","yoast_head_json":{"title":"6 bin 312 ki\u015fi hafta sonu KHK\u2019n\u0131n s\u0131navlar\u0131na girecek -","robots":{"index":"index","follow":"follow","max-snippet":"max-snippet:-1","max-image-preview":"max-image-preview:large","max-video-preview":"max-video-preview:-1"},"canonical":"https:\/\/kibrisdakik.com\/?p=86449","og_locale":"tr_TR","og_type":"article","og_title":"6 bin 312 ki\u015fi hafta sonu KHK\u2019n\u0131n s\u0131navlar\u0131na girecek -","og_description":"Kamu Hizmeti Komisyonu (KHK) taraf\u0131ndan d\u00fczenlenen yeterlilik s\u0131navlar\u0131yla \u00f6\u011fretmenlik \u00f6n giri\u015f s\u0131navlar\u0131 hafta sonu yap\u0131l\u0131yor. 6 bin 312 aday\u0131n kat\u0131laca\u011f\u0131 s\u0131navlarla ilgili T\u00fcrk Ajans\u0131 K\u0131br\u0131s\u2019a (TAK) konu\u015fan Kamu Hizmeti Komisyonu Ba\u015fkan\u0131 \u00d6mer Ayd\u0131n K\u00f6seo\u011flu, t\u00fcz\u00fck de\u011fi\u015fiklikleriyle ilgili de a\u00e7\u0131klamalarda bulundu. K\u00f6seo\u011flu, kamu g\u00f6revlileriyle ilgili s\u0131nav t\u00fcz\u00fc\u011f\u00fcnde yap\u0131lan yeni d\u00fczenlemeyle s\u0131navlarda ba\u015far\u0131l\u0131 olup kamuda \u00e7al\u0131\u015fmaya hak","og_url":"https:\/\/kibrisdakik.com\/?p=86449","article_published_time":"2025-07-17T09:37:10+00:00","og_image":[{"width":1024,"height":683,"url":"https:\/\/kibrisdakik.com\/wp-content\/uploads\/2025\/07\/yks-sinavlari-740x420.jpg","type":"image\/jpeg"}],"author":"admin","twitter_card":"summary_large_image","twitter_misc":{"Yazan:":"admin","Tahmini okuma s\u00fcresi":"10 dakika"},"schema":{"@context":"https:\/\/schema.org","@graph":[{"@type":"Article","@id":"https:\/\/kibrisdakik.com\/?p=86449#article","isPartOf":{"@id":"https:\/\/kibrisdakik.com\/?p=86449"},"author":{"name":"admin","@id":"https:\/\/kibrisdakik.com\/#\/schema\/person\/9cd9d437bbb44f72b73ba127e06d8e79"},"headline":"6 bin 312 ki\u015fi hafta sonu KHK\u2019n\u0131n s\u0131navlar\u0131na girecek","datePublished":"2025-07-17T09:37:10+00:00","mainEntityOfPage":{"@id":"https:\/\/kibrisdakik.com\/?p=86449"},"wordCount":2031,"commentCount":0,"image":{"@id":"https:\/\/kibrisdakik.com\/?p=86449#primaryimage"},"thumbnailUrl":"https:\/\/kibrisdakik.com\/wp-content\/uploads\/2025\/07\/yks-sinavlari-740x420.jpg","articleSection":["K\u0131br\u0131s","Man\u015fet"],"inLanguage":"tr","potentialAction":[{"@type":"CommentAction","name":"Comment","target":["https:\/\/kibrisdakik.com\/?p=86449#respond"]}]},{"@type":"WebPage","@id":"https:\/\/kibrisdakik.com\/?p=86449","url":"https:\/\/kibrisdakik.com\/?p=86449","name":"6 bin 312 ki\u015fi hafta sonu KHK\u2019n\u0131n s\u0131navlar\u0131na girecek -","isPartOf":{"@id":"https:\/\/kibrisdakik.com\/#website"},"primaryImageOfPage":{"@id":"https:\/\/kibrisdakik.com\/?p=86449#primaryimage"},"image":{"@id":"https:\/\/kibrisdakik.com\/?p=86449#primaryimage"},"thumbnailUrl":"https:\/\/kibrisdakik.com\/wp-content\/uploads\/2025\/07\/yks-sinavlari-740x420.jpg","datePublished":"2025-07-17T09:37:10+00:00","author":{"@id":"https:\/\/kibrisdakik.com\/#\/schema\/person\/9cd9d437bbb44f72b73ba127e06d8e79"},"breadcrumb":{"@id":"https:\/\/kibrisdakik.com\/?p=86449#breadcrumb"},"inLanguage":"tr","potentialAction":[{"@type":"ReadAction","target":["https:\/\/kibrisdakik.com\/?p=86449"]}]},{"@type":"ImageObject","inLanguage":"tr","@id":"https:\/\/kibrisdakik.com\/?p=86449#primaryimage","url":"https:\/\/kibrisdakik.com\/wp-content\/uploads\/2025\/07\/yks-sinavlari-740x420.jpg","contentUrl":"https:\/\/kibrisdakik.com\/wp-content\/uploads\/2025\/07\/yks-sinavlari-740x420.jpg","width":1024,"height":683},{"@type":"BreadcrumbList","@id":"https:\/\/kibrisdakik.com\/?p=86449#breadcrumb","itemListElement":[{"@type":"ListItem","position":1,"name":"Home","item":"https:\/\/kibrisdakik.com\/"},{"@type":"ListItem","position":2,"name":"6 bin 312 ki\u015fi hafta sonu KHK\u2019n\u0131n s\u0131navlar\u0131na girecek"}]},{"@type":"WebSite","@id":"https:\/\/kibrisdakik.com\/#website","url":"https:\/\/kibrisdakik.com\/","name":"","description":"Tam vaktinde haber","potentialAction":[{"@type":"SearchAction","target":{"@type":"EntryPoint","urlTemplate":"https:\/\/kibrisdakik.com\/?s={search_term_string}"},"query-input":{"@type":"PropertyValueSpecification","valueRequired":true,"valueName":"search_term_string"}}],"inLanguage":"tr"},{"@type":"Person","@id":"https:\/\/kibrisdakik.com\/#\/schema\/person\/9cd9d437bbb44f72b73ba127e06d8e79","name":"admin","image":{"@type":"ImageObject","inLanguage":"tr","@id":"https:\/\/secure.gravatar.com\/avatar\/ccc17943b9d660506c869530f897617f7cb1c21a4bf30023f252596d83e1f007?s=96&d=mm&r=g","url":"https:\/\/secure.gravatar.com\/avatar\/ccc17943b9d660506c869530f897617f7cb1c21a4bf30023f252596d83e1f007?s=96&d=mm&r=g","contentUrl":"https:\/\/secure.gravatar.com\/avatar\/ccc17943b9d660506c869530f897617f7cb1c21a4bf30023f252596d83e1f007?s=96&d=mm&r=g","caption":"admin"},"sameAs":["https:\/\/kibrisdakik.com"],"url":"https:\/\/kibrisdakik.com\/?author=1"}]}},"_links":{"self":[{"href":"https:\/\/kibrisdakik.com\/index.php?rest_route=\/wp\/v2\/posts\/86449","targetHints":{"allow":["GET"]}}],"collection":[{"href":"https:\/\/kibrisdakik.com\/index.php?rest_route=\/wp\/v2\/posts"}],"about":[{"href":"https:\/\/kibrisdakik.com\/index.php?rest_route=\/wp\/v2\/types\/post"}],"author":[{"embeddable":true,"href":"https:\/\/kibrisdakik.com\/index.php?rest_route=\/wp\/v2\/users\/1"}],"replies":[{"embeddable":true,"href":"https:\/\/kibrisdakik.com\/index.php?rest_route=%2Fwp%2Fv2%2Fcomments&post=86449"}],"version-history":[{"count":0,"href":"https:\/\/kibrisdakik.com\/index.php?rest_route=\/wp\/v2\/posts\/86449\/revisions"}],"wp:featuredmedia":[{"embeddable":true,"href":"https:\/\/kibrisdakik.com\/index.php?rest_route=\/wp\/v2\/media\/86450"}],"wp:attachment":[{"href":"https:\/\/kibrisdakik.com\/index.php?rest_route=%2Fwp%2Fv2%2Fmedia&parent=86449"}],"wp:term":[{"taxonomy":"category","embeddable":true,"href":"https:\/\/kibrisdakik.com\/index.php?rest_route=%2Fwp%2Fv2%2Fcategories&post=86449"},{"taxonomy":"post_tag","embeddable":true,"href":"https:\/\/kibrisdakik.com\/index.php?rest_route=%2Fwp%2Fv2%2Ftags&post=86449"}],"curies":[{"name":"wp","href":"https:\/\/api.w.org\/{rel}","templated":true}]}}