{"id":8645,"date":"2023-06-12T08:58:14","date_gmt":"2023-06-12T08:58:14","guid":{"rendered":"https:\/\/kibrisdakik.com\/index.php\/2023\/06\/12\/girnede-yarin-elektrik-kesintisi-yapilacak\/"},"modified":"2023-06-12T08:58:14","modified_gmt":"2023-06-12T08:58:14","slug":"girnede-yarin-elektrik-kesintisi-yapilacak","status":"publish","type":"post","link":"https:\/\/kibrisdakik.com\/?p=8645","title":{"rendered":"Girne\u2019de yar\u0131n elektrik kesintisi yap\u0131lacak"},"content":{"rendered":"<p><\/p>\n<div>\n<div class=\"mariselle-image-container center\">\n                <img width=\"332\" height=\"152\" class=\"lazy-image\" alt=\"\" decoding=\"async\" loading=\"lazy\" sizes=\"auto, (max-width: 332px) 100vw, 332px\" src=\"https:\/\/brtk.net\/wp-content\/uploads\/2023\/01\/29\/elektrik-kesintisi.jpg?ver=fe22ed46cf078048ed3d944409b70846\" srcset=\"https:\/\/brtk.net\/wp-content\/uploads\/2023\/01\/29\/elektrik-kesintisi.jpg?ver=fe22ed46cf078048ed3d944409b70846 332w, https:\/\/brtk.net\/wp-content\/uploads\/2023\/01\/29\/elektrik-kesintisi-300x137.jpg?ver=fe22ed46cf078048ed3d944409b70846 300w\"\/>                            <\/div>\n<p>Orta gerilim elektrik \u015febekesinde yap\u0131lacak bak\u0131m onar\u0131m \u00e7al\u0131\u015fmas\u0131 nedeniyle yar\u0131n 09:00 -14:00 saatleri aras\u0131nda Girne\u2019nin baz\u0131 b\u00f6lgelerine elektrik verilemeyecek.<\/p>\n<p>A\u00e7\u0131klamaya g\u00f6re kesintiden  Armacon Sitesi ve Civar\u0131, Ozank\u00f6y\u2019\u00fcn G\u00fcneyi, Ozank\u00f6y K\u00f6y \u0130\u00e7i, Beylerbeyi ve \u00c7evresi, Beylerbeyi Su Pompalar\u0131, Muhabere B\u00f6l\u00fc\u011f\u00fc ve \u00c7evresi, ESK ve B\u00f6lgesi, Ozank\u00f6y Mezarl\u0131k b\u00f6lgesi etkilenecek.<\/p>\n<\/p><\/div>\n<p><script async\n                    defer\n                    crossorigin=\"anonymous\"\n                    src=\"https:\/\/connect.facebook.net\/tr_TR\/sdk.js#xfbml=1&#038;version=v3.3\"\n            ><\/script><\/p>\n","protected":false},"excerpt":{"rendered":"<p>Orta gerilim elektrik \u015febekesinde yap\u0131lacak bak\u0131m onar\u0131m \u00e7al\u0131\u015fmas\u0131 nedeniyle yar\u0131n 09:00 -14:00 saatleri aras\u0131nda Girne\u2019nin baz\u0131 b\u00f6lgelerine elektrik verilemeyecek. A\u00e7\u0131klamaya g\u00f6re kesintiden Armacon Sitesi ve Civar\u0131, Ozank\u00f6y\u2019\u00fcn G\u00fcneyi, Ozank\u00f6y K\u00f6y \u0130\u00e7i, Beylerbeyi ve \u00c7evresi, Beylerbeyi Su Pompalar\u0131, Muhabere B\u00f6l\u00fc\u011f\u00fc ve \u00c7evresi, ESK ve B\u00f6lgesi, Ozank\u00f6y Mezarl\u0131k b\u00f6lgesi etkilenecek.<\/p>\n","protected":false},"author":1,"featured_media":8646,"comment_status":"open","ping_status":"open","sticky":false,"template":"","format":"standard","meta":{"footnotes":""},"categories":[1],"tags":[],"class_list":["post-8645","post","type-post","status-publish","format-standard","has-post-thumbnail","hentry","category-gundem"],"yoast_head":"<!-- This site is optimized with the Yoast SEO plugin v27.4 - https:\/\/yoast.com\/product\/yoast-seo-wordpress\/ -->\n<title>Girne\u2019de yar\u0131n elektrik kesintisi yap\u0131lacak -<\/title>\n<meta name=\"robots\" content=\"index, follow, max-snippet:-1, max-image-preview:large, max-video-preview:-1\" \/>\n<link rel=\"canonical\" href=\"https:\/\/kibrisdakik.com\/?p=8645\" \/>\n<meta property=\"og:locale\" content=\"tr_TR\" \/>\n<meta property=\"og:type\" content=\"article\" \/>\n<meta property=\"og:title\" content=\"Girne\u2019de yar\u0131n elektrik kesintisi yap\u0131lacak -\" \/>\n<meta property=\"og:description\" content=\"Orta gerilim elektrik \u015febekesinde yap\u0131lacak bak\u0131m onar\u0131m \u00e7al\u0131\u015fmas\u0131 nedeniyle yar\u0131n 09:00 -14:00 saatleri aras\u0131nda Girne\u2019nin baz\u0131 b\u00f6lgelerine elektrik verilemeyecek. A\u00e7\u0131klamaya g\u00f6re kesintiden Armacon Sitesi ve Civar\u0131, Ozank\u00f6y\u2019\u00fcn G\u00fcneyi, Ozank\u00f6y K\u00f6y \u0130\u00e7i, Beylerbeyi ve \u00c7evresi, Beylerbeyi Su Pompalar\u0131, Muhabere B\u00f6l\u00fc\u011f\u00fc ve \u00c7evresi, ESK ve B\u00f6lgesi, Ozank\u00f6y Mezarl\u0131k b\u00f6lgesi etkilenecek.\" \/>\n<meta property=\"og:url\" content=\"https:\/\/kibrisdakik.com\/?p=8645\" \/>\n<meta property=\"article:published_time\" content=\"2023-06-12T08:58:14+00:00\" \/>\n<meta property=\"og:image\" content=\"https:\/\/kibrisdakik.com\/wp-content\/uploads\/2023\/06\/elektrik-kesintisi.jpg\" \/>\n\t<meta property=\"og:image:width\" content=\"332\" \/>\n\t<meta property=\"og:image:height\" content=\"152\" \/>\n\t<meta property=\"og:image:type\" content=\"image\/jpeg\" \/>\n<meta name=\"author\" content=\"admin\" \/>\n<meta name=\"twitter:card\" content=\"summary_large_image\" \/>\n<meta name=\"twitter:label1\" content=\"Yazan:\" \/>\n\t<meta name=\"twitter:data1\" content=\"admin\" \/>\n<script type=\"application\/ld+json\" class=\"yoast-schema-graph\">{\"@context\":\"https:\\\/\\\/schema.org\",\"@graph\":[{\"@type\":\"Article\",\"@id\":\"https:\\\/\\\/kibrisdakik.com\\\/?p=8645#article\",\"isPartOf\":{\"@id\":\"https:\\\/\\\/kibrisdakik.com\\\/?p=8645\"},\"author\":{\"name\":\"admin\",\"@id\":\"https:\\\/\\\/kibrisdakik.com\\\/#\\\/schema\\\/person\\\/9cd9d437bbb44f72b73ba127e06d8e79\"},\"headline\":\"Girne\u2019de yar\u0131n elektrik kesintisi yap\u0131lacak\",\"datePublished\":\"2023-06-12T08:58:14+00:00\",\"mainEntityOfPage\":{\"@id\":\"https:\\\/\\\/kibrisdakik.com\\\/?p=8645\"},\"wordCount\":75,\"commentCount\":0,\"image\":{\"@id\":\"https:\\\/\\\/kibrisdakik.com\\\/?p=8645#primaryimage\"},\"thumbnailUrl\":\"https:\\\/\\\/kibrisdakik.com\\\/wp-content\\\/uploads\\\/2023\\\/06\\\/elektrik-kesintisi.jpg\",\"articleSection\":[\"G\u00fcndem\"],\"inLanguage\":\"tr\",\"potentialAction\":[{\"@type\":\"CommentAction\",\"name\":\"Comment\",\"target\":[\"https:\\\/\\\/kibrisdakik.com\\\/?p=8645#respond\"]}]},{\"@type\":\"WebPage\",\"@id\":\"https:\\\/\\\/kibrisdakik.com\\\/?p=8645\",\"url\":\"https:\\\/\\\/kibrisdakik.com\\\/?p=8645\",\"name\":\"Girne\u2019de yar\u0131n elektrik kesintisi yap\u0131lacak -\",\"isPartOf\":{\"@id\":\"https:\\\/\\\/kibrisdakik.com\\\/#website\"},\"primaryImageOfPage\":{\"@id\":\"https:\\\/\\\/kibrisdakik.com\\\/?p=8645#primaryimage\"},\"image\":{\"@id\":\"https:\\\/\\\/kibrisdakik.com\\\/?p=8645#primaryimage\"},\"thumbnailUrl\":\"https:\\\/\\\/kibrisdakik.com\\\/wp-content\\\/uploads\\\/2023\\\/06\\\/elektrik-kesintisi.jpg\",\"datePublished\":\"2023-06-12T08:58:14+00:00\",\"author\":{\"@id\":\"https:\\\/\\\/kibrisdakik.com\\\/#\\\/schema\\\/person\\\/9cd9d437bbb44f72b73ba127e06d8e79\"},\"breadcrumb\":{\"@id\":\"https:\\\/\\\/kibrisdakik.com\\\/?p=8645#breadcrumb\"},\"inLanguage\":\"tr\",\"potentialAction\":[{\"@type\":\"ReadAction\",\"target\":[\"https:\\\/\\\/kibrisdakik.com\\\/?p=8645\"]}]},{\"@type\":\"ImageObject\",\"inLanguage\":\"tr\",\"@id\":\"https:\\\/\\\/kibrisdakik.com\\\/?p=8645#primaryimage\",\"url\":\"https:\\\/\\\/kibrisdakik.com\\\/wp-content\\\/uploads\\\/2023\\\/06\\\/elektrik-kesintisi.jpg\",\"contentUrl\":\"https:\\\/\\\/kibrisdakik.com\\\/wp-content\\\/uploads\\\/2023\\\/06\\\/elektrik-kesintisi.jpg\",\"width\":332,\"height\":152},{\"@type\":\"BreadcrumbList\",\"@id\":\"https:\\\/\\\/kibrisdakik.com\\\/?p=8645#breadcrumb\",\"itemListElement\":[{\"@type\":\"ListItem\",\"position\":1,\"name\":\"Home\",\"item\":\"https:\\\/\\\/kibrisdakik.com\\\/\"},{\"@type\":\"ListItem\",\"position\":2,\"name\":\"Girne\u2019de yar\u0131n elektrik kesintisi yap\u0131lacak\"}]},{\"@type\":\"WebSite\",\"@id\":\"https:\\\/\\\/kibrisdakik.com\\\/#website\",\"url\":\"https:\\\/\\\/kibrisdakik.com\\\/\",\"name\":\"\",\"description\":\"Tam vaktinde haber\",\"potentialAction\":[{\"@type\":\"SearchAction\",\"target\":{\"@type\":\"EntryPoint\",\"urlTemplate\":\"https:\\\/\\\/kibrisdakik.com\\\/?s={search_term_string}\"},\"query-input\":{\"@type\":\"PropertyValueSpecification\",\"valueRequired\":true,\"valueName\":\"search_term_string\"}}],\"inLanguage\":\"tr\"},{\"@type\":\"Person\",\"@id\":\"https:\\\/\\\/kibrisdakik.com\\\/#\\\/schema\\\/person\\\/9cd9d437bbb44f72b73ba127e06d8e79\",\"name\":\"admin\",\"image\":{\"@type\":\"ImageObject\",\"inLanguage\":\"tr\",\"@id\":\"https:\\\/\\\/secure.gravatar.com\\\/avatar\\\/ccc17943b9d660506c869530f897617f7cb1c21a4bf30023f252596d83e1f007?s=96&d=mm&r=g\",\"url\":\"https:\\\/\\\/secure.gravatar.com\\\/avatar\\\/ccc17943b9d660506c869530f897617f7cb1c21a4bf30023f252596d83e1f007?s=96&d=mm&r=g\",\"contentUrl\":\"https:\\\/\\\/secure.gravatar.com\\\/avatar\\\/ccc17943b9d660506c869530f897617f7cb1c21a4bf30023f252596d83e1f007?s=96&d=mm&r=g\",\"caption\":\"admin\"},\"sameAs\":[\"https:\\\/\\\/kibrisdakik.com\"],\"url\":\"https:\\\/\\\/kibrisdakik.com\\\/?author=1\"}]}<\/script>\n<!-- \/ Yoast SEO plugin. -->","yoast_head_json":{"title":"Girne\u2019de yar\u0131n elektrik kesintisi yap\u0131lacak -","robots":{"index":"index","follow":"follow","max-snippet":"max-snippet:-1","max-image-preview":"max-image-preview:large","max-video-preview":"max-video-preview:-1"},"canonical":"https:\/\/kibrisdakik.com\/?p=8645","og_locale":"tr_TR","og_type":"article","og_title":"Girne\u2019de yar\u0131n elektrik kesintisi yap\u0131lacak -","og_description":"Orta gerilim elektrik \u015febekesinde yap\u0131lacak bak\u0131m onar\u0131m \u00e7al\u0131\u015fmas\u0131 nedeniyle yar\u0131n 09:00 -14:00 saatleri aras\u0131nda Girne\u2019nin baz\u0131 b\u00f6lgelerine elektrik verilemeyecek. A\u00e7\u0131klamaya g\u00f6re kesintiden Armacon Sitesi ve Civar\u0131, Ozank\u00f6y\u2019\u00fcn G\u00fcneyi, Ozank\u00f6y K\u00f6y \u0130\u00e7i, Beylerbeyi ve \u00c7evresi, Beylerbeyi Su Pompalar\u0131, Muhabere B\u00f6l\u00fc\u011f\u00fc ve \u00c7evresi, ESK ve B\u00f6lgesi, Ozank\u00f6y Mezarl\u0131k b\u00f6lgesi etkilenecek.","og_url":"https:\/\/kibrisdakik.com\/?p=8645","article_published_time":"2023-06-12T08:58:14+00:00","og_image":[{"width":332,"height":152,"url":"https:\/\/kibrisdakik.com\/wp-content\/uploads\/2023\/06\/elektrik-kesintisi.jpg","type":"image\/jpeg"}],"author":"admin","twitter_card":"summary_large_image","twitter_misc":{"Yazan:":"admin"},"schema":{"@context":"https:\/\/schema.org","@graph":[{"@type":"Article","@id":"https:\/\/kibrisdakik.com\/?p=8645#article","isPartOf":{"@id":"https:\/\/kibrisdakik.com\/?p=8645"},"author":{"name":"admin","@id":"https:\/\/kibrisdakik.com\/#\/schema\/person\/9cd9d437bbb44f72b73ba127e06d8e79"},"headline":"Girne\u2019de yar\u0131n elektrik kesintisi yap\u0131lacak","datePublished":"2023-06-12T08:58:14+00:00","mainEntityOfPage":{"@id":"https:\/\/kibrisdakik.com\/?p=8645"},"wordCount":75,"commentCount":0,"image":{"@id":"https:\/\/kibrisdakik.com\/?p=8645#primaryimage"},"thumbnailUrl":"https:\/\/kibrisdakik.com\/wp-content\/uploads\/2023\/06\/elektrik-kesintisi.jpg","articleSection":["G\u00fcndem"],"inLanguage":"tr","potentialAction":[{"@type":"CommentAction","name":"Comment","target":["https:\/\/kibrisdakik.com\/?p=8645#respond"]}]},{"@type":"WebPage","@id":"https:\/\/kibrisdakik.com\/?p=8645","url":"https:\/\/kibrisdakik.com\/?p=8645","name":"Girne\u2019de yar\u0131n elektrik kesintisi yap\u0131lacak -","isPartOf":{"@id":"https:\/\/kibrisdakik.com\/#website"},"primaryImageOfPage":{"@id":"https:\/\/kibrisdakik.com\/?p=8645#primaryimage"},"image":{"@id":"https:\/\/kibrisdakik.com\/?p=8645#primaryimage"},"thumbnailUrl":"https:\/\/kibrisdakik.com\/wp-content\/uploads\/2023\/06\/elektrik-kesintisi.jpg","datePublished":"2023-06-12T08:58:14+00:00","author":{"@id":"https:\/\/kibrisdakik.com\/#\/schema\/person\/9cd9d437bbb44f72b73ba127e06d8e79"},"breadcrumb":{"@id":"https:\/\/kibrisdakik.com\/?p=8645#breadcrumb"},"inLanguage":"tr","potentialAction":[{"@type":"ReadAction","target":["https:\/\/kibrisdakik.com\/?p=8645"]}]},{"@type":"ImageObject","inLanguage":"tr","@id":"https:\/\/kibrisdakik.com\/?p=8645#primaryimage","url":"https:\/\/kibrisdakik.com\/wp-content\/uploads\/2023\/06\/elektrik-kesintisi.jpg","contentUrl":"https:\/\/kibrisdakik.com\/wp-content\/uploads\/2023\/06\/elektrik-kesintisi.jpg","width":332,"height":152},{"@type":"BreadcrumbList","@id":"https:\/\/kibrisdakik.com\/?p=8645#breadcrumb","itemListElement":[{"@type":"ListItem","position":1,"name":"Home","item":"https:\/\/kibrisdakik.com\/"},{"@type":"ListItem","position":2,"name":"Girne\u2019de yar\u0131n elektrik kesintisi yap\u0131lacak"}]},{"@type":"WebSite","@id":"https:\/\/kibrisdakik.com\/#website","url":"https:\/\/kibrisdakik.com\/","name":"","description":"Tam vaktinde haber","potentialAction":[{"@type":"SearchAction","target":{"@type":"EntryPoint","urlTemplate":"https:\/\/kibrisdakik.com\/?s={search_term_string}"},"query-input":{"@type":"PropertyValueSpecification","valueRequired":true,"valueName":"search_term_string"}}],"inLanguage":"tr"},{"@type":"Person","@id":"https:\/\/kibrisdakik.com\/#\/schema\/person\/9cd9d437bbb44f72b73ba127e06d8e79","name":"admin","image":{"@type":"ImageObject","inLanguage":"tr","@id":"https:\/\/secure.gravatar.com\/avatar\/ccc17943b9d660506c869530f897617f7cb1c21a4bf30023f252596d83e1f007?s=96&d=mm&r=g","url":"https:\/\/secure.gravatar.com\/avatar\/ccc17943b9d660506c869530f897617f7cb1c21a4bf30023f252596d83e1f007?s=96&d=mm&r=g","contentUrl":"https:\/\/secure.gravatar.com\/avatar\/ccc17943b9d660506c869530f897617f7cb1c21a4bf30023f252596d83e1f007?s=96&d=mm&r=g","caption":"admin"},"sameAs":["https:\/\/kibrisdakik.com"],"url":"https:\/\/kibrisdakik.com\/?author=1"}]}},"_links":{"self":[{"href":"https:\/\/kibrisdakik.com\/index.php?rest_route=\/wp\/v2\/posts\/8645","targetHints":{"allow":["GET"]}}],"collection":[{"href":"https:\/\/kibrisdakik.com\/index.php?rest_route=\/wp\/v2\/posts"}],"about":[{"href":"https:\/\/kibrisdakik.com\/index.php?rest_route=\/wp\/v2\/types\/post"}],"author":[{"embeddable":true,"href":"https:\/\/kibrisdakik.com\/index.php?rest_route=\/wp\/v2\/users\/1"}],"replies":[{"embeddable":true,"href":"https:\/\/kibrisdakik.com\/index.php?rest_route=%2Fwp%2Fv2%2Fcomments&post=8645"}],"version-history":[{"count":0,"href":"https:\/\/kibrisdakik.com\/index.php?rest_route=\/wp\/v2\/posts\/8645\/revisions"}],"wp:featuredmedia":[{"embeddable":true,"href":"https:\/\/kibrisdakik.com\/index.php?rest_route=\/wp\/v2\/media\/8646"}],"wp:attachment":[{"href":"https:\/\/kibrisdakik.com\/index.php?rest_route=%2Fwp%2Fv2%2Fmedia&parent=8645"}],"wp:term":[{"taxonomy":"category","embeddable":true,"href":"https:\/\/kibrisdakik.com\/index.php?rest_route=%2Fwp%2Fv2%2Fcategories&post=8645"},{"taxonomy":"post_tag","embeddable":true,"href":"https:\/\/kibrisdakik.com\/index.php?rest_route=%2Fwp%2Fv2%2Ftags&post=8645"}],"curies":[{"name":"wp","href":"https:\/\/api.w.org\/{rel}","templated":true}]}}