{"id":86461,"date":"2025-07-17T14:49:34","date_gmt":"2025-07-17T11:49:34","guid":{"rendered":"https:\/\/kibrisdakik.com\/index.php\/2025\/07\/17\/tel-senden-2-saatlik-uyari-grevi\/"},"modified":"2025-07-17T14:49:34","modified_gmt":"2025-07-17T11:49:34","slug":"tel-senden-2-saatlik-uyari-grevi","status":"publish","type":"post","link":"https:\/\/kibrisdakik.com\/?p=86461","title":{"rendered":"Tel-Sen\u2019den 2 saatlik uyar\u0131 grevi"},"content":{"rendered":"<p> <br \/>\n<\/p>\n<div>\n<div class=\"mariselle-image-container center\">\n                                            <\/div>\n<p>K\u0131br\u0131s T\u00fcrk Telekom\u00fcnikasyon \u00c7al\u0131\u015fanlar\u0131 Sendikas\u0131 (Tel-Sen), \u201c\u00f6zelle\u015ftirme giri\u015fimleri\u201d gerek\u00e7esiyle Telekom\u00fcnikasyon Dairesi\u2019nin t\u00fcm \u015fubelerinde bug\u00fcn 08.30-10.30 saatleri aras\u0131nda iki saatlik uyar\u0131 grevi yapt\u0131.<\/p>\n<p>Greve, K\u0131br\u0131s T\u00fcrk \u0130\u015f\u00e7i Sendikas\u0131 Federasyonu (T\u00fcrk-Sen), K\u0131br\u0131s T\u00fcrk Amme Memurlar\u0131 Sendikas\u0131 (KTAMS), Kamu \u0130\u015f\u00e7ileri Sendikas\u0131 (Kamu-\u0130\u015f) de destek verdi.<\/p>\n<p><strong>\u2013 \u00dcredi: \u201c\u015eeffaf olmayan, kurumu d\u0131\u015flayan, halk\u0131n mal\u0131n\u0131 el alt\u0131ndan devreden hi\u00e7bir ad\u0131ma evet demeyece\u011fiz\u201d<\/strong><\/p>\n<p>Tel-Sen Ba\u015fkan\u0131 Hakan \u00dcredi, Lefko\u015fa\u2019daki Telekom\u00fcnikasyon Dairesi binas\u0131 \u00f6n\u00fcnde yapt\u0131\u011f\u0131 bas\u0131n a\u00e7\u0131klamas\u0131nda, \u201cTelekom\u00fcnikasyon altyap\u0131s\u0131n\u0131 do\u011frudan ilgilendiren projelerin \u015feffaf y\u00fcr\u00fct\u00fclmedi\u011fini\u201d savundu.<\/p>\n<p>Tel-Sen olarak \u00e7a\u011fda\u015f teknolojilere ve dijitalle\u015fmeye kar\u015f\u0131 olmad\u0131klar\u0131n\u0131, \u00fclkenin ilerlemesine katk\u0131 koyacak her t\u00fcrl\u00fc ad\u0131ma destek verdiklerini belirten \u00dcredi, bu deste\u011fin belirli \u015fartlara ba\u011fl\u0131 oldu\u011funu kaydetti.<\/p>\n<p>Telekom\u00fcnikasyon Dairesi\u2019nin s\u00fcre\u00e7te etkin, g\u00fc\u00e7l\u00fc ve s\u00fcrd\u00fcr\u00fclebilir bi\u00e7imde yer almas\u0131, gelir payla\u015f\u0131m\u0131n\u0131n adil olmas\u0131 ve yerli istihdam\u0131n korunmas\u0131 halinde desteklenebilece\u011fini s\u00f6yleyen \u00dcredi, son g\u00fcnlerde g\u00fcndeme gelen projeler hakk\u0131nda ilgili makamlara ve m\u00fcd\u00fcrl\u00fc\u011fe ba\u015fvurduklar\u0131n\u0131 ancak herhangi bir yan\u0131t alamad\u0131klar\u0131n\u0131 ifade etti.<\/p>\n<p>\u201cBu sessizlik bizi kayg\u0131land\u0131r\u0131yor. \u00c7\u00fcnk\u00fc gizli y\u00fcr\u00fct\u00fclen i\u015fler, kirli sonu\u00e7lar do\u011furur\u201d diyen \u00dcrer, s\u00f6z konusu projelerde Telekom\u00fcnikasyon Dairesi\u2019nin d\u0131\u015fland\u0131\u011f\u0131n\u0131 ve kamu mal\u0131n\u0131n sessizce el de\u011fi\u015ftirmesine a\u00e7\u0131k hale getirildi\u011fini \u00f6ne s\u00fcrd\u00fc. \u00dcredi, \u201cE\u011fer bu proje halk\u0131n yarar\u0131naysa neden halktan, \u00e7al\u0131\u015fanlardan ve kurumdan gizleniyor?\u201d diye sordu.<\/p>\n<p>Projeye ilkesel olarak kar\u015f\u0131 olmad\u0131klar\u0131n\u0131 yineleyen \u00dcredi, \u201c\u015eeffaf olmayan, kurumu d\u0131\u015flayan, geliri d\u0131\u015far\u0131ya aktaran, halk\u0131n mal\u0131n\u0131 el alt\u0131ndan devreden ve yarg\u0131 yetkimizi devre d\u0131\u015f\u0131 b\u0131rakan hi\u00e7bir ad\u0131ma evet demeyece\u011fiz\u201d dedi.<\/p>\n<p>Projede do\u011fabilecek uyu\u015fmazl\u0131klar\u0131n hangi yarg\u0131 organ\u0131nda \u00e7\u00f6z\u00fclece\u011finin de \u00f6nemli bir konu oldu\u011funu belirten \u00dcredi, \u201cBu t\u00fcr anla\u015fmazl\u0131klar KKTC mahkemelerinde mi \u00e7\u00f6z\u00fclecek, yoksa Lahey gibi uluslararas\u0131 mahkemelere mi ta\u015f\u0131nacak? Halk\u0131n mal\u0131 \u00fczerinden y\u00fcr\u00fct\u00fclen hi\u00e7bir proje, KKTC\u2019nin yarg\u0131 egemenli\u011fini baypas ederek hayata ge\u00e7irilemez\u201d ifadelerini kulland\u0131.<\/p>\n<p>Yaln\u0131zca iki saatlik bir uyar\u0131 grevi ger\u00e7ekle\u015ftirdiklerini dile getiren \u00dcredi, bunun bir kar\u015f\u0131 duru\u015f de\u011fil, bir \u00e7a\u011fr\u0131 oldu\u011funu belirterek, yetkililere s\u00fcreci \u015feffaf \u015fekilde kamuoyuyla payla\u015fma \u00e7a\u011fr\u0131s\u0131 yapt\u0131.<\/p>\n<p><strong>\u2013 B\u0131\u00e7akl\u0131: \u201cYanl\u0131\u015f yap\u0131yorsunuz, vazge\u00e7in\u201d<\/strong><\/p>\n<p>T\u00fcrk-Sen Ba\u015fkan\u0131 Arslan B\u0131\u00e7akl\u0131 ise konu\u015fmas\u0131nda h\u00fck\u00fcmetin kamu kurumlar\u0131n\u0131 bilin\u00e7li olarak yat\u0131r\u0131mlardan mahrum b\u0131rakt\u0131\u011f\u0131n\u0131, ard\u0131ndan da bu kurumlar\u0131 \u201celden \u00e7\u0131kartma\u201d yoluna gitti\u011fini savundu.<\/p>\n<p>\u201cDevletsen, yat\u0131r\u0131m\u0131 sen yapacaks\u0131n. Altyap\u0131y\u0131 \u00f6zel \u015firketlere teslim edemezsin\u201d ifadeleriyle h\u00fck\u00fcmetin kamu kurumlar\u0131n\u0131 kendi mal\u0131 gibi g\u00f6rd\u00fc\u011f\u00fcn\u00fc ve bu anlay\u0131\u015fla hareket etti\u011fini savunan B\u0131\u00e7akl\u0131, \u015f\u00f6yle devam etti:<\/p>\n<p>\u201cSiyasi iktidar, ge\u00e7ici olarak halktan oy alarak geldi\u011fini unutup, kurumlar\u0131 kendine ait zannediyor. Oysa bu kurumlar halka aittir. G\u00f6reviniz, limanlar\u0131, telefonu, elektri\u011fi, s\u00fct kurumunu ve di\u011fer kamu kurulu\u015flar\u0131n\u0131 satmak de\u011fil, yat\u0131r\u0131m yaparak iyile\u015ftirmek ve halka daha kaliteli hizmet sunmakt\u0131r\u201d<\/p>\n<p>B\u0131\u00e7akl\u0131, h\u00fck\u00fcmetin kurumlara kas\u0131tl\u0131 olarak yat\u0131r\u0131m yapmad\u0131\u011f\u0131n\u0131, sonras\u0131nda ise halk\u0131 b\u0131kt\u0131r\u0131p, sat\u0131\u015fa ikna etmeye \u00e7al\u0131\u015ft\u0131\u011f\u0131n\u0131 iddia ederek, \u201cBu \u00e7irkin bir y\u00f6ntemdir. \u00d6nce hizmeti k\u00f6t\u00fcle, sonra da sat kurtul zihniyetiyle hareket ediyorlar\u201d ifadelerini kulland\u0131.<\/p>\n<p>T\u00fcrk Telekom\u2019la yap\u0131lmas\u0131 planlanan altyap\u0131 protokol\u00fcne de de\u011finen B\u0131\u00e7akl\u0131, s\u00f6z konusu tasla\u011f\u0131 sendika olarak kendi \u00e7abalar\u0131yla edindiklerini ve i\u00e7inde yer alan maddelerin devlet egemenli\u011fini zedeledi\u011fini ileri s\u00fcrd\u00fc.<\/p>\n<p>Taslakta uyu\u015fmazl\u0131klar\u0131n Lahey gibi uluslararas\u0131 mahkemelere ta\u015f\u0131nabilece\u011finin yaz\u0131l\u0131 oldu\u011funu belirten B\u0131\u00e7akl\u0131, \u201cKKTC yarg\u0131s\u0131n\u0131n devre d\u0131\u015f\u0131 b\u0131rak\u0131lmas\u0131, devlet egemenli\u011fine a\u00e7\u0131k\u00e7a ayk\u0131r\u0131d\u0131r\u201d dedi.<\/p>\n<p>Kamu kurumlar\u0131n\u0131n bir bir elden \u00e7\u0131kar\u0131ld\u0131\u011f\u0131n\u0131, devletin asli g\u00f6revlerinden \u00e7ekildi\u011fini savunan B\u0131\u00e7akl\u0131, \u201cElektrik, telefon, s\u00fct kurumu, limanlar\u2026 Hepsi ya sat\u0131ld\u0131, ya da sat\u0131lmak isteniyor. Peki devlet ne i\u015f yapacak?\u201d diye sordu.<\/p>\n<p>Tel-Sen\u2019in d\u00fczenledi\u011fi uyar\u0131 grevine destek verdiklerini belirten B\u0131\u00e7akl\u0131, sorunlar\u0131n diyalogla ve \u015feffaf bi\u00e7imde \u00e7\u00f6z\u00fclmesi gerekti\u011fini s\u00f6yleyerek, \u201cYanl\u0131\u015f yap\u0131yorsunuz, vazge\u00e7in bu yanl\u0131\u015ftan. \u00c7a\u011f\u0131r\u0131n ilgili arkada\u015flar\u0131, oturun konu\u015fun. Bu yanl\u0131\u015ftan d\u00f6n\u00fclmezse, bug\u00fcn iki saat olan grev, yar\u0131n on iki saat, \u00f6b\u00fcr g\u00fcn yirmi d\u00f6rt saat olur\u201d uyar\u0131s\u0131nda bulundu.<\/p>\n<p>H\u00fck\u00fcmetin sendikalar\u0131n grevlerine kar\u015f\u0131 s\u00fcrekli yasaklama karar\u0131 almas\u0131n\u0131 da ele\u015ftiren B\u0131\u00e7akl\u0131, \u201cGrev yasaklamakla sorun \u00e7\u00f6z\u00fclm\u00fcyor. \u00c7al\u0131\u015fmama hakk\u0131m\u0131z\u0131 da kullan\u0131r\u0131z. Bu \u00fclkenin teknik insan g\u00fcc\u00fc var, \u00e7\u00f6z\u00fcm i\u00e7in \u00e7a\u011f\u0131r\u0131n, konu\u015fal\u0131m\u201d dedi.<\/p>\n<p><strong>\u2013 Bengihan: \u201c\u00d6zelle\u015ftirmeye ve devredilmeye kar\u015f\u0131y\u0131z\u201d<\/strong><\/p>\n<p>KTAMS Ba\u015fkan\u0131 G\u00fcven Bengihan da h\u00fck\u00fcmeti, stratejik kamu kurumlar\u0131n\u0131 bilin\u00e7li \u015fekilde \u00f6zelle\u015ftirmek ve devretmekle su\u00e7layarak, buna kesinlikle kar\u015f\u0131 olduklar\u0131n\u0131 belirtti.<\/p>\n<p>\u201cBu \u00fclkenin stratejik kurumlar\u0131n\u0131 teker teker \u00f6zelle\u015ftiriyor, ba\u015fkalar\u0131na devrediyorsunuz. Egemenlikten ve milliyet\u00e7ilikten bahsedenler, bu kurumlar devredilirken k\u0131l\u0131n\u0131 dahi k\u0131p\u0131rdatm\u0131yor\u201d ifadelerini kullanan Bengihan, Tel-Sen, KTAMS, Kamu-\u0130\u015f ve T\u00fcrk-Sen\u2019e ba\u011fl\u0131 sendikalar olarak iki saatlik uyar\u0131 grevi ger\u00e7ekle\u015ftirdiklerini s\u00f6yledi.<\/p>\n<p>Enerji, telefon, karayollar\u0131, ula\u015f\u0131m, e\u011fitim ve sa\u011fl\u0131k gibi stratejik kurumlar\u0131n sistemli bir \u015fekilde elden \u00e7\u0131kar\u0131lmak istendi\u011fini savunan Bengihan, egemenli\u011fin bu kurumlarla do\u011frudan ba\u011flant\u0131l\u0131 oldu\u011funu belirtti. Bengihan, bu politikalar\u0131 \u201csermayeye hizmet eden, \u00fclkesini sevmeyen ve liyakatsiz bir y\u00f6netim anlay\u0131\u015f\u0131\u201d olarak nitelendirdi.<\/p>\n<p>Bengihan, Ba\u015fbakan \u00dcnal \u00dcstel\u2019in imzalad\u0131\u011f\u0131 protokolden baz\u0131 bakanlar\u0131n dahi haberdar olmad\u0131\u011f\u0131n\u0131 ileri s\u00fcrerek, \u201cNe i\u00e7eri\u011fini biliyorlar ne de imzaland\u0131\u011f\u0131ndan haberleri var. Bakanlarla konu\u015ftum, hi\u00e7birinin bilgisi yoktu. Bu \u00fclke \u2018ben yapt\u0131m oldu\u2019 anlay\u0131\u015f\u0131yla y\u00f6netilemez\u201d dedi.<\/p>\n<p>Kurumlara uzun y\u0131llard\u0131r yat\u0131r\u0131m yap\u0131lmad\u0131\u011f\u0131n\u0131, altyap\u0131 eksikliklerinin ise bilin\u00e7li olarak giderilmedi\u011fini \u00f6ne s\u00fcren Bengihan, bu yakla\u015f\u0131m\u0131n kurumlar\u0131 zarara u\u011fratarak, devredilmesine yol a\u00e7may\u0131 ama\u00e7lad\u0131\u011f\u0131n\u0131 savundu.<\/p>\n<p>Telekom\u00fcnikasyon Dairesi binas\u0131n\u0131n 15 y\u0131ld\u0131r at\u0131l durumda oldu\u011funu, kuruma 20 y\u0131ld\u0131r hi\u00e7bir yat\u0131r\u0131m yap\u0131lmad\u0131\u011f\u0131n\u0131 ve dairenin \u00f6zelle\u015ftirilece\u011fi y\u00f6n\u00fcndeki s\u00f6ylemlerin \u00e7al\u0131\u015fanlar \u00fczerinde uzun s\u00fcredir huzursuzluk yaratt\u0131\u011f\u0131n\u0131 s\u00f6yleyen Bengihan, Te\u015fkilat Yasas\u0131\u2019n\u0131n da yakla\u015f\u0131k iki bu\u00e7uk y\u0131l \u00f6nce g\u00fcncellenip, teknik kuruldan ge\u00e7mesine ra\u011fmen h\u00e2l\u00e2 Meclis\u2019te bekletildi\u011fini ileri s\u00fcrd\u00fc.<\/p>\n<p>Konu\u015fmas\u0131nda Aksa \u00f6rne\u011fini de veren Bengihan, daha ucuz elektrik vaadiyle yap\u0131lan d\u00fczenlemelerin halk\u0131 daha pahal\u0131 elektri\u011fe mahkum etti\u011fini savunarak, havaliman\u0131, havayollar\u0131 ve su y\u00f6netiminde de benzer tablolar\u0131n ya\u015fand\u0131\u011f\u0131n\u0131 iddia etti.<\/p>\n<p>\u201cBu h\u00fck\u00fcmet, kimli\u011fini, k\u00fclt\u00fcr\u00fcn\u00fc ve kurumlar\u0131n\u0131 umursamayan bir anlay\u0131\u015fla \u00fclkeyi u\u00e7uruma s\u00fcr\u00fckl\u00fcyor\u201d diyen Bengihan, halk\u0131n kendi \u00fclkesinde kendini yabanc\u0131 gibi hissetti\u011fini, n\u00fcfus yap\u0131s\u0131n\u0131n de\u011fi\u015fti\u011fini iddia etti.<\/p>\n<p>Konu\u015fmas\u0131n\u0131n sonunda m\u00fccadele \u00e7a\u011fr\u0131s\u0131 yapan Bengihan, \u201cKurumlar elden giderse s\u0131ra bizlere gelecek. Bu zihniyete ancak dayan\u0131\u015fmayla ve birlikte m\u00fccadele ederek kar\u015f\u0131 durabiliriz\u201d diyerek konu\u015fmas\u0131n\u0131 tamamlad\u0131.<\/p>\n<p><strong>\u2013 Serdaro\u011flu: \u201cMesele sadece \u00e7al\u0131\u015fanlar\u0131n de\u011fil, toplumun yok olu\u015f meselesidir\u201d <\/strong><\/p>\n<p>Kamu-\u0130\u015f Ba\u015fkan\u0131 Ahmet Serdaro\u011flu ise ya\u015fanan sorunlar\u0131n yaln\u0131zca kamu \u00e7al\u0131\u015fanlar\u0131n\u0131n de\u011fil, toplumun t\u00fcm kesimlerini ilgilendirdi\u011fini savunarak, \u201cE\u011fer meseleleri sadece \u00e7al\u0131\u015fanlar\u0131n sorunu olarak g\u00f6r\u00fcrsek, toplum olarak her \u015feyi yava\u015f yava\u015f kaybedece\u011fiz\u201d ifadelerine yer verdi.<\/p>\n<p>H\u00fck\u00fcmetin bir proje do\u011frultusunda hareket etti\u011fini ve Kuzey K\u0131br\u0131s T\u00fcrk Cumhuriyeti\u2019nde baz\u0131 \u015feylerin bilin\u00e7li olarak d\u00f6n\u00fc\u015ft\u00fcr\u00fclmeye \u00e7al\u0131\u015f\u0131ld\u0131\u011f\u0131n\u0131 iddia eden Serdaro\u011flu, halk\u0131 bu s\u00fcreci dikkatli \u015fekilde izlemeye davet ederek, \u201cAksi takdirde gelecek i\u00e7in \u00e7ok ge\u00e7 kalabiliriz\u201d dedi.<\/p>\n<p>Serdaro\u011flu, sendikal \u00f6rg\u00fctl\u00fcl\u00fc\u011f\u00fcn \u00f6nemine de\u011finerek, \u00f6zel sekt\u00f6rde \u00e7al\u0131\u015fanlar\u0131n s\u00f6m\u00fcr\u00fcye maruz kald\u0131\u011f\u0131n\u0131 savundu ve \u201cBurada sadece \u00e7al\u0131\u015fma hakk\u0131 de\u011fil, toplumun de\u011ferleri yok ediliyor\u201d ifadelerini kulland\u0131.<\/p>\n<p>Bug\u00fcne kadar imzalanan protokollerin kamu kurumlar\u0131n\u0131 g\u00fc\u00e7lendirmek yerine tasfiye etti\u011fini savunan Serdaro\u011flu. \u201cBir kere de bir protokolle bir kurum in\u015fa edilsin, teknik donan\u0131m\u0131 sa\u011flans\u0131n, topluma daha iyi hizmet i\u00e7in yat\u0131r\u0131m yap\u0131ls\u0131n ve bu kurum bu \u00fclkenin mal\u0131 olarak kals\u0131n. Bunu g\u00f6rmek istiyoruz\u201d diye konu\u015ftu.<\/p>\n<p>Serdaro\u011flu, su, havaalan\u0131 ve havayollar\u0131 konular\u0131nda yap\u0131lan yat\u0131r\u0131mlar\u0131n kamunun de\u011fil, sermayenin yarar\u0131 i\u00e7in yap\u0131ld\u0131\u011f\u0131n\u0131 \u00f6ne s\u00fcrd\u00fc. Serdaro\u011flu, \u201cBarajda su var ama halk h\u00e2l\u00e2 susuz. Ucuz su, ucuz bilet vaat edildi ama ne ucuzluk ne hizmet var\u201d dedi.<\/p>\n<p>Sendikalar\u0131n m\u00fccadelesinin itibars\u0131zla\u015ft\u0131r\u0131lmaya \u00e7al\u0131\u015f\u0131ld\u0131\u011f\u0131n\u0131 da savunan Serdaro\u011flu, \u201cTopluma hizmet edecek hi\u00e7bir \u015fey yapmadan sadece \u00e7at\u0131\u015fma ortam\u0131 yarat\u0131yorlar. Sonu\u00e7ta olan yine halka oluyor. \u00c7\u00fcnk\u00fc hedef, bu \u00fclkenin de\u011ferlerini belirli sermaye gruplar\u0131n\u0131n eline ge\u00e7irmek\u201d dedi.<\/p>\n<p>\u0130\u015f insanlar\u0131na \u00e7a\u011fr\u0131da bulunan Serdaro\u011flu, \u201cAsgari \u00fccret g\u00fcndeme geldi\u011finde ses \u00e7\u0131kar\u0131yorsunuz ama \u00fclkenin stratejik kurumlar\u0131 elden giderken sessiz kal\u0131yorsunuz. Telefon Dairesi, elektrik, Ercan gitti; daha ne bekliyorsunuz?\u201d diye sordu.<\/p>\n<p>Sorunun kamu \u00e7al\u0131\u015fanlar\u0131n\u0131n maa\u015flar\u0131 de\u011fil, yanl\u0131\u015f y\u00f6netim politikalar\u0131 oldu\u011funu savunan Serdaro\u011flu, \u201cElektrik pahal\u0131ysa bunun nedeni \u00e7al\u0131\u015fanlar de\u011fil, yat\u0131r\u0131m yapmayan, yanl\u0131\u015f enerji politikas\u0131 y\u00fcr\u00fcten h\u00fck\u00fcmettir\u201d dedi.<\/p>\n<p>\u201cBu h\u00fck\u00fcmetten art\u0131k bir \u015fey beklemeyin. Bu h\u00fck\u00fcmetten medet umanlar, \u00f6l\u00fcden g\u00f6zya\u015f\u0131 bekler\u201d ifadelerini kullanan Serdaro\u011flu, t\u00fcm sivil toplum \u00f6rg\u00fctlerine ve halka partizanl\u0131ktan vazge\u00e7ip \u00e7ocuklar\u0131n gelece\u011fini d\u00fc\u015f\u00fcnme \u00e7a\u011fr\u0131s\u0131nda bulundu.<\/p>\n<p>M\u00fccadelenin s\u00fcrece\u011fini vurgulayan Serdaro\u011flu, \u201cMesele sadece asgari \u00fccret ya da bir dairenin \u00f6zelle\u015ftirilmesi de\u011fil, toplumun yava\u015f yava\u015f yok edilmesidir\u201d diyerek s\u00f6zlerini tamamlad\u0131.<\/p>\n<\/p><\/div>\n<p><script async\n                    defer\n                    crossorigin=\"anonymous\"\n                    src=\"https:\/\/connect.facebook.net\/tr_TR\/sdk.js#xfbml=1&#038;version=v3.3\"\n            ><\/script><br \/>\n<br \/><br \/>\n<br \/><a href=\"[kibrisdakik.com]\n<\/p>\n","protected":false},"excerpt":{"rendered":"<p>K\u0131br\u0131s T\u00fcrk Telekom\u00fcnikasyon \u00c7al\u0131\u015fanlar\u0131 Sendikas\u0131 (Tel-Sen), \u201c\u00f6zelle\u015ftirme giri\u015fimleri\u201d gerek\u00e7esiyle Telekom\u00fcnikasyon Dairesi\u2019nin t\u00fcm \u015fubelerinde bug\u00fcn 08.30-10.30 saatleri aras\u0131nda iki saatlik uyar\u0131 grevi yapt\u0131. Greve, K\u0131br\u0131s T\u00fcrk \u0130\u015f\u00e7i Sendikas\u0131 Federasyonu (T\u00fcrk-Sen), K\u0131br\u0131s T\u00fcrk Amme Memurlar\u0131 Sendikas\u0131 (KTAMS), Kamu \u0130\u015f\u00e7ileri Sendikas\u0131 (Kamu-\u0130\u015f) de destek verdi. \u2013 \u00dcredi: \u201c\u015eeffaf olmayan, kurumu d\u0131\u015flayan, halk\u0131n mal\u0131n\u0131 el alt\u0131ndan devreden hi\u00e7bir ad\u0131ma<\/p>\n","protected":false},"author":1,"featured_media":86462,"comment_status":"open","ping_status":"open","sticky":false,"template":"","format":"standard","meta":{"footnotes":""},"categories":[81,101],"tags":[],"class_list":["post-86461","post","type-post","status-publish","format-standard","has-post-thumbnail","hentry","category-kibris","category-manset"],"yoast_head":"<!-- This site is optimized with the Yoast SEO plugin v27.5 - https:\/\/yoast.com\/product\/yoast-seo-wordpress\/ -->\n<title>Tel-Sen\u2019den 2 saatlik uyar\u0131 grevi -<\/title>\n<meta name=\"robots\" content=\"index, follow, max-snippet:-1, max-image-preview:large, max-video-preview:-1\" \/>\n<link rel=\"canonical\" href=\"https:\/\/kibrisdakik.com\/?p=86461\" \/>\n<meta property=\"og:locale\" content=\"tr_TR\" \/>\n<meta property=\"og:type\" content=\"article\" \/>\n<meta property=\"og:title\" content=\"Tel-Sen\u2019den 2 saatlik uyar\u0131 grevi -\" \/>\n<meta property=\"og:description\" content=\"K\u0131br\u0131s T\u00fcrk Telekom\u00fcnikasyon \u00c7al\u0131\u015fanlar\u0131 Sendikas\u0131 (Tel-Sen), \u201c\u00f6zelle\u015ftirme giri\u015fimleri\u201d gerek\u00e7esiyle Telekom\u00fcnikasyon Dairesi\u2019nin t\u00fcm \u015fubelerinde bug\u00fcn 08.30-10.30 saatleri aras\u0131nda iki saatlik uyar\u0131 grevi yapt\u0131. Greve, K\u0131br\u0131s T\u00fcrk \u0130\u015f\u00e7i Sendikas\u0131 Federasyonu (T\u00fcrk-Sen), K\u0131br\u0131s T\u00fcrk Amme Memurlar\u0131 Sendikas\u0131 (KTAMS), Kamu \u0130\u015f\u00e7ileri Sendikas\u0131 (Kamu-\u0130\u015f) de destek verdi. \u2013 \u00dcredi: \u201c\u015eeffaf olmayan, kurumu d\u0131\u015flayan, halk\u0131n mal\u0131n\u0131 el alt\u0131ndan devreden hi\u00e7bir ad\u0131ma\" \/>\n<meta property=\"og:url\" content=\"https:\/\/kibrisdakik.com\/?p=86461\" \/>\n<meta property=\"article:published_time\" content=\"2025-07-17T11:49:34+00:00\" \/>\n<meta property=\"og:image\" content=\"https:\/\/kibrisdakik.com\/wp-content\/uploads\/2025\/07\/8797gg-740x420.jpg\" \/>\n\t<meta property=\"og:image:width\" content=\"1534\" \/>\n\t<meta property=\"og:image:height\" content=\"863\" \/>\n\t<meta property=\"og:image:type\" content=\"image\/jpeg\" \/>\n<meta name=\"author\" content=\"admin\" \/>\n<meta name=\"twitter:card\" content=\"summary_large_image\" \/>\n<meta name=\"twitter:label1\" content=\"Yazan:\" \/>\n\t<meta name=\"twitter:data1\" content=\"admin\" \/>\n\t<meta name=\"twitter:label2\" content=\"Tahmini okuma s\u00fcresi\" \/>\n\t<meta name=\"twitter:data2\" content=\"9 dakika\" \/>\n<script type=\"application\/ld+json\" class=\"yoast-schema-graph\">{\"@context\":\"https:\\\/\\\/schema.org\",\"@graph\":[{\"@type\":\"Article\",\"@id\":\"https:\\\/\\\/kibrisdakik.com\\\/?p=86461#article\",\"isPartOf\":{\"@id\":\"https:\\\/\\\/kibrisdakik.com\\\/?p=86461\"},\"author\":{\"name\":\"admin\",\"@id\":\"https:\\\/\\\/kibrisdakik.com\\\/#\\\/schema\\\/person\\\/9cd9d437bbb44f72b73ba127e06d8e79\"},\"headline\":\"Tel-Sen\u2019den 2 saatlik uyar\u0131 grevi\",\"datePublished\":\"2025-07-17T11:49:34+00:00\",\"mainEntityOfPage\":{\"@id\":\"https:\\\/\\\/kibrisdakik.com\\\/?p=86461\"},\"wordCount\":1770,\"commentCount\":0,\"image\":{\"@id\":\"https:\\\/\\\/kibrisdakik.com\\\/?p=86461#primaryimage\"},\"thumbnailUrl\":\"https:\\\/\\\/kibrisdakik.com\\\/wp-content\\\/uploads\\\/2025\\\/07\\\/8797gg-740x420.jpg\",\"articleSection\":[\"K\u0131br\u0131s\",\"Man\u015fet\"],\"inLanguage\":\"tr\",\"potentialAction\":[{\"@type\":\"CommentAction\",\"name\":\"Comment\",\"target\":[\"https:\\\/\\\/kibrisdakik.com\\\/?p=86461#respond\"]}]},{\"@type\":\"WebPage\",\"@id\":\"https:\\\/\\\/kibrisdakik.com\\\/?p=86461\",\"url\":\"https:\\\/\\\/kibrisdakik.com\\\/?p=86461\",\"name\":\"Tel-Sen\u2019den 2 saatlik uyar\u0131 grevi -\",\"isPartOf\":{\"@id\":\"https:\\\/\\\/kibrisdakik.com\\\/#website\"},\"primaryImageOfPage\":{\"@id\":\"https:\\\/\\\/kibrisdakik.com\\\/?p=86461#primaryimage\"},\"image\":{\"@id\":\"https:\\\/\\\/kibrisdakik.com\\\/?p=86461#primaryimage\"},\"thumbnailUrl\":\"https:\\\/\\\/kibrisdakik.com\\\/wp-content\\\/uploads\\\/2025\\\/07\\\/8797gg-740x420.jpg\",\"datePublished\":\"2025-07-17T11:49:34+00:00\",\"author\":{\"@id\":\"https:\\\/\\\/kibrisdakik.com\\\/#\\\/schema\\\/person\\\/9cd9d437bbb44f72b73ba127e06d8e79\"},\"breadcrumb\":{\"@id\":\"https:\\\/\\\/kibrisdakik.com\\\/?p=86461#breadcrumb\"},\"inLanguage\":\"tr\",\"potentialAction\":[{\"@type\":\"ReadAction\",\"target\":[\"https:\\\/\\\/kibrisdakik.com\\\/?p=86461\"]}]},{\"@type\":\"ImageObject\",\"inLanguage\":\"tr\",\"@id\":\"https:\\\/\\\/kibrisdakik.com\\\/?p=86461#primaryimage\",\"url\":\"https:\\\/\\\/kibrisdakik.com\\\/wp-content\\\/uploads\\\/2025\\\/07\\\/8797gg-740x420.jpg\",\"contentUrl\":\"https:\\\/\\\/kibrisdakik.com\\\/wp-content\\\/uploads\\\/2025\\\/07\\\/8797gg-740x420.jpg\",\"width\":1534,\"height\":863},{\"@type\":\"BreadcrumbList\",\"@id\":\"https:\\\/\\\/kibrisdakik.com\\\/?p=86461#breadcrumb\",\"itemListElement\":[{\"@type\":\"ListItem\",\"position\":1,\"name\":\"Home\",\"item\":\"https:\\\/\\\/kibrisdakik.com\\\/\"},{\"@type\":\"ListItem\",\"position\":2,\"name\":\"Tel-Sen\u2019den 2 saatlik uyar\u0131 grevi\"}]},{\"@type\":\"WebSite\",\"@id\":\"https:\\\/\\\/kibrisdakik.com\\\/#website\",\"url\":\"https:\\\/\\\/kibrisdakik.com\\\/\",\"name\":\"\",\"description\":\"Tam vaktinde haber\",\"potentialAction\":[{\"@type\":\"SearchAction\",\"target\":{\"@type\":\"EntryPoint\",\"urlTemplate\":\"https:\\\/\\\/kibrisdakik.com\\\/?s={search_term_string}\"},\"query-input\":{\"@type\":\"PropertyValueSpecification\",\"valueRequired\":true,\"valueName\":\"search_term_string\"}}],\"inLanguage\":\"tr\"},{\"@type\":\"Person\",\"@id\":\"https:\\\/\\\/kibrisdakik.com\\\/#\\\/schema\\\/person\\\/9cd9d437bbb44f72b73ba127e06d8e79\",\"name\":\"admin\",\"image\":{\"@type\":\"ImageObject\",\"inLanguage\":\"tr\",\"@id\":\"https:\\\/\\\/secure.gravatar.com\\\/avatar\\\/ccc17943b9d660506c869530f897617f7cb1c21a4bf30023f252596d83e1f007?s=96&d=mm&r=g\",\"url\":\"https:\\\/\\\/secure.gravatar.com\\\/avatar\\\/ccc17943b9d660506c869530f897617f7cb1c21a4bf30023f252596d83e1f007?s=96&d=mm&r=g\",\"contentUrl\":\"https:\\\/\\\/secure.gravatar.com\\\/avatar\\\/ccc17943b9d660506c869530f897617f7cb1c21a4bf30023f252596d83e1f007?s=96&d=mm&r=g\",\"caption\":\"admin\"},\"sameAs\":[\"https:\\\/\\\/kibrisdakik.com\"],\"url\":\"https:\\\/\\\/kibrisdakik.com\\\/?author=1\"}]}<\/script>\n<!-- \/ Yoast SEO plugin. -->","yoast_head_json":{"title":"Tel-Sen\u2019den 2 saatlik uyar\u0131 grevi -","robots":{"index":"index","follow":"follow","max-snippet":"max-snippet:-1","max-image-preview":"max-image-preview:large","max-video-preview":"max-video-preview:-1"},"canonical":"https:\/\/kibrisdakik.com\/?p=86461","og_locale":"tr_TR","og_type":"article","og_title":"Tel-Sen\u2019den 2 saatlik uyar\u0131 grevi -","og_description":"K\u0131br\u0131s T\u00fcrk Telekom\u00fcnikasyon \u00c7al\u0131\u015fanlar\u0131 Sendikas\u0131 (Tel-Sen), \u201c\u00f6zelle\u015ftirme giri\u015fimleri\u201d gerek\u00e7esiyle Telekom\u00fcnikasyon Dairesi\u2019nin t\u00fcm \u015fubelerinde bug\u00fcn 08.30-10.30 saatleri aras\u0131nda iki saatlik uyar\u0131 grevi yapt\u0131. Greve, K\u0131br\u0131s T\u00fcrk \u0130\u015f\u00e7i Sendikas\u0131 Federasyonu (T\u00fcrk-Sen), K\u0131br\u0131s T\u00fcrk Amme Memurlar\u0131 Sendikas\u0131 (KTAMS), Kamu \u0130\u015f\u00e7ileri Sendikas\u0131 (Kamu-\u0130\u015f) de destek verdi. \u2013 \u00dcredi: \u201c\u015eeffaf olmayan, kurumu d\u0131\u015flayan, halk\u0131n mal\u0131n\u0131 el alt\u0131ndan devreden hi\u00e7bir ad\u0131ma","og_url":"https:\/\/kibrisdakik.com\/?p=86461","article_published_time":"2025-07-17T11:49:34+00:00","og_image":[{"width":1534,"height":863,"url":"https:\/\/kibrisdakik.com\/wp-content\/uploads\/2025\/07\/8797gg-740x420.jpg","type":"image\/jpeg"}],"author":"admin","twitter_card":"summary_large_image","twitter_misc":{"Yazan:":"admin","Tahmini okuma s\u00fcresi":"9 dakika"},"schema":{"@context":"https:\/\/schema.org","@graph":[{"@type":"Article","@id":"https:\/\/kibrisdakik.com\/?p=86461#article","isPartOf":{"@id":"https:\/\/kibrisdakik.com\/?p=86461"},"author":{"name":"admin","@id":"https:\/\/kibrisdakik.com\/#\/schema\/person\/9cd9d437bbb44f72b73ba127e06d8e79"},"headline":"Tel-Sen\u2019den 2 saatlik uyar\u0131 grevi","datePublished":"2025-07-17T11:49:34+00:00","mainEntityOfPage":{"@id":"https:\/\/kibrisdakik.com\/?p=86461"},"wordCount":1770,"commentCount":0,"image":{"@id":"https:\/\/kibrisdakik.com\/?p=86461#primaryimage"},"thumbnailUrl":"https:\/\/kibrisdakik.com\/wp-content\/uploads\/2025\/07\/8797gg-740x420.jpg","articleSection":["K\u0131br\u0131s","Man\u015fet"],"inLanguage":"tr","potentialAction":[{"@type":"CommentAction","name":"Comment","target":["https:\/\/kibrisdakik.com\/?p=86461#respond"]}]},{"@type":"WebPage","@id":"https:\/\/kibrisdakik.com\/?p=86461","url":"https:\/\/kibrisdakik.com\/?p=86461","name":"Tel-Sen\u2019den 2 saatlik uyar\u0131 grevi -","isPartOf":{"@id":"https:\/\/kibrisdakik.com\/#website"},"primaryImageOfPage":{"@id":"https:\/\/kibrisdakik.com\/?p=86461#primaryimage"},"image":{"@id":"https:\/\/kibrisdakik.com\/?p=86461#primaryimage"},"thumbnailUrl":"https:\/\/kibrisdakik.com\/wp-content\/uploads\/2025\/07\/8797gg-740x420.jpg","datePublished":"2025-07-17T11:49:34+00:00","author":{"@id":"https:\/\/kibrisdakik.com\/#\/schema\/person\/9cd9d437bbb44f72b73ba127e06d8e79"},"breadcrumb":{"@id":"https:\/\/kibrisdakik.com\/?p=86461#breadcrumb"},"inLanguage":"tr","potentialAction":[{"@type":"ReadAction","target":["https:\/\/kibrisdakik.com\/?p=86461"]}]},{"@type":"ImageObject","inLanguage":"tr","@id":"https:\/\/kibrisdakik.com\/?p=86461#primaryimage","url":"https:\/\/kibrisdakik.com\/wp-content\/uploads\/2025\/07\/8797gg-740x420.jpg","contentUrl":"https:\/\/kibrisdakik.com\/wp-content\/uploads\/2025\/07\/8797gg-740x420.jpg","width":1534,"height":863},{"@type":"BreadcrumbList","@id":"https:\/\/kibrisdakik.com\/?p=86461#breadcrumb","itemListElement":[{"@type":"ListItem","position":1,"name":"Home","item":"https:\/\/kibrisdakik.com\/"},{"@type":"ListItem","position":2,"name":"Tel-Sen\u2019den 2 saatlik uyar\u0131 grevi"}]},{"@type":"WebSite","@id":"https:\/\/kibrisdakik.com\/#website","url":"https:\/\/kibrisdakik.com\/","name":"","description":"Tam vaktinde haber","potentialAction":[{"@type":"SearchAction","target":{"@type":"EntryPoint","urlTemplate":"https:\/\/kibrisdakik.com\/?s={search_term_string}"},"query-input":{"@type":"PropertyValueSpecification","valueRequired":true,"valueName":"search_term_string"}}],"inLanguage":"tr"},{"@type":"Person","@id":"https:\/\/kibrisdakik.com\/#\/schema\/person\/9cd9d437bbb44f72b73ba127e06d8e79","name":"admin","image":{"@type":"ImageObject","inLanguage":"tr","@id":"https:\/\/secure.gravatar.com\/avatar\/ccc17943b9d660506c869530f897617f7cb1c21a4bf30023f252596d83e1f007?s=96&d=mm&r=g","url":"https:\/\/secure.gravatar.com\/avatar\/ccc17943b9d660506c869530f897617f7cb1c21a4bf30023f252596d83e1f007?s=96&d=mm&r=g","contentUrl":"https:\/\/secure.gravatar.com\/avatar\/ccc17943b9d660506c869530f897617f7cb1c21a4bf30023f252596d83e1f007?s=96&d=mm&r=g","caption":"admin"},"sameAs":["https:\/\/kibrisdakik.com"],"url":"https:\/\/kibrisdakik.com\/?author=1"}]}},"_links":{"self":[{"href":"https:\/\/kibrisdakik.com\/index.php?rest_route=\/wp\/v2\/posts\/86461","targetHints":{"allow":["GET"]}}],"collection":[{"href":"https:\/\/kibrisdakik.com\/index.php?rest_route=\/wp\/v2\/posts"}],"about":[{"href":"https:\/\/kibrisdakik.com\/index.php?rest_route=\/wp\/v2\/types\/post"}],"author":[{"embeddable":true,"href":"https:\/\/kibrisdakik.com\/index.php?rest_route=\/wp\/v2\/users\/1"}],"replies":[{"embeddable":true,"href":"https:\/\/kibrisdakik.com\/index.php?rest_route=%2Fwp%2Fv2%2Fcomments&post=86461"}],"version-history":[{"count":0,"href":"https:\/\/kibrisdakik.com\/index.php?rest_route=\/wp\/v2\/posts\/86461\/revisions"}],"wp:featuredmedia":[{"embeddable":true,"href":"https:\/\/kibrisdakik.com\/index.php?rest_route=\/wp\/v2\/media\/86462"}],"wp:attachment":[{"href":"https:\/\/kibrisdakik.com\/index.php?rest_route=%2Fwp%2Fv2%2Fmedia&parent=86461"}],"wp:term":[{"taxonomy":"category","embeddable":true,"href":"https:\/\/kibrisdakik.com\/index.php?rest_route=%2Fwp%2Fv2%2Fcategories&post=86461"},{"taxonomy":"post_tag","embeddable":true,"href":"https:\/\/kibrisdakik.com\/index.php?rest_route=%2Fwp%2Fv2%2Ftags&post=86461"}],"curies":[{"name":"wp","href":"https:\/\/api.w.org\/{rel}","templated":true}]}}