{"id":86467,"date":"2025-07-17T16:39:04","date_gmt":"2025-07-17T13:39:04","guid":{"rendered":"https:\/\/kibrisdakik.com\/index.php\/2025\/07\/17\/ozturkler-kibris-turk-halkinin-haklarini-yok-sayan-hicbir-cozum-onerisine-evet-dememiz-mumkun-degildir\/"},"modified":"2025-07-17T16:39:04","modified_gmt":"2025-07-17T13:39:04","slug":"ozturkler-kibris-turk-halkinin-haklarini-yok-sayan-hicbir-cozum-onerisine-evet-dememiz-mumkun-degildir","status":"publish","type":"post","link":"https:\/\/kibrisdakik.com\/?p=86467","title":{"rendered":"\u00d6zt\u00fcrkler: K\u0131br\u0131s T\u00fcrk halk\u0131n\u0131n haklar\u0131n\u0131 yok sayan hi\u00e7bir \u00e7\u00f6z\u00fcm \u00f6nerisine evet dememiz m\u00fcmk\u00fcn de\u011fildir"},"content":{"rendered":"<p> <br \/>\n<\/p>\n<div>\n<div class=\"mariselle-image-container center\">\n                                            <\/div>\n<p>Cumhurba\u015fkan\u0131 Vekili ve Cumhuriyet Meclisi Ba\u015fkan\u0131 Ziya \u00d6zt\u00fcrkler, T\u00fcrkiye Cumhuriyeti D\u0131\u015fi\u015fleri Bakan\u0131 Hakan Fidan\u2019\u0131n \u201cHer zaman i\u00e7in kazan-kazan form\u00fcl\u00fcyle hareket ediyoruz. Kar\u015f\u0131 tarafa empatimizi hi\u00e7bir zaman i\u00e7in eksik etmiyoruz. Ama K\u0131br\u0131s T\u00fcrklerinin ve haklar\u0131n\u0131n yok say\u0131ld\u0131\u011f\u0131 bir denklemi de kabul etmemiz s\u00f6z konusu de\u011fil\u201d s\u00f6zlerini memnuniyetle kar\u015f\u0131lad\u0131klar\u0131n\u0131 belirtti.<\/p>\n<p>Yaz\u0131l\u0131 bir a\u00e7\u0131klama yapan \u00d6zt\u00fcrkler, \u015funlar\u0131 kaydetti;<\/p>\n<p>\u2018<em>Bizler, her zaman i\u00e7in kar\u015f\u0131l\u0131kl\u0131 kazan\u0131m\u0131 hedefleyen \u2018kazan-kazan\u2019 form\u00fcl\u00fcnden yana olduk. Kar\u015f\u0131 tarafla diyalog kurarken empatiyi elden b\u0131rakm\u0131yor, uzla\u015f\u0131 zeminini geli\u015ftirmek ad\u0131na hassasiyetle yakla\u015f\u0131yoruz. Ancak K\u0131br\u0131s T\u00fcrk halk\u0131n\u0131n temel hak ve \u00f6zg\u00fcrl\u00fcklerini yok sayan, siyasi e\u015fitli\u011fini hi\u00e7e sayan hi\u00e7bir \u00e7\u00f6z\u00fcm \u00f6nerisine evet dememiz asla m\u00fcmk\u00fcn de\u011fildir.<br \/>K\u0131br\u0131s T\u00fcrk halk\u0131n\u0131n egemenli\u011fi, siyasi e\u015fitli\u011fi ve uluslararas\u0131 d\u00fczeyde tan\u0131nma hakk\u0131, tarihten bug\u00fcne kadar gelen me\u015fru talepleridir. Bu haklardan hi\u00e7bir surette geri ad\u0131m at\u0131lmas\u0131 s\u00f6z konusu de\u011fildir. K\u0131br\u0131s meselesinde adaletin tesisi ancak bu temel do\u011frultusunda \u015fekillenir.<br \/>Ge\u00e7mi\u015fte aday\u0131 Yunanistan\u2019a ilhak etmeye \u00e7al\u0131\u015fan ve bug\u00fcn de b\u00f6lgeyi yabanc\u0131 askeri g\u00fc\u00e7lerin kontrol\u00fcne teslim eden Rum kesiminin tavr\u0131, bar\u0131\u015fa de\u011fil \u00e7at\u0131\u015fmaya hizmet etmektedir. Bu t\u00fcr yakla\u015f\u0131mlar, K\u0131br\u0131s\u2019ta kal\u0131c\u0131 \u00e7\u00f6z\u00fcm umutlar\u0131n\u0131 zay\u0131flatmaktad\u0131r.<br \/>K\u0131br\u0131s etraf\u0131ndaki enerji kaynaklar\u0131 ve jeopolitik geli\u015fmeler do\u011frultusunda, K\u0131br\u0131s T\u00fcrk halk\u0131n\u0131n direkt temas kurma, uluslararas\u0131 ticarette yer alma ve do\u011frudan u\u00e7u\u015f hakk\u0131na sahip olma talepleri art\u0131k g\u00f6rmezden gelinemez. Bunlar yaln\u0131zca siyasi de\u011fil, ayn\u0131 zamanda insani birer gereksinimdir.<br \/>Say\u0131n D\u0131\u015fi\u015fleri Bakan\u0131 Hakan Fidan\u2019\u0131n yapt\u0131\u011f\u0131 a\u00e7\u0131klamalar, KKTC ile Anavatan T\u00fcrkiye\u2019nin stratejik \u00e7izgilerinin birebir \u00f6rt\u00fc\u015ft\u00fc\u011f\u00fcn\u00fc a\u00e7\u0131k\u00e7a g\u00f6stermektedir. \u00d6zellikle New York\u2019taki temaslar, T\u00fcrkiye\u2019nin garant\u00f6rl\u00fc\u011f\u00fcn\u00fcn ve b\u00f6lgedeki kararl\u0131 duru\u015funun K\u0131br\u0131s T\u00fcrk halk\u0131 i\u00e7in ne denli hayati oldu\u011funu bir kez daha g\u00f6zler \u00f6n\u00fcne sermi\u015ftir.<br \/>K\u0131br\u0131s\u2019ta bar\u0131\u015f\u0131n ve huzurun tesis edilmesi, ancak iki e\u015fit egemen devletin varl\u0131\u011f\u0131na dayal\u0131 bir \u00e7\u00f6z\u00fcm modeliyle sa\u011flanabilir. T\u00fcrkiye\u2019nin garant\u00f6rl\u00fc\u011f\u00fc bu yap\u0131n\u0131n vazge\u00e7ilmez temelidir ve bu konuda herhangi bir taviz verilmesi s\u00f6z konusu olamaz. G\u00fcvenlik, e\u015fitlik ve temsil gibi unsurlar K\u0131br\u0131s T\u00fcrk halk\u0131 i\u00e7in hayati \u00f6nemdedir.<br \/>E\u011fer bir \u00e7\u00f6z\u00fcm zemini olu\u015fturulacaksa, bu zemin mutlaka her iki taraf\u0131n da kazanaca\u011f\u0131, adil ve s\u00fcrd\u00fcr\u00fclebilir bir \u00e7er\u00e7evede olmal\u0131d\u0131r. Rum liderli\u011finin bu ilkeleri g\u00f6zeterek hareket etmesi, s\u00fcrecin ilerleyebilmesi a\u00e7\u0131s\u0131ndan belirleyici olacakt\u0131r.<br \/>Cumhurba\u015fkan\u0131 Say\u0131n Ersin Tatar\u2019\u0131n, K\u0131br\u0131s T\u00fcrk halk\u0131n\u0131n haklar\u0131n\u0131 koruyan iki devletli \u00e7\u00f6z\u00fcm persfektifine h\u00fck\u00fcmet olarak tam destek verilmektedir.\u2019<\/em><\/p>\n<\/p><\/div>\n<p><script async\n                    defer\n                    crossorigin=\"anonymous\"\n                    src=\"https:\/\/connect.facebook.net\/tr_TR\/sdk.js#xfbml=1&#038;version=v3.3\"\n            ><\/script><br \/>\n<br \/><br \/>\n<br \/><a href=\"[kibrisdakik.com]\n<\/p>\n","protected":false},"excerpt":{"rendered":"<p>Cumhurba\u015fkan\u0131 Vekili ve Cumhuriyet Meclisi Ba\u015fkan\u0131 Ziya \u00d6zt\u00fcrkler, T\u00fcrkiye Cumhuriyeti D\u0131\u015fi\u015fleri Bakan\u0131 Hakan Fidan\u2019\u0131n \u201cHer zaman i\u00e7in kazan-kazan form\u00fcl\u00fcyle hareket ediyoruz. Kar\u015f\u0131 tarafa empatimizi hi\u00e7bir zaman i\u00e7in eksik etmiyoruz. Ama K\u0131br\u0131s T\u00fcrklerinin ve haklar\u0131n\u0131n yok say\u0131ld\u0131\u011f\u0131 bir denklemi de kabul etmemiz s\u00f6z konusu de\u011fil\u201d s\u00f6zlerini memnuniyetle kar\u015f\u0131lad\u0131klar\u0131n\u0131 belirtti. Yaz\u0131l\u0131 bir a\u00e7\u0131klama yapan \u00d6zt\u00fcrkler, \u015funlar\u0131 kaydetti;<\/p>\n","protected":false},"author":1,"featured_media":86468,"comment_status":"open","ping_status":"open","sticky":false,"template":"","format":"standard","meta":{"footnotes":""},"categories":[81,101],"tags":[],"class_list":["post-86467","post","type-post","status-publish","format-standard","has-post-thumbnail","hentry","category-kibris","category-manset"],"yoast_head":"<!-- This site is optimized with the Yoast SEO plugin v27.5 - https:\/\/yoast.com\/product\/yoast-seo-wordpress\/ -->\n<title>\u00d6zt\u00fcrkler: K\u0131br\u0131s T\u00fcrk halk\u0131n\u0131n haklar\u0131n\u0131 yok sayan hi\u00e7bir \u00e7\u00f6z\u00fcm \u00f6nerisine evet dememiz m\u00fcmk\u00fcn de\u011fildir -<\/title>\n<meta name=\"robots\" content=\"index, follow, max-snippet:-1, max-image-preview:large, max-video-preview:-1\" \/>\n<link rel=\"canonical\" href=\"https:\/\/kibrisdakik.com\/?p=86467\" \/>\n<meta property=\"og:locale\" content=\"tr_TR\" \/>\n<meta property=\"og:type\" content=\"article\" \/>\n<meta property=\"og:title\" content=\"\u00d6zt\u00fcrkler: K\u0131br\u0131s T\u00fcrk halk\u0131n\u0131n haklar\u0131n\u0131 yok sayan hi\u00e7bir \u00e7\u00f6z\u00fcm \u00f6nerisine evet dememiz m\u00fcmk\u00fcn de\u011fildir -\" \/>\n<meta property=\"og:description\" content=\"Cumhurba\u015fkan\u0131 Vekili ve Cumhuriyet Meclisi Ba\u015fkan\u0131 Ziya \u00d6zt\u00fcrkler, T\u00fcrkiye Cumhuriyeti D\u0131\u015fi\u015fleri Bakan\u0131 Hakan Fidan\u2019\u0131n \u201cHer zaman i\u00e7in kazan-kazan form\u00fcl\u00fcyle hareket ediyoruz. Kar\u015f\u0131 tarafa empatimizi hi\u00e7bir zaman i\u00e7in eksik etmiyoruz. Ama K\u0131br\u0131s T\u00fcrklerinin ve haklar\u0131n\u0131n yok say\u0131ld\u0131\u011f\u0131 bir denklemi de kabul etmemiz s\u00f6z konusu de\u011fil\u201d s\u00f6zlerini memnuniyetle kar\u015f\u0131lad\u0131klar\u0131n\u0131 belirtti. Yaz\u0131l\u0131 bir a\u00e7\u0131klama yapan \u00d6zt\u00fcrkler, \u015funlar\u0131 kaydetti;\" \/>\n<meta property=\"og:url\" content=\"https:\/\/kibrisdakik.com\/?p=86467\" \/>\n<meta property=\"article:published_time\" content=\"2025-07-17T13:39:04+00:00\" \/>\n<meta property=\"og:image\" content=\"https:\/\/kibrisdakik.com\/wp-content\/uploads\/2025\/07\/ziya-fidan-740x420.jpg\" \/>\n\t<meta property=\"og:image:width\" content=\"1600\" \/>\n\t<meta property=\"og:image:height\" content=\"732\" \/>\n\t<meta property=\"og:image:type\" content=\"image\/jpeg\" \/>\n<meta name=\"author\" content=\"admin\" \/>\n<meta name=\"twitter:card\" content=\"summary_large_image\" \/>\n<meta name=\"twitter:label1\" content=\"Yazan:\" \/>\n\t<meta name=\"twitter:data1\" content=\"admin\" \/>\n\t<meta name=\"twitter:label2\" content=\"Tahmini okuma s\u00fcresi\" \/>\n\t<meta name=\"twitter:data2\" content=\"3 dakika\" \/>\n<script type=\"application\/ld+json\" class=\"yoast-schema-graph\">{\"@context\":\"https:\\\/\\\/schema.org\",\"@graph\":[{\"@type\":\"Article\",\"@id\":\"https:\\\/\\\/kibrisdakik.com\\\/?p=86467#article\",\"isPartOf\":{\"@id\":\"https:\\\/\\\/kibrisdakik.com\\\/?p=86467\"},\"author\":{\"name\":\"admin\",\"@id\":\"https:\\\/\\\/kibrisdakik.com\\\/#\\\/schema\\\/person\\\/9cd9d437bbb44f72b73ba127e06d8e79\"},\"headline\":\"\u00d6zt\u00fcrkler: K\u0131br\u0131s T\u00fcrk halk\u0131n\u0131n haklar\u0131n\u0131 yok sayan hi\u00e7bir \u00e7\u00f6z\u00fcm \u00f6nerisine evet dememiz m\u00fcmk\u00fcn de\u011fildir\",\"datePublished\":\"2025-07-17T13:39:04+00:00\",\"mainEntityOfPage\":{\"@id\":\"https:\\\/\\\/kibrisdakik.com\\\/?p=86467\"},\"wordCount\":557,\"commentCount\":0,\"image\":{\"@id\":\"https:\\\/\\\/kibrisdakik.com\\\/?p=86467#primaryimage\"},\"thumbnailUrl\":\"https:\\\/\\\/kibrisdakik.com\\\/wp-content\\\/uploads\\\/2025\\\/07\\\/ziya-fidan-740x420.jpg\",\"articleSection\":[\"K\u0131br\u0131s\",\"Man\u015fet\"],\"inLanguage\":\"tr\",\"potentialAction\":[{\"@type\":\"CommentAction\",\"name\":\"Comment\",\"target\":[\"https:\\\/\\\/kibrisdakik.com\\\/?p=86467#respond\"]}]},{\"@type\":\"WebPage\",\"@id\":\"https:\\\/\\\/kibrisdakik.com\\\/?p=86467\",\"url\":\"https:\\\/\\\/kibrisdakik.com\\\/?p=86467\",\"name\":\"\u00d6zt\u00fcrkler: K\u0131br\u0131s T\u00fcrk halk\u0131n\u0131n haklar\u0131n\u0131 yok sayan hi\u00e7bir \u00e7\u00f6z\u00fcm \u00f6nerisine evet dememiz m\u00fcmk\u00fcn de\u011fildir -\",\"isPartOf\":{\"@id\":\"https:\\\/\\\/kibrisdakik.com\\\/#website\"},\"primaryImageOfPage\":{\"@id\":\"https:\\\/\\\/kibrisdakik.com\\\/?p=86467#primaryimage\"},\"image\":{\"@id\":\"https:\\\/\\\/kibrisdakik.com\\\/?p=86467#primaryimage\"},\"thumbnailUrl\":\"https:\\\/\\\/kibrisdakik.com\\\/wp-content\\\/uploads\\\/2025\\\/07\\\/ziya-fidan-740x420.jpg\",\"datePublished\":\"2025-07-17T13:39:04+00:00\",\"author\":{\"@id\":\"https:\\\/\\\/kibrisdakik.com\\\/#\\\/schema\\\/person\\\/9cd9d437bbb44f72b73ba127e06d8e79\"},\"breadcrumb\":{\"@id\":\"https:\\\/\\\/kibrisdakik.com\\\/?p=86467#breadcrumb\"},\"inLanguage\":\"tr\",\"potentialAction\":[{\"@type\":\"ReadAction\",\"target\":[\"https:\\\/\\\/kibrisdakik.com\\\/?p=86467\"]}]},{\"@type\":\"ImageObject\",\"inLanguage\":\"tr\",\"@id\":\"https:\\\/\\\/kibrisdakik.com\\\/?p=86467#primaryimage\",\"url\":\"https:\\\/\\\/kibrisdakik.com\\\/wp-content\\\/uploads\\\/2025\\\/07\\\/ziya-fidan-740x420.jpg\",\"contentUrl\":\"https:\\\/\\\/kibrisdakik.com\\\/wp-content\\\/uploads\\\/2025\\\/07\\\/ziya-fidan-740x420.jpg\",\"width\":1600,\"height\":732},{\"@type\":\"BreadcrumbList\",\"@id\":\"https:\\\/\\\/kibrisdakik.com\\\/?p=86467#breadcrumb\",\"itemListElement\":[{\"@type\":\"ListItem\",\"position\":1,\"name\":\"Home\",\"item\":\"https:\\\/\\\/kibrisdakik.com\\\/\"},{\"@type\":\"ListItem\",\"position\":2,\"name\":\"\u00d6zt\u00fcrkler: K\u0131br\u0131s T\u00fcrk halk\u0131n\u0131n haklar\u0131n\u0131 yok sayan hi\u00e7bir \u00e7\u00f6z\u00fcm \u00f6nerisine evet dememiz m\u00fcmk\u00fcn de\u011fildir\"}]},{\"@type\":\"WebSite\",\"@id\":\"https:\\\/\\\/kibrisdakik.com\\\/#website\",\"url\":\"https:\\\/\\\/kibrisdakik.com\\\/\",\"name\":\"\",\"description\":\"Tam vaktinde haber\",\"potentialAction\":[{\"@type\":\"SearchAction\",\"target\":{\"@type\":\"EntryPoint\",\"urlTemplate\":\"https:\\\/\\\/kibrisdakik.com\\\/?s={search_term_string}\"},\"query-input\":{\"@type\":\"PropertyValueSpecification\",\"valueRequired\":true,\"valueName\":\"search_term_string\"}}],\"inLanguage\":\"tr\"},{\"@type\":\"Person\",\"@id\":\"https:\\\/\\\/kibrisdakik.com\\\/#\\\/schema\\\/person\\\/9cd9d437bbb44f72b73ba127e06d8e79\",\"name\":\"admin\",\"image\":{\"@type\":\"ImageObject\",\"inLanguage\":\"tr\",\"@id\":\"https:\\\/\\\/secure.gravatar.com\\\/avatar\\\/ccc17943b9d660506c869530f897617f7cb1c21a4bf30023f252596d83e1f007?s=96&d=mm&r=g\",\"url\":\"https:\\\/\\\/secure.gravatar.com\\\/avatar\\\/ccc17943b9d660506c869530f897617f7cb1c21a4bf30023f252596d83e1f007?s=96&d=mm&r=g\",\"contentUrl\":\"https:\\\/\\\/secure.gravatar.com\\\/avatar\\\/ccc17943b9d660506c869530f897617f7cb1c21a4bf30023f252596d83e1f007?s=96&d=mm&r=g\",\"caption\":\"admin\"},\"sameAs\":[\"https:\\\/\\\/kibrisdakik.com\"],\"url\":\"https:\\\/\\\/kibrisdakik.com\\\/?author=1\"}]}<\/script>\n<!-- \/ Yoast SEO plugin. -->","yoast_head_json":{"title":"\u00d6zt\u00fcrkler: K\u0131br\u0131s T\u00fcrk halk\u0131n\u0131n haklar\u0131n\u0131 yok sayan hi\u00e7bir \u00e7\u00f6z\u00fcm \u00f6nerisine evet dememiz m\u00fcmk\u00fcn de\u011fildir -","robots":{"index":"index","follow":"follow","max-snippet":"max-snippet:-1","max-image-preview":"max-image-preview:large","max-video-preview":"max-video-preview:-1"},"canonical":"https:\/\/kibrisdakik.com\/?p=86467","og_locale":"tr_TR","og_type":"article","og_title":"\u00d6zt\u00fcrkler: K\u0131br\u0131s T\u00fcrk halk\u0131n\u0131n haklar\u0131n\u0131 yok sayan hi\u00e7bir \u00e7\u00f6z\u00fcm \u00f6nerisine evet dememiz m\u00fcmk\u00fcn de\u011fildir -","og_description":"Cumhurba\u015fkan\u0131 Vekili ve Cumhuriyet Meclisi Ba\u015fkan\u0131 Ziya \u00d6zt\u00fcrkler, T\u00fcrkiye Cumhuriyeti D\u0131\u015fi\u015fleri Bakan\u0131 Hakan Fidan\u2019\u0131n \u201cHer zaman i\u00e7in kazan-kazan form\u00fcl\u00fcyle hareket ediyoruz. Kar\u015f\u0131 tarafa empatimizi hi\u00e7bir zaman i\u00e7in eksik etmiyoruz. Ama K\u0131br\u0131s T\u00fcrklerinin ve haklar\u0131n\u0131n yok say\u0131ld\u0131\u011f\u0131 bir denklemi de kabul etmemiz s\u00f6z konusu de\u011fil\u201d s\u00f6zlerini memnuniyetle kar\u015f\u0131lad\u0131klar\u0131n\u0131 belirtti. Yaz\u0131l\u0131 bir a\u00e7\u0131klama yapan \u00d6zt\u00fcrkler, \u015funlar\u0131 kaydetti;","og_url":"https:\/\/kibrisdakik.com\/?p=86467","article_published_time":"2025-07-17T13:39:04+00:00","og_image":[{"width":1600,"height":732,"url":"https:\/\/kibrisdakik.com\/wp-content\/uploads\/2025\/07\/ziya-fidan-740x420.jpg","type":"image\/jpeg"}],"author":"admin","twitter_card":"summary_large_image","twitter_misc":{"Yazan:":"admin","Tahmini okuma s\u00fcresi":"3 dakika"},"schema":{"@context":"https:\/\/schema.org","@graph":[{"@type":"Article","@id":"https:\/\/kibrisdakik.com\/?p=86467#article","isPartOf":{"@id":"https:\/\/kibrisdakik.com\/?p=86467"},"author":{"name":"admin","@id":"https:\/\/kibrisdakik.com\/#\/schema\/person\/9cd9d437bbb44f72b73ba127e06d8e79"},"headline":"\u00d6zt\u00fcrkler: K\u0131br\u0131s T\u00fcrk halk\u0131n\u0131n haklar\u0131n\u0131 yok sayan hi\u00e7bir \u00e7\u00f6z\u00fcm \u00f6nerisine evet dememiz m\u00fcmk\u00fcn de\u011fildir","datePublished":"2025-07-17T13:39:04+00:00","mainEntityOfPage":{"@id":"https:\/\/kibrisdakik.com\/?p=86467"},"wordCount":557,"commentCount":0,"image":{"@id":"https:\/\/kibrisdakik.com\/?p=86467#primaryimage"},"thumbnailUrl":"https:\/\/kibrisdakik.com\/wp-content\/uploads\/2025\/07\/ziya-fidan-740x420.jpg","articleSection":["K\u0131br\u0131s","Man\u015fet"],"inLanguage":"tr","potentialAction":[{"@type":"CommentAction","name":"Comment","target":["https:\/\/kibrisdakik.com\/?p=86467#respond"]}]},{"@type":"WebPage","@id":"https:\/\/kibrisdakik.com\/?p=86467","url":"https:\/\/kibrisdakik.com\/?p=86467","name":"\u00d6zt\u00fcrkler: K\u0131br\u0131s T\u00fcrk halk\u0131n\u0131n haklar\u0131n\u0131 yok sayan hi\u00e7bir \u00e7\u00f6z\u00fcm \u00f6nerisine evet dememiz m\u00fcmk\u00fcn de\u011fildir -","isPartOf":{"@id":"https:\/\/kibrisdakik.com\/#website"},"primaryImageOfPage":{"@id":"https:\/\/kibrisdakik.com\/?p=86467#primaryimage"},"image":{"@id":"https:\/\/kibrisdakik.com\/?p=86467#primaryimage"},"thumbnailUrl":"https:\/\/kibrisdakik.com\/wp-content\/uploads\/2025\/07\/ziya-fidan-740x420.jpg","datePublished":"2025-07-17T13:39:04+00:00","author":{"@id":"https:\/\/kibrisdakik.com\/#\/schema\/person\/9cd9d437bbb44f72b73ba127e06d8e79"},"breadcrumb":{"@id":"https:\/\/kibrisdakik.com\/?p=86467#breadcrumb"},"inLanguage":"tr","potentialAction":[{"@type":"ReadAction","target":["https:\/\/kibrisdakik.com\/?p=86467"]}]},{"@type":"ImageObject","inLanguage":"tr","@id":"https:\/\/kibrisdakik.com\/?p=86467#primaryimage","url":"https:\/\/kibrisdakik.com\/wp-content\/uploads\/2025\/07\/ziya-fidan-740x420.jpg","contentUrl":"https:\/\/kibrisdakik.com\/wp-content\/uploads\/2025\/07\/ziya-fidan-740x420.jpg","width":1600,"height":732},{"@type":"BreadcrumbList","@id":"https:\/\/kibrisdakik.com\/?p=86467#breadcrumb","itemListElement":[{"@type":"ListItem","position":1,"name":"Home","item":"https:\/\/kibrisdakik.com\/"},{"@type":"ListItem","position":2,"name":"\u00d6zt\u00fcrkler: K\u0131br\u0131s T\u00fcrk halk\u0131n\u0131n haklar\u0131n\u0131 yok sayan hi\u00e7bir \u00e7\u00f6z\u00fcm \u00f6nerisine evet dememiz m\u00fcmk\u00fcn de\u011fildir"}]},{"@type":"WebSite","@id":"https:\/\/kibrisdakik.com\/#website","url":"https:\/\/kibrisdakik.com\/","name":"","description":"Tam vaktinde haber","potentialAction":[{"@type":"SearchAction","target":{"@type":"EntryPoint","urlTemplate":"https:\/\/kibrisdakik.com\/?s={search_term_string}"},"query-input":{"@type":"PropertyValueSpecification","valueRequired":true,"valueName":"search_term_string"}}],"inLanguage":"tr"},{"@type":"Person","@id":"https:\/\/kibrisdakik.com\/#\/schema\/person\/9cd9d437bbb44f72b73ba127e06d8e79","name":"admin","image":{"@type":"ImageObject","inLanguage":"tr","@id":"https:\/\/secure.gravatar.com\/avatar\/ccc17943b9d660506c869530f897617f7cb1c21a4bf30023f252596d83e1f007?s=96&d=mm&r=g","url":"https:\/\/secure.gravatar.com\/avatar\/ccc17943b9d660506c869530f897617f7cb1c21a4bf30023f252596d83e1f007?s=96&d=mm&r=g","contentUrl":"https:\/\/secure.gravatar.com\/avatar\/ccc17943b9d660506c869530f897617f7cb1c21a4bf30023f252596d83e1f007?s=96&d=mm&r=g","caption":"admin"},"sameAs":["https:\/\/kibrisdakik.com"],"url":"https:\/\/kibrisdakik.com\/?author=1"}]}},"_links":{"self":[{"href":"https:\/\/kibrisdakik.com\/index.php?rest_route=\/wp\/v2\/posts\/86467","targetHints":{"allow":["GET"]}}],"collection":[{"href":"https:\/\/kibrisdakik.com\/index.php?rest_route=\/wp\/v2\/posts"}],"about":[{"href":"https:\/\/kibrisdakik.com\/index.php?rest_route=\/wp\/v2\/types\/post"}],"author":[{"embeddable":true,"href":"https:\/\/kibrisdakik.com\/index.php?rest_route=\/wp\/v2\/users\/1"}],"replies":[{"embeddable":true,"href":"https:\/\/kibrisdakik.com\/index.php?rest_route=%2Fwp%2Fv2%2Fcomments&post=86467"}],"version-history":[{"count":0,"href":"https:\/\/kibrisdakik.com\/index.php?rest_route=\/wp\/v2\/posts\/86467\/revisions"}],"wp:featuredmedia":[{"embeddable":true,"href":"https:\/\/kibrisdakik.com\/index.php?rest_route=\/wp\/v2\/media\/86468"}],"wp:attachment":[{"href":"https:\/\/kibrisdakik.com\/index.php?rest_route=%2Fwp%2Fv2%2Fmedia&parent=86467"}],"wp:term":[{"taxonomy":"category","embeddable":true,"href":"https:\/\/kibrisdakik.com\/index.php?rest_route=%2Fwp%2Fv2%2Fcategories&post=86467"},{"taxonomy":"post_tag","embeddable":true,"href":"https:\/\/kibrisdakik.com\/index.php?rest_route=%2Fwp%2Fv2%2Ftags&post=86467"}],"curies":[{"name":"wp","href":"https:\/\/api.w.org\/{rel}","templated":true}]}}