{"id":86469,"date":"2025-07-17T18:30:08","date_gmt":"2025-07-17T15:30:08","guid":{"rendered":"https:\/\/kibrisdakik.com\/index.php\/2025\/07\/17\/cumhurbaskani-ersin-tatar-bm-genel-sekreteri-antonio-guterres-ile-gorustu\/"},"modified":"2025-07-17T18:30:08","modified_gmt":"2025-07-17T15:30:08","slug":"cumhurbaskani-ersin-tatar-bm-genel-sekreteri-antonio-guterres-ile-gorustu","status":"publish","type":"post","link":"https:\/\/kibrisdakik.com\/?p=86469","title":{"rendered":"Cumhurba\u015fkan\u0131 Ersin Tatar, BM Genel Sekreteri Antonio Guterres ile g\u00f6r\u00fc\u015ft\u00fc"},"content":{"rendered":"<p> <br \/>\n<\/p>\n<div>\n<div class=\"mariselle-image-container center\">\n                                            <\/div>\n<p>Birle\u015fmi\u015f Milletler ev sahipli\u011finde New York\u2019ta ger\u00e7ekle\u015fen K\u0131br\u0131s Konulu Geni\u015fletilmi\u015f 5+1 Formatl\u0131 Gayri Resmi Toplant\u0131da Cumhurba\u015fkan\u0131 Ersin Tatar, Birle\u015fmi\u015f Milletler Genel Sekreteri (BMGS) Antonio Guterres ile ikili bir g\u00f6r\u00fc\u015fme yapt\u0131.<\/p>\n<div class=\"mariselle-image-container center\">\n                <img loading=\"lazy\" decoding=\"async\" width=\"1600\" height=\"1066\" class=\"lazy-image\" alt=\"\" sizes=\"auto, (max-width: 1600px) 100vw, 1600px\" src=\"https:\/\/brtk.net\/wp-content\/uploads\/2025\/07\/17\/IMG-20250717-WA0043.jpg?ver=07d7d3aea8b8fb0629db2145ed8766f3\" srcset=\"https:\/\/brtk.net\/wp-content\/uploads\/2025\/07\/17\/IMG-20250717-WA0043.jpg?ver=07d7d3aea8b8fb0629db2145ed8766f3 1600w, https:\/\/brtk.net\/wp-content\/uploads\/2025\/07\/17\/IMG-20250717-WA0043-300x200.jpg?ver=17ec6cc9d96ed500a63e77d4ef1232de 300w, https:\/\/brtk.net\/wp-content\/uploads\/2025\/07\/17\/IMG-20250717-WA0043-1024x682.jpg?ver=17ec6cc9d96ed500a63e77d4ef1232de 1024w, https:\/\/brtk.net\/wp-content\/uploads\/2025\/07\/17\/IMG-20250717-WA0043-768x512.jpg?ver=17ec6cc9d96ed500a63e77d4ef1232de 768w, https:\/\/brtk.net\/wp-content\/uploads\/2025\/07\/17\/IMG-20250717-WA0043-1536x1023.jpg?ver=e0e91efc324270401f4d533465a2fe28 1536w\"\/>                            <\/div>\n<p>Birle\u015fmi\u015f Milletler Merkezi\u2019nde, BMGS\u2019nin makam kat\u0131nda ger\u00e7ekle\u015fen g\u00f6r\u00fc\u015fmede Cumhurba\u015fkan\u0131 Tatar\u2019a D\u0131\u015fi\u015fleri Bakan\u0131 Tahsin Ertu\u011frulo\u011flu, \u00d6zel Temsilci G\u00fcne\u015f Onar, Cumhurba\u015fkan\u0131 Hukuk Dan\u0131\u015fman\u0131 S\u00fclen Karabacak, Cumhurba\u015fkan\u0131 G\u00fcven Yarat\u0131c\u0131 \u00d6nlemler ve \u0130ki Tarafl\u0131 Teknik Komiteler Koordinat\u00f6r\u00fc Seniha Birand \u00c7\u0131nar ve Cumhurba\u015fkan\u0131 Uluslararas\u0131 \u0130li\u015fkiler ve Diplomasi \u00d6zel Dan\u0131\u015fman\u0131 H\u00fcseyin I\u015f\u0131ksal E\u015flik etti.<\/p>\n<\/p><\/div>\n<p><script async\n                    defer\n                    crossorigin=\"anonymous\"\n                    src=\"https:\/\/connect.facebook.net\/tr_TR\/sdk.js#xfbml=1&#038;version=v3.3\"\n            ><\/script><br \/>\n<br \/><br \/>\n<br \/><a href=\"[kibrisdakik.com]\n<\/p>\n","protected":false},"excerpt":{"rendered":"<p>Birle\u015fmi\u015f Milletler ev sahipli\u011finde New York\u2019ta ger\u00e7ekle\u015fen K\u0131br\u0131s Konulu Geni\u015fletilmi\u015f 5+1 Formatl\u0131 Gayri Resmi Toplant\u0131da Cumhurba\u015fkan\u0131 Ersin Tatar, Birle\u015fmi\u015f Milletler Genel Sekreteri (BMGS) Antonio Guterres ile ikili bir g\u00f6r\u00fc\u015fme yapt\u0131. Birle\u015fmi\u015f Milletler Merkezi\u2019nde, BMGS\u2019nin makam kat\u0131nda ger\u00e7ekle\u015fen g\u00f6r\u00fc\u015fmede Cumhurba\u015fkan\u0131 Tatar\u2019a D\u0131\u015fi\u015fleri Bakan\u0131 Tahsin Ertu\u011frulo\u011flu, \u00d6zel Temsilci G\u00fcne\u015f Onar, Cumhurba\u015fkan\u0131 Hukuk Dan\u0131\u015fman\u0131 S\u00fclen Karabacak, Cumhurba\u015fkan\u0131 G\u00fcven<\/p>\n","protected":false},"author":1,"featured_media":86470,"comment_status":"open","ping_status":"open","sticky":false,"template":"","format":"standard","meta":{"footnotes":""},"categories":[81,101],"tags":[],"class_list":["post-86469","post","type-post","status-publish","format-standard","has-post-thumbnail","hentry","category-kibris","category-manset"],"yoast_head":"<!-- This site is optimized with the Yoast SEO plugin v27.5 - https:\/\/yoast.com\/product\/yoast-seo-wordpress\/ -->\n<title>Cumhurba\u015fkan\u0131 Ersin Tatar, BM Genel Sekreteri Antonio Guterres ile g\u00f6r\u00fc\u015ft\u00fc -<\/title>\n<meta name=\"robots\" content=\"index, follow, max-snippet:-1, max-image-preview:large, max-video-preview:-1\" \/>\n<link rel=\"canonical\" href=\"https:\/\/kibrisdakik.com\/?p=86469\" \/>\n<meta property=\"og:locale\" content=\"tr_TR\" \/>\n<meta property=\"og:type\" content=\"article\" \/>\n<meta property=\"og:title\" content=\"Cumhurba\u015fkan\u0131 Ersin Tatar, BM Genel Sekreteri Antonio Guterres ile g\u00f6r\u00fc\u015ft\u00fc -\" \/>\n<meta property=\"og:description\" content=\"Birle\u015fmi\u015f Milletler ev sahipli\u011finde New York\u2019ta ger\u00e7ekle\u015fen K\u0131br\u0131s Konulu Geni\u015fletilmi\u015f 5+1 Formatl\u0131 Gayri Resmi Toplant\u0131da Cumhurba\u015fkan\u0131 Ersin Tatar, Birle\u015fmi\u015f Milletler Genel Sekreteri (BMGS) Antonio Guterres ile ikili bir g\u00f6r\u00fc\u015fme yapt\u0131. Birle\u015fmi\u015f Milletler Merkezi\u2019nde, BMGS\u2019nin makam kat\u0131nda ger\u00e7ekle\u015fen g\u00f6r\u00fc\u015fmede Cumhurba\u015fkan\u0131 Tatar\u2019a D\u0131\u015fi\u015fleri Bakan\u0131 Tahsin Ertu\u011frulo\u011flu, \u00d6zel Temsilci G\u00fcne\u015f Onar, Cumhurba\u015fkan\u0131 Hukuk Dan\u0131\u015fman\u0131 S\u00fclen Karabacak, Cumhurba\u015fkan\u0131 G\u00fcven\" \/>\n<meta property=\"og:url\" content=\"https:\/\/kibrisdakik.com\/?p=86469\" \/>\n<meta property=\"article:published_time\" content=\"2025-07-17T15:30:08+00:00\" \/>\n<meta property=\"og:image\" content=\"https:\/\/kibrisdakik.com\/wp-content\/uploads\/2025\/07\/Screenshot_20250717_184447_X-740x416.jpg\" \/>\n\t<meta property=\"og:image:width\" content=\"1080\" \/>\n\t<meta property=\"og:image:height\" content=\"416\" \/>\n\t<meta property=\"og:image:type\" content=\"image\/jpeg\" \/>\n<meta name=\"author\" content=\"admin\" \/>\n<meta name=\"twitter:card\" content=\"summary_large_image\" \/>\n<meta name=\"twitter:label1\" content=\"Yazan:\" \/>\n\t<meta name=\"twitter:data1\" content=\"admin\" \/>\n\t<meta name=\"twitter:label2\" content=\"Tahmini okuma s\u00fcresi\" \/>\n\t<meta name=\"twitter:data2\" content=\"1 dakika\" \/>\n<script type=\"application\/ld+json\" class=\"yoast-schema-graph\">{\"@context\":\"https:\\\/\\\/schema.org\",\"@graph\":[{\"@type\":\"Article\",\"@id\":\"https:\\\/\\\/kibrisdakik.com\\\/?p=86469#article\",\"isPartOf\":{\"@id\":\"https:\\\/\\\/kibrisdakik.com\\\/?p=86469\"},\"author\":{\"name\":\"admin\",\"@id\":\"https:\\\/\\\/kibrisdakik.com\\\/#\\\/schema\\\/person\\\/9cd9d437bbb44f72b73ba127e06d8e79\"},\"headline\":\"Cumhurba\u015fkan\u0131 Ersin Tatar, BM Genel Sekreteri Antonio Guterres ile g\u00f6r\u00fc\u015ft\u00fc\",\"datePublished\":\"2025-07-17T15:30:08+00:00\",\"mainEntityOfPage\":{\"@id\":\"https:\\\/\\\/kibrisdakik.com\\\/?p=86469\"},\"wordCount\":133,\"commentCount\":0,\"image\":{\"@id\":\"https:\\\/\\\/kibrisdakik.com\\\/?p=86469#primaryimage\"},\"thumbnailUrl\":\"https:\\\/\\\/kibrisdakik.com\\\/wp-content\\\/uploads\\\/2025\\\/07\\\/Screenshot_20250717_184447_X-740x416.jpg\",\"articleSection\":[\"K\u0131br\u0131s\",\"Man\u015fet\"],\"inLanguage\":\"tr\",\"potentialAction\":[{\"@type\":\"CommentAction\",\"name\":\"Comment\",\"target\":[\"https:\\\/\\\/kibrisdakik.com\\\/?p=86469#respond\"]}]},{\"@type\":\"WebPage\",\"@id\":\"https:\\\/\\\/kibrisdakik.com\\\/?p=86469\",\"url\":\"https:\\\/\\\/kibrisdakik.com\\\/?p=86469\",\"name\":\"Cumhurba\u015fkan\u0131 Ersin Tatar, BM Genel Sekreteri Antonio Guterres ile g\u00f6r\u00fc\u015ft\u00fc -\",\"isPartOf\":{\"@id\":\"https:\\\/\\\/kibrisdakik.com\\\/#website\"},\"primaryImageOfPage\":{\"@id\":\"https:\\\/\\\/kibrisdakik.com\\\/?p=86469#primaryimage\"},\"image\":{\"@id\":\"https:\\\/\\\/kibrisdakik.com\\\/?p=86469#primaryimage\"},\"thumbnailUrl\":\"https:\\\/\\\/kibrisdakik.com\\\/wp-content\\\/uploads\\\/2025\\\/07\\\/Screenshot_20250717_184447_X-740x416.jpg\",\"datePublished\":\"2025-07-17T15:30:08+00:00\",\"author\":{\"@id\":\"https:\\\/\\\/kibrisdakik.com\\\/#\\\/schema\\\/person\\\/9cd9d437bbb44f72b73ba127e06d8e79\"},\"breadcrumb\":{\"@id\":\"https:\\\/\\\/kibrisdakik.com\\\/?p=86469#breadcrumb\"},\"inLanguage\":\"tr\",\"potentialAction\":[{\"@type\":\"ReadAction\",\"target\":[\"https:\\\/\\\/kibrisdakik.com\\\/?p=86469\"]}]},{\"@type\":\"ImageObject\",\"inLanguage\":\"tr\",\"@id\":\"https:\\\/\\\/kibrisdakik.com\\\/?p=86469#primaryimage\",\"url\":\"https:\\\/\\\/kibrisdakik.com\\\/wp-content\\\/uploads\\\/2025\\\/07\\\/Screenshot_20250717_184447_X-740x416.jpg\",\"contentUrl\":\"https:\\\/\\\/kibrisdakik.com\\\/wp-content\\\/uploads\\\/2025\\\/07\\\/Screenshot_20250717_184447_X-740x416.jpg\",\"width\":1080,\"height\":416},{\"@type\":\"BreadcrumbList\",\"@id\":\"https:\\\/\\\/kibrisdakik.com\\\/?p=86469#breadcrumb\",\"itemListElement\":[{\"@type\":\"ListItem\",\"position\":1,\"name\":\"Home\",\"item\":\"https:\\\/\\\/kibrisdakik.com\\\/\"},{\"@type\":\"ListItem\",\"position\":2,\"name\":\"Cumhurba\u015fkan\u0131 Ersin Tatar, BM Genel Sekreteri Antonio Guterres ile g\u00f6r\u00fc\u015ft\u00fc\"}]},{\"@type\":\"WebSite\",\"@id\":\"https:\\\/\\\/kibrisdakik.com\\\/#website\",\"url\":\"https:\\\/\\\/kibrisdakik.com\\\/\",\"name\":\"\",\"description\":\"Tam vaktinde haber\",\"potentialAction\":[{\"@type\":\"SearchAction\",\"target\":{\"@type\":\"EntryPoint\",\"urlTemplate\":\"https:\\\/\\\/kibrisdakik.com\\\/?s={search_term_string}\"},\"query-input\":{\"@type\":\"PropertyValueSpecification\",\"valueRequired\":true,\"valueName\":\"search_term_string\"}}],\"inLanguage\":\"tr\"},{\"@type\":\"Person\",\"@id\":\"https:\\\/\\\/kibrisdakik.com\\\/#\\\/schema\\\/person\\\/9cd9d437bbb44f72b73ba127e06d8e79\",\"name\":\"admin\",\"image\":{\"@type\":\"ImageObject\",\"inLanguage\":\"tr\",\"@id\":\"https:\\\/\\\/secure.gravatar.com\\\/avatar\\\/ccc17943b9d660506c869530f897617f7cb1c21a4bf30023f252596d83e1f007?s=96&d=mm&r=g\",\"url\":\"https:\\\/\\\/secure.gravatar.com\\\/avatar\\\/ccc17943b9d660506c869530f897617f7cb1c21a4bf30023f252596d83e1f007?s=96&d=mm&r=g\",\"contentUrl\":\"https:\\\/\\\/secure.gravatar.com\\\/avatar\\\/ccc17943b9d660506c869530f897617f7cb1c21a4bf30023f252596d83e1f007?s=96&d=mm&r=g\",\"caption\":\"admin\"},\"sameAs\":[\"https:\\\/\\\/kibrisdakik.com\"],\"url\":\"https:\\\/\\\/kibrisdakik.com\\\/?author=1\"}]}<\/script>\n<!-- \/ Yoast SEO plugin. -->","yoast_head_json":{"title":"Cumhurba\u015fkan\u0131 Ersin Tatar, BM Genel Sekreteri Antonio Guterres ile g\u00f6r\u00fc\u015ft\u00fc -","robots":{"index":"index","follow":"follow","max-snippet":"max-snippet:-1","max-image-preview":"max-image-preview:large","max-video-preview":"max-video-preview:-1"},"canonical":"https:\/\/kibrisdakik.com\/?p=86469","og_locale":"tr_TR","og_type":"article","og_title":"Cumhurba\u015fkan\u0131 Ersin Tatar, BM Genel Sekreteri Antonio Guterres ile g\u00f6r\u00fc\u015ft\u00fc -","og_description":"Birle\u015fmi\u015f Milletler ev sahipli\u011finde New York\u2019ta ger\u00e7ekle\u015fen K\u0131br\u0131s Konulu Geni\u015fletilmi\u015f 5+1 Formatl\u0131 Gayri Resmi Toplant\u0131da Cumhurba\u015fkan\u0131 Ersin Tatar, Birle\u015fmi\u015f Milletler Genel Sekreteri (BMGS) Antonio Guterres ile ikili bir g\u00f6r\u00fc\u015fme yapt\u0131. Birle\u015fmi\u015f Milletler Merkezi\u2019nde, BMGS\u2019nin makam kat\u0131nda ger\u00e7ekle\u015fen g\u00f6r\u00fc\u015fmede Cumhurba\u015fkan\u0131 Tatar\u2019a D\u0131\u015fi\u015fleri Bakan\u0131 Tahsin Ertu\u011frulo\u011flu, \u00d6zel Temsilci G\u00fcne\u015f Onar, Cumhurba\u015fkan\u0131 Hukuk Dan\u0131\u015fman\u0131 S\u00fclen Karabacak, Cumhurba\u015fkan\u0131 G\u00fcven","og_url":"https:\/\/kibrisdakik.com\/?p=86469","article_published_time":"2025-07-17T15:30:08+00:00","og_image":[{"width":1080,"height":416,"url":"https:\/\/kibrisdakik.com\/wp-content\/uploads\/2025\/07\/Screenshot_20250717_184447_X-740x416.jpg","type":"image\/jpeg"}],"author":"admin","twitter_card":"summary_large_image","twitter_misc":{"Yazan:":"admin","Tahmini okuma s\u00fcresi":"1 dakika"},"schema":{"@context":"https:\/\/schema.org","@graph":[{"@type":"Article","@id":"https:\/\/kibrisdakik.com\/?p=86469#article","isPartOf":{"@id":"https:\/\/kibrisdakik.com\/?p=86469"},"author":{"name":"admin","@id":"https:\/\/kibrisdakik.com\/#\/schema\/person\/9cd9d437bbb44f72b73ba127e06d8e79"},"headline":"Cumhurba\u015fkan\u0131 Ersin Tatar, BM Genel Sekreteri Antonio Guterres ile g\u00f6r\u00fc\u015ft\u00fc","datePublished":"2025-07-17T15:30:08+00:00","mainEntityOfPage":{"@id":"https:\/\/kibrisdakik.com\/?p=86469"},"wordCount":133,"commentCount":0,"image":{"@id":"https:\/\/kibrisdakik.com\/?p=86469#primaryimage"},"thumbnailUrl":"https:\/\/kibrisdakik.com\/wp-content\/uploads\/2025\/07\/Screenshot_20250717_184447_X-740x416.jpg","articleSection":["K\u0131br\u0131s","Man\u015fet"],"inLanguage":"tr","potentialAction":[{"@type":"CommentAction","name":"Comment","target":["https:\/\/kibrisdakik.com\/?p=86469#respond"]}]},{"@type":"WebPage","@id":"https:\/\/kibrisdakik.com\/?p=86469","url":"https:\/\/kibrisdakik.com\/?p=86469","name":"Cumhurba\u015fkan\u0131 Ersin Tatar, BM Genel Sekreteri Antonio Guterres ile g\u00f6r\u00fc\u015ft\u00fc -","isPartOf":{"@id":"https:\/\/kibrisdakik.com\/#website"},"primaryImageOfPage":{"@id":"https:\/\/kibrisdakik.com\/?p=86469#primaryimage"},"image":{"@id":"https:\/\/kibrisdakik.com\/?p=86469#primaryimage"},"thumbnailUrl":"https:\/\/kibrisdakik.com\/wp-content\/uploads\/2025\/07\/Screenshot_20250717_184447_X-740x416.jpg","datePublished":"2025-07-17T15:30:08+00:00","author":{"@id":"https:\/\/kibrisdakik.com\/#\/schema\/person\/9cd9d437bbb44f72b73ba127e06d8e79"},"breadcrumb":{"@id":"https:\/\/kibrisdakik.com\/?p=86469#breadcrumb"},"inLanguage":"tr","potentialAction":[{"@type":"ReadAction","target":["https:\/\/kibrisdakik.com\/?p=86469"]}]},{"@type":"ImageObject","inLanguage":"tr","@id":"https:\/\/kibrisdakik.com\/?p=86469#primaryimage","url":"https:\/\/kibrisdakik.com\/wp-content\/uploads\/2025\/07\/Screenshot_20250717_184447_X-740x416.jpg","contentUrl":"https:\/\/kibrisdakik.com\/wp-content\/uploads\/2025\/07\/Screenshot_20250717_184447_X-740x416.jpg","width":1080,"height":416},{"@type":"BreadcrumbList","@id":"https:\/\/kibrisdakik.com\/?p=86469#breadcrumb","itemListElement":[{"@type":"ListItem","position":1,"name":"Home","item":"https:\/\/kibrisdakik.com\/"},{"@type":"ListItem","position":2,"name":"Cumhurba\u015fkan\u0131 Ersin Tatar, BM Genel Sekreteri Antonio Guterres ile g\u00f6r\u00fc\u015ft\u00fc"}]},{"@type":"WebSite","@id":"https:\/\/kibrisdakik.com\/#website","url":"https:\/\/kibrisdakik.com\/","name":"","description":"Tam vaktinde haber","potentialAction":[{"@type":"SearchAction","target":{"@type":"EntryPoint","urlTemplate":"https:\/\/kibrisdakik.com\/?s={search_term_string}"},"query-input":{"@type":"PropertyValueSpecification","valueRequired":true,"valueName":"search_term_string"}}],"inLanguage":"tr"},{"@type":"Person","@id":"https:\/\/kibrisdakik.com\/#\/schema\/person\/9cd9d437bbb44f72b73ba127e06d8e79","name":"admin","image":{"@type":"ImageObject","inLanguage":"tr","@id":"https:\/\/secure.gravatar.com\/avatar\/ccc17943b9d660506c869530f897617f7cb1c21a4bf30023f252596d83e1f007?s=96&d=mm&r=g","url":"https:\/\/secure.gravatar.com\/avatar\/ccc17943b9d660506c869530f897617f7cb1c21a4bf30023f252596d83e1f007?s=96&d=mm&r=g","contentUrl":"https:\/\/secure.gravatar.com\/avatar\/ccc17943b9d660506c869530f897617f7cb1c21a4bf30023f252596d83e1f007?s=96&d=mm&r=g","caption":"admin"},"sameAs":["https:\/\/kibrisdakik.com"],"url":"https:\/\/kibrisdakik.com\/?author=1"}]}},"_links":{"self":[{"href":"https:\/\/kibrisdakik.com\/index.php?rest_route=\/wp\/v2\/posts\/86469","targetHints":{"allow":["GET"]}}],"collection":[{"href":"https:\/\/kibrisdakik.com\/index.php?rest_route=\/wp\/v2\/posts"}],"about":[{"href":"https:\/\/kibrisdakik.com\/index.php?rest_route=\/wp\/v2\/types\/post"}],"author":[{"embeddable":true,"href":"https:\/\/kibrisdakik.com\/index.php?rest_route=\/wp\/v2\/users\/1"}],"replies":[{"embeddable":true,"href":"https:\/\/kibrisdakik.com\/index.php?rest_route=%2Fwp%2Fv2%2Fcomments&post=86469"}],"version-history":[{"count":0,"href":"https:\/\/kibrisdakik.com\/index.php?rest_route=\/wp\/v2\/posts\/86469\/revisions"}],"wp:featuredmedia":[{"embeddable":true,"href":"https:\/\/kibrisdakik.com\/index.php?rest_route=\/wp\/v2\/media\/86470"}],"wp:attachment":[{"href":"https:\/\/kibrisdakik.com\/index.php?rest_route=%2Fwp%2Fv2%2Fmedia&parent=86469"}],"wp:term":[{"taxonomy":"category","embeddable":true,"href":"https:\/\/kibrisdakik.com\/index.php?rest_route=%2Fwp%2Fv2%2Fcategories&post=86469"},{"taxonomy":"post_tag","embeddable":true,"href":"https:\/\/kibrisdakik.com\/index.php?rest_route=%2Fwp%2Fv2%2Ftags&post=86469"}],"curies":[{"name":"wp","href":"https:\/\/api.w.org\/{rel}","templated":true}]}}