{"id":86475,"date":"2025-07-17T20:09:01","date_gmt":"2025-07-17T17:09:01","guid":{"rendered":"https:\/\/kibrisdakik.com\/index.php\/2025\/07\/17\/tc-disisleri-bakani-fidan-bm-genel-sekreteri-guterres-ile-gorustu-2\/"},"modified":"2025-07-17T20:09:01","modified_gmt":"2025-07-17T17:09:01","slug":"tc-disisleri-bakani-fidan-bm-genel-sekreteri-guterres-ile-gorustu-2","status":"publish","type":"post","link":"https:\/\/kibrisdakik.com\/?p=86475","title":{"rendered":"TC D\u0131\u015fi\u015fleri Bakan\u0131 Fidan, BM Genel Sekreteri Guterres ile g\u00f6r\u00fc\u015ft\u00fc"},"content":{"rendered":"<p><\/p>\n<div>\n<div class=\"mariselle-image-container center\">\n                                            <\/div>\n<p>\u00a0<\/p>\n<p>TC D\u0131\u015fi\u015fleri Bakan\u0131 Hakan Fidan, K\u0131br\u0131s konulu geni\u015fletilmi\u015f gayriresmi toplant\u0131s\u0131 vesilesiyle bulundu\u011fu ABD\u2019nin New York eyaletinde, Birle\u015fmi\u015f Milletler (BM) Genel Sekreteri Antonio Guterres ile g\u00f6r\u00fc\u015ft\u00fc.<\/p>\n<p>Diplomatik kaynaklardan edinilen bilgiye g\u00f6re, Fidan, toplant\u0131ya i\u015ftirak etmek \u00fczere bulundu\u011fu New York\u2019ta, Guterres ile bir araya geldi.<\/p>\n<\/p><\/div>\n<p><script async\n                    defer\n                    crossorigin=\"anonymous\"\n                    src=\"https:\/\/connect.facebook.net\/tr_TR\/sdk.js#xfbml=1&#038;version=v3.3\"\n            ><\/script><\/p>\n","protected":false},"excerpt":{"rendered":"<p>\u00a0 TC D\u0131\u015fi\u015fleri Bakan\u0131 Hakan Fidan, K\u0131br\u0131s konulu geni\u015fletilmi\u015f gayriresmi toplant\u0131s\u0131 vesilesiyle bulundu\u011fu ABD\u2019nin New York eyaletinde, Birle\u015fmi\u015f Milletler (BM) Genel Sekreteri Antonio Guterres ile g\u00f6r\u00fc\u015ft\u00fc. Diplomatik kaynaklardan edinilen bilgiye g\u00f6re, Fidan, toplant\u0131ya i\u015ftirak etmek \u00fczere bulundu\u011fu New York\u2019ta, Guterres ile bir araya geldi.<\/p>\n","protected":false},"author":1,"featured_media":86476,"comment_status":"open","ping_status":"open","sticky":false,"template":"","format":"standard","meta":{"footnotes":""},"categories":[101,86],"tags":[],"class_list":["post-86475","post","type-post","status-publish","format-standard","has-post-thumbnail","hentry","category-manset","category-turkiye"],"yoast_head":"<!-- This site is optimized with the Yoast SEO plugin v27.4 - https:\/\/yoast.com\/product\/yoast-seo-wordpress\/ -->\n<title>TC D\u0131\u015fi\u015fleri Bakan\u0131 Fidan, BM Genel Sekreteri Guterres ile g\u00f6r\u00fc\u015ft\u00fc -<\/title>\n<meta name=\"robots\" content=\"index, follow, max-snippet:-1, max-image-preview:large, max-video-preview:-1\" \/>\n<link rel=\"canonical\" href=\"https:\/\/kibrisdakik.com\/?p=86475\" \/>\n<meta property=\"og:locale\" content=\"tr_TR\" \/>\n<meta property=\"og:type\" content=\"article\" \/>\n<meta property=\"og:title\" content=\"TC D\u0131\u015fi\u015fleri Bakan\u0131 Fidan, BM Genel Sekreteri Guterres ile g\u00f6r\u00fc\u015ft\u00fc -\" \/>\n<meta property=\"og:description\" content=\"\u00a0 TC D\u0131\u015fi\u015fleri Bakan\u0131 Hakan Fidan, K\u0131br\u0131s konulu geni\u015fletilmi\u015f gayriresmi toplant\u0131s\u0131 vesilesiyle bulundu\u011fu ABD\u2019nin New York eyaletinde, Birle\u015fmi\u015f Milletler (BM) Genel Sekreteri Antonio Guterres ile g\u00f6r\u00fc\u015ft\u00fc. Diplomatik kaynaklardan edinilen bilgiye g\u00f6re, Fidan, toplant\u0131ya i\u015ftirak etmek \u00fczere bulundu\u011fu New York\u2019ta, Guterres ile bir araya geldi.\" \/>\n<meta property=\"og:url\" content=\"https:\/\/kibrisdakik.com\/?p=86475\" \/>\n<meta property=\"article:published_time\" content=\"2025-07-17T17:09:01+00:00\" \/>\n<meta property=\"og:image\" content=\"https:\/\/kibrisdakik.com\/wp-content\/uploads\/2025\/07\/1752768202746Gorusme-1-740x420.jpg\" \/>\n\t<meta property=\"og:image:width\" content=\"1600\" \/>\n\t<meta property=\"og:image:height\" content=\"1066\" \/>\n\t<meta property=\"og:image:type\" content=\"image\/jpeg\" \/>\n<meta name=\"author\" content=\"admin\" \/>\n<meta name=\"twitter:card\" content=\"summary_large_image\" \/>\n<meta name=\"twitter:label1\" content=\"Yazan:\" \/>\n\t<meta name=\"twitter:data1\" content=\"admin\" \/>\n<script type=\"application\/ld+json\" class=\"yoast-schema-graph\">{\"@context\":\"https:\\\/\\\/schema.org\",\"@graph\":[{\"@type\":\"Article\",\"@id\":\"https:\\\/\\\/kibrisdakik.com\\\/?p=86475#article\",\"isPartOf\":{\"@id\":\"https:\\\/\\\/kibrisdakik.com\\\/?p=86475\"},\"author\":{\"name\":\"admin\",\"@id\":\"https:\\\/\\\/kibrisdakik.com\\\/#\\\/schema\\\/person\\\/9cd9d437bbb44f72b73ba127e06d8e79\"},\"headline\":\"TC D\u0131\u015fi\u015fleri Bakan\u0131 Fidan, BM Genel Sekreteri Guterres ile g\u00f6r\u00fc\u015ft\u00fc\",\"datePublished\":\"2025-07-17T17:09:01+00:00\",\"mainEntityOfPage\":{\"@id\":\"https:\\\/\\\/kibrisdakik.com\\\/?p=86475\"},\"wordCount\":73,\"commentCount\":0,\"image\":{\"@id\":\"https:\\\/\\\/kibrisdakik.com\\\/?p=86475#primaryimage\"},\"thumbnailUrl\":\"https:\\\/\\\/kibrisdakik.com\\\/wp-content\\\/uploads\\\/2025\\\/07\\\/1752768202746Gorusme-1-740x420.jpg\",\"articleSection\":[\"Man\u015fet\",\"T\u00fcrkiye\"],\"inLanguage\":\"tr\",\"potentialAction\":[{\"@type\":\"CommentAction\",\"name\":\"Comment\",\"target\":[\"https:\\\/\\\/kibrisdakik.com\\\/?p=86475#respond\"]}]},{\"@type\":\"WebPage\",\"@id\":\"https:\\\/\\\/kibrisdakik.com\\\/?p=86475\",\"url\":\"https:\\\/\\\/kibrisdakik.com\\\/?p=86475\",\"name\":\"TC D\u0131\u015fi\u015fleri Bakan\u0131 Fidan, BM Genel Sekreteri Guterres ile g\u00f6r\u00fc\u015ft\u00fc -\",\"isPartOf\":{\"@id\":\"https:\\\/\\\/kibrisdakik.com\\\/#website\"},\"primaryImageOfPage\":{\"@id\":\"https:\\\/\\\/kibrisdakik.com\\\/?p=86475#primaryimage\"},\"image\":{\"@id\":\"https:\\\/\\\/kibrisdakik.com\\\/?p=86475#primaryimage\"},\"thumbnailUrl\":\"https:\\\/\\\/kibrisdakik.com\\\/wp-content\\\/uploads\\\/2025\\\/07\\\/1752768202746Gorusme-1-740x420.jpg\",\"datePublished\":\"2025-07-17T17:09:01+00:00\",\"author\":{\"@id\":\"https:\\\/\\\/kibrisdakik.com\\\/#\\\/schema\\\/person\\\/9cd9d437bbb44f72b73ba127e06d8e79\"},\"breadcrumb\":{\"@id\":\"https:\\\/\\\/kibrisdakik.com\\\/?p=86475#breadcrumb\"},\"inLanguage\":\"tr\",\"potentialAction\":[{\"@type\":\"ReadAction\",\"target\":[\"https:\\\/\\\/kibrisdakik.com\\\/?p=86475\"]}]},{\"@type\":\"ImageObject\",\"inLanguage\":\"tr\",\"@id\":\"https:\\\/\\\/kibrisdakik.com\\\/?p=86475#primaryimage\",\"url\":\"https:\\\/\\\/kibrisdakik.com\\\/wp-content\\\/uploads\\\/2025\\\/07\\\/1752768202746Gorusme-1-740x420.jpg\",\"contentUrl\":\"https:\\\/\\\/kibrisdakik.com\\\/wp-content\\\/uploads\\\/2025\\\/07\\\/1752768202746Gorusme-1-740x420.jpg\",\"width\":1600,\"height\":1066},{\"@type\":\"BreadcrumbList\",\"@id\":\"https:\\\/\\\/kibrisdakik.com\\\/?p=86475#breadcrumb\",\"itemListElement\":[{\"@type\":\"ListItem\",\"position\":1,\"name\":\"Home\",\"item\":\"https:\\\/\\\/kibrisdakik.com\\\/\"},{\"@type\":\"ListItem\",\"position\":2,\"name\":\"TC D\u0131\u015fi\u015fleri Bakan\u0131 Fidan, BM Genel Sekreteri Guterres ile g\u00f6r\u00fc\u015ft\u00fc\"}]},{\"@type\":\"WebSite\",\"@id\":\"https:\\\/\\\/kibrisdakik.com\\\/#website\",\"url\":\"https:\\\/\\\/kibrisdakik.com\\\/\",\"name\":\"\",\"description\":\"Tam vaktinde haber\",\"potentialAction\":[{\"@type\":\"SearchAction\",\"target\":{\"@type\":\"EntryPoint\",\"urlTemplate\":\"https:\\\/\\\/kibrisdakik.com\\\/?s={search_term_string}\"},\"query-input\":{\"@type\":\"PropertyValueSpecification\",\"valueRequired\":true,\"valueName\":\"search_term_string\"}}],\"inLanguage\":\"tr\"},{\"@type\":\"Person\",\"@id\":\"https:\\\/\\\/kibrisdakik.com\\\/#\\\/schema\\\/person\\\/9cd9d437bbb44f72b73ba127e06d8e79\",\"name\":\"admin\",\"image\":{\"@type\":\"ImageObject\",\"inLanguage\":\"tr\",\"@id\":\"https:\\\/\\\/secure.gravatar.com\\\/avatar\\\/ccc17943b9d660506c869530f897617f7cb1c21a4bf30023f252596d83e1f007?s=96&d=mm&r=g\",\"url\":\"https:\\\/\\\/secure.gravatar.com\\\/avatar\\\/ccc17943b9d660506c869530f897617f7cb1c21a4bf30023f252596d83e1f007?s=96&d=mm&r=g\",\"contentUrl\":\"https:\\\/\\\/secure.gravatar.com\\\/avatar\\\/ccc17943b9d660506c869530f897617f7cb1c21a4bf30023f252596d83e1f007?s=96&d=mm&r=g\",\"caption\":\"admin\"},\"sameAs\":[\"https:\\\/\\\/kibrisdakik.com\"],\"url\":\"https:\\\/\\\/kibrisdakik.com\\\/?author=1\"}]}<\/script>\n<!-- \/ Yoast SEO plugin. -->","yoast_head_json":{"title":"TC D\u0131\u015fi\u015fleri Bakan\u0131 Fidan, BM Genel Sekreteri Guterres ile g\u00f6r\u00fc\u015ft\u00fc -","robots":{"index":"index","follow":"follow","max-snippet":"max-snippet:-1","max-image-preview":"max-image-preview:large","max-video-preview":"max-video-preview:-1"},"canonical":"https:\/\/kibrisdakik.com\/?p=86475","og_locale":"tr_TR","og_type":"article","og_title":"TC D\u0131\u015fi\u015fleri Bakan\u0131 Fidan, BM Genel Sekreteri Guterres ile g\u00f6r\u00fc\u015ft\u00fc -","og_description":"\u00a0 TC D\u0131\u015fi\u015fleri Bakan\u0131 Hakan Fidan, K\u0131br\u0131s konulu geni\u015fletilmi\u015f gayriresmi toplant\u0131s\u0131 vesilesiyle bulundu\u011fu ABD\u2019nin New York eyaletinde, Birle\u015fmi\u015f Milletler (BM) Genel Sekreteri Antonio Guterres ile g\u00f6r\u00fc\u015ft\u00fc. Diplomatik kaynaklardan edinilen bilgiye g\u00f6re, Fidan, toplant\u0131ya i\u015ftirak etmek \u00fczere bulundu\u011fu New York\u2019ta, Guterres ile bir araya geldi.","og_url":"https:\/\/kibrisdakik.com\/?p=86475","article_published_time":"2025-07-17T17:09:01+00:00","og_image":[{"width":1600,"height":1066,"url":"https:\/\/kibrisdakik.com\/wp-content\/uploads\/2025\/07\/1752768202746Gorusme-1-740x420.jpg","type":"image\/jpeg"}],"author":"admin","twitter_card":"summary_large_image","twitter_misc":{"Yazan:":"admin"},"schema":{"@context":"https:\/\/schema.org","@graph":[{"@type":"Article","@id":"https:\/\/kibrisdakik.com\/?p=86475#article","isPartOf":{"@id":"https:\/\/kibrisdakik.com\/?p=86475"},"author":{"name":"admin","@id":"https:\/\/kibrisdakik.com\/#\/schema\/person\/9cd9d437bbb44f72b73ba127e06d8e79"},"headline":"TC D\u0131\u015fi\u015fleri Bakan\u0131 Fidan, BM Genel Sekreteri Guterres ile g\u00f6r\u00fc\u015ft\u00fc","datePublished":"2025-07-17T17:09:01+00:00","mainEntityOfPage":{"@id":"https:\/\/kibrisdakik.com\/?p=86475"},"wordCount":73,"commentCount":0,"image":{"@id":"https:\/\/kibrisdakik.com\/?p=86475#primaryimage"},"thumbnailUrl":"https:\/\/kibrisdakik.com\/wp-content\/uploads\/2025\/07\/1752768202746Gorusme-1-740x420.jpg","articleSection":["Man\u015fet","T\u00fcrkiye"],"inLanguage":"tr","potentialAction":[{"@type":"CommentAction","name":"Comment","target":["https:\/\/kibrisdakik.com\/?p=86475#respond"]}]},{"@type":"WebPage","@id":"https:\/\/kibrisdakik.com\/?p=86475","url":"https:\/\/kibrisdakik.com\/?p=86475","name":"TC D\u0131\u015fi\u015fleri Bakan\u0131 Fidan, BM Genel Sekreteri Guterres ile g\u00f6r\u00fc\u015ft\u00fc -","isPartOf":{"@id":"https:\/\/kibrisdakik.com\/#website"},"primaryImageOfPage":{"@id":"https:\/\/kibrisdakik.com\/?p=86475#primaryimage"},"image":{"@id":"https:\/\/kibrisdakik.com\/?p=86475#primaryimage"},"thumbnailUrl":"https:\/\/kibrisdakik.com\/wp-content\/uploads\/2025\/07\/1752768202746Gorusme-1-740x420.jpg","datePublished":"2025-07-17T17:09:01+00:00","author":{"@id":"https:\/\/kibrisdakik.com\/#\/schema\/person\/9cd9d437bbb44f72b73ba127e06d8e79"},"breadcrumb":{"@id":"https:\/\/kibrisdakik.com\/?p=86475#breadcrumb"},"inLanguage":"tr","potentialAction":[{"@type":"ReadAction","target":["https:\/\/kibrisdakik.com\/?p=86475"]}]},{"@type":"ImageObject","inLanguage":"tr","@id":"https:\/\/kibrisdakik.com\/?p=86475#primaryimage","url":"https:\/\/kibrisdakik.com\/wp-content\/uploads\/2025\/07\/1752768202746Gorusme-1-740x420.jpg","contentUrl":"https:\/\/kibrisdakik.com\/wp-content\/uploads\/2025\/07\/1752768202746Gorusme-1-740x420.jpg","width":1600,"height":1066},{"@type":"BreadcrumbList","@id":"https:\/\/kibrisdakik.com\/?p=86475#breadcrumb","itemListElement":[{"@type":"ListItem","position":1,"name":"Home","item":"https:\/\/kibrisdakik.com\/"},{"@type":"ListItem","position":2,"name":"TC D\u0131\u015fi\u015fleri Bakan\u0131 Fidan, BM Genel Sekreteri Guterres ile g\u00f6r\u00fc\u015ft\u00fc"}]},{"@type":"WebSite","@id":"https:\/\/kibrisdakik.com\/#website","url":"https:\/\/kibrisdakik.com\/","name":"","description":"Tam vaktinde haber","potentialAction":[{"@type":"SearchAction","target":{"@type":"EntryPoint","urlTemplate":"https:\/\/kibrisdakik.com\/?s={search_term_string}"},"query-input":{"@type":"PropertyValueSpecification","valueRequired":true,"valueName":"search_term_string"}}],"inLanguage":"tr"},{"@type":"Person","@id":"https:\/\/kibrisdakik.com\/#\/schema\/person\/9cd9d437bbb44f72b73ba127e06d8e79","name":"admin","image":{"@type":"ImageObject","inLanguage":"tr","@id":"https:\/\/secure.gravatar.com\/avatar\/ccc17943b9d660506c869530f897617f7cb1c21a4bf30023f252596d83e1f007?s=96&d=mm&r=g","url":"https:\/\/secure.gravatar.com\/avatar\/ccc17943b9d660506c869530f897617f7cb1c21a4bf30023f252596d83e1f007?s=96&d=mm&r=g","contentUrl":"https:\/\/secure.gravatar.com\/avatar\/ccc17943b9d660506c869530f897617f7cb1c21a4bf30023f252596d83e1f007?s=96&d=mm&r=g","caption":"admin"},"sameAs":["https:\/\/kibrisdakik.com"],"url":"https:\/\/kibrisdakik.com\/?author=1"}]}},"_links":{"self":[{"href":"https:\/\/kibrisdakik.com\/index.php?rest_route=\/wp\/v2\/posts\/86475","targetHints":{"allow":["GET"]}}],"collection":[{"href":"https:\/\/kibrisdakik.com\/index.php?rest_route=\/wp\/v2\/posts"}],"about":[{"href":"https:\/\/kibrisdakik.com\/index.php?rest_route=\/wp\/v2\/types\/post"}],"author":[{"embeddable":true,"href":"https:\/\/kibrisdakik.com\/index.php?rest_route=\/wp\/v2\/users\/1"}],"replies":[{"embeddable":true,"href":"https:\/\/kibrisdakik.com\/index.php?rest_route=%2Fwp%2Fv2%2Fcomments&post=86475"}],"version-history":[{"count":0,"href":"https:\/\/kibrisdakik.com\/index.php?rest_route=\/wp\/v2\/posts\/86475\/revisions"}],"wp:featuredmedia":[{"embeddable":true,"href":"https:\/\/kibrisdakik.com\/index.php?rest_route=\/wp\/v2\/media\/86476"}],"wp:attachment":[{"href":"https:\/\/kibrisdakik.com\/index.php?rest_route=%2Fwp%2Fv2%2Fmedia&parent=86475"}],"wp:term":[{"taxonomy":"category","embeddable":true,"href":"https:\/\/kibrisdakik.com\/index.php?rest_route=%2Fwp%2Fv2%2Fcategories&post=86475"},{"taxonomy":"post_tag","embeddable":true,"href":"https:\/\/kibrisdakik.com\/index.php?rest_route=%2Fwp%2Fv2%2Ftags&post=86475"}],"curies":[{"name":"wp","href":"https:\/\/api.w.org\/{rel}","templated":true}]}}