{"id":86496,"date":"2025-07-18T10:09:02","date_gmt":"2025-07-18T07:09:02","guid":{"rendered":"https:\/\/kibrisdakik.com\/index.php\/2025\/07\/18\/yunus-emre-enstitusu-ve-aoa-arasinda-is-birligi-protokolu-imzalandi\/"},"modified":"2025-07-18T10:09:02","modified_gmt":"2025-07-18T07:09:02","slug":"yunus-emre-enstitusu-ve-aoa-arasinda-is-birligi-protokolu-imzalandi","status":"publish","type":"post","link":"https:\/\/kibrisdakik.com\/?p=86496","title":{"rendered":"Yunus Emre Enstit\u00fcs\u00fc ve A\u00d6A aras\u0131nda i\u015f birli\u011fi protokol\u00fc imzaland\u0131"},"content":{"rendered":"<p> <br \/>\n<\/p>\n<div>\n<div class=\"mariselle-image-container center\">\n                                            <\/div>\n<p>Yunus Emre Enstit\u00fcs\u00fc ve Atat\u00fcrk \u00d6\u011fretmen Akademisi (A\u00d6A) aras\u0131nda i\u015f birli\u011fi protokol\u00fc imzaland\u0131. <\/p>\n<p>Yunus Emre Enstit\u00fcs\u00fc Ba\u015fkan\u0131 Prof. Dr. Abdurrahman Aliy ile Atat\u00fcrk \u00d6\u011fretmen Akademisi Ba\u015fkan\u0131 ve T\u00fcrk Dil Kurumu Bilim Kurulu \u00dcyesi Prof. Dr. G\u00fcner Konedral\u0131 imza koydu. <\/p>\n<p>T\u00fcrk Dil Kurumunun Bilkent Yerle\u015fkesinde ger\u00e7ekle\u015fen imza t\u00f6reninde, Milli E\u011fitim Bakanl\u0131\u011f\u0131 Talim ve Terbiye Dairesi M\u00fcd\u00fcr\u00fc Murad Aktu\u011f ile Yunus Emre Enstit\u00fcs\u00fc E\u011fitim Dairesi Ba\u015fkan\u0131 ve T\u00fcrk Dil Kurumu Bilim Kurulu \u00dcyesi Do\u00e7. Dr. Emrah Boylu da yer ald\u0131. <\/p>\n<p>\u0130mzalanan protokolle e\u011fitim, k\u00fclt\u00fcr ve dil alanlar\u0131nda kar\u015f\u0131l\u0131kl\u0131 i\u015f birli\u011finin g\u00fc\u00e7lendirilmesi hedefleniyor. <\/p>\n<p>\u0130mza t\u00f6reninin ard\u0131ndan protokol heyeti, T\u00fcrk Dil Kurumu Ba\u015fkan\u0131 Prof. Dr. Osman Mert\u2019i makam\u0131nda ziyaret etti.<\/p>\n<\/p><\/div>\n<p><script async\n                    defer\n                    crossorigin=\"anonymous\"\n                    src=\"https:\/\/connect.facebook.net\/tr_TR\/sdk.js#xfbml=1&#038;version=v3.3\"\n            ><\/script><br \/>\n<br \/><br \/>\n<br \/><a href=\"[kibrisdakik.com]\n<\/p>\n","protected":false},"excerpt":{"rendered":"<p>Yunus Emre Enstit\u00fcs\u00fc ve Atat\u00fcrk \u00d6\u011fretmen Akademisi (A\u00d6A) aras\u0131nda i\u015f birli\u011fi protokol\u00fc imzaland\u0131. Yunus Emre Enstit\u00fcs\u00fc Ba\u015fkan\u0131 Prof. Dr. Abdurrahman Aliy ile Atat\u00fcrk \u00d6\u011fretmen Akademisi Ba\u015fkan\u0131 ve T\u00fcrk Dil Kurumu Bilim Kurulu \u00dcyesi Prof. Dr. G\u00fcner Konedral\u0131 imza koydu. T\u00fcrk Dil Kurumunun Bilkent Yerle\u015fkesinde ger\u00e7ekle\u015fen imza t\u00f6reninde, Milli E\u011fitim Bakanl\u0131\u011f\u0131 Talim ve Terbiye Dairesi M\u00fcd\u00fcr\u00fc<\/p>\n","protected":false},"author":1,"featured_media":86497,"comment_status":"open","ping_status":"open","sticky":false,"template":"","format":"standard","meta":{"footnotes":""},"categories":[81,101],"tags":[],"class_list":["post-86496","post","type-post","status-publish","format-standard","has-post-thumbnail","hentry","category-kibris","category-manset"],"yoast_head":"<!-- This site is optimized with the Yoast SEO plugin v27.5 - https:\/\/yoast.com\/product\/yoast-seo-wordpress\/ -->\n<title>Yunus Emre Enstit\u00fcs\u00fc ve A\u00d6A aras\u0131nda i\u015f birli\u011fi protokol\u00fc imzaland\u0131 -<\/title>\n<meta name=\"robots\" content=\"index, follow, max-snippet:-1, max-image-preview:large, max-video-preview:-1\" \/>\n<link rel=\"canonical\" href=\"https:\/\/kibrisdakik.com\/?p=86496\" \/>\n<meta property=\"og:locale\" content=\"tr_TR\" \/>\n<meta property=\"og:type\" content=\"article\" \/>\n<meta property=\"og:title\" content=\"Yunus Emre Enstit\u00fcs\u00fc ve A\u00d6A aras\u0131nda i\u015f birli\u011fi protokol\u00fc imzaland\u0131 -\" \/>\n<meta property=\"og:description\" content=\"Yunus Emre Enstit\u00fcs\u00fc ve Atat\u00fcrk \u00d6\u011fretmen Akademisi (A\u00d6A) aras\u0131nda i\u015f birli\u011fi protokol\u00fc imzaland\u0131. Yunus Emre Enstit\u00fcs\u00fc Ba\u015fkan\u0131 Prof. Dr. Abdurrahman Aliy ile Atat\u00fcrk \u00d6\u011fretmen Akademisi Ba\u015fkan\u0131 ve T\u00fcrk Dil Kurumu Bilim Kurulu \u00dcyesi Prof. Dr. G\u00fcner Konedral\u0131 imza koydu. T\u00fcrk Dil Kurumunun Bilkent Yerle\u015fkesinde ger\u00e7ekle\u015fen imza t\u00f6reninde, Milli E\u011fitim Bakanl\u0131\u011f\u0131 Talim ve Terbiye Dairesi M\u00fcd\u00fcr\u00fc\" \/>\n<meta property=\"og:url\" content=\"https:\/\/kibrisdakik.com\/?p=86496\" \/>\n<meta property=\"article:published_time\" content=\"2025-07-18T07:09:02+00:00\" \/>\n<meta property=\"og:image\" content=\"https:\/\/kibrisdakik.com\/wp-content\/uploads\/2025\/07\/1752818917153AOA-3-740x420.jpg\" \/>\n\t<meta property=\"og:image:width\" content=\"1600\" \/>\n\t<meta property=\"og:image:height\" content=\"1126\" \/>\n\t<meta property=\"og:image:type\" content=\"image\/jpeg\" \/>\n<meta name=\"author\" content=\"admin\" \/>\n<meta name=\"twitter:card\" content=\"summary_large_image\" \/>\n<meta name=\"twitter:label1\" content=\"Yazan:\" \/>\n\t<meta name=\"twitter:data1\" content=\"admin\" \/>\n\t<meta name=\"twitter:label2\" content=\"Tahmini okuma s\u00fcresi\" \/>\n\t<meta name=\"twitter:data2\" content=\"1 dakika\" \/>\n<script type=\"application\/ld+json\" class=\"yoast-schema-graph\">{\"@context\":\"https:\\\/\\\/schema.org\",\"@graph\":[{\"@type\":\"Article\",\"@id\":\"https:\\\/\\\/kibrisdakik.com\\\/?p=86496#article\",\"isPartOf\":{\"@id\":\"https:\\\/\\\/kibrisdakik.com\\\/?p=86496\"},\"author\":{\"name\":\"admin\",\"@id\":\"https:\\\/\\\/kibrisdakik.com\\\/#\\\/schema\\\/person\\\/9cd9d437bbb44f72b73ba127e06d8e79\"},\"headline\":\"Yunus Emre Enstit\u00fcs\u00fc ve A\u00d6A aras\u0131nda i\u015f birli\u011fi protokol\u00fc imzaland\u0131\",\"datePublished\":\"2025-07-18T07:09:02+00:00\",\"mainEntityOfPage\":{\"@id\":\"https:\\\/\\\/kibrisdakik.com\\\/?p=86496\"},\"wordCount\":159,\"commentCount\":0,\"image\":{\"@id\":\"https:\\\/\\\/kibrisdakik.com\\\/?p=86496#primaryimage\"},\"thumbnailUrl\":\"https:\\\/\\\/kibrisdakik.com\\\/wp-content\\\/uploads\\\/2025\\\/07\\\/1752818917153AOA-3-740x420.jpg\",\"articleSection\":[\"K\u0131br\u0131s\",\"Man\u015fet\"],\"inLanguage\":\"tr\",\"potentialAction\":[{\"@type\":\"CommentAction\",\"name\":\"Comment\",\"target\":[\"https:\\\/\\\/kibrisdakik.com\\\/?p=86496#respond\"]}]},{\"@type\":\"WebPage\",\"@id\":\"https:\\\/\\\/kibrisdakik.com\\\/?p=86496\",\"url\":\"https:\\\/\\\/kibrisdakik.com\\\/?p=86496\",\"name\":\"Yunus Emre Enstit\u00fcs\u00fc ve A\u00d6A aras\u0131nda i\u015f birli\u011fi protokol\u00fc imzaland\u0131 -\",\"isPartOf\":{\"@id\":\"https:\\\/\\\/kibrisdakik.com\\\/#website\"},\"primaryImageOfPage\":{\"@id\":\"https:\\\/\\\/kibrisdakik.com\\\/?p=86496#primaryimage\"},\"image\":{\"@id\":\"https:\\\/\\\/kibrisdakik.com\\\/?p=86496#primaryimage\"},\"thumbnailUrl\":\"https:\\\/\\\/kibrisdakik.com\\\/wp-content\\\/uploads\\\/2025\\\/07\\\/1752818917153AOA-3-740x420.jpg\",\"datePublished\":\"2025-07-18T07:09:02+00:00\",\"author\":{\"@id\":\"https:\\\/\\\/kibrisdakik.com\\\/#\\\/schema\\\/person\\\/9cd9d437bbb44f72b73ba127e06d8e79\"},\"breadcrumb\":{\"@id\":\"https:\\\/\\\/kibrisdakik.com\\\/?p=86496#breadcrumb\"},\"inLanguage\":\"tr\",\"potentialAction\":[{\"@type\":\"ReadAction\",\"target\":[\"https:\\\/\\\/kibrisdakik.com\\\/?p=86496\"]}]},{\"@type\":\"ImageObject\",\"inLanguage\":\"tr\",\"@id\":\"https:\\\/\\\/kibrisdakik.com\\\/?p=86496#primaryimage\",\"url\":\"https:\\\/\\\/kibrisdakik.com\\\/wp-content\\\/uploads\\\/2025\\\/07\\\/1752818917153AOA-3-740x420.jpg\",\"contentUrl\":\"https:\\\/\\\/kibrisdakik.com\\\/wp-content\\\/uploads\\\/2025\\\/07\\\/1752818917153AOA-3-740x420.jpg\",\"width\":1600,\"height\":1126},{\"@type\":\"BreadcrumbList\",\"@id\":\"https:\\\/\\\/kibrisdakik.com\\\/?p=86496#breadcrumb\",\"itemListElement\":[{\"@type\":\"ListItem\",\"position\":1,\"name\":\"Home\",\"item\":\"https:\\\/\\\/kibrisdakik.com\\\/\"},{\"@type\":\"ListItem\",\"position\":2,\"name\":\"Yunus Emre Enstit\u00fcs\u00fc ve A\u00d6A aras\u0131nda i\u015f birli\u011fi protokol\u00fc imzaland\u0131\"}]},{\"@type\":\"WebSite\",\"@id\":\"https:\\\/\\\/kibrisdakik.com\\\/#website\",\"url\":\"https:\\\/\\\/kibrisdakik.com\\\/\",\"name\":\"\",\"description\":\"Tam vaktinde haber\",\"potentialAction\":[{\"@type\":\"SearchAction\",\"target\":{\"@type\":\"EntryPoint\",\"urlTemplate\":\"https:\\\/\\\/kibrisdakik.com\\\/?s={search_term_string}\"},\"query-input\":{\"@type\":\"PropertyValueSpecification\",\"valueRequired\":true,\"valueName\":\"search_term_string\"}}],\"inLanguage\":\"tr\"},{\"@type\":\"Person\",\"@id\":\"https:\\\/\\\/kibrisdakik.com\\\/#\\\/schema\\\/person\\\/9cd9d437bbb44f72b73ba127e06d8e79\",\"name\":\"admin\",\"image\":{\"@type\":\"ImageObject\",\"inLanguage\":\"tr\",\"@id\":\"https:\\\/\\\/secure.gravatar.com\\\/avatar\\\/ccc17943b9d660506c869530f897617f7cb1c21a4bf30023f252596d83e1f007?s=96&d=mm&r=g\",\"url\":\"https:\\\/\\\/secure.gravatar.com\\\/avatar\\\/ccc17943b9d660506c869530f897617f7cb1c21a4bf30023f252596d83e1f007?s=96&d=mm&r=g\",\"contentUrl\":\"https:\\\/\\\/secure.gravatar.com\\\/avatar\\\/ccc17943b9d660506c869530f897617f7cb1c21a4bf30023f252596d83e1f007?s=96&d=mm&r=g\",\"caption\":\"admin\"},\"sameAs\":[\"https:\\\/\\\/kibrisdakik.com\"],\"url\":\"https:\\\/\\\/kibrisdakik.com\\\/?author=1\"}]}<\/script>\n<!-- \/ Yoast SEO plugin. -->","yoast_head_json":{"title":"Yunus Emre Enstit\u00fcs\u00fc ve A\u00d6A aras\u0131nda i\u015f birli\u011fi protokol\u00fc imzaland\u0131 -","robots":{"index":"index","follow":"follow","max-snippet":"max-snippet:-1","max-image-preview":"max-image-preview:large","max-video-preview":"max-video-preview:-1"},"canonical":"https:\/\/kibrisdakik.com\/?p=86496","og_locale":"tr_TR","og_type":"article","og_title":"Yunus Emre Enstit\u00fcs\u00fc ve A\u00d6A aras\u0131nda i\u015f birli\u011fi protokol\u00fc imzaland\u0131 -","og_description":"Yunus Emre Enstit\u00fcs\u00fc ve Atat\u00fcrk \u00d6\u011fretmen Akademisi (A\u00d6A) aras\u0131nda i\u015f birli\u011fi protokol\u00fc imzaland\u0131. Yunus Emre Enstit\u00fcs\u00fc Ba\u015fkan\u0131 Prof. Dr. Abdurrahman Aliy ile Atat\u00fcrk \u00d6\u011fretmen Akademisi Ba\u015fkan\u0131 ve T\u00fcrk Dil Kurumu Bilim Kurulu \u00dcyesi Prof. Dr. G\u00fcner Konedral\u0131 imza koydu. T\u00fcrk Dil Kurumunun Bilkent Yerle\u015fkesinde ger\u00e7ekle\u015fen imza t\u00f6reninde, Milli E\u011fitim Bakanl\u0131\u011f\u0131 Talim ve Terbiye Dairesi M\u00fcd\u00fcr\u00fc","og_url":"https:\/\/kibrisdakik.com\/?p=86496","article_published_time":"2025-07-18T07:09:02+00:00","og_image":[{"width":1600,"height":1126,"url":"https:\/\/kibrisdakik.com\/wp-content\/uploads\/2025\/07\/1752818917153AOA-3-740x420.jpg","type":"image\/jpeg"}],"author":"admin","twitter_card":"summary_large_image","twitter_misc":{"Yazan:":"admin","Tahmini okuma s\u00fcresi":"1 dakika"},"schema":{"@context":"https:\/\/schema.org","@graph":[{"@type":"Article","@id":"https:\/\/kibrisdakik.com\/?p=86496#article","isPartOf":{"@id":"https:\/\/kibrisdakik.com\/?p=86496"},"author":{"name":"admin","@id":"https:\/\/kibrisdakik.com\/#\/schema\/person\/9cd9d437bbb44f72b73ba127e06d8e79"},"headline":"Yunus Emre Enstit\u00fcs\u00fc ve A\u00d6A aras\u0131nda i\u015f birli\u011fi protokol\u00fc imzaland\u0131","datePublished":"2025-07-18T07:09:02+00:00","mainEntityOfPage":{"@id":"https:\/\/kibrisdakik.com\/?p=86496"},"wordCount":159,"commentCount":0,"image":{"@id":"https:\/\/kibrisdakik.com\/?p=86496#primaryimage"},"thumbnailUrl":"https:\/\/kibrisdakik.com\/wp-content\/uploads\/2025\/07\/1752818917153AOA-3-740x420.jpg","articleSection":["K\u0131br\u0131s","Man\u015fet"],"inLanguage":"tr","potentialAction":[{"@type":"CommentAction","name":"Comment","target":["https:\/\/kibrisdakik.com\/?p=86496#respond"]}]},{"@type":"WebPage","@id":"https:\/\/kibrisdakik.com\/?p=86496","url":"https:\/\/kibrisdakik.com\/?p=86496","name":"Yunus Emre Enstit\u00fcs\u00fc ve A\u00d6A aras\u0131nda i\u015f birli\u011fi protokol\u00fc imzaland\u0131 -","isPartOf":{"@id":"https:\/\/kibrisdakik.com\/#website"},"primaryImageOfPage":{"@id":"https:\/\/kibrisdakik.com\/?p=86496#primaryimage"},"image":{"@id":"https:\/\/kibrisdakik.com\/?p=86496#primaryimage"},"thumbnailUrl":"https:\/\/kibrisdakik.com\/wp-content\/uploads\/2025\/07\/1752818917153AOA-3-740x420.jpg","datePublished":"2025-07-18T07:09:02+00:00","author":{"@id":"https:\/\/kibrisdakik.com\/#\/schema\/person\/9cd9d437bbb44f72b73ba127e06d8e79"},"breadcrumb":{"@id":"https:\/\/kibrisdakik.com\/?p=86496#breadcrumb"},"inLanguage":"tr","potentialAction":[{"@type":"ReadAction","target":["https:\/\/kibrisdakik.com\/?p=86496"]}]},{"@type":"ImageObject","inLanguage":"tr","@id":"https:\/\/kibrisdakik.com\/?p=86496#primaryimage","url":"https:\/\/kibrisdakik.com\/wp-content\/uploads\/2025\/07\/1752818917153AOA-3-740x420.jpg","contentUrl":"https:\/\/kibrisdakik.com\/wp-content\/uploads\/2025\/07\/1752818917153AOA-3-740x420.jpg","width":1600,"height":1126},{"@type":"BreadcrumbList","@id":"https:\/\/kibrisdakik.com\/?p=86496#breadcrumb","itemListElement":[{"@type":"ListItem","position":1,"name":"Home","item":"https:\/\/kibrisdakik.com\/"},{"@type":"ListItem","position":2,"name":"Yunus Emre Enstit\u00fcs\u00fc ve A\u00d6A aras\u0131nda i\u015f birli\u011fi protokol\u00fc imzaland\u0131"}]},{"@type":"WebSite","@id":"https:\/\/kibrisdakik.com\/#website","url":"https:\/\/kibrisdakik.com\/","name":"","description":"Tam vaktinde haber","potentialAction":[{"@type":"SearchAction","target":{"@type":"EntryPoint","urlTemplate":"https:\/\/kibrisdakik.com\/?s={search_term_string}"},"query-input":{"@type":"PropertyValueSpecification","valueRequired":true,"valueName":"search_term_string"}}],"inLanguage":"tr"},{"@type":"Person","@id":"https:\/\/kibrisdakik.com\/#\/schema\/person\/9cd9d437bbb44f72b73ba127e06d8e79","name":"admin","image":{"@type":"ImageObject","inLanguage":"tr","@id":"https:\/\/secure.gravatar.com\/avatar\/ccc17943b9d660506c869530f897617f7cb1c21a4bf30023f252596d83e1f007?s=96&d=mm&r=g","url":"https:\/\/secure.gravatar.com\/avatar\/ccc17943b9d660506c869530f897617f7cb1c21a4bf30023f252596d83e1f007?s=96&d=mm&r=g","contentUrl":"https:\/\/secure.gravatar.com\/avatar\/ccc17943b9d660506c869530f897617f7cb1c21a4bf30023f252596d83e1f007?s=96&d=mm&r=g","caption":"admin"},"sameAs":["https:\/\/kibrisdakik.com"],"url":"https:\/\/kibrisdakik.com\/?author=1"}]}},"_links":{"self":[{"href":"https:\/\/kibrisdakik.com\/index.php?rest_route=\/wp\/v2\/posts\/86496","targetHints":{"allow":["GET"]}}],"collection":[{"href":"https:\/\/kibrisdakik.com\/index.php?rest_route=\/wp\/v2\/posts"}],"about":[{"href":"https:\/\/kibrisdakik.com\/index.php?rest_route=\/wp\/v2\/types\/post"}],"author":[{"embeddable":true,"href":"https:\/\/kibrisdakik.com\/index.php?rest_route=\/wp\/v2\/users\/1"}],"replies":[{"embeddable":true,"href":"https:\/\/kibrisdakik.com\/index.php?rest_route=%2Fwp%2Fv2%2Fcomments&post=86496"}],"version-history":[{"count":0,"href":"https:\/\/kibrisdakik.com\/index.php?rest_route=\/wp\/v2\/posts\/86496\/revisions"}],"wp:featuredmedia":[{"embeddable":true,"href":"https:\/\/kibrisdakik.com\/index.php?rest_route=\/wp\/v2\/media\/86497"}],"wp:attachment":[{"href":"https:\/\/kibrisdakik.com\/index.php?rest_route=%2Fwp%2Fv2%2Fmedia&parent=86496"}],"wp:term":[{"taxonomy":"category","embeddable":true,"href":"https:\/\/kibrisdakik.com\/index.php?rest_route=%2Fwp%2Fv2%2Fcategories&post=86496"},{"taxonomy":"post_tag","embeddable":true,"href":"https:\/\/kibrisdakik.com\/index.php?rest_route=%2Fwp%2Fv2%2Ftags&post=86496"}],"curies":[{"name":"wp","href":"https:\/\/api.w.org\/{rel}","templated":true}]}}