{"id":86510,"date":"2025-07-18T11:59:14","date_gmt":"2025-07-18T08:59:14","guid":{"rendered":"https:\/\/kibrisdakik.com\/index.php\/2025\/07\/18\/cumhurbaskani-tatar-new-yorkta-vurguladi-bir-anlasma-olsun-diye-egemenlikten-taviz-verilemez\/"},"modified":"2025-07-18T11:59:14","modified_gmt":"2025-07-18T08:59:14","slug":"cumhurbaskani-tatar-new-yorkta-vurguladi-bir-anlasma-olsun-diye-egemenlikten-taviz-verilemez","status":"publish","type":"post","link":"https:\/\/kibrisdakik.com\/?p=86510","title":{"rendered":"Cumhurba\u015fkan\u0131 Tatar New York\u2019ta vurgulad\u0131: \u201cBir anla\u015fma olsun diye egemenlikten taviz verilemez\u201d"},"content":{"rendered":"<p> <br \/>\n<\/p>\n<div>\n<div class=\"mariselle-image-container center\">\n                                            <\/div>\n<p>Cumhurba\u015fkan\u0131 Ersin Tatar, K\u0131br\u0131s T\u00fcrk\u00fc halk\u0131n\u0131n kendi devleti oldu\u011funu, Kuzey K\u0131br\u0131s T\u00fcrk Cumhuriyeti\u2019nde \u00f6zg\u00fcr ve ba\u011f\u0131ms\u0131z \u015fekilde ya\u015fad\u0131\u011f\u0131n\u0131 kaydederek,  bir anla\u015fma olsun diye egemenlikten taviz verilemeyece\u011fini vurgulad\u0131.<\/p>\n<p>Tatar, Birle\u015fmi\u015f Milletler (BM) ev sahipli\u011finde New York\u2019ta ger\u00e7ekle\u015fen K\u0131br\u0131s konulu geni\u015fletilmi\u015f 5+1 formatl\u0131 gayriresmi toplant\u0131n\u0131n ard\u0131ndan BM Merkezi\u2019nde ve T\u00fcrkevi\u2019nde bas\u0131n toplant\u0131s\u0131 d\u00fczenledi.<\/p>\n<p>Konu\u015fmas\u0131nda KKTC Cumhurba\u015fkan\u0131 olarak K\u0131br\u0131s T\u00fcrk halk\u0131n\u0131 koruman\u0131n g\u00f6revi oldu\u011funu vurgulayan Tatar, Rum taraf\u0131n\u0131n K\u0131br\u0131s T\u00fcrk halk\u0131n\u0131 izole etme politikas\u0131na ra\u011fmen sa\u011fduyu ve ak\u0131l\u0131n galip gelece\u011fi \u00fcmidiyle hareket ettiklerini, verici ad\u0131mlar att\u0131klar\u0131n\u0131 s\u00f6yledi.<\/p>\n<p>Cumhurba\u015fkanl\u0131\u011f\u0131ndan verilen bilgiye g\u00f6re, Tatar, konu\u015fmas\u0131na BM Genel Sekreteri Antonio Guterres, K\u0131br\u0131sl\u0131 Rum lider Nikos Christodoulides, T\u00fcrkiye Cumhuriyeti D\u0131\u015fi\u015fleri Bakan\u0131 Hakan Fidan, Yunanistan D\u0131\u015fi\u015fleri Bakan\u0131 Giorgos Gerapetritis ve Birle\u015fik Krall\u0131k Avrupa Devlet Bakan\u0131 Stephen Doughty\u2019ye kat\u0131l\u0131mlar\u0131ndan dolay\u0131 te\u015fekk\u00fcr ederek ba\u015flad\u0131.<\/p>\n<p>Cumhurba\u015fkan\u0131 Tatar ayr\u0131ca, BM Genel Sekreteri\u2019nin K\u0131br\u0131s Ki\u015fisel Temsilcisi Maria Angela Holguin Cuellar\u2019a te\u015fekk\u00fcrlerini sundu.<\/p>\n<p>Tatar, New York\u2019a yaln\u0131zca Mart ay\u0131nda Cenevre\u2019de BM Genel Sekreteri huzurunda \u00fczerinde mutab\u0131k kal\u0131nan giri\u015fimlerde ilerleme sa\u011flamak i\u00e7in de\u011fil, K\u0131br\u0131s T\u00fcrk halk\u0131 ve K\u0131br\u0131s Rum halk\u0131 aras\u0131nda i\u015f birli\u011fi k\u00fclt\u00fcr\u00fc yarat\u0131lmas\u0131na ve g\u00fcven in\u015fas\u0131na katk\u0131 sa\u011flayacak yeni giri\u015fimler sunmak amac\u0131yla olumlu, yap\u0131c\u0131 ve ileriye d\u00f6n\u00fck bir g\u00fcndemle geldi\u011fini vurgulad\u0131.<\/p>\n<p>Cumhurba\u015fkan\u0131 se\u00e7ildikten sonra gayr\u0131 resmi formatta ger\u00e7ekle\u015fen \u00fc\u00e7\u00fcnc\u00fc toplant\u0131ya kat\u0131ld\u0131\u011f\u0131n\u0131 an\u0131msatan Tatar, mart ay\u0131nda \u00fczerinde mutab\u0131k kal\u0131nan ve BM Genel Sekreteri Guterres taraf\u0131ndan bas\u0131n toplant\u0131s\u0131nda \u201cyeni bir atmosfer\u201d olarak nitelendirilen 6 giri\u015fimde ilerleme sa\u011flama konusuna tam ba\u011fl\u0131l\u0131\u011f\u0131n\u0131 her zaman korudu\u011funu belirtti.<\/p>\n<p>Tatar, New York\u2019taki genel oturumda ve ikili g\u00f6r\u00fc\u015fmelerinde, Cenevre sonras\u0131 adada ya\u015fanan talihsiz olaylar zinciri nedeniyle ya\u015fad\u0131\u011f\u0131 derin hayal k\u0131r\u0131kl\u0131\u011f\u0131n\u0131 dile getirdi\u011fini de ifade etti.<\/p>\n<p>-Yeni atmosfer<\/p>\n<p>Yeni atmosferin, iki halk\u0131n yarar\u0131na olacak 6 giri\u015fimin tamam\u0131nda somut sonu\u00e7lara ula\u015f\u0131lmas\u0131n\u0131 sa\u011flamas\u0131n\u0131 umdu\u011funu belirten Tatar, Rum taraf\u0131n\u0131n da bu yeni atmosferi korumak i\u00e7in elinden geleni yapaca\u011f\u0131na, atmosferin korunmas\u0131, K\u0131br\u0131s T\u00fcrk ve K\u0131br\u0131s Rum halklar\u0131 aras\u0131nda g\u00fcven in\u015fa etme ama\u00e7l\u0131 6 giri\u015fimdeki \u00e7al\u0131\u015fmalara katk\u0131 sa\u011flay\u0131p kolayla\u015ft\u0131raca\u011f\u0131na inand\u0131\u011f\u0131n\u0131 dile getirdi.<\/p>\n<p>Rum y\u00f6netiminin, Cenevre toplant\u0131s\u0131 sonras\u0131nda, KKTC\u2019deki mallarla ilgili olarak  m\u00fclkiyet temelli cezai takiplerinin artt\u0131\u011f\u0131n\u0131 s\u00f6yleyen Tatar, konu\u015fmas\u0131na \u015f\u00f6yle devam etti:<\/p>\n<p>\u201cRum taraf\u0131n\u0131n bu eylemleri, iki halk aras\u0131ndaki ili\u015fkilere zarar vermekte ve ekonomimize darbe vurmay\u0131 hedeflemektedir. Bir yandan biz g\u00fcven olu\u015fturup, halklar aras\u0131 temas ve etkile\u015fimi geli\u015ftirmeye \u00e7al\u0131\u015f\u0131rken, Rum y\u00f6netiminin bu eylemleri K\u0131br\u0131sl\u0131 T\u00fcrkler aras\u0131nda endi\u015fe yaratmakta, K\u0131br\u0131sl\u0131 T\u00fcrklerin bask\u0131 ve artan tehdit alt\u0131nda hissetmesine neden olmaktad\u0131r.\u201d<\/p>\n<p>K\u0131br\u0131sl\u0131 T\u00fcrklerin, G\u00fcney K\u0131br\u0131s\u2019a ge\u00e7tiklerinde veya yurtd\u0131\u015f\u0131na seyahat ettiklerinde tutuklanma veya g\u00f6zalt\u0131na al\u0131nma korkusu ya\u015fad\u0131\u011f\u0131n\u0131 s\u00f6yleyen Cumhurba\u015fkan\u0131 Tatar, Rumlar\u0131n,  ta\u015f\u0131nmaz mal ba\u015fvurusu yapabilecekleri , Avrupa \u0130nsan Haklar\u0131 Mahkemesi taraf\u0131ndan da onaylanan Ta\u015f\u0131nmaz Mal Komisyonu gibi etkin bir i\u00e7 hukuki \u00e7\u00f6z\u00fcm yolu mevcutken, bu durumdan ka\u00e7\u0131nd\u0131\u011f\u0131n\u0131 kaydetti.<\/p>\n<p>-\u201cHalk\u0131m\u0131 korumak g\u00f6revimdir\u201d<\/p>\n<p>\u201cKKTC Cumhurba\u015fkan\u0131 olarak halk\u0131m\u0131 korumak g\u00f6revimdir. Ayr\u0131ca adam\u0131z\u0131n s\u00fcrd\u00fcr\u00fclebilir gelece\u011fi i\u00e7in \u00e7al\u0131\u015fmay\u0131 da g\u00f6rev bilmekteyim, bu y\u00fczden bug\u00fcne kadar itidal g\u00f6sterdim ve kar\u015f\u0131l\u0131k verici ad\u0131mlar atmad\u0131m\u201d diye konu\u015fan Tatar, Rum y\u00f6netiminin m\u00fclkiyetle ilgili giri\u015fimlerinin, Rum toplumunda da K\u0131br\u0131s T\u00fcrk\u00fc\u2019ne y\u00f6nelik k\u0131zg\u0131nl\u0131k duygular\u0131n\u0131 k\u00f6r\u00fckledi\u011fini, Rum taraf\u0131ndan yap\u0131lan resmi a\u00e7\u0131klamalara bak\u0131l\u0131nca bu durumun, as\u0131l ama\u00e7 oldu\u011funa dair i\u015faretler olmas\u0131n\u0131n ise daha da kayg\u0131 verici oldu\u011funu vurgulad\u0131.<\/p>\n<p>\u201cBu olumsuz duygular, bizi birbirimizden ve g\u00fcven in\u015fa etmekten uzakla\u015ft\u0131rma tehdidi ta\u015f\u0131maktad\u0131r. Bu nedenle, bu olaylar daha ge\u00e7 olmadan sona ermelidir\u201d diye konu\u015fan Cumhurba\u015fkan\u0131 Tatar, \u015f\u00f6yle devam etti:<\/p>\n<p>\u201c\u00dcz\u00fcc\u00fcd\u00fcr ki, Rum y\u00f6netimi ayr\u0131ca yabanc\u0131 \u00fcst d\u00fczey yetkililerin K\u0131br\u0131s T\u00fcrk Taraf\u0131 ile temas kurmas\u0131n\u0131 engellemeyi ama\u00e7layan sistematik kampanyas\u0131n\u0131 doruk noktas\u0131na \u00e7\u0131karm\u0131\u015ft\u0131r. Halk\u0131m\u0131 izole etme ve y\u0131ld\u0131rma politikas\u0131, yeni atmosferde giri\u015fimlerde ilerleme hedefimize hizmet etmemekte; adada iki toplum aras\u0131nda olumlu bir ortam olu\u015fmas\u0131na izin vermemekte ve T\u00fcrk ile Rum toplumlar\u0131n\u0131 birbirinden daha da uzakla\u015ft\u0131rmaktad\u0131r. Bug\u00fcnk\u00fc genel oturumda da ifade etti\u011fim gibi, e\u015fitlikten ne kadar az korkarsak, i\u015fbirli\u011fi k\u00fclt\u00fcr\u00fcn\u00fcn ve b\u00f6ylelikle K\u0131br\u0131s adas\u0131n\u0131n s\u00fcrd\u00fcr\u00fclebilir gelece\u011finin in\u015fas\u0131na o kadar yakla\u015f\u0131r\u0131z\u201d.<\/p>\n<p>K\u0131br\u0131s\u2019ta son 51 y\u0131ld\u0131r K\u0131br\u0131sl\u0131 T\u00fcrk ve K\u0131br\u0131sl\u0131 Rumlar\u0131n iradesini yans\u0131tan iki devlet ve iki demokrasi bulundu\u011funu dile getiren Cumhurba\u015fkan\u0131 Tatar, yeni ve resmi m\u00fczakere s\u00fcrecinin iki taraf\u0131n do\u011fu\u015ftan gelen egemen e\u015fitlik ve e\u015fit uluslararas\u0131 stat\u00fc haklar\u0131n\u0131n yeniden teyit edilmesiyle ba\u015flat\u0131labilece\u011fini ve her iki tarafa da e\u015fit, adil ve onurlu \u015fekilde muamele edilmesi gerekti\u011fini ifade etti.<\/p>\n<p>-\u201cSa\u011fduyu ve akl\u0131n galip gelece\u011fi \u00fcmidiyle olumlu bir yakla\u015f\u0131m sergiledik\u201d<\/p>\n<p>\u201cRum taraf\u0131n\u0131n halk\u0131m\u0131 izole etme politikas\u0131na ra\u011fmen, sa\u011fduyu ve akl\u0131n galip gelece\u011fi \u00fcmidiyle olumlu bir yakla\u015f\u0131m sergiledik\u201d diyen Cumhurba\u015fkan\u0131 Tatar, mart ay\u0131nda Cenevre\u2019de yap\u0131lan gayriresmi K\u0131br\u0131s toplant\u0131s\u0131 sonras\u0131nda  baz\u0131 ilerlemelerin kaydedildi\u011fini ve Gen\u00e7lik Teknik Komitesinin kuruldu\u011funu an\u0131msatt\u0131.<\/p>\n<p>K\u00fclt\u00fcrel Miras Teknik Komitesi taraf\u0131ndan kararla\u015ft\u0131r\u0131lan mezarl\u0131klar\u0131n restorasyon \u00e7al\u0131\u015fmalar\u0131n\u0131n sorunsuz devam etti\u011fini aktaran Cumhurba\u015fkan\u0131 Tatar, \u00c7evre Teknik Komitesi\u2019nin, iklim de\u011fi\u015fikli\u011finin olas\u0131 etkileri \u00fczerinde \u00e7al\u0131\u015fmaya ba\u015flad\u0131\u011f\u0131n\u0131 kaydetti.<\/p>\n<p>-\u201cMay\u0131ns\u0131z bir K\u0131br\u0131s i\u00e7in kararl\u0131y\u0131m!\u201d<\/p>\n<p>K\u0131br\u0131s T\u00fcrk taraf\u0131n\u0131n may\u0131n temizleme konusunda tutumunun net oldu\u011funu s\u00f6yleyen Cumhurba\u015fkan\u0131 Tatar, \u201cMay\u0131ns\u0131z bir K\u0131br\u0131s i\u00e7in kararl\u0131y\u0131m! Tek bir \u015f\u00fcphe veya bahane olmaks\u0131z\u0131n! \u00d6zellikle bu hedefi insanl\u0131\u011fa, may\u0131ns\u0131z d\u00fcnya idealine katk\u0131 olarak \u00e7ok de\u011ferli buluyorum\u201d diye konu\u015ftu.<\/p>\n<p>Ara b\u00f6lgede g\u00fcne\u015f enerji santrali kurulmas\u0131 giri\u015fiminin, ortak yarar ve \u00e7evresel i\u015f birli\u011fi a\u00e7\u0131s\u0131ndan umut vaat etti\u011fini dile getiren Cumhurba\u015fkan\u0131 Tatar, ancak, Rum taraf\u0131n\u0131n \u00fcretilen elektri\u011fin do\u011frudan kontrol\u00fc ve yaln\u0131zca kendi \u015febekelerine aktar\u0131lmas\u0131nda \u0131srar etmesi sebebiyle ilerleme kaydedilemedi\u011fini s\u00f6yledi. Tatar, adil olan\u0131n her iki taraf\u0131n do\u011frudan ve mutabakatla belirlenecek enerji paylar\u0131n\u0131 almas\u0131n\u0131 \u00f6ng\u00f6ren daha dengeli bir d\u00fczenlemenin oldu\u011funu vurgulad\u0131.<\/p>\n<p>-Yeni s\u0131n\u0131r kap\u0131s\u0131 konusu\u20264 yeni s\u0131n\u0131r kap\u0131s\u0131 a\u00e7\u0131lmas\u0131 giri\u015fimi hayata ge\u00e7irilemedi<\/p>\n<p>Yeni s\u0131n\u0131r kap\u0131s\u0131 konusuna da de\u011finen Cumhurba\u015fkan\u0131 Tatar, T\u00fcrk ve Rum halk\u0131n\u0131n g\u00fcnl\u00fck ya\u015fant\u0131s\u0131nda hemen etkili olabilecek en potansiyelli alt\u0131 giri\u015fimden biri olan 4 yeni s\u0131n\u0131r kap\u0131s\u0131 a\u00e7\u0131lmas\u0131 giri\u015fiminin hayata ge\u00e7irilemedi\u011fini s\u00f6yledi.<\/p>\n<p>Rum Y\u00f6netimi Lideri Nikos Hristodulidis\u2019in, iki yeni ge\u00e7i\u015f noktas\u0131 \u00f6nerece\u011fine dair s\u00f6z\u00fcn\u00fc tutmad\u0131\u011f\u0131n\u0131 kaydeden Cumhurba\u015fkan\u0131 Tatar, \u015f\u00f6yle devam etti:<\/p>\n<p>\u201cHer iki tarafa fayda sa\u011flayacak, Metehan\u2019daki trafik yo\u011funlu\u011funu \u00e7\u00f6zecek ve iki toplum aras\u0131nda ekonomik ve sosyal etkile\u015fimi te\u015fvik edecek \u015fekilde, Lefko\u015fa\u2019n\u0131n do\u011fusundaki Haspolat ve Ak\u0131nc\u0131lar\u2019da ara\u00e7l\u0131 s\u0131n\u0131r kap\u0131s\u0131 a\u00e7\u0131lmas\u0131na dair somut teklifimi yinelemek istiyorum. Rum lider, ge\u00e7i\u015f noktas\u0131 olmayan \u2018g\u00fcneyden-g\u00fcneye\u2019 koridorlar konusunda kat\u0131 tutumunu s\u00fcrd\u00fcrmektedir. Bu konulardaki yakla\u015f\u0131m\u0131m, yaln\u0131zca kendi halk\u0131ma de\u011fil, Rum toplumuna, adam\u0131za ve b\u00f6lgemize kar\u015f\u0131 da bir sorumluluk duygusuyla \u015fekillenmektedir.\u201d<\/p>\n<p>-\u201c6 yeni giri\u015fim \u00f6nerisi sundum\u201d<\/p>\n<p>6 yeni giri\u015fim \u00f6nerisi sundu\u011funu aktaran Cumhurba\u015fkan\u0131 Tatar bu \u00f6nerileri \u015fu \u015fekilde s\u0131ralad\u0131:<\/p>\n<p>\u201cK\u0131br\u0131s adas\u0131n\u0131n sismik haritalanmas\u0131 \u00e7\u00fcnk\u00fc deprem haz\u0131rl\u0131\u011f\u0131 her iki taraf i\u00e7in de temel bir konu haline gelmi\u015ftir ve bunun ba\u015fl\u0131ca gereklili\u011fi sismik haritalamad\u0131r. Mikroplastikleri temizleme ve haritalama giri\u015fimi, ayr\u0131ca mikroplastiklerin insan sa\u011fl\u0131\u011f\u0131na, \u00e7evreye ve genel ya\u015fama y\u00f6nelik potansiyel riskleriyle m\u00fccadelede b\u00fct\u00fcnc\u00fcl ve stratejik bir yakla\u015f\u0131m benimsenmesi. K\u00fclt\u00fcrel miras alanlar\u0131, an\u0131tlar ve kay\u0131p ki\u015filerin tam olarak restore edilebilmesi i\u00e7in iki liderin ortakla\u015fa ba\u011f\u0131\u015f toplama \u00e7al\u0131\u015fmas\u0131, hava kalitesi izleme giri\u015fimi, adan\u0131n tatl\u0131 su kaynaklar\u0131n\u0131n ortak y\u00f6netimi, her ya\u015ftan insan\u0131 tehdit eden uyu\u015fturucu ka\u00e7ak\u00e7\u0131l\u0131\u011f\u0131yla m\u00fccadelede i\u015f birli\u011fi.\u201d<\/p>\n<p>Cumhurba\u015fkan\u0131 Tatar konu\u015fmas\u0131n\u0131n devam\u0131nda, BM Genel Sekreteri\u2019nin k\u0131sa bir s\u00fcre \u00f6nceki bas\u0131n toplant\u0131s\u0131nda da belirtti\u011fi \u00fczere, bir sonraki toplant\u0131ya kadar \u00e7al\u0131\u015fmak \u00fczere; sivil toplum i\u00e7in Dan\u0131\u015fma Organ\u0131, K\u00fclt\u00fcrel Eserlerin De\u011fi\u015fimi, Hava Kalitesi \u0130zleme Giri\u015fimi ve Mikroplastik Toplant\u0131s\u0131 \u00fczerinde anla\u015ft\u0131klar\u0131n\u0131 kaydetti.<\/p>\n<p>Daha \u00f6nce g\u00f6r\u00fc\u015f\u00fclen 6 maddenin 4 tanesinde ilerlemeler sa\u011fland\u0131\u011f\u0131n\u0131 ancak Rum Y\u00f6netimi Liderinin tutumundan 4 s\u0131n\u0131r kap\u0131s\u0131n\u0131n a\u00e7\u0131lmas\u0131na y\u00f6nelik ilerleme sa\u011flanamad\u0131\u011f\u0131n\u0131 dile getiren Cumhurba\u015fkan\u0131 Tatar, \u015f\u00f6yle devam etti:<\/p>\n<p>\u201cKirac\u0131k\u00f6y\u2019de Rum halk\u0131n\u0131n ge\u00e7i\u015f s\u00fcrecini k\u0131saltacak diye sorunu \u00e7\u00f6zmek i\u00e7in koridor meselesini bile g\u00fcndeme ald\u0131k ancak yol ara b\u00f6lgeden ge\u00e7iyor. Ara b\u00f6lgeden yolun ge\u00e7mesi uygun de\u011fil. 5 kilometrelik yola 5 kilometre daha ekleyelim ona g\u00f6re kap\u0131 a\u00e7\u0131ls\u0131n dedik. Ara b\u00f6lgede \u0131srar ediyorlar, oradan ge\u00e7ilmesini kabul etmiyoruz. Daha sonra Kirac\u0131k\u00f6y\u2019den vazge\u00e7ti, Erenk\u00f6y\u2019den ge\u00e7i\u015f istedi. Sonu\u00e7 alamad\u0131k. Genel Sekreter, Holguin\u2019e g\u00f6rev verdi, konu tart\u0131\u015f\u0131lacak.\u201d<\/p>\n<p>-\u201cEyl\u00fcl\u2019de \u00fc\u00e7l\u00fc g\u00f6r\u00fc\u015fme\u202652li g\u00f6r\u00fc\u015fme se\u00e7imden sonra\u201d<\/p>\n<p>Cumhurba\u015fkan\u0131 Tatar, bir soru \u00fczerine Eyl\u00fcl ay\u0131nda ger\u00e7ekle\u015fecek BM Genel Kurul toplant\u0131s\u0131nda K\u0131br\u0131sl\u0131 liderlerin \u00fc\u00e7l\u00fc g\u00f6r\u00fc\u015fme ger\u00e7ekle\u015ftirece\u011fini, garant\u00f6r devletler ve BM\u2019nin de kat\u0131laca\u011f\u0131 5\u2019li g\u00f6r\u00fc\u015fmenin ise, Cumhurba\u015fkanl\u0131\u011f\u0131 se\u00e7iminin ard\u0131ndan ger\u00e7ekle\u015fece\u011fini ifade etti. <\/p>\n<p>Cumhurba\u015fkan\u0131 se\u00e7ildikten sonra 2021 y\u0131l\u0131nda Cenevre\u2019de 5+1 toplant\u0131da federal \u00e7\u00f6z\u00fcm yerine iki devletli yeni \u00e7\u00f6z\u00fcm siyasetini g\u00fcndeme getirdi\u011fine dikkat \u00e7eken Cumhurba\u015fkan\u0131 Tatar, ayn\u0131 pozisyonda olundu\u011funu, T\u00fcrkiye\u2019nin de destekledi\u011fi pozisyonun mart ay\u0131nda da tekrar edildi\u011fini s\u00f6yledi.<\/p>\n<p>Defalarca denenen federal temelde bir \u00e7\u00f6z\u00fcme var\u0131lamad\u0131\u011f\u0131n\u0131 Annan Plan\u0131 ve Crans Montana ya\u015fananlardan sonra art\u0131k yeni bir s\u00fcrece girildi\u011fini belirten Cumhurba\u015fkan\u0131 Tatar, egemen e\u015fitlik ve e\u015fit uluslararas\u0131 stat\u00fcn\u00fcn onaylanmas\u0131n\u0131n \u00f6nemine vurgu yapt\u0131.<\/p>\n<p>-G\u00fcne\u015f enerjisi\u2026Enterkonnekte sistem..<\/p>\n<p>K\u0131br\u0131s\u2019ta enerjinin akaryak\u0131tla elde edildi\u011fine i\u015faret eden Cumhurba\u015fkan\u0131 Tatar, \u015f\u00f6yle konu\u015ftu:<\/p>\n<p>\u201cB\u00fct\u00fcn d\u00fcnya art\u0131k de\u011fi\u015fiyor. Karbondioksit sal\u0131m\u0131n\u0131 \u00f6nlemek i\u00e7in alternatiflere kay\u0131yorlar. K\u0131br\u0131s\u2019ta en fazla zengin oldu\u011fumuz konu g\u00fcne\u015f, onun i\u00e7in geliniz bir an evvel siyaseti b\u0131rak\u0131n\u0131z. T\u00fcrkiye\u2019ye 60 kilometre uzakl\u0131kta suyu getirdik, enterkonnekte sistemle T\u00fcrkiye \u00fczerinden kablo ile ba\u011flanal\u0131m ve bu enerji meselesini k\u00f6kten \u00e7\u00f6zelim. Bu meseleyi bu \u015fekilde \u00e7\u00f6zd\u00fc\u011f\u00fcm\u00fczde istedi\u011fimiz kadar g\u00fcne\u015ften enerji \u00fcretebilir ve sisteme satabiliriz. \u00c7ok b\u00fcy\u00fck imkanlar vard\u0131r buna benzer ba\u015fka \u015feyler de vard\u0131r. \u0130\u015fte do\u011fal gaz ve ada etraf\u0131ndaki zenginliklerin ara\u015ft\u0131r\u0131lmas\u0131, ancak \u2018bizim alt\u0131m\u0131zda bir cemaat olabilirsin\u2019 \u015feklinde bug\u00fcn dahi onlar\u0131n bu \u015fekil tavr\u0131n\u0131 g\u00f6rd\u00fcm. Uyu\u015fturucu meselesinde iki halk\u0131n gen\u00e7li\u011fi etkileniyor. Egemen ve otorite kendisinin oldu\u011funu iddia ederek polisimizle muhatap olmak ve i\u015fbirli\u011fi yapmak istemiyor. D\u00fcnya yava\u015f yava\u015f neyin ne oldu\u011funu anl\u0131yor\u201d  <\/p>\n<p>K\u0131br\u0131s T\u00fcrk\u00fc\u2019n\u00fcn kendi devletinin bulundu\u011funu KKTC\u2019de \u00f6zg\u00fcr ve ba\u011f\u0131ms\u0131z bir \u015fekilde ya\u015fan\u0131ld\u0131\u011f\u0131n\u0131 dile getiren Cumhurba\u015fkan\u0131 Tatar, iki devlet aras\u0131ndaki i\u015f birli\u011finin geli\u015ftirilebilece\u011fini ancak bir anla\u015fma olsun diye egemenlikten taviz verilemeyece\u011fini \u00e7\u00fcnk\u00fc geri d\u00f6n\u00fc\u015f\u00fcn olmad\u0131\u011f\u0131n\u0131 kaydetti.<\/p>\n<\/p><\/div>\n<p><script async\n                    defer\n                    crossorigin=\"anonymous\"\n                    src=\"https:\/\/connect.facebook.net\/tr_TR\/sdk.js#xfbml=1&#038;version=v3.3\"\n            ><\/script><br \/>\n<br \/><br \/>\n<br \/><a href=\"[kibrisdakik.com]\n<\/p>\n","protected":false},"excerpt":{"rendered":"<p>Cumhurba\u015fkan\u0131 Ersin Tatar, K\u0131br\u0131s T\u00fcrk\u00fc halk\u0131n\u0131n kendi devleti oldu\u011funu, Kuzey K\u0131br\u0131s T\u00fcrk Cumhuriyeti\u2019nde \u00f6zg\u00fcr ve ba\u011f\u0131ms\u0131z \u015fekilde ya\u015fad\u0131\u011f\u0131n\u0131 kaydederek, bir anla\u015fma olsun diye egemenlikten taviz verilemeyece\u011fini vurgulad\u0131. Tatar, Birle\u015fmi\u015f Milletler (BM) ev sahipli\u011finde New York\u2019ta ger\u00e7ekle\u015fen K\u0131br\u0131s konulu geni\u015fletilmi\u015f 5+1 formatl\u0131 gayriresmi toplant\u0131n\u0131n ard\u0131ndan BM Merkezi\u2019nde ve T\u00fcrkevi\u2019nde bas\u0131n toplant\u0131s\u0131 d\u00fczenledi. Konu\u015fmas\u0131nda KKTC Cumhurba\u015fkan\u0131 olarak<\/p>\n","protected":false},"author":1,"featured_media":86511,"comment_status":"open","ping_status":"open","sticky":false,"template":"","format":"standard","meta":{"footnotes":""},"categories":[81,101],"tags":[],"class_list":["post-86510","post","type-post","status-publish","format-standard","has-post-thumbnail","hentry","category-kibris","category-manset"],"yoast_head":"<!-- This site is optimized with the Yoast SEO plugin v27.5 - https:\/\/yoast.com\/product\/yoast-seo-wordpress\/ -->\n<title>Cumhurba\u015fkan\u0131 Tatar New York\u2019ta vurgulad\u0131: \u201cBir anla\u015fma olsun diye egemenlikten taviz verilemez\u201d -<\/title>\n<meta name=\"robots\" content=\"index, follow, max-snippet:-1, max-image-preview:large, max-video-preview:-1\" \/>\n<link rel=\"canonical\" href=\"https:\/\/kibrisdakik.com\/?p=86510\" \/>\n<meta property=\"og:locale\" content=\"tr_TR\" \/>\n<meta property=\"og:type\" content=\"article\" \/>\n<meta property=\"og:title\" content=\"Cumhurba\u015fkan\u0131 Tatar New York\u2019ta vurgulad\u0131: \u201cBir anla\u015fma olsun diye egemenlikten taviz verilemez\u201d -\" \/>\n<meta property=\"og:description\" content=\"Cumhurba\u015fkan\u0131 Ersin Tatar, K\u0131br\u0131s T\u00fcrk\u00fc halk\u0131n\u0131n kendi devleti oldu\u011funu, Kuzey K\u0131br\u0131s T\u00fcrk Cumhuriyeti\u2019nde \u00f6zg\u00fcr ve ba\u011f\u0131ms\u0131z \u015fekilde ya\u015fad\u0131\u011f\u0131n\u0131 kaydederek, bir anla\u015fma olsun diye egemenlikten taviz verilemeyece\u011fini vurgulad\u0131. Tatar, Birle\u015fmi\u015f Milletler (BM) ev sahipli\u011finde New York\u2019ta ger\u00e7ekle\u015fen K\u0131br\u0131s konulu geni\u015fletilmi\u015f 5+1 formatl\u0131 gayriresmi toplant\u0131n\u0131n ard\u0131ndan BM Merkezi\u2019nde ve T\u00fcrkevi\u2019nde bas\u0131n toplant\u0131s\u0131 d\u00fczenledi. Konu\u015fmas\u0131nda KKTC Cumhurba\u015fkan\u0131 olarak\" \/>\n<meta property=\"og:url\" content=\"https:\/\/kibrisdakik.com\/?p=86510\" \/>\n<meta property=\"article:published_time\" content=\"2025-07-18T08:59:14+00:00\" \/>\n<meta property=\"og:image\" content=\"https:\/\/kibrisdakik.com\/wp-content\/uploads\/2025\/07\/1752820441388CB-NEW-YORK-ACIKLAMA-1-740x420.jpg\" \/>\n\t<meta property=\"og:image:width\" content=\"1600\" \/>\n\t<meta property=\"og:image:height\" content=\"1066\" \/>\n\t<meta property=\"og:image:type\" content=\"image\/jpeg\" \/>\n<meta name=\"author\" content=\"admin\" \/>\n<meta name=\"twitter:card\" content=\"summary_large_image\" \/>\n<meta name=\"twitter:label1\" content=\"Yazan:\" \/>\n\t<meta name=\"twitter:data1\" content=\"admin\" \/>\n\t<meta name=\"twitter:label2\" content=\"Tahmini okuma s\u00fcresi\" \/>\n\t<meta name=\"twitter:data2\" content=\"11 dakika\" \/>\n<script type=\"application\/ld+json\" class=\"yoast-schema-graph\">{\"@context\":\"https:\\\/\\\/schema.org\",\"@graph\":[{\"@type\":\"Article\",\"@id\":\"https:\\\/\\\/kibrisdakik.com\\\/?p=86510#article\",\"isPartOf\":{\"@id\":\"https:\\\/\\\/kibrisdakik.com\\\/?p=86510\"},\"author\":{\"name\":\"admin\",\"@id\":\"https:\\\/\\\/kibrisdakik.com\\\/#\\\/schema\\\/person\\\/9cd9d437bbb44f72b73ba127e06d8e79\"},\"headline\":\"Cumhurba\u015fkan\u0131 Tatar New York\u2019ta vurgulad\u0131: \u201cBir anla\u015fma olsun diye egemenlikten taviz verilemez\u201d\",\"datePublished\":\"2025-07-18T08:59:14+00:00\",\"mainEntityOfPage\":{\"@id\":\"https:\\\/\\\/kibrisdakik.com\\\/?p=86510\"},\"wordCount\":2271,\"commentCount\":0,\"image\":{\"@id\":\"https:\\\/\\\/kibrisdakik.com\\\/?p=86510#primaryimage\"},\"thumbnailUrl\":\"https:\\\/\\\/kibrisdakik.com\\\/wp-content\\\/uploads\\\/2025\\\/07\\\/1752820441388CB-NEW-YORK-ACIKLAMA-1-740x420.jpg\",\"articleSection\":[\"K\u0131br\u0131s\",\"Man\u015fet\"],\"inLanguage\":\"tr\",\"potentialAction\":[{\"@type\":\"CommentAction\",\"name\":\"Comment\",\"target\":[\"https:\\\/\\\/kibrisdakik.com\\\/?p=86510#respond\"]}]},{\"@type\":\"WebPage\",\"@id\":\"https:\\\/\\\/kibrisdakik.com\\\/?p=86510\",\"url\":\"https:\\\/\\\/kibrisdakik.com\\\/?p=86510\",\"name\":\"Cumhurba\u015fkan\u0131 Tatar New York\u2019ta vurgulad\u0131: \u201cBir anla\u015fma olsun diye egemenlikten taviz verilemez\u201d -\",\"isPartOf\":{\"@id\":\"https:\\\/\\\/kibrisdakik.com\\\/#website\"},\"primaryImageOfPage\":{\"@id\":\"https:\\\/\\\/kibrisdakik.com\\\/?p=86510#primaryimage\"},\"image\":{\"@id\":\"https:\\\/\\\/kibrisdakik.com\\\/?p=86510#primaryimage\"},\"thumbnailUrl\":\"https:\\\/\\\/kibrisdakik.com\\\/wp-content\\\/uploads\\\/2025\\\/07\\\/1752820441388CB-NEW-YORK-ACIKLAMA-1-740x420.jpg\",\"datePublished\":\"2025-07-18T08:59:14+00:00\",\"author\":{\"@id\":\"https:\\\/\\\/kibrisdakik.com\\\/#\\\/schema\\\/person\\\/9cd9d437bbb44f72b73ba127e06d8e79\"},\"breadcrumb\":{\"@id\":\"https:\\\/\\\/kibrisdakik.com\\\/?p=86510#breadcrumb\"},\"inLanguage\":\"tr\",\"potentialAction\":[{\"@type\":\"ReadAction\",\"target\":[\"https:\\\/\\\/kibrisdakik.com\\\/?p=86510\"]}]},{\"@type\":\"ImageObject\",\"inLanguage\":\"tr\",\"@id\":\"https:\\\/\\\/kibrisdakik.com\\\/?p=86510#primaryimage\",\"url\":\"https:\\\/\\\/kibrisdakik.com\\\/wp-content\\\/uploads\\\/2025\\\/07\\\/1752820441388CB-NEW-YORK-ACIKLAMA-1-740x420.jpg\",\"contentUrl\":\"https:\\\/\\\/kibrisdakik.com\\\/wp-content\\\/uploads\\\/2025\\\/07\\\/1752820441388CB-NEW-YORK-ACIKLAMA-1-740x420.jpg\",\"width\":1600,\"height\":1066},{\"@type\":\"BreadcrumbList\",\"@id\":\"https:\\\/\\\/kibrisdakik.com\\\/?p=86510#breadcrumb\",\"itemListElement\":[{\"@type\":\"ListItem\",\"position\":1,\"name\":\"Home\",\"item\":\"https:\\\/\\\/kibrisdakik.com\\\/\"},{\"@type\":\"ListItem\",\"position\":2,\"name\":\"Cumhurba\u015fkan\u0131 Tatar New York\u2019ta vurgulad\u0131: \u201cBir anla\u015fma olsun diye egemenlikten taviz verilemez\u201d\"}]},{\"@type\":\"WebSite\",\"@id\":\"https:\\\/\\\/kibrisdakik.com\\\/#website\",\"url\":\"https:\\\/\\\/kibrisdakik.com\\\/\",\"name\":\"\",\"description\":\"Tam vaktinde haber\",\"potentialAction\":[{\"@type\":\"SearchAction\",\"target\":{\"@type\":\"EntryPoint\",\"urlTemplate\":\"https:\\\/\\\/kibrisdakik.com\\\/?s={search_term_string}\"},\"query-input\":{\"@type\":\"PropertyValueSpecification\",\"valueRequired\":true,\"valueName\":\"search_term_string\"}}],\"inLanguage\":\"tr\"},{\"@type\":\"Person\",\"@id\":\"https:\\\/\\\/kibrisdakik.com\\\/#\\\/schema\\\/person\\\/9cd9d437bbb44f72b73ba127e06d8e79\",\"name\":\"admin\",\"image\":{\"@type\":\"ImageObject\",\"inLanguage\":\"tr\",\"@id\":\"https:\\\/\\\/secure.gravatar.com\\\/avatar\\\/ccc17943b9d660506c869530f897617f7cb1c21a4bf30023f252596d83e1f007?s=96&d=mm&r=g\",\"url\":\"https:\\\/\\\/secure.gravatar.com\\\/avatar\\\/ccc17943b9d660506c869530f897617f7cb1c21a4bf30023f252596d83e1f007?s=96&d=mm&r=g\",\"contentUrl\":\"https:\\\/\\\/secure.gravatar.com\\\/avatar\\\/ccc17943b9d660506c869530f897617f7cb1c21a4bf30023f252596d83e1f007?s=96&d=mm&r=g\",\"caption\":\"admin\"},\"sameAs\":[\"https:\\\/\\\/kibrisdakik.com\"],\"url\":\"https:\\\/\\\/kibrisdakik.com\\\/?author=1\"}]}<\/script>\n<!-- \/ Yoast SEO plugin. -->","yoast_head_json":{"title":"Cumhurba\u015fkan\u0131 Tatar New York\u2019ta vurgulad\u0131: \u201cBir anla\u015fma olsun diye egemenlikten taviz verilemez\u201d -","robots":{"index":"index","follow":"follow","max-snippet":"max-snippet:-1","max-image-preview":"max-image-preview:large","max-video-preview":"max-video-preview:-1"},"canonical":"https:\/\/kibrisdakik.com\/?p=86510","og_locale":"tr_TR","og_type":"article","og_title":"Cumhurba\u015fkan\u0131 Tatar New York\u2019ta vurgulad\u0131: \u201cBir anla\u015fma olsun diye egemenlikten taviz verilemez\u201d -","og_description":"Cumhurba\u015fkan\u0131 Ersin Tatar, K\u0131br\u0131s T\u00fcrk\u00fc halk\u0131n\u0131n kendi devleti oldu\u011funu, Kuzey K\u0131br\u0131s T\u00fcrk Cumhuriyeti\u2019nde \u00f6zg\u00fcr ve ba\u011f\u0131ms\u0131z \u015fekilde ya\u015fad\u0131\u011f\u0131n\u0131 kaydederek, bir anla\u015fma olsun diye egemenlikten taviz verilemeyece\u011fini vurgulad\u0131. Tatar, Birle\u015fmi\u015f Milletler (BM) ev sahipli\u011finde New York\u2019ta ger\u00e7ekle\u015fen K\u0131br\u0131s konulu geni\u015fletilmi\u015f 5+1 formatl\u0131 gayriresmi toplant\u0131n\u0131n ard\u0131ndan BM Merkezi\u2019nde ve T\u00fcrkevi\u2019nde bas\u0131n toplant\u0131s\u0131 d\u00fczenledi. Konu\u015fmas\u0131nda KKTC Cumhurba\u015fkan\u0131 olarak","og_url":"https:\/\/kibrisdakik.com\/?p=86510","article_published_time":"2025-07-18T08:59:14+00:00","og_image":[{"width":1600,"height":1066,"url":"https:\/\/kibrisdakik.com\/wp-content\/uploads\/2025\/07\/1752820441388CB-NEW-YORK-ACIKLAMA-1-740x420.jpg","type":"image\/jpeg"}],"author":"admin","twitter_card":"summary_large_image","twitter_misc":{"Yazan:":"admin","Tahmini okuma s\u00fcresi":"11 dakika"},"schema":{"@context":"https:\/\/schema.org","@graph":[{"@type":"Article","@id":"https:\/\/kibrisdakik.com\/?p=86510#article","isPartOf":{"@id":"https:\/\/kibrisdakik.com\/?p=86510"},"author":{"name":"admin","@id":"https:\/\/kibrisdakik.com\/#\/schema\/person\/9cd9d437bbb44f72b73ba127e06d8e79"},"headline":"Cumhurba\u015fkan\u0131 Tatar New York\u2019ta vurgulad\u0131: \u201cBir anla\u015fma olsun diye egemenlikten taviz verilemez\u201d","datePublished":"2025-07-18T08:59:14+00:00","mainEntityOfPage":{"@id":"https:\/\/kibrisdakik.com\/?p=86510"},"wordCount":2271,"commentCount":0,"image":{"@id":"https:\/\/kibrisdakik.com\/?p=86510#primaryimage"},"thumbnailUrl":"https:\/\/kibrisdakik.com\/wp-content\/uploads\/2025\/07\/1752820441388CB-NEW-YORK-ACIKLAMA-1-740x420.jpg","articleSection":["K\u0131br\u0131s","Man\u015fet"],"inLanguage":"tr","potentialAction":[{"@type":"CommentAction","name":"Comment","target":["https:\/\/kibrisdakik.com\/?p=86510#respond"]}]},{"@type":"WebPage","@id":"https:\/\/kibrisdakik.com\/?p=86510","url":"https:\/\/kibrisdakik.com\/?p=86510","name":"Cumhurba\u015fkan\u0131 Tatar New York\u2019ta vurgulad\u0131: \u201cBir anla\u015fma olsun diye egemenlikten taviz verilemez\u201d -","isPartOf":{"@id":"https:\/\/kibrisdakik.com\/#website"},"primaryImageOfPage":{"@id":"https:\/\/kibrisdakik.com\/?p=86510#primaryimage"},"image":{"@id":"https:\/\/kibrisdakik.com\/?p=86510#primaryimage"},"thumbnailUrl":"https:\/\/kibrisdakik.com\/wp-content\/uploads\/2025\/07\/1752820441388CB-NEW-YORK-ACIKLAMA-1-740x420.jpg","datePublished":"2025-07-18T08:59:14+00:00","author":{"@id":"https:\/\/kibrisdakik.com\/#\/schema\/person\/9cd9d437bbb44f72b73ba127e06d8e79"},"breadcrumb":{"@id":"https:\/\/kibrisdakik.com\/?p=86510#breadcrumb"},"inLanguage":"tr","potentialAction":[{"@type":"ReadAction","target":["https:\/\/kibrisdakik.com\/?p=86510"]}]},{"@type":"ImageObject","inLanguage":"tr","@id":"https:\/\/kibrisdakik.com\/?p=86510#primaryimage","url":"https:\/\/kibrisdakik.com\/wp-content\/uploads\/2025\/07\/1752820441388CB-NEW-YORK-ACIKLAMA-1-740x420.jpg","contentUrl":"https:\/\/kibrisdakik.com\/wp-content\/uploads\/2025\/07\/1752820441388CB-NEW-YORK-ACIKLAMA-1-740x420.jpg","width":1600,"height":1066},{"@type":"BreadcrumbList","@id":"https:\/\/kibrisdakik.com\/?p=86510#breadcrumb","itemListElement":[{"@type":"ListItem","position":1,"name":"Home","item":"https:\/\/kibrisdakik.com\/"},{"@type":"ListItem","position":2,"name":"Cumhurba\u015fkan\u0131 Tatar New York\u2019ta vurgulad\u0131: \u201cBir anla\u015fma olsun diye egemenlikten taviz verilemez\u201d"}]},{"@type":"WebSite","@id":"https:\/\/kibrisdakik.com\/#website","url":"https:\/\/kibrisdakik.com\/","name":"","description":"Tam vaktinde haber","potentialAction":[{"@type":"SearchAction","target":{"@type":"EntryPoint","urlTemplate":"https:\/\/kibrisdakik.com\/?s={search_term_string}"},"query-input":{"@type":"PropertyValueSpecification","valueRequired":true,"valueName":"search_term_string"}}],"inLanguage":"tr"},{"@type":"Person","@id":"https:\/\/kibrisdakik.com\/#\/schema\/person\/9cd9d437bbb44f72b73ba127e06d8e79","name":"admin","image":{"@type":"ImageObject","inLanguage":"tr","@id":"https:\/\/secure.gravatar.com\/avatar\/ccc17943b9d660506c869530f897617f7cb1c21a4bf30023f252596d83e1f007?s=96&d=mm&r=g","url":"https:\/\/secure.gravatar.com\/avatar\/ccc17943b9d660506c869530f897617f7cb1c21a4bf30023f252596d83e1f007?s=96&d=mm&r=g","contentUrl":"https:\/\/secure.gravatar.com\/avatar\/ccc17943b9d660506c869530f897617f7cb1c21a4bf30023f252596d83e1f007?s=96&d=mm&r=g","caption":"admin"},"sameAs":["https:\/\/kibrisdakik.com"],"url":"https:\/\/kibrisdakik.com\/?author=1"}]}},"_links":{"self":[{"href":"https:\/\/kibrisdakik.com\/index.php?rest_route=\/wp\/v2\/posts\/86510","targetHints":{"allow":["GET"]}}],"collection":[{"href":"https:\/\/kibrisdakik.com\/index.php?rest_route=\/wp\/v2\/posts"}],"about":[{"href":"https:\/\/kibrisdakik.com\/index.php?rest_route=\/wp\/v2\/types\/post"}],"author":[{"embeddable":true,"href":"https:\/\/kibrisdakik.com\/index.php?rest_route=\/wp\/v2\/users\/1"}],"replies":[{"embeddable":true,"href":"https:\/\/kibrisdakik.com\/index.php?rest_route=%2Fwp%2Fv2%2Fcomments&post=86510"}],"version-history":[{"count":0,"href":"https:\/\/kibrisdakik.com\/index.php?rest_route=\/wp\/v2\/posts\/86510\/revisions"}],"wp:featuredmedia":[{"embeddable":true,"href":"https:\/\/kibrisdakik.com\/index.php?rest_route=\/wp\/v2\/media\/86511"}],"wp:attachment":[{"href":"https:\/\/kibrisdakik.com\/index.php?rest_route=%2Fwp%2Fv2%2Fmedia&parent=86510"}],"wp:term":[{"taxonomy":"category","embeddable":true,"href":"https:\/\/kibrisdakik.com\/index.php?rest_route=%2Fwp%2Fv2%2Fcategories&post=86510"},{"taxonomy":"post_tag","embeddable":true,"href":"https:\/\/kibrisdakik.com\/index.php?rest_route=%2Fwp%2Fv2%2Ftags&post=86510"}],"curies":[{"name":"wp","href":"https:\/\/api.w.org\/{rel}","templated":true}]}}