{"id":86533,"date":"2025-07-18T17:18:43","date_gmt":"2025-07-18T14:18:43","guid":{"rendered":"https:\/\/kibrisdakik.com\/index.php\/2025\/07\/18\/asgari-ucret-saptama-komisyonu-yeniden-toplandi-yeni-asgari-ucret-pazartesi-aciklanacak\/"},"modified":"2025-07-18T17:18:43","modified_gmt":"2025-07-18T14:18:43","slug":"asgari-ucret-saptama-komisyonu-yeniden-toplandi-yeni-asgari-ucret-pazartesi-aciklanacak","status":"publish","type":"post","link":"https:\/\/kibrisdakik.com\/?p=86533","title":{"rendered":"Asgari \u00dccret Saptama Komisyonu yeniden topland\u0131\u2026 Yeni asgari \u00fccret pazartesi a\u00e7\u0131klanacak"},"content":{"rendered":"<p> <br \/>\n<\/p>\n<div>\n<div class=\"mariselle-image-container center\">\n                                            <\/div>\n<p>Yeni asgari \u00fccret 21 Temmuz Pazartesi a\u00e7\u0131klanacak.<\/p>\n<p>Asgari \u00dccret Saptama Komisyonu, 2025 y\u0131l\u0131n\u0131n ikinci asgari \u00fccretini belirlemek \u00fczere bug\u00fcn yeniden topland\u0131.<\/p>\n<p>\u00c7al\u0131\u015fma ve Sosyal G\u00fcvenlik Bakanl\u0131\u011f\u0131\u2019nda, \u00c7al\u0131\u015fma ve Sosyal G\u00fcvenlik Bakan\u0131 Sad\u0131k Gardiyano\u011flu ba\u015fkanl\u0131\u011f\u0131nda saat 12.15\u2019te ba\u015flayan toplant\u0131ya, i\u015f\u00e7i ve i\u015fveren temsilcileri kat\u0131ld\u0131.<\/p>\n<p>Bug\u00fcnk\u00fc toplant\u0131da ortaya \u00e7\u0131kan \u00f6neriler, bug\u00fcn saat 15.00\u2019te \u00c7al\u0131\u015fma ve Sosyal G\u00fcvenlik Bakan\u0131 Sad\u0131k Gardiyano\u011flu, Maliye Bakan\u0131 \u00d6zdemir Berova ile Ekonomi ve Enerji Bakan\u0131 Olgun Amcao\u011flu\u2019nun yapaca\u011f\u0131 g\u00f6r\u00fc\u015fmede ele al\u0131nacak. \u00d6neriler daha sonra bug\u00fcn saat 17.00\u2019de ger\u00e7ekle\u015ftirilecek Bakanlar Kurulu toplant\u0131s\u0131nda de\u011ferlendirilecek.  <\/p>\n<p>Asgari \u00dccret Saptama Komisyonu 21 Temmuz Pazartesi g\u00fcn\u00fc saat 10.30\u2019da yeniden toplanarak, yeni asgari \u00fccreti a\u00e7\u0131klayacak. <\/p>\n<p>\u00d6te yandan, ge\u00e7ti\u011fimiz \u00c7ar\u015famba g\u00fcn\u00fc ger\u00e7ekle\u015ftirilen ilk toplant\u0131da salona al\u0131nmayan bas\u0131n mensuplar\u0131, bu kez toplant\u0131 \u00f6ncesinde salona al\u0131nd\u0131.<\/p>\n<p>\u00c7al\u0131\u015fma ve Sosyal G\u00fcvenlik Bakan\u0131 Sad\u0131k Gardiyano\u011flu, Asgari \u00dccret Saptama Komisyonu toplant\u0131s\u0131 \u00f6ncesinde yapt\u0131\u011f\u0131 a\u00e7\u0131klamada, 2025\u2019in ikinci asgari \u00fccretinin Pazartesi g\u00fcn\u00fc a\u00e7\u0131klanaca\u011f\u0131n\u0131 belirtti.<\/p>\n<p>Gardiyano\u011flu, bug\u00fcn taraflardan al\u0131nacak \u00f6nerilerin saat 15.00\u2019te Maliye Bakan\u0131 \u00d6zdemir Berova ve Ekonomi ve Enerji Bakan\u0131 Olgun Amcao\u011flu ile yap\u0131lacak \u00fc\u00e7l\u00fc toplant\u0131da de\u011ferlendirilece\u011fini, ard\u0131ndan bulgular\u0131n Bakanlar Kurulu\u2019na sunulaca\u011f\u0131n\u0131 ifade etti.<\/p>\n<p>Ge\u00e7mi\u015f toplant\u0131da ya\u015fanan mahkeme s\u00fcrecinin ard\u0131ndan gerekli teknik d\u00fczenlemelerin yap\u0131ld\u0131\u011f\u0131n\u0131 kaydeden Gardiyano\u011flu, alt\u0131 ayl\u0131k hayat pahal\u0131l\u0131\u011f\u0131 oran\u0131n\u0131n y\u00fczde 17,79 oldu\u011funu ve bu veriler do\u011frultusunda t\u00fcm taraflar\u0131n \u00f6nerilerini sunaca\u011f\u0131n\u0131 s\u00f6yledi.<\/p>\n<p>\u201cAsgari \u00fccret sadece devletin de\u011fil, i\u015fveren ve i\u015f\u00e7i temsilcilerinin de ortak karar\u0131yla belirlenmelidir\u201d diyen Gardiyano\u011flu, oy birli\u011fiyle karar al\u0131nmas\u0131n\u0131n en b\u00fcy\u00fck temennileri oldu\u011funu, t\u00fcm taraflardan kar\u015f\u0131l\u0131kl\u0131 anlay\u0131\u015f ve \u00f6zveri beklediklerini vurgulad\u0131.<\/p>\n<p>Toplant\u0131 saatinin teknik bir nedenden \u00f6t\u00fcr\u00fc bir saat ertelenmesinin baz\u0131 \u00e7evrelerce yanl\u0131\u015f yorumland\u0131\u011f\u0131n\u0131 da belirten Gardiyano\u011flu, \u201cBir g\u00fcn de\u011fil, sadece bir saatlik bir erteleme yapt\u0131k. Buna ra\u011fmen ciddi tepkiler geldi. Bu da halk\u0131n bu masadan \u00e7\u0131kacak karar\u0131 ne kadar yak\u0131ndan takip etti\u011fini ve beklentisinin ne denli b\u00fcy\u00fck oldu\u011funu g\u00f6steriyor\u201d dedi.<\/p>\n<p>Komisyon\u2019un bilimsel, insani ve dengeli bir karar vermesi i\u00e7in \u00e7al\u0131\u015ft\u0131klar\u0131n\u0131 ifade eden Gardiyano\u011flu, kamuoyunun \u015feffaf ve do\u011fru \u015fekilde bilgilendirilmesinin \u00f6nemine de dikkat \u00e7ekti.<\/p>\n<p>\u0130\u015fveren temsilcisi Cengiz Alp ise asgari \u00fccretin toplumun geni\u015f bir kesimini do\u011frudan etkiledi\u011fini s\u00f6yledi.<\/p>\n<p>Alp, asgari \u00fccretin yaln\u0131zca bir rakamdan ibaret olmad\u0131\u011f\u0131n\u0131; burslardan sosyal yard\u0131mlara kadar bir\u00e7ok kalemin bu rakama ba\u011fl\u0131 oldu\u011funu savundu.<\/p>\n<p>Herkesi memnun edecek bir rakam bulman\u0131n zor oldu\u011funa i\u015faret eden Alp, \u00f6nemli olan\u0131n adil ve dengeli bir \u00fccret belirlemek oldu\u011funu s\u00f6yledi.<\/p>\n<p>\u00dc\u00e7\u00fcnc\u00fc uyruklularla ilgili maa\u015f d\u00fczenlemesinin yakla\u015f\u0131k 1,5 y\u0131ld\u0131r hayata ge\u00e7irilemedi\u011fini de iddia eden Alp, bu konuda art\u0131k ad\u0131m at\u0131lmas\u0131 gerekti\u011fini savundu.<\/p>\n<p>G\u00fcney K\u0131br\u0131s\u2019taki maa\u015f destek uygulamalar\u0131na da de\u011finen Alp, h\u00fck\u00fcmetin yaln\u0131zca asgari \u00fccreti belirlemekle de\u011fil, genel ya\u015fam ko\u015fullar\u0131n\u0131 iyile\u015ftirmekle de sorumlu oldu\u011fu d\u00fc\u015f\u00fcncesini dile getirdi. <\/p>\n<p>\u201cBelirledi\u011fimiz rakam, en d\u00fc\u015f\u00fck \u00fccrettir. Ancak esas \u00f6nemli olan vatanda\u015f\u0131n ya\u015fam kalitesidir\u201d diyen Alp, \u201cBug\u00fcn en iyisini yapmaya \u00e7al\u0131\u015f\u0131yoruz ancak iyili\u011fin de g\u00f6receli bir kavram oldu\u011funu unutmamal\u0131y\u0131z\u201d ifadelerini kulland\u0131.<\/p>\n<p>\u0130\u015f\u00e7i taraf\u0131n\u0131 temsilen konu\u015fan H\u00fcr-\u0130\u015f Genel Ba\u015fkan\u0131 Ahmet Serdaro\u011flu da, daha \u00f6nce mahkemeye ta\u015f\u0131nan y\u00fczde 7,5\u2019lik art\u0131\u015f karar\u0131n\u0131n mahkeme taraf\u0131ndan dayana\u011f\u0131 olmad\u0131\u011f\u0131 gerek\u00e7esiyle yanl\u0131\u015f bulundu\u011funu dile getirdi. <\/p>\n<p>Serdaro\u011flu, Bakanl\u0131k taraf\u0131ndan Komisyon\u2019a sunulan verilerin ise 2023 y\u0131l\u0131na ait oldu\u011funu iddia etti; \u201c2023\u2019\u00fcn verileriyle 2025\u2019in asgari \u00fccretini nas\u0131l belirleyece\u011fiz?\u201d diyerek tepki g\u00f6sterdi.<\/p>\n<p>Ger\u00e7ekle\u015fen hayat pahal\u0131l\u0131\u011f\u0131n\u0131n dikkate al\u0131nmas\u0131 gerekti\u011fini s\u00f6yleyen Serdaro\u011flu, \u00f6ng\u00f6r\u00fclen de\u011fil, halk\u0131n cebinden \u00e7\u0131kan reel enflasyonun \u00fccretlere yans\u0131t\u0131lmas\u0131 gerekti\u011fini g\u00f6r\u00fc\u015f\u00fcn\u00fc aktard\u0131. <\/p>\n<p>Asgari \u00fccretin teoride ba\u015flang\u0131\u00e7 \u00fccreti olmas\u0131 gerekti\u011fini ancak bug\u00fcn ge\u00e7im \u00fccreti haline geldi\u011fini de belirten Serdaro\u011flu, \u00f6zel sekt\u00f6r \u00e7al\u0131\u015fanlar\u0131n\u0131n b\u00fcy\u00fck b\u00f6l\u00fcm\u00fcn\u00fcn bu \u00fccretle ya\u015famaya \u00e7al\u0131\u015ft\u0131\u011f\u0131n\u0131 s\u00f6yledi.<\/p>\n<p>\u00c7al\u0131\u015fma Bakan\u0131 Gardiyano\u011flu\u2019nun \u201c\u00d6nemli olan piyasay\u0131 ucuzlatmakt\u0131r\u201d s\u00f6z\u00fcn\u00fc de hat\u0131rlatan ve bu g\u00f6revin \u00e7al\u0131\u015fanlara de\u011fil, h\u00fck\u00fcmete ait oldu\u011funu savunan Serdaro\u011flu, \u00fccret art\u0131\u015f\u0131 \u00f6ncesinde yap\u0131lan elektrik ve akaryak\u0131t zamlar\u0131n\u0131 ele\u015ftirdi.<\/p>\n<p>Baz\u0131 i\u015fveren temsilcilerini de i\u015f bar\u0131\u015f\u0131n\u0131 bozmakla su\u00e7layan Serdaro\u011flu, bu ki\u015filerin art\u0131k Asgari \u00dccret Komisyonu\u2019nda yer almamas\u0131 gerekti\u011fini dile getirdi.<\/p>\n<p>Devletin k\u00fc\u00e7\u00fck ve orta \u00f6l\u00e7ekli i\u015fletmelere prim ve vergi deste\u011fi vermesi gerekti\u011fini s\u00f6yleyen Serdaro\u011flu, baz\u0131 b\u00fcy\u00fck \u015firketlerin vergi y\u00fck\u00fcml\u00fcl\u00fcklerini yerine getirmedi\u011fini iddia etti.<\/p>\n<p>\u201cBu hayat pahal\u0131l\u0131\u011f\u0131 elzemdir, \u00e7\u00fcnk\u00fc ger\u00e7ekle\u015fmi\u015ftir. \u00d6ng\u00f6r\u00fc de\u011fil, do\u011frudan cebimizden \u00e7\u0131kan bir ger\u00e7ektir. Biz, cebimizden \u00e7\u0131kan\u0131n yeniden cebimize d\u00f6nmesini istiyoruz\u201d diyen Serdaro\u011flu, bunun aksini kabul etmeyeceklerini s\u00f6yledi.<\/p>\n<p>-Bir \u00f6nceki toplant\u0131da \u00f6neriler al\u0131nm\u0131\u015f, veriler payla\u015f\u0131lm\u0131\u015ft\u0131<\/p>\n<p>Komisyon ge\u00e7ti\u011fimiz \u00c7ar\u015famba g\u00fcn\u00fc ger\u00e7ekle\u015ftirdi\u011fi ilk toplant\u0131da, i\u015f\u00e7i ve i\u015fveren taraflar\u0131n\u0131n \u00f6nerilerini alm\u0131\u015f, devletin ilgili kurumlar\u0131 taraf\u0131ndan haz\u0131rlanan ekonomik verileri taraflarla payla\u015fm\u0131\u015ft\u0131.<\/p>\n<\/p><\/div>\n<p><script async\n                    defer\n                    crossorigin=\"anonymous\"\n                    src=\"https:\/\/connect.facebook.net\/tr_TR\/sdk.js#xfbml=1&#038;version=v3.3\"\n            ><\/script><br \/>\n<br \/><br \/>\n<br \/><a href=\"[kibrisdakik.com]\n<\/p>\n","protected":false},"excerpt":{"rendered":"<p>Yeni asgari \u00fccret 21 Temmuz Pazartesi a\u00e7\u0131klanacak. Asgari \u00dccret Saptama Komisyonu, 2025 y\u0131l\u0131n\u0131n ikinci asgari \u00fccretini belirlemek \u00fczere bug\u00fcn yeniden topland\u0131. \u00c7al\u0131\u015fma ve Sosyal G\u00fcvenlik Bakanl\u0131\u011f\u0131\u2019nda, \u00c7al\u0131\u015fma ve Sosyal G\u00fcvenlik Bakan\u0131 Sad\u0131k Gardiyano\u011flu ba\u015fkanl\u0131\u011f\u0131nda saat 12.15\u2019te ba\u015flayan toplant\u0131ya, i\u015f\u00e7i ve i\u015fveren temsilcileri kat\u0131ld\u0131. Bug\u00fcnk\u00fc toplant\u0131da ortaya \u00e7\u0131kan \u00f6neriler, bug\u00fcn saat 15.00\u2019te \u00c7al\u0131\u015fma ve Sosyal G\u00fcvenlik<\/p>\n","protected":false},"author":1,"featured_media":86534,"comment_status":"open","ping_status":"open","sticky":false,"template":"","format":"standard","meta":{"footnotes":""},"categories":[81,101],"tags":[],"class_list":["post-86533","post","type-post","status-publish","format-standard","has-post-thumbnail","hentry","category-kibris","category-manset"],"yoast_head":"<!-- This site is optimized with the Yoast SEO plugin v27.5 - https:\/\/yoast.com\/product\/yoast-seo-wordpress\/ -->\n<title>Asgari \u00dccret Saptama Komisyonu yeniden topland\u0131\u2026 Yeni asgari \u00fccret pazartesi a\u00e7\u0131klanacak -<\/title>\n<meta name=\"robots\" content=\"index, follow, max-snippet:-1, max-image-preview:large, max-video-preview:-1\" \/>\n<link rel=\"canonical\" href=\"https:\/\/kibrisdakik.com\/?p=86533\" \/>\n<meta property=\"og:locale\" content=\"tr_TR\" \/>\n<meta property=\"og:type\" content=\"article\" \/>\n<meta property=\"og:title\" content=\"Asgari \u00dccret Saptama Komisyonu yeniden topland\u0131\u2026 Yeni asgari \u00fccret pazartesi a\u00e7\u0131klanacak -\" \/>\n<meta property=\"og:description\" content=\"Yeni asgari \u00fccret 21 Temmuz Pazartesi a\u00e7\u0131klanacak. Asgari \u00dccret Saptama Komisyonu, 2025 y\u0131l\u0131n\u0131n ikinci asgari \u00fccretini belirlemek \u00fczere bug\u00fcn yeniden topland\u0131. \u00c7al\u0131\u015fma ve Sosyal G\u00fcvenlik Bakanl\u0131\u011f\u0131\u2019nda, \u00c7al\u0131\u015fma ve Sosyal G\u00fcvenlik Bakan\u0131 Sad\u0131k Gardiyano\u011flu ba\u015fkanl\u0131\u011f\u0131nda saat 12.15\u2019te ba\u015flayan toplant\u0131ya, i\u015f\u00e7i ve i\u015fveren temsilcileri kat\u0131ld\u0131. Bug\u00fcnk\u00fc toplant\u0131da ortaya \u00e7\u0131kan \u00f6neriler, bug\u00fcn saat 15.00\u2019te \u00c7al\u0131\u015fma ve Sosyal G\u00fcvenlik\" \/>\n<meta property=\"og:url\" content=\"https:\/\/kibrisdakik.com\/?p=86533\" \/>\n<meta property=\"article:published_time\" content=\"2025-07-18T14:18:43+00:00\" \/>\n<meta property=\"og:image\" content=\"https:\/\/kibrisdakik.com\/wp-content\/uploads\/2025\/07\/17528393608171752837906932Asgari-Ucret-Tespit-komisyonu-toplandi-1-so-scaled-740x420.jpg\" \/>\n\t<meta property=\"og:image:width\" content=\"2560\" \/>\n\t<meta property=\"og:image:height\" content=\"1479\" \/>\n\t<meta property=\"og:image:type\" content=\"image\/jpeg\" \/>\n<meta name=\"author\" content=\"admin\" \/>\n<meta name=\"twitter:card\" content=\"summary_large_image\" \/>\n<meta name=\"twitter:label1\" content=\"Yazan:\" \/>\n\t<meta name=\"twitter:data1\" content=\"admin\" \/>\n\t<meta name=\"twitter:label2\" content=\"Tahmini okuma s\u00fcresi\" \/>\n\t<meta name=\"twitter:data2\" content=\"5 dakika\" \/>\n<script type=\"application\/ld+json\" class=\"yoast-schema-graph\">{\"@context\":\"https:\\\/\\\/schema.org\",\"@graph\":[{\"@type\":\"Article\",\"@id\":\"https:\\\/\\\/kibrisdakik.com\\\/?p=86533#article\",\"isPartOf\":{\"@id\":\"https:\\\/\\\/kibrisdakik.com\\\/?p=86533\"},\"author\":{\"name\":\"admin\",\"@id\":\"https:\\\/\\\/kibrisdakik.com\\\/#\\\/schema\\\/person\\\/9cd9d437bbb44f72b73ba127e06d8e79\"},\"headline\":\"Asgari \u00dccret Saptama Komisyonu yeniden topland\u0131\u2026 Yeni asgari \u00fccret pazartesi a\u00e7\u0131klanacak\",\"datePublished\":\"2025-07-18T14:18:43+00:00\",\"mainEntityOfPage\":{\"@id\":\"https:\\\/\\\/kibrisdakik.com\\\/?p=86533\"},\"wordCount\":974,\"commentCount\":0,\"image\":{\"@id\":\"https:\\\/\\\/kibrisdakik.com\\\/?p=86533#primaryimage\"},\"thumbnailUrl\":\"https:\\\/\\\/kibrisdakik.com\\\/wp-content\\\/uploads\\\/2025\\\/07\\\/17528393608171752837906932Asgari-Ucret-Tespit-komisyonu-toplandi-1-so-scaled-740x420.jpg\",\"articleSection\":[\"K\u0131br\u0131s\",\"Man\u015fet\"],\"inLanguage\":\"tr\",\"potentialAction\":[{\"@type\":\"CommentAction\",\"name\":\"Comment\",\"target\":[\"https:\\\/\\\/kibrisdakik.com\\\/?p=86533#respond\"]}]},{\"@type\":\"WebPage\",\"@id\":\"https:\\\/\\\/kibrisdakik.com\\\/?p=86533\",\"url\":\"https:\\\/\\\/kibrisdakik.com\\\/?p=86533\",\"name\":\"Asgari \u00dccret Saptama Komisyonu yeniden topland\u0131\u2026 Yeni asgari \u00fccret pazartesi a\u00e7\u0131klanacak -\",\"isPartOf\":{\"@id\":\"https:\\\/\\\/kibrisdakik.com\\\/#website\"},\"primaryImageOfPage\":{\"@id\":\"https:\\\/\\\/kibrisdakik.com\\\/?p=86533#primaryimage\"},\"image\":{\"@id\":\"https:\\\/\\\/kibrisdakik.com\\\/?p=86533#primaryimage\"},\"thumbnailUrl\":\"https:\\\/\\\/kibrisdakik.com\\\/wp-content\\\/uploads\\\/2025\\\/07\\\/17528393608171752837906932Asgari-Ucret-Tespit-komisyonu-toplandi-1-so-scaled-740x420.jpg\",\"datePublished\":\"2025-07-18T14:18:43+00:00\",\"author\":{\"@id\":\"https:\\\/\\\/kibrisdakik.com\\\/#\\\/schema\\\/person\\\/9cd9d437bbb44f72b73ba127e06d8e79\"},\"breadcrumb\":{\"@id\":\"https:\\\/\\\/kibrisdakik.com\\\/?p=86533#breadcrumb\"},\"inLanguage\":\"tr\",\"potentialAction\":[{\"@type\":\"ReadAction\",\"target\":[\"https:\\\/\\\/kibrisdakik.com\\\/?p=86533\"]}]},{\"@type\":\"ImageObject\",\"inLanguage\":\"tr\",\"@id\":\"https:\\\/\\\/kibrisdakik.com\\\/?p=86533#primaryimage\",\"url\":\"https:\\\/\\\/kibrisdakik.com\\\/wp-content\\\/uploads\\\/2025\\\/07\\\/17528393608171752837906932Asgari-Ucret-Tespit-komisyonu-toplandi-1-so-scaled-740x420.jpg\",\"contentUrl\":\"https:\\\/\\\/kibrisdakik.com\\\/wp-content\\\/uploads\\\/2025\\\/07\\\/17528393608171752837906932Asgari-Ucret-Tespit-komisyonu-toplandi-1-so-scaled-740x420.jpg\",\"width\":2560,\"height\":1479},{\"@type\":\"BreadcrumbList\",\"@id\":\"https:\\\/\\\/kibrisdakik.com\\\/?p=86533#breadcrumb\",\"itemListElement\":[{\"@type\":\"ListItem\",\"position\":1,\"name\":\"Home\",\"item\":\"https:\\\/\\\/kibrisdakik.com\\\/\"},{\"@type\":\"ListItem\",\"position\":2,\"name\":\"Asgari \u00dccret Saptama Komisyonu yeniden topland\u0131\u2026 Yeni asgari \u00fccret pazartesi a\u00e7\u0131klanacak\"}]},{\"@type\":\"WebSite\",\"@id\":\"https:\\\/\\\/kibrisdakik.com\\\/#website\",\"url\":\"https:\\\/\\\/kibrisdakik.com\\\/\",\"name\":\"\",\"description\":\"Tam vaktinde haber\",\"potentialAction\":[{\"@type\":\"SearchAction\",\"target\":{\"@type\":\"EntryPoint\",\"urlTemplate\":\"https:\\\/\\\/kibrisdakik.com\\\/?s={search_term_string}\"},\"query-input\":{\"@type\":\"PropertyValueSpecification\",\"valueRequired\":true,\"valueName\":\"search_term_string\"}}],\"inLanguage\":\"tr\"},{\"@type\":\"Person\",\"@id\":\"https:\\\/\\\/kibrisdakik.com\\\/#\\\/schema\\\/person\\\/9cd9d437bbb44f72b73ba127e06d8e79\",\"name\":\"admin\",\"image\":{\"@type\":\"ImageObject\",\"inLanguage\":\"tr\",\"@id\":\"https:\\\/\\\/secure.gravatar.com\\\/avatar\\\/ccc17943b9d660506c869530f897617f7cb1c21a4bf30023f252596d83e1f007?s=96&d=mm&r=g\",\"url\":\"https:\\\/\\\/secure.gravatar.com\\\/avatar\\\/ccc17943b9d660506c869530f897617f7cb1c21a4bf30023f252596d83e1f007?s=96&d=mm&r=g\",\"contentUrl\":\"https:\\\/\\\/secure.gravatar.com\\\/avatar\\\/ccc17943b9d660506c869530f897617f7cb1c21a4bf30023f252596d83e1f007?s=96&d=mm&r=g\",\"caption\":\"admin\"},\"sameAs\":[\"https:\\\/\\\/kibrisdakik.com\"],\"url\":\"https:\\\/\\\/kibrisdakik.com\\\/?author=1\"}]}<\/script>\n<!-- \/ Yoast SEO plugin. -->","yoast_head_json":{"title":"Asgari \u00dccret Saptama Komisyonu yeniden topland\u0131\u2026 Yeni asgari \u00fccret pazartesi a\u00e7\u0131klanacak -","robots":{"index":"index","follow":"follow","max-snippet":"max-snippet:-1","max-image-preview":"max-image-preview:large","max-video-preview":"max-video-preview:-1"},"canonical":"https:\/\/kibrisdakik.com\/?p=86533","og_locale":"tr_TR","og_type":"article","og_title":"Asgari \u00dccret Saptama Komisyonu yeniden topland\u0131\u2026 Yeni asgari \u00fccret pazartesi a\u00e7\u0131klanacak -","og_description":"Yeni asgari \u00fccret 21 Temmuz Pazartesi a\u00e7\u0131klanacak. Asgari \u00dccret Saptama Komisyonu, 2025 y\u0131l\u0131n\u0131n ikinci asgari \u00fccretini belirlemek \u00fczere bug\u00fcn yeniden topland\u0131. \u00c7al\u0131\u015fma ve Sosyal G\u00fcvenlik Bakanl\u0131\u011f\u0131\u2019nda, \u00c7al\u0131\u015fma ve Sosyal G\u00fcvenlik Bakan\u0131 Sad\u0131k Gardiyano\u011flu ba\u015fkanl\u0131\u011f\u0131nda saat 12.15\u2019te ba\u015flayan toplant\u0131ya, i\u015f\u00e7i ve i\u015fveren temsilcileri kat\u0131ld\u0131. Bug\u00fcnk\u00fc toplant\u0131da ortaya \u00e7\u0131kan \u00f6neriler, bug\u00fcn saat 15.00\u2019te \u00c7al\u0131\u015fma ve Sosyal G\u00fcvenlik","og_url":"https:\/\/kibrisdakik.com\/?p=86533","article_published_time":"2025-07-18T14:18:43+00:00","og_image":[{"width":2560,"height":1479,"url":"https:\/\/kibrisdakik.com\/wp-content\/uploads\/2025\/07\/17528393608171752837906932Asgari-Ucret-Tespit-komisyonu-toplandi-1-so-scaled-740x420.jpg","type":"image\/jpeg"}],"author":"admin","twitter_card":"summary_large_image","twitter_misc":{"Yazan:":"admin","Tahmini okuma s\u00fcresi":"5 dakika"},"schema":{"@context":"https:\/\/schema.org","@graph":[{"@type":"Article","@id":"https:\/\/kibrisdakik.com\/?p=86533#article","isPartOf":{"@id":"https:\/\/kibrisdakik.com\/?p=86533"},"author":{"name":"admin","@id":"https:\/\/kibrisdakik.com\/#\/schema\/person\/9cd9d437bbb44f72b73ba127e06d8e79"},"headline":"Asgari \u00dccret Saptama Komisyonu yeniden topland\u0131\u2026 Yeni asgari \u00fccret pazartesi a\u00e7\u0131klanacak","datePublished":"2025-07-18T14:18:43+00:00","mainEntityOfPage":{"@id":"https:\/\/kibrisdakik.com\/?p=86533"},"wordCount":974,"commentCount":0,"image":{"@id":"https:\/\/kibrisdakik.com\/?p=86533#primaryimage"},"thumbnailUrl":"https:\/\/kibrisdakik.com\/wp-content\/uploads\/2025\/07\/17528393608171752837906932Asgari-Ucret-Tespit-komisyonu-toplandi-1-so-scaled-740x420.jpg","articleSection":["K\u0131br\u0131s","Man\u015fet"],"inLanguage":"tr","potentialAction":[{"@type":"CommentAction","name":"Comment","target":["https:\/\/kibrisdakik.com\/?p=86533#respond"]}]},{"@type":"WebPage","@id":"https:\/\/kibrisdakik.com\/?p=86533","url":"https:\/\/kibrisdakik.com\/?p=86533","name":"Asgari \u00dccret Saptama Komisyonu yeniden topland\u0131\u2026 Yeni asgari \u00fccret pazartesi a\u00e7\u0131klanacak -","isPartOf":{"@id":"https:\/\/kibrisdakik.com\/#website"},"primaryImageOfPage":{"@id":"https:\/\/kibrisdakik.com\/?p=86533#primaryimage"},"image":{"@id":"https:\/\/kibrisdakik.com\/?p=86533#primaryimage"},"thumbnailUrl":"https:\/\/kibrisdakik.com\/wp-content\/uploads\/2025\/07\/17528393608171752837906932Asgari-Ucret-Tespit-komisyonu-toplandi-1-so-scaled-740x420.jpg","datePublished":"2025-07-18T14:18:43+00:00","author":{"@id":"https:\/\/kibrisdakik.com\/#\/schema\/person\/9cd9d437bbb44f72b73ba127e06d8e79"},"breadcrumb":{"@id":"https:\/\/kibrisdakik.com\/?p=86533#breadcrumb"},"inLanguage":"tr","potentialAction":[{"@type":"ReadAction","target":["https:\/\/kibrisdakik.com\/?p=86533"]}]},{"@type":"ImageObject","inLanguage":"tr","@id":"https:\/\/kibrisdakik.com\/?p=86533#primaryimage","url":"https:\/\/kibrisdakik.com\/wp-content\/uploads\/2025\/07\/17528393608171752837906932Asgari-Ucret-Tespit-komisyonu-toplandi-1-so-scaled-740x420.jpg","contentUrl":"https:\/\/kibrisdakik.com\/wp-content\/uploads\/2025\/07\/17528393608171752837906932Asgari-Ucret-Tespit-komisyonu-toplandi-1-so-scaled-740x420.jpg","width":2560,"height":1479},{"@type":"BreadcrumbList","@id":"https:\/\/kibrisdakik.com\/?p=86533#breadcrumb","itemListElement":[{"@type":"ListItem","position":1,"name":"Home","item":"https:\/\/kibrisdakik.com\/"},{"@type":"ListItem","position":2,"name":"Asgari \u00dccret Saptama Komisyonu yeniden topland\u0131\u2026 Yeni asgari \u00fccret pazartesi a\u00e7\u0131klanacak"}]},{"@type":"WebSite","@id":"https:\/\/kibrisdakik.com\/#website","url":"https:\/\/kibrisdakik.com\/","name":"","description":"Tam vaktinde haber","potentialAction":[{"@type":"SearchAction","target":{"@type":"EntryPoint","urlTemplate":"https:\/\/kibrisdakik.com\/?s={search_term_string}"},"query-input":{"@type":"PropertyValueSpecification","valueRequired":true,"valueName":"search_term_string"}}],"inLanguage":"tr"},{"@type":"Person","@id":"https:\/\/kibrisdakik.com\/#\/schema\/person\/9cd9d437bbb44f72b73ba127e06d8e79","name":"admin","image":{"@type":"ImageObject","inLanguage":"tr","@id":"https:\/\/secure.gravatar.com\/avatar\/ccc17943b9d660506c869530f897617f7cb1c21a4bf30023f252596d83e1f007?s=96&d=mm&r=g","url":"https:\/\/secure.gravatar.com\/avatar\/ccc17943b9d660506c869530f897617f7cb1c21a4bf30023f252596d83e1f007?s=96&d=mm&r=g","contentUrl":"https:\/\/secure.gravatar.com\/avatar\/ccc17943b9d660506c869530f897617f7cb1c21a4bf30023f252596d83e1f007?s=96&d=mm&r=g","caption":"admin"},"sameAs":["https:\/\/kibrisdakik.com"],"url":"https:\/\/kibrisdakik.com\/?author=1"}]}},"_links":{"self":[{"href":"https:\/\/kibrisdakik.com\/index.php?rest_route=\/wp\/v2\/posts\/86533","targetHints":{"allow":["GET"]}}],"collection":[{"href":"https:\/\/kibrisdakik.com\/index.php?rest_route=\/wp\/v2\/posts"}],"about":[{"href":"https:\/\/kibrisdakik.com\/index.php?rest_route=\/wp\/v2\/types\/post"}],"author":[{"embeddable":true,"href":"https:\/\/kibrisdakik.com\/index.php?rest_route=\/wp\/v2\/users\/1"}],"replies":[{"embeddable":true,"href":"https:\/\/kibrisdakik.com\/index.php?rest_route=%2Fwp%2Fv2%2Fcomments&post=86533"}],"version-history":[{"count":0,"href":"https:\/\/kibrisdakik.com\/index.php?rest_route=\/wp\/v2\/posts\/86533\/revisions"}],"wp:featuredmedia":[{"embeddable":true,"href":"https:\/\/kibrisdakik.com\/index.php?rest_route=\/wp\/v2\/media\/86534"}],"wp:attachment":[{"href":"https:\/\/kibrisdakik.com\/index.php?rest_route=%2Fwp%2Fv2%2Fmedia&parent=86533"}],"wp:term":[{"taxonomy":"category","embeddable":true,"href":"https:\/\/kibrisdakik.com\/index.php?rest_route=%2Fwp%2Fv2%2Fcategories&post=86533"},{"taxonomy":"post_tag","embeddable":true,"href":"https:\/\/kibrisdakik.com\/index.php?rest_route=%2Fwp%2Fv2%2Ftags&post=86533"}],"curies":[{"name":"wp","href":"https:\/\/api.w.org\/{rel}","templated":true}]}}