{"id":86555,"date":"2025-07-18T23:00:11","date_gmt":"2025-07-18T20:00:11","guid":{"rendered":"https:\/\/kibrisdakik.com\/index.php\/2025\/07\/18\/turkiye-ile-kktc-arasinda-ogretmen-adaylarina-yonelik-akademik-is-birligi-protokolu-imzalandi\/"},"modified":"2025-07-18T23:00:11","modified_gmt":"2025-07-18T20:00:11","slug":"turkiye-ile-kktc-arasinda-ogretmen-adaylarina-yonelik-akademik-is-birligi-protokolu-imzalandi","status":"publish","type":"post","link":"https:\/\/kibrisdakik.com\/?p=86555","title":{"rendered":"T\u00fcrkiye ile KKTC aras\u0131nda \u00f6\u011fretmen adaylar\u0131na y\u00f6nelik Akademik \u0130\u015f Birli\u011fi Protokol\u00fc imzaland\u0131"},"content":{"rendered":"<p> <br \/>\n<\/p>\n<div>\n<div class=\"mariselle-image-container center\">\n                                            <\/div>\n<p>TC Mill\u00ee E\u011fitim Akademisi ile Atat\u00fcrk \u00d6\u011fretmen Akademisi aras\u0131nda, \u00f6\u011fretmen adaylar\u0131n\u0131n mesleki geli\u015fimini desteklemeye y\u00f6nelik bir i\u015f birli\u011fi protokol\u00fc imzaland\u0131.<\/p>\n<p>Milli E\u011fitim Bakanl\u0131\u011f\u0131\u2019ndan yap\u0131lan a\u00e7\u0131klamaya g\u00f6re, protokol d\u00fcn TC Milli E\u011fitim Bakanl\u0131\u011f\u0131 AB ve D\u0131\u015f \u0130li\u015fkiler Genel M\u00fcd\u00fcr\u00fc \u00dcnal Ery\u0131lmaz\u2019\u0131n ev sahipli\u011finde, Mill\u00ee E\u011fitim Akademisi Ba\u015fkan\u0131 Cevdet Vural ve Atat\u00fcrk \u00d6\u011fretmen Akademisi Ba\u015fkan\u0131 Prof. Dr. G\u00fcner Konedral\u0131 taraf\u0131ndan imzaland\u0131. <\/p>\n<p>T\u00f6rene, TC Y\u00fcksek\u00f6\u011fretim ve Yurt D\u0131\u015f\u0131 E\u011fitim Genel M\u00fcd\u00fcr\u00fc Fethi Fahri Kaya ile Talim ve Terbiye Dairesi M\u00fcd\u00fcr\u00fc Murad Aktu\u011f da kat\u0131l\u0131m sa\u011flad\u0131.<\/p>\n<div class=\"mariselle-image-container center\">\n                <img loading=\"lazy\" decoding=\"async\" width=\"2560\" height=\"1707\" class=\"lazy-image\" alt=\"\" sizes=\"auto, (max-width: 2560px) 100vw, 2560px\" src=\"https:\/\/brtk.net\/wp-content\/uploads\/2025\/07\/18\/17528673069331000103926-scaled.jpg?ver=9192b2c2c2fc79f2c436309f4b3f24e9\" srcset=\"https:\/\/brtk.net\/wp-content\/uploads\/2025\/07\/18\/17528673069331000103926-scaled.jpg?ver=9192b2c2c2fc79f2c436309f4b3f24e9 2560w, https:\/\/brtk.net\/wp-content\/uploads\/2025\/07\/18\/17528673069331000103926-300x200.jpg?ver=9192b2c2c2fc79f2c436309f4b3f24e9 300w, https:\/\/brtk.net\/wp-content\/uploads\/2025\/07\/18\/17528673069331000103926-1024x683.jpg?ver=cb1b2918479909b800540f16f8cdf489 1024w, https:\/\/brtk.net\/wp-content\/uploads\/2025\/07\/18\/17528673069331000103926-768x512.jpg?ver=bb6c9bc5565926d5824a800ffc5a807f 768w, https:\/\/brtk.net\/wp-content\/uploads\/2025\/07\/18\/17528673069331000103926-1536x1024.jpg?ver=7590c0b0ca6e4a23ae3640ef0228a25e 1536w, https:\/\/brtk.net\/wp-content\/uploads\/2025\/07\/18\/17528673069331000103926-2048x1365.jpg?ver=c72bc53da4c5229c50ce4c4f71b9ee98 2048w\"\/>                            <\/div>\n<p>Protokol kapsam\u0131nda e\u011fitim faaliyetleri, seminer ve \u00e7al\u0131\u015ftaylar, dijital i\u00e7erik \u00fcretimi ve uzaktan e\u011fitim uygulamalar\u0131 gibi \u00e7e\u015fitli alanlarda ortak \u00e7al\u0131\u015fmalar y\u00fcr\u00fct\u00fclmesi ama\u00e7lan\u0131yor. Ayr\u0131ca, \u00f6\u011fretmen adaylar\u0131na y\u00f6nelik yapay zeka uygulamalar\u0131 ile de\u011fi\u015fen ve geli\u015fen yeni \u00f6\u011fretim yakla\u015f\u0131mlar\u0131 konusunda akademik i\u015f birli\u011fi ve mesleki geli\u015fim faaliyetlerinin desteklenmesi hedefleniyor.<\/p>\n<p>T\u00fcrkiye ve KKTC aras\u0131ndaki bu protokol, iki \u00fclkenin e\u011fitim alan\u0131ndaki ili\u015fkilerini g\u00fc\u00e7lendirmeyi ve \u00f6\u011fretmen yeti\u015ftirme s\u00fcre\u00e7lerine nitelikli katk\u0131 sunmay\u0131 hedefliyor.<\/p>\n<\/p><\/div>\n<p><script async\n                    defer\n                    crossorigin=\"anonymous\"\n                    src=\"https:\/\/connect.facebook.net\/tr_TR\/sdk.js#xfbml=1&#038;version=v3.3\"\n            ><\/script><br \/>\n<br \/><br \/>\n<br \/><a href=\"[kibrisdakik.com]\n<\/p>\n","protected":false},"excerpt":{"rendered":"<p>TC Mill\u00ee E\u011fitim Akademisi ile Atat\u00fcrk \u00d6\u011fretmen Akademisi aras\u0131nda, \u00f6\u011fretmen adaylar\u0131n\u0131n mesleki geli\u015fimini desteklemeye y\u00f6nelik bir i\u015f birli\u011fi protokol\u00fc imzaland\u0131. Milli E\u011fitim Bakanl\u0131\u011f\u0131\u2019ndan yap\u0131lan a\u00e7\u0131klamaya g\u00f6re, protokol d\u00fcn TC Milli E\u011fitim Bakanl\u0131\u011f\u0131 AB ve D\u0131\u015f \u0130li\u015fkiler Genel M\u00fcd\u00fcr\u00fc \u00dcnal Ery\u0131lmaz\u2019\u0131n ev sahipli\u011finde, Mill\u00ee E\u011fitim Akademisi Ba\u015fkan\u0131 Cevdet Vural ve Atat\u00fcrk \u00d6\u011fretmen Akademisi Ba\u015fkan\u0131 Prof. Dr.<\/p>\n","protected":false},"author":1,"featured_media":86556,"comment_status":"open","ping_status":"open","sticky":false,"template":"","format":"standard","meta":{"footnotes":""},"categories":[81,101],"tags":[],"class_list":["post-86555","post","type-post","status-publish","format-standard","has-post-thumbnail","hentry","category-kibris","category-manset"],"yoast_head":"<!-- This site is optimized with the Yoast SEO plugin v27.4 - https:\/\/yoast.com\/product\/yoast-seo-wordpress\/ -->\n<title>T\u00fcrkiye ile KKTC aras\u0131nda \u00f6\u011fretmen adaylar\u0131na y\u00f6nelik Akademik \u0130\u015f Birli\u011fi Protokol\u00fc imzaland\u0131 -<\/title>\n<meta name=\"robots\" content=\"index, follow, max-snippet:-1, max-image-preview:large, max-video-preview:-1\" \/>\n<link rel=\"canonical\" href=\"https:\/\/kibrisdakik.com\/?p=86555\" \/>\n<meta property=\"og:locale\" content=\"tr_TR\" \/>\n<meta property=\"og:type\" content=\"article\" \/>\n<meta property=\"og:title\" content=\"T\u00fcrkiye ile KKTC aras\u0131nda \u00f6\u011fretmen adaylar\u0131na y\u00f6nelik Akademik \u0130\u015f Birli\u011fi Protokol\u00fc imzaland\u0131 -\" \/>\n<meta property=\"og:description\" content=\"TC Mill\u00ee E\u011fitim Akademisi ile Atat\u00fcrk \u00d6\u011fretmen Akademisi aras\u0131nda, \u00f6\u011fretmen adaylar\u0131n\u0131n mesleki geli\u015fimini desteklemeye y\u00f6nelik bir i\u015f birli\u011fi protokol\u00fc imzaland\u0131. Milli E\u011fitim Bakanl\u0131\u011f\u0131\u2019ndan yap\u0131lan a\u00e7\u0131klamaya g\u00f6re, protokol d\u00fcn TC Milli E\u011fitim Bakanl\u0131\u011f\u0131 AB ve D\u0131\u015f \u0130li\u015fkiler Genel M\u00fcd\u00fcr\u00fc \u00dcnal Ery\u0131lmaz\u2019\u0131n ev sahipli\u011finde, Mill\u00ee E\u011fitim Akademisi Ba\u015fkan\u0131 Cevdet Vural ve Atat\u00fcrk \u00d6\u011fretmen Akademisi Ba\u015fkan\u0131 Prof. Dr.\" \/>\n<meta property=\"og:url\" content=\"https:\/\/kibrisdakik.com\/?p=86555\" \/>\n<meta property=\"article:published_time\" content=\"2025-07-18T20:00:11+00:00\" \/>\n<meta property=\"og:image\" content=\"https:\/\/kibrisdakik.com\/wp-content\/uploads\/2025\/07\/17528673069321000103908-scaled-740x420.jpg\" \/>\n\t<meta property=\"og:image:width\" content=\"2560\" \/>\n\t<meta property=\"og:image:height\" content=\"1707\" \/>\n\t<meta property=\"og:image:type\" content=\"image\/jpeg\" \/>\n<meta name=\"author\" content=\"admin\" \/>\n<meta name=\"twitter:card\" content=\"summary_large_image\" \/>\n<meta name=\"twitter:label1\" content=\"Yazan:\" \/>\n\t<meta name=\"twitter:data1\" content=\"admin\" \/>\n\t<meta name=\"twitter:label2\" content=\"Tahmini okuma s\u00fcresi\" \/>\n\t<meta name=\"twitter:data2\" content=\"1 dakika\" \/>\n<script type=\"application\/ld+json\" class=\"yoast-schema-graph\">{\"@context\":\"https:\\\/\\\/schema.org\",\"@graph\":[{\"@type\":\"Article\",\"@id\":\"https:\\\/\\\/kibrisdakik.com\\\/?p=86555#article\",\"isPartOf\":{\"@id\":\"https:\\\/\\\/kibrisdakik.com\\\/?p=86555\"},\"author\":{\"name\":\"admin\",\"@id\":\"https:\\\/\\\/kibrisdakik.com\\\/#\\\/schema\\\/person\\\/9cd9d437bbb44f72b73ba127e06d8e79\"},\"headline\":\"T\u00fcrkiye ile KKTC aras\u0131nda \u00f6\u011fretmen adaylar\u0131na y\u00f6nelik Akademik \u0130\u015f Birli\u011fi Protokol\u00fc imzaland\u0131\",\"datePublished\":\"2025-07-18T20:00:11+00:00\",\"mainEntityOfPage\":{\"@id\":\"https:\\\/\\\/kibrisdakik.com\\\/?p=86555\"},\"wordCount\":233,\"commentCount\":0,\"image\":{\"@id\":\"https:\\\/\\\/kibrisdakik.com\\\/?p=86555#primaryimage\"},\"thumbnailUrl\":\"https:\\\/\\\/kibrisdakik.com\\\/wp-content\\\/uploads\\\/2025\\\/07\\\/17528673069321000103908-scaled-740x420.jpg\",\"articleSection\":[\"K\u0131br\u0131s\",\"Man\u015fet\"],\"inLanguage\":\"tr\",\"potentialAction\":[{\"@type\":\"CommentAction\",\"name\":\"Comment\",\"target\":[\"https:\\\/\\\/kibrisdakik.com\\\/?p=86555#respond\"]}]},{\"@type\":\"WebPage\",\"@id\":\"https:\\\/\\\/kibrisdakik.com\\\/?p=86555\",\"url\":\"https:\\\/\\\/kibrisdakik.com\\\/?p=86555\",\"name\":\"T\u00fcrkiye ile KKTC aras\u0131nda \u00f6\u011fretmen adaylar\u0131na y\u00f6nelik Akademik \u0130\u015f Birli\u011fi Protokol\u00fc imzaland\u0131 -\",\"isPartOf\":{\"@id\":\"https:\\\/\\\/kibrisdakik.com\\\/#website\"},\"primaryImageOfPage\":{\"@id\":\"https:\\\/\\\/kibrisdakik.com\\\/?p=86555#primaryimage\"},\"image\":{\"@id\":\"https:\\\/\\\/kibrisdakik.com\\\/?p=86555#primaryimage\"},\"thumbnailUrl\":\"https:\\\/\\\/kibrisdakik.com\\\/wp-content\\\/uploads\\\/2025\\\/07\\\/17528673069321000103908-scaled-740x420.jpg\",\"datePublished\":\"2025-07-18T20:00:11+00:00\",\"author\":{\"@id\":\"https:\\\/\\\/kibrisdakik.com\\\/#\\\/schema\\\/person\\\/9cd9d437bbb44f72b73ba127e06d8e79\"},\"breadcrumb\":{\"@id\":\"https:\\\/\\\/kibrisdakik.com\\\/?p=86555#breadcrumb\"},\"inLanguage\":\"tr\",\"potentialAction\":[{\"@type\":\"ReadAction\",\"target\":[\"https:\\\/\\\/kibrisdakik.com\\\/?p=86555\"]}]},{\"@type\":\"ImageObject\",\"inLanguage\":\"tr\",\"@id\":\"https:\\\/\\\/kibrisdakik.com\\\/?p=86555#primaryimage\",\"url\":\"https:\\\/\\\/kibrisdakik.com\\\/wp-content\\\/uploads\\\/2025\\\/07\\\/17528673069321000103908-scaled-740x420.jpg\",\"contentUrl\":\"https:\\\/\\\/kibrisdakik.com\\\/wp-content\\\/uploads\\\/2025\\\/07\\\/17528673069321000103908-scaled-740x420.jpg\",\"width\":2560,\"height\":1707},{\"@type\":\"BreadcrumbList\",\"@id\":\"https:\\\/\\\/kibrisdakik.com\\\/?p=86555#breadcrumb\",\"itemListElement\":[{\"@type\":\"ListItem\",\"position\":1,\"name\":\"Home\",\"item\":\"https:\\\/\\\/kibrisdakik.com\\\/\"},{\"@type\":\"ListItem\",\"position\":2,\"name\":\"T\u00fcrkiye ile KKTC aras\u0131nda \u00f6\u011fretmen adaylar\u0131na y\u00f6nelik Akademik \u0130\u015f Birli\u011fi Protokol\u00fc imzaland\u0131\"}]},{\"@type\":\"WebSite\",\"@id\":\"https:\\\/\\\/kibrisdakik.com\\\/#website\",\"url\":\"https:\\\/\\\/kibrisdakik.com\\\/\",\"name\":\"\",\"description\":\"Tam vaktinde haber\",\"potentialAction\":[{\"@type\":\"SearchAction\",\"target\":{\"@type\":\"EntryPoint\",\"urlTemplate\":\"https:\\\/\\\/kibrisdakik.com\\\/?s={search_term_string}\"},\"query-input\":{\"@type\":\"PropertyValueSpecification\",\"valueRequired\":true,\"valueName\":\"search_term_string\"}}],\"inLanguage\":\"tr\"},{\"@type\":\"Person\",\"@id\":\"https:\\\/\\\/kibrisdakik.com\\\/#\\\/schema\\\/person\\\/9cd9d437bbb44f72b73ba127e06d8e79\",\"name\":\"admin\",\"image\":{\"@type\":\"ImageObject\",\"inLanguage\":\"tr\",\"@id\":\"https:\\\/\\\/secure.gravatar.com\\\/avatar\\\/ccc17943b9d660506c869530f897617f7cb1c21a4bf30023f252596d83e1f007?s=96&d=mm&r=g\",\"url\":\"https:\\\/\\\/secure.gravatar.com\\\/avatar\\\/ccc17943b9d660506c869530f897617f7cb1c21a4bf30023f252596d83e1f007?s=96&d=mm&r=g\",\"contentUrl\":\"https:\\\/\\\/secure.gravatar.com\\\/avatar\\\/ccc17943b9d660506c869530f897617f7cb1c21a4bf30023f252596d83e1f007?s=96&d=mm&r=g\",\"caption\":\"admin\"},\"sameAs\":[\"https:\\\/\\\/kibrisdakik.com\"],\"url\":\"https:\\\/\\\/kibrisdakik.com\\\/?author=1\"}]}<\/script>\n<!-- \/ Yoast SEO plugin. -->","yoast_head_json":{"title":"T\u00fcrkiye ile KKTC aras\u0131nda \u00f6\u011fretmen adaylar\u0131na y\u00f6nelik Akademik \u0130\u015f Birli\u011fi Protokol\u00fc imzaland\u0131 -","robots":{"index":"index","follow":"follow","max-snippet":"max-snippet:-1","max-image-preview":"max-image-preview:large","max-video-preview":"max-video-preview:-1"},"canonical":"https:\/\/kibrisdakik.com\/?p=86555","og_locale":"tr_TR","og_type":"article","og_title":"T\u00fcrkiye ile KKTC aras\u0131nda \u00f6\u011fretmen adaylar\u0131na y\u00f6nelik Akademik \u0130\u015f Birli\u011fi Protokol\u00fc imzaland\u0131 -","og_description":"TC Mill\u00ee E\u011fitim Akademisi ile Atat\u00fcrk \u00d6\u011fretmen Akademisi aras\u0131nda, \u00f6\u011fretmen adaylar\u0131n\u0131n mesleki geli\u015fimini desteklemeye y\u00f6nelik bir i\u015f birli\u011fi protokol\u00fc imzaland\u0131. Milli E\u011fitim Bakanl\u0131\u011f\u0131\u2019ndan yap\u0131lan a\u00e7\u0131klamaya g\u00f6re, protokol d\u00fcn TC Milli E\u011fitim Bakanl\u0131\u011f\u0131 AB ve D\u0131\u015f \u0130li\u015fkiler Genel M\u00fcd\u00fcr\u00fc \u00dcnal Ery\u0131lmaz\u2019\u0131n ev sahipli\u011finde, Mill\u00ee E\u011fitim Akademisi Ba\u015fkan\u0131 Cevdet Vural ve Atat\u00fcrk \u00d6\u011fretmen Akademisi Ba\u015fkan\u0131 Prof. Dr.","og_url":"https:\/\/kibrisdakik.com\/?p=86555","article_published_time":"2025-07-18T20:00:11+00:00","og_image":[{"width":2560,"height":1707,"url":"https:\/\/kibrisdakik.com\/wp-content\/uploads\/2025\/07\/17528673069321000103908-scaled-740x420.jpg","type":"image\/jpeg"}],"author":"admin","twitter_card":"summary_large_image","twitter_misc":{"Yazan:":"admin","Tahmini okuma s\u00fcresi":"1 dakika"},"schema":{"@context":"https:\/\/schema.org","@graph":[{"@type":"Article","@id":"https:\/\/kibrisdakik.com\/?p=86555#article","isPartOf":{"@id":"https:\/\/kibrisdakik.com\/?p=86555"},"author":{"name":"admin","@id":"https:\/\/kibrisdakik.com\/#\/schema\/person\/9cd9d437bbb44f72b73ba127e06d8e79"},"headline":"T\u00fcrkiye ile KKTC aras\u0131nda \u00f6\u011fretmen adaylar\u0131na y\u00f6nelik Akademik \u0130\u015f Birli\u011fi Protokol\u00fc imzaland\u0131","datePublished":"2025-07-18T20:00:11+00:00","mainEntityOfPage":{"@id":"https:\/\/kibrisdakik.com\/?p=86555"},"wordCount":233,"commentCount":0,"image":{"@id":"https:\/\/kibrisdakik.com\/?p=86555#primaryimage"},"thumbnailUrl":"https:\/\/kibrisdakik.com\/wp-content\/uploads\/2025\/07\/17528673069321000103908-scaled-740x420.jpg","articleSection":["K\u0131br\u0131s","Man\u015fet"],"inLanguage":"tr","potentialAction":[{"@type":"CommentAction","name":"Comment","target":["https:\/\/kibrisdakik.com\/?p=86555#respond"]}]},{"@type":"WebPage","@id":"https:\/\/kibrisdakik.com\/?p=86555","url":"https:\/\/kibrisdakik.com\/?p=86555","name":"T\u00fcrkiye ile KKTC aras\u0131nda \u00f6\u011fretmen adaylar\u0131na y\u00f6nelik Akademik \u0130\u015f Birli\u011fi Protokol\u00fc imzaland\u0131 -","isPartOf":{"@id":"https:\/\/kibrisdakik.com\/#website"},"primaryImageOfPage":{"@id":"https:\/\/kibrisdakik.com\/?p=86555#primaryimage"},"image":{"@id":"https:\/\/kibrisdakik.com\/?p=86555#primaryimage"},"thumbnailUrl":"https:\/\/kibrisdakik.com\/wp-content\/uploads\/2025\/07\/17528673069321000103908-scaled-740x420.jpg","datePublished":"2025-07-18T20:00:11+00:00","author":{"@id":"https:\/\/kibrisdakik.com\/#\/schema\/person\/9cd9d437bbb44f72b73ba127e06d8e79"},"breadcrumb":{"@id":"https:\/\/kibrisdakik.com\/?p=86555#breadcrumb"},"inLanguage":"tr","potentialAction":[{"@type":"ReadAction","target":["https:\/\/kibrisdakik.com\/?p=86555"]}]},{"@type":"ImageObject","inLanguage":"tr","@id":"https:\/\/kibrisdakik.com\/?p=86555#primaryimage","url":"https:\/\/kibrisdakik.com\/wp-content\/uploads\/2025\/07\/17528673069321000103908-scaled-740x420.jpg","contentUrl":"https:\/\/kibrisdakik.com\/wp-content\/uploads\/2025\/07\/17528673069321000103908-scaled-740x420.jpg","width":2560,"height":1707},{"@type":"BreadcrumbList","@id":"https:\/\/kibrisdakik.com\/?p=86555#breadcrumb","itemListElement":[{"@type":"ListItem","position":1,"name":"Home","item":"https:\/\/kibrisdakik.com\/"},{"@type":"ListItem","position":2,"name":"T\u00fcrkiye ile KKTC aras\u0131nda \u00f6\u011fretmen adaylar\u0131na y\u00f6nelik Akademik \u0130\u015f Birli\u011fi Protokol\u00fc imzaland\u0131"}]},{"@type":"WebSite","@id":"https:\/\/kibrisdakik.com\/#website","url":"https:\/\/kibrisdakik.com\/","name":"","description":"Tam vaktinde haber","potentialAction":[{"@type":"SearchAction","target":{"@type":"EntryPoint","urlTemplate":"https:\/\/kibrisdakik.com\/?s={search_term_string}"},"query-input":{"@type":"PropertyValueSpecification","valueRequired":true,"valueName":"search_term_string"}}],"inLanguage":"tr"},{"@type":"Person","@id":"https:\/\/kibrisdakik.com\/#\/schema\/person\/9cd9d437bbb44f72b73ba127e06d8e79","name":"admin","image":{"@type":"ImageObject","inLanguage":"tr","@id":"https:\/\/secure.gravatar.com\/avatar\/ccc17943b9d660506c869530f897617f7cb1c21a4bf30023f252596d83e1f007?s=96&d=mm&r=g","url":"https:\/\/secure.gravatar.com\/avatar\/ccc17943b9d660506c869530f897617f7cb1c21a4bf30023f252596d83e1f007?s=96&d=mm&r=g","contentUrl":"https:\/\/secure.gravatar.com\/avatar\/ccc17943b9d660506c869530f897617f7cb1c21a4bf30023f252596d83e1f007?s=96&d=mm&r=g","caption":"admin"},"sameAs":["https:\/\/kibrisdakik.com"],"url":"https:\/\/kibrisdakik.com\/?author=1"}]}},"_links":{"self":[{"href":"https:\/\/kibrisdakik.com\/index.php?rest_route=\/wp\/v2\/posts\/86555","targetHints":{"allow":["GET"]}}],"collection":[{"href":"https:\/\/kibrisdakik.com\/index.php?rest_route=\/wp\/v2\/posts"}],"about":[{"href":"https:\/\/kibrisdakik.com\/index.php?rest_route=\/wp\/v2\/types\/post"}],"author":[{"embeddable":true,"href":"https:\/\/kibrisdakik.com\/index.php?rest_route=\/wp\/v2\/users\/1"}],"replies":[{"embeddable":true,"href":"https:\/\/kibrisdakik.com\/index.php?rest_route=%2Fwp%2Fv2%2Fcomments&post=86555"}],"version-history":[{"count":0,"href":"https:\/\/kibrisdakik.com\/index.php?rest_route=\/wp\/v2\/posts\/86555\/revisions"}],"wp:featuredmedia":[{"embeddable":true,"href":"https:\/\/kibrisdakik.com\/index.php?rest_route=\/wp\/v2\/media\/86556"}],"wp:attachment":[{"href":"https:\/\/kibrisdakik.com\/index.php?rest_route=%2Fwp%2Fv2%2Fmedia&parent=86555"}],"wp:term":[{"taxonomy":"category","embeddable":true,"href":"https:\/\/kibrisdakik.com\/index.php?rest_route=%2Fwp%2Fv2%2Fcategories&post=86555"},{"taxonomy":"post_tag","embeddable":true,"href":"https:\/\/kibrisdakik.com\/index.php?rest_route=%2Fwp%2Fv2%2Ftags&post=86555"}],"curies":[{"name":"wp","href":"https:\/\/api.w.org\/{rel}","templated":true}]}}