{"id":86557,"date":"2025-07-18T23:11:06","date_gmt":"2025-07-18T20:11:06","guid":{"rendered":"https:\/\/kibrisdakik.com\/index.php\/2025\/07\/18\/ustel-cumhurbaskanimizin-zirvede-ortaya-koydugu-vizyonu-ve-kararli-durusu-takdirle-karsiliyoruz\/"},"modified":"2025-07-18T23:11:06","modified_gmt":"2025-07-18T20:11:06","slug":"ustel-cumhurbaskanimizin-zirvede-ortaya-koydugu-vizyonu-ve-kararli-durusu-takdirle-karsiliyoruz","status":"publish","type":"post","link":"https:\/\/kibrisdakik.com\/?p=86557","title":{"rendered":"\u00dcstel: \u201cCumhurba\u015fkan\u0131m\u0131z\u0131n zirvede ortaya koydu\u011fu vizyonu ve kararl\u0131 duru\u015fu takdirle kar\u015f\u0131l\u0131yoruz\u201d"},"content":{"rendered":"<p> <br \/>\n<\/p>\n<div>\n<div class=\"mariselle-image-container center\">\n                                            <\/div>\n<p>Ba\u015fbakan \u00dcnal \u00dcstel, Cumhurba\u015fkan\u0131 Ersin Tatar\u2019\u0131n New York\u2019ta d\u00fczenlenen 5+1 format\u0131ndaki K\u0131br\u0131s konulu zirve toplant\u0131lar\u0131nda ortaya koydu\u011fu vizyonu ve kararl\u0131 duru\u015fu h\u00fck\u00fcmet olarak takdirle kar\u015f\u0131lad\u0131klar\u0131n\u0131 belirtti.<\/p>\n<p>Ba\u015fbakanl\u0131ktan yap\u0131lan a\u00e7\u0131klamaya g\u00f6re, Ba\u015fbakan \u00dcstel, Cumhurba\u015fkan\u0131 Tatar\u2019\u0131n, Anavatan T\u00fcrkiye ile birlikte K\u0131br\u0131s T\u00fcrk halk\u0131n\u0131n egemen e\u015fitli\u011fini, e\u015fit uluslar aras\u0131 stat\u00fcs\u00fcn\u00fc ve d\u00fcnya ile b\u00fct\u00fcnle\u015fme hakk\u0131n\u0131 en \u00fcst d\u00fczeyde savundu\u011funu vurgulad\u0131.<\/p>\n<p>\u00dcstel a\u00e7\u0131klamas\u0131na \u015f\u00f6yle devam etti:<\/p>\n<p>\u201cT\u00fcrk taraf\u0131n\u0131n sundu\u011fu 6 maddelik i\u015f birli\u011fi \u00f6nerisi, bar\u0131\u015fa ve s\u00fcrd\u00fcr\u00fclebilir gelece\u011fe y\u00f6nelik samimi yakla\u015f\u0131m\u0131m\u0131z\u0131n bir yans\u0131mas\u0131d\u0131r. Ancak buna kar\u015f\u0131n Rum Y\u00f6netimi s\u00fcreci t\u0131kayan, g\u00fcven in\u015fas\u0131n\u0131 sabote eden ve K\u0131br\u0131s T\u00fcrk halk\u0131n\u0131 yaln\u0131zla\u015ft\u0131rmaya y\u00f6nelik tutumunu s\u00fcrd\u00fcrmektedir. <\/p>\n<p>Rum taraf\u0131, olmayacak taleplerle s\u00fcreci bilin\u00e7li \u015fekilde t\u0131kamakta, m\u00fczakereleri \u00e7\u00f6z\u00fcm\u00fcn de\u011fil, stat\u00fckonun devam\u0131n\u0131n arac\u0131 olarak g\u00f6rmektedir. Masada oturmak onlar i\u00e7in bir \u00e7\u00f6z\u00fcm de\u011fil, K\u0131br\u0131s T\u00fcrk halk\u0131n\u0131 m\u00fczakereye mahkum etme arac\u0131na d\u00f6n\u00fc\u015fm\u00fc\u015ft\u00fcr. <\/p>\n<p>Ayr\u0131ca m\u00fclkiyet davalar\u0131yla ekonomimize sald\u0131r\u0131lmas\u0131, Ta\u015f\u0131nmaz Mal Komisyonu\u2019nun hi\u00e7e say\u0131lmas\u0131, ge\u00e7i\u015f kap\u0131lar\u0131yla ilgili yap\u0131c\u0131 \u00e7a\u011fr\u0131lar\u0131n g\u00f6rmezden gelinmesi ve yabanc\u0131 yetkililerle temaslar\u0131n engellenmeye \u00e7al\u0131\u015f\u0131lmas\u0131, iyi niyeti zedeleyen di\u011fer ad\u0131mlard\u0131r. <\/p>\n<p>Uluslararas\u0131 camia bilmelidir ki; tehdit, bask\u0131, izolasyon ve itibars\u0131zla\u015ft\u0131rma politikalar\u0131yla K\u0131br\u0131s T\u00fcrk halk\u0131n\u0131n iradesini yok saymak m\u00fcmk\u00fcn de\u011fildir. Egemen e\u015fitlik teyit edilmeden ve kar\u015f\u0131l\u0131kl\u0131 sayg\u0131 sa\u011flanmadan ne i\u015f birli\u011fi olur ne de kal\u0131c\u0131 \u00e7\u00f6z\u00fcm m\u00fcmk\u00fcnd\u00fcr. <\/p>\n<p>Cumhurba\u015fkan\u0131m\u0131z Say\u0131n Ersin Tatar\u2019a kararl\u0131 duru\u015fu i\u00e7in te\u015fekk\u00fcr ediyor; Say\u0131n Cumhurba\u015fkan\u0131 Recep Tayyip Erdo\u011fan\u2019a ve D\u0131\u015fi\u015fleri Bakan\u0131 Say\u0131n Hakan Fidan\u2019a halk\u0131m\u0131z\u0131n hakl\u0131 davas\u0131na verdikleri destekten \u00f6t\u00fcr\u00fc \u015f\u00fckranlar\u0131m\u0131z\u0131 sunuyoruz. <\/p>\n<p>K\u0131br\u0131s T\u00fcrk halk\u0131 \u00e7\u00f6z\u00fcmden ve bar\u0131\u015ftan yanad\u0131r. Ancak \u00e7\u00f6z\u00fcm egemen e\u015fitli\u011fin tan\u0131nd\u0131\u011f\u0131, haklar\u0131n teslim edildi\u011fi ve g\u00fcvenin in\u015fa edildi\u011fi ger\u00e7ek bir zemin in\u015fas\u0131 ile m\u00fcmk\u00fcnd\u00fcr. <\/p>\n<p>Duru\u015fumuz nettir: Egemenli\u011fimizden asla taviz vermeden, halk\u0131m\u0131z\u0131n haklar\u0131n\u0131 savunmaya, devletimizi g\u00fc\u00e7lendirmeye ve Anavatan T\u00fcrkiye ile gelece\u011fe emin ad\u0131mlarla y\u00fcr\u00fcmeye devam edece\u011fiz.\u201d<\/p>\n<\/p><\/div>\n<p><script async\n                    defer\n                    crossorigin=\"anonymous\"\n                    src=\"https:\/\/connect.facebook.net\/tr_TR\/sdk.js#xfbml=1&#038;version=v3.3\"\n            ><\/script><br \/>\n<br \/><br \/>\n<br \/><a href=\"[kibrisdakik.com]\n<\/p>\n","protected":false},"excerpt":{"rendered":"<p>Ba\u015fbakan \u00dcnal \u00dcstel, Cumhurba\u015fkan\u0131 Ersin Tatar\u2019\u0131n New York\u2019ta d\u00fczenlenen 5+1 format\u0131ndaki K\u0131br\u0131s konulu zirve toplant\u0131lar\u0131nda ortaya koydu\u011fu vizyonu ve kararl\u0131 duru\u015fu h\u00fck\u00fcmet olarak takdirle kar\u015f\u0131lad\u0131klar\u0131n\u0131 belirtti. Ba\u015fbakanl\u0131ktan yap\u0131lan a\u00e7\u0131klamaya g\u00f6re, Ba\u015fbakan \u00dcstel, Cumhurba\u015fkan\u0131 Tatar\u2019\u0131n, Anavatan T\u00fcrkiye ile birlikte K\u0131br\u0131s T\u00fcrk halk\u0131n\u0131n egemen e\u015fitli\u011fini, e\u015fit uluslar aras\u0131 stat\u00fcs\u00fcn\u00fc ve d\u00fcnya ile b\u00fct\u00fcnle\u015fme hakk\u0131n\u0131 en \u00fcst d\u00fczeyde<\/p>\n","protected":false},"author":1,"featured_media":86558,"comment_status":"open","ping_status":"open","sticky":false,"template":"","format":"standard","meta":{"footnotes":""},"categories":[81,101],"tags":[],"class_list":["post-86557","post","type-post","status-publish","format-standard","has-post-thumbnail","hentry","category-kibris","category-manset"],"yoast_head":"<!-- This site is optimized with the Yoast SEO plugin v27.5 - https:\/\/yoast.com\/product\/yoast-seo-wordpress\/ -->\n<title>\u00dcstel: \u201cCumhurba\u015fkan\u0131m\u0131z\u0131n zirvede ortaya koydu\u011fu vizyonu ve kararl\u0131 duru\u015fu takdirle kar\u015f\u0131l\u0131yoruz\u201d -<\/title>\n<meta name=\"robots\" content=\"index, follow, max-snippet:-1, max-image-preview:large, max-video-preview:-1\" \/>\n<link rel=\"canonical\" href=\"https:\/\/kibrisdakik.com\/?p=86557\" \/>\n<meta property=\"og:locale\" content=\"tr_TR\" \/>\n<meta property=\"og:type\" content=\"article\" \/>\n<meta property=\"og:title\" content=\"\u00dcstel: \u201cCumhurba\u015fkan\u0131m\u0131z\u0131n zirvede ortaya koydu\u011fu vizyonu ve kararl\u0131 duru\u015fu takdirle kar\u015f\u0131l\u0131yoruz\u201d -\" \/>\n<meta property=\"og:description\" content=\"Ba\u015fbakan \u00dcnal \u00dcstel, Cumhurba\u015fkan\u0131 Ersin Tatar\u2019\u0131n New York\u2019ta d\u00fczenlenen 5+1 format\u0131ndaki K\u0131br\u0131s konulu zirve toplant\u0131lar\u0131nda ortaya koydu\u011fu vizyonu ve kararl\u0131 duru\u015fu h\u00fck\u00fcmet olarak takdirle kar\u015f\u0131lad\u0131klar\u0131n\u0131 belirtti. Ba\u015fbakanl\u0131ktan yap\u0131lan a\u00e7\u0131klamaya g\u00f6re, Ba\u015fbakan \u00dcstel, Cumhurba\u015fkan\u0131 Tatar\u2019\u0131n, Anavatan T\u00fcrkiye ile birlikte K\u0131br\u0131s T\u00fcrk halk\u0131n\u0131n egemen e\u015fitli\u011fini, e\u015fit uluslar aras\u0131 stat\u00fcs\u00fcn\u00fc ve d\u00fcnya ile b\u00fct\u00fcnle\u015fme hakk\u0131n\u0131 en \u00fcst d\u00fczeyde\" \/>\n<meta property=\"og:url\" content=\"https:\/\/kibrisdakik.com\/?p=86557\" \/>\n<meta property=\"article:published_time\" content=\"2025-07-18T20:11:06+00:00\" \/>\n<meta property=\"og:image\" content=\"https:\/\/kibrisdakik.com\/wp-content\/uploads\/2025\/07\/Basbakan-Ustel-740x420.jpg\" \/>\n\t<meta property=\"og:image:width\" content=\"1080\" \/>\n\t<meta property=\"og:image:height\" content=\"894\" \/>\n\t<meta property=\"og:image:type\" content=\"image\/jpeg\" \/>\n<meta name=\"author\" content=\"admin\" \/>\n<meta name=\"twitter:card\" content=\"summary_large_image\" \/>\n<meta name=\"twitter:label1\" content=\"Yazan:\" \/>\n\t<meta name=\"twitter:data1\" content=\"admin\" \/>\n\t<meta name=\"twitter:label2\" content=\"Tahmini okuma s\u00fcresi\" \/>\n\t<meta name=\"twitter:data2\" content=\"2 dakika\" \/>\n<script type=\"application\/ld+json\" class=\"yoast-schema-graph\">{\"@context\":\"https:\\\/\\\/schema.org\",\"@graph\":[{\"@type\":\"Article\",\"@id\":\"https:\\\/\\\/kibrisdakik.com\\\/?p=86557#article\",\"isPartOf\":{\"@id\":\"https:\\\/\\\/kibrisdakik.com\\\/?p=86557\"},\"author\":{\"name\":\"admin\",\"@id\":\"https:\\\/\\\/kibrisdakik.com\\\/#\\\/schema\\\/person\\\/9cd9d437bbb44f72b73ba127e06d8e79\"},\"headline\":\"\u00dcstel: \u201cCumhurba\u015fkan\u0131m\u0131z\u0131n zirvede ortaya koydu\u011fu vizyonu ve kararl\u0131 duru\u015fu takdirle kar\u015f\u0131l\u0131yoruz\u201d\",\"datePublished\":\"2025-07-18T20:11:06+00:00\",\"mainEntityOfPage\":{\"@id\":\"https:\\\/\\\/kibrisdakik.com\\\/?p=86557\"},\"wordCount\":490,\"commentCount\":0,\"image\":{\"@id\":\"https:\\\/\\\/kibrisdakik.com\\\/?p=86557#primaryimage\"},\"thumbnailUrl\":\"https:\\\/\\\/kibrisdakik.com\\\/wp-content\\\/uploads\\\/2025\\\/07\\\/Basbakan-Ustel-740x420.jpg\",\"articleSection\":[\"K\u0131br\u0131s\",\"Man\u015fet\"],\"inLanguage\":\"tr\",\"potentialAction\":[{\"@type\":\"CommentAction\",\"name\":\"Comment\",\"target\":[\"https:\\\/\\\/kibrisdakik.com\\\/?p=86557#respond\"]}]},{\"@type\":\"WebPage\",\"@id\":\"https:\\\/\\\/kibrisdakik.com\\\/?p=86557\",\"url\":\"https:\\\/\\\/kibrisdakik.com\\\/?p=86557\",\"name\":\"\u00dcstel: \u201cCumhurba\u015fkan\u0131m\u0131z\u0131n zirvede ortaya koydu\u011fu vizyonu ve kararl\u0131 duru\u015fu takdirle kar\u015f\u0131l\u0131yoruz\u201d -\",\"isPartOf\":{\"@id\":\"https:\\\/\\\/kibrisdakik.com\\\/#website\"},\"primaryImageOfPage\":{\"@id\":\"https:\\\/\\\/kibrisdakik.com\\\/?p=86557#primaryimage\"},\"image\":{\"@id\":\"https:\\\/\\\/kibrisdakik.com\\\/?p=86557#primaryimage\"},\"thumbnailUrl\":\"https:\\\/\\\/kibrisdakik.com\\\/wp-content\\\/uploads\\\/2025\\\/07\\\/Basbakan-Ustel-740x420.jpg\",\"datePublished\":\"2025-07-18T20:11:06+00:00\",\"author\":{\"@id\":\"https:\\\/\\\/kibrisdakik.com\\\/#\\\/schema\\\/person\\\/9cd9d437bbb44f72b73ba127e06d8e79\"},\"breadcrumb\":{\"@id\":\"https:\\\/\\\/kibrisdakik.com\\\/?p=86557#breadcrumb\"},\"inLanguage\":\"tr\",\"potentialAction\":[{\"@type\":\"ReadAction\",\"target\":[\"https:\\\/\\\/kibrisdakik.com\\\/?p=86557\"]}]},{\"@type\":\"ImageObject\",\"inLanguage\":\"tr\",\"@id\":\"https:\\\/\\\/kibrisdakik.com\\\/?p=86557#primaryimage\",\"url\":\"https:\\\/\\\/kibrisdakik.com\\\/wp-content\\\/uploads\\\/2025\\\/07\\\/Basbakan-Ustel-740x420.jpg\",\"contentUrl\":\"https:\\\/\\\/kibrisdakik.com\\\/wp-content\\\/uploads\\\/2025\\\/07\\\/Basbakan-Ustel-740x420.jpg\",\"width\":1080,\"height\":894},{\"@type\":\"BreadcrumbList\",\"@id\":\"https:\\\/\\\/kibrisdakik.com\\\/?p=86557#breadcrumb\",\"itemListElement\":[{\"@type\":\"ListItem\",\"position\":1,\"name\":\"Home\",\"item\":\"https:\\\/\\\/kibrisdakik.com\\\/\"},{\"@type\":\"ListItem\",\"position\":2,\"name\":\"\u00dcstel: \u201cCumhurba\u015fkan\u0131m\u0131z\u0131n zirvede ortaya koydu\u011fu vizyonu ve kararl\u0131 duru\u015fu takdirle kar\u015f\u0131l\u0131yoruz\u201d\"}]},{\"@type\":\"WebSite\",\"@id\":\"https:\\\/\\\/kibrisdakik.com\\\/#website\",\"url\":\"https:\\\/\\\/kibrisdakik.com\\\/\",\"name\":\"\",\"description\":\"Tam vaktinde haber\",\"potentialAction\":[{\"@type\":\"SearchAction\",\"target\":{\"@type\":\"EntryPoint\",\"urlTemplate\":\"https:\\\/\\\/kibrisdakik.com\\\/?s={search_term_string}\"},\"query-input\":{\"@type\":\"PropertyValueSpecification\",\"valueRequired\":true,\"valueName\":\"search_term_string\"}}],\"inLanguage\":\"tr\"},{\"@type\":\"Person\",\"@id\":\"https:\\\/\\\/kibrisdakik.com\\\/#\\\/schema\\\/person\\\/9cd9d437bbb44f72b73ba127e06d8e79\",\"name\":\"admin\",\"image\":{\"@type\":\"ImageObject\",\"inLanguage\":\"tr\",\"@id\":\"https:\\\/\\\/secure.gravatar.com\\\/avatar\\\/ccc17943b9d660506c869530f897617f7cb1c21a4bf30023f252596d83e1f007?s=96&d=mm&r=g\",\"url\":\"https:\\\/\\\/secure.gravatar.com\\\/avatar\\\/ccc17943b9d660506c869530f897617f7cb1c21a4bf30023f252596d83e1f007?s=96&d=mm&r=g\",\"contentUrl\":\"https:\\\/\\\/secure.gravatar.com\\\/avatar\\\/ccc17943b9d660506c869530f897617f7cb1c21a4bf30023f252596d83e1f007?s=96&d=mm&r=g\",\"caption\":\"admin\"},\"sameAs\":[\"https:\\\/\\\/kibrisdakik.com\"],\"url\":\"https:\\\/\\\/kibrisdakik.com\\\/?author=1\"}]}<\/script>\n<!-- \/ Yoast SEO plugin. -->","yoast_head_json":{"title":"\u00dcstel: \u201cCumhurba\u015fkan\u0131m\u0131z\u0131n zirvede ortaya koydu\u011fu vizyonu ve kararl\u0131 duru\u015fu takdirle kar\u015f\u0131l\u0131yoruz\u201d -","robots":{"index":"index","follow":"follow","max-snippet":"max-snippet:-1","max-image-preview":"max-image-preview:large","max-video-preview":"max-video-preview:-1"},"canonical":"https:\/\/kibrisdakik.com\/?p=86557","og_locale":"tr_TR","og_type":"article","og_title":"\u00dcstel: \u201cCumhurba\u015fkan\u0131m\u0131z\u0131n zirvede ortaya koydu\u011fu vizyonu ve kararl\u0131 duru\u015fu takdirle kar\u015f\u0131l\u0131yoruz\u201d -","og_description":"Ba\u015fbakan \u00dcnal \u00dcstel, Cumhurba\u015fkan\u0131 Ersin Tatar\u2019\u0131n New York\u2019ta d\u00fczenlenen 5+1 format\u0131ndaki K\u0131br\u0131s konulu zirve toplant\u0131lar\u0131nda ortaya koydu\u011fu vizyonu ve kararl\u0131 duru\u015fu h\u00fck\u00fcmet olarak takdirle kar\u015f\u0131lad\u0131klar\u0131n\u0131 belirtti. Ba\u015fbakanl\u0131ktan yap\u0131lan a\u00e7\u0131klamaya g\u00f6re, Ba\u015fbakan \u00dcstel, Cumhurba\u015fkan\u0131 Tatar\u2019\u0131n, Anavatan T\u00fcrkiye ile birlikte K\u0131br\u0131s T\u00fcrk halk\u0131n\u0131n egemen e\u015fitli\u011fini, e\u015fit uluslar aras\u0131 stat\u00fcs\u00fcn\u00fc ve d\u00fcnya ile b\u00fct\u00fcnle\u015fme hakk\u0131n\u0131 en \u00fcst d\u00fczeyde","og_url":"https:\/\/kibrisdakik.com\/?p=86557","article_published_time":"2025-07-18T20:11:06+00:00","og_image":[{"width":1080,"height":894,"url":"https:\/\/kibrisdakik.com\/wp-content\/uploads\/2025\/07\/Basbakan-Ustel-740x420.jpg","type":"image\/jpeg"}],"author":"admin","twitter_card":"summary_large_image","twitter_misc":{"Yazan:":"admin","Tahmini okuma s\u00fcresi":"2 dakika"},"schema":{"@context":"https:\/\/schema.org","@graph":[{"@type":"Article","@id":"https:\/\/kibrisdakik.com\/?p=86557#article","isPartOf":{"@id":"https:\/\/kibrisdakik.com\/?p=86557"},"author":{"name":"admin","@id":"https:\/\/kibrisdakik.com\/#\/schema\/person\/9cd9d437bbb44f72b73ba127e06d8e79"},"headline":"\u00dcstel: \u201cCumhurba\u015fkan\u0131m\u0131z\u0131n zirvede ortaya koydu\u011fu vizyonu ve kararl\u0131 duru\u015fu takdirle kar\u015f\u0131l\u0131yoruz\u201d","datePublished":"2025-07-18T20:11:06+00:00","mainEntityOfPage":{"@id":"https:\/\/kibrisdakik.com\/?p=86557"},"wordCount":490,"commentCount":0,"image":{"@id":"https:\/\/kibrisdakik.com\/?p=86557#primaryimage"},"thumbnailUrl":"https:\/\/kibrisdakik.com\/wp-content\/uploads\/2025\/07\/Basbakan-Ustel-740x420.jpg","articleSection":["K\u0131br\u0131s","Man\u015fet"],"inLanguage":"tr","potentialAction":[{"@type":"CommentAction","name":"Comment","target":["https:\/\/kibrisdakik.com\/?p=86557#respond"]}]},{"@type":"WebPage","@id":"https:\/\/kibrisdakik.com\/?p=86557","url":"https:\/\/kibrisdakik.com\/?p=86557","name":"\u00dcstel: \u201cCumhurba\u015fkan\u0131m\u0131z\u0131n zirvede ortaya koydu\u011fu vizyonu ve kararl\u0131 duru\u015fu takdirle kar\u015f\u0131l\u0131yoruz\u201d -","isPartOf":{"@id":"https:\/\/kibrisdakik.com\/#website"},"primaryImageOfPage":{"@id":"https:\/\/kibrisdakik.com\/?p=86557#primaryimage"},"image":{"@id":"https:\/\/kibrisdakik.com\/?p=86557#primaryimage"},"thumbnailUrl":"https:\/\/kibrisdakik.com\/wp-content\/uploads\/2025\/07\/Basbakan-Ustel-740x420.jpg","datePublished":"2025-07-18T20:11:06+00:00","author":{"@id":"https:\/\/kibrisdakik.com\/#\/schema\/person\/9cd9d437bbb44f72b73ba127e06d8e79"},"breadcrumb":{"@id":"https:\/\/kibrisdakik.com\/?p=86557#breadcrumb"},"inLanguage":"tr","potentialAction":[{"@type":"ReadAction","target":["https:\/\/kibrisdakik.com\/?p=86557"]}]},{"@type":"ImageObject","inLanguage":"tr","@id":"https:\/\/kibrisdakik.com\/?p=86557#primaryimage","url":"https:\/\/kibrisdakik.com\/wp-content\/uploads\/2025\/07\/Basbakan-Ustel-740x420.jpg","contentUrl":"https:\/\/kibrisdakik.com\/wp-content\/uploads\/2025\/07\/Basbakan-Ustel-740x420.jpg","width":1080,"height":894},{"@type":"BreadcrumbList","@id":"https:\/\/kibrisdakik.com\/?p=86557#breadcrumb","itemListElement":[{"@type":"ListItem","position":1,"name":"Home","item":"https:\/\/kibrisdakik.com\/"},{"@type":"ListItem","position":2,"name":"\u00dcstel: \u201cCumhurba\u015fkan\u0131m\u0131z\u0131n zirvede ortaya koydu\u011fu vizyonu ve kararl\u0131 duru\u015fu takdirle kar\u015f\u0131l\u0131yoruz\u201d"}]},{"@type":"WebSite","@id":"https:\/\/kibrisdakik.com\/#website","url":"https:\/\/kibrisdakik.com\/","name":"","description":"Tam vaktinde haber","potentialAction":[{"@type":"SearchAction","target":{"@type":"EntryPoint","urlTemplate":"https:\/\/kibrisdakik.com\/?s={search_term_string}"},"query-input":{"@type":"PropertyValueSpecification","valueRequired":true,"valueName":"search_term_string"}}],"inLanguage":"tr"},{"@type":"Person","@id":"https:\/\/kibrisdakik.com\/#\/schema\/person\/9cd9d437bbb44f72b73ba127e06d8e79","name":"admin","image":{"@type":"ImageObject","inLanguage":"tr","@id":"https:\/\/secure.gravatar.com\/avatar\/ccc17943b9d660506c869530f897617f7cb1c21a4bf30023f252596d83e1f007?s=96&d=mm&r=g","url":"https:\/\/secure.gravatar.com\/avatar\/ccc17943b9d660506c869530f897617f7cb1c21a4bf30023f252596d83e1f007?s=96&d=mm&r=g","contentUrl":"https:\/\/secure.gravatar.com\/avatar\/ccc17943b9d660506c869530f897617f7cb1c21a4bf30023f252596d83e1f007?s=96&d=mm&r=g","caption":"admin"},"sameAs":["https:\/\/kibrisdakik.com"],"url":"https:\/\/kibrisdakik.com\/?author=1"}]}},"_links":{"self":[{"href":"https:\/\/kibrisdakik.com\/index.php?rest_route=\/wp\/v2\/posts\/86557","targetHints":{"allow":["GET"]}}],"collection":[{"href":"https:\/\/kibrisdakik.com\/index.php?rest_route=\/wp\/v2\/posts"}],"about":[{"href":"https:\/\/kibrisdakik.com\/index.php?rest_route=\/wp\/v2\/types\/post"}],"author":[{"embeddable":true,"href":"https:\/\/kibrisdakik.com\/index.php?rest_route=\/wp\/v2\/users\/1"}],"replies":[{"embeddable":true,"href":"https:\/\/kibrisdakik.com\/index.php?rest_route=%2Fwp%2Fv2%2Fcomments&post=86557"}],"version-history":[{"count":0,"href":"https:\/\/kibrisdakik.com\/index.php?rest_route=\/wp\/v2\/posts\/86557\/revisions"}],"wp:featuredmedia":[{"embeddable":true,"href":"https:\/\/kibrisdakik.com\/index.php?rest_route=\/wp\/v2\/media\/86558"}],"wp:attachment":[{"href":"https:\/\/kibrisdakik.com\/index.php?rest_route=%2Fwp%2Fv2%2Fmedia&parent=86557"}],"wp:term":[{"taxonomy":"category","embeddable":true,"href":"https:\/\/kibrisdakik.com\/index.php?rest_route=%2Fwp%2Fv2%2Fcategories&post=86557"},{"taxonomy":"post_tag","embeddable":true,"href":"https:\/\/kibrisdakik.com\/index.php?rest_route=%2Fwp%2Fv2%2Ftags&post=86557"}],"curies":[{"name":"wp","href":"https:\/\/api.w.org\/{rel}","templated":true}]}}