{"id":86561,"date":"2025-07-19T11:25:11","date_gmt":"2025-07-19T08:25:11","guid":{"rendered":"https:\/\/kibrisdakik.com\/index.php\/2025\/07\/19\/2025-yks-sonuclari-aciklandi-tercihler-30-temmuz-11-agustos-tarihleri-arasinda-yapilacak\/"},"modified":"2025-07-19T11:25:11","modified_gmt":"2025-07-19T08:25:11","slug":"2025-yks-sonuclari-aciklandi-tercihler-30-temmuz-11-agustos-tarihleri-arasinda-yapilacak","status":"publish","type":"post","link":"https:\/\/kibrisdakik.com\/?p=86561","title":{"rendered":"2025-YKS sonu\u00e7lar\u0131 a\u00e7\u0131kland\u0131.. Tercihler 30 Temmuz-11 A\u011fustos tarihleri aras\u0131nda yap\u0131lacak"},"content":{"rendered":"<p><\/p>\n<div>\n<div class=\"mariselle-image-container center\">\n                                            <\/div>\n<p>\nTC \u00d6l\u00e7me, Se\u00e7me ve Yerle\u015ftirme Merkezi (\u00d6SYM) Ba\u015fkanl\u0131\u011f\u0131nca, 21-22 Haziran\u2019da d\u00fczenlenen Y\u00fcksek\u00f6\u011fretim Kurumlar\u0131 S\u0131nav\u0131\u2019n\u0131n (2025-YKS) sonu\u00e7lar\u0131 a\u00e7\u0131kland\u0131.<\/p>\n<p>\u00d6SYM Ba\u015fkan\u0131 Prof. Dr. Bayram Ali Ersoy, 2025-YKS sonu\u00e7lar\u0131na ili\u015fkin yaz\u0131l\u0131 a\u00e7\u0131klama yapt\u0131.<\/p>\n<p>YKS\u2019nin tamamlanmas\u0131n\u0131n ard\u0131ndan ba\u015flayan heyecanl\u0131 bekleyi\u015fin d\u00fcn itibar\u0131yla sona erdi\u011fini, 2,5 milyondan fazla aday\u0131n ba\u015fvurdu\u011fu YKS sonu\u00e7lar\u0131n\u0131n a\u00e7\u0131kland\u0131\u011f\u0131n\u0131 belirten Ersoy, adaylar\u0131n s\u0131nav sonu\u00e7lar\u0131na \u201chttps:\/\/ykssonuc.osym.gov.tr\/\u201d internet adresi \u00fczerinden eri\u015febilece\u011fini bildirdi.<\/p>\n<p>Ersoy sonu\u00e7lar\u0131n a\u00e7\u0131klanmas\u0131yla birlikte dereceye giren adaylar\u0131n da belli oldu\u011funu aktararak, yo\u011fun \u00e7al\u0131\u015fma d\u00f6nemi ge\u00e7irerek s\u0131nava haz\u0131rlanan adaylar\u0131, bu s\u00fcre\u00e7te adaylar\u0131n yan\u0131nda olan aileleri ve t\u00fcm e\u011fitim camias\u0131n\u0131 tebrik etti.<\/p>\n<p>\u00dcniversitelere yerle\u015feceklerin e\u011fitimlerini en g\u00fczel \u015fekilde tamamlayacaklar\u0131na ve \u00fclkede faydal\u0131 g\u00f6revler \u00fcstleneceklerine inand\u0131\u011f\u0131n\u0131 vurgulayan Ersoy, \u015fu ifadeleri kulland\u0131:<\/p>\n<p>\u201cS\u0131nav sonu\u00e7lar\u0131n\u0131n a\u00e7\u0131klanmas\u0131yla birlikte tercih s\u00fcreci ba\u015fl\u0131yor. 2025-YKS tercih i\u015flemleri, 30 Temmuz-11 A\u011fustos tarihleri aras\u0131nda ger\u00e7ekle\u015ftirilecek. Tercih s\u00fcrecinde adaylar\u0131m\u0131za, ilgi alanlar\u0131 ve yeteneklerini dikkate almalar\u0131n\u0131, tercih edecekleri alanlar\u0131 iyi ara\u015ft\u0131rmalar\u0131n\u0131, yay\u0131mlayaca\u011f\u0131m\u0131z k\u0131lavuzdan b\u00f6l\u00fcmlere ili\u015fkin bilgileri dikkatlice okumalar\u0131n\u0131 ve profesyonel destek almalar\u0131n\u0131 tavsiye ediyorum. Yapacaklar\u0131 tercihlerin \u015fimdiden hay\u0131rl\u0131 olmas\u0131n\u0131 diliyorum.\u201d<\/p>\n<p>\u2013 YKS \u015fampiyonlar\u0131<\/p>\n<p>Ersoy, 2025 YKS\u2019de dereceye giren adaylar\u0131 \u015fu \u015fekilde a\u00e7\u0131klad\u0131:<\/p>\n<p>\u201cTemel Yeterlilik Testi (TYT) birincimiz Ahmet Eren \u00d6zyurtseven, Nizip Fen Lisesi-Gaziantep;<\/p>\n<p>Alan Yeterlilik Testleri (AYT) birincilerimiz say\u0131sal alan\u0131nda, Ahmet Eren \u00d6zyurtseven, Nizip Fen Lisesi-Gaziantep, s\u00f6zel alan\u0131nda Muhammed \u0130smail Ku\u015fat, \u00d6zel Tan Fen Lisesi-Bursa, e\u015fit a\u011f\u0131rl\u0131k alan\u0131nda, Muhammed \u0130smail Ku\u015fat, \u00d6zel Tan Fen Lisesi-Bursa;<\/p>\n<p>Yabanc\u0131 Dil Testi (YDT) birincilerimiz Almanca Elif Y\u0131lmaz, \u0130stanbul Erkek Lisesi-\u0130stanbul, Arap\u00e7a Abdulvahab Burro, Tofa\u015f Fen Lisesi-Bursa, Frans\u0131zca Arda Eren Kartal, Galatasaray \u00dcniversitesi Galatasaray Lisesi-\u0130stanbul, \u0130ngilizce Mehmet Sarak, \u00d6zel \u0130zmir Bah\u00e7e\u015fehir Koleji Ellinci Y\u0131l Fen ve Teknoloji Lisesi-\u0130zmir, Rus\u00e7a Ediz Do\u011fan Karako\u00e7, Haydarpa\u015fa Lisesi-\u0130stanbul.\u201d<\/p>\n<p>Dereceye giren adaylar\u0131 tebrik eden Ersoy, gen\u00e7lere g\u00fcvendiklerini ve T\u00fcrkiye\u2019yi \u00e7ok daha g\u00fc\u00e7l\u00fc hale getireceklerinin alt\u0131n\u0131 \u00e7izdi.<\/p>\n<p>\u2013 \u201cKad\u0131n adaylar\u0131n erkek adaylara g\u00f6re s\u0131nava kat\u0131l\u0131m oran\u0131 daha y\u00fcksek oldu\u201d<\/p>\n<p>Ersoy, TYT\u2019ye ba\u015fvuran 2 milyon 560 bin 649 adaydan 2 milyon 351 bin 641\u2019inin s\u0131nava kat\u0131ld\u0131\u011f\u0131na, 209 bin 8 aday\u0131n s\u0131nava girmedi\u011fine, AYT\u2019ye ba\u015fvuran 1 milyon 721 bin 57 adaydan 1 milyon 549 bin 940 aday\u0131n s\u0131nava kat\u0131ld\u0131\u011f\u0131na, 171 bin 117 aday\u0131n ise s\u0131nava girmedi\u011fine i\u015faret etti.<\/p>\n<p>YDT\u2019de ise s\u0131nava ba\u015fvuran 215 bin 451 adaydan 156 bin 40\u2019\u0131n\u0131n s\u0131nava kat\u0131ld\u0131\u011f\u0131na, 59 bin 411 aday\u0131n s\u0131nava girmedi\u011fine dikkati \u00e7eken Ersoy, \u015f\u00f6yle devam etti:<\/p>\n<p>\u201cTYT\u2019ye ba\u015fvuran erkek adaylar\u0131n y\u00fczde 90,19\u2019u, TYT\u2019ye ba\u015fvuran kad\u0131n adaylar\u0131n y\u00fczde 93,26\u2019s\u0131, AYT\u2019ye ba\u015fvuran erkek adaylar\u0131n y\u00fczde 87,48\u2019i, AYT\u2019ye ba\u015fvuran kad\u0131n adaylar\u0131n y\u00fczde 92,12\u2019si ve YDT\u2019ye ba\u015fvuran erkek adaylar\u0131n y\u00fczde 66,11\u2019i, YDT\u2019ye ba\u015fvuran kad\u0131n adaylar\u0131n y\u00fczde 76,86\u2019s\u0131 oturumlara kat\u0131ld\u0131. T\u00fcm testlerde kad\u0131n adaylar\u0131n erkek adaylara g\u00f6re s\u0131nava kat\u0131l\u0131m oran\u0131 daha y\u00fcksek oldu.\u201d<\/p>\n<p>\u2013 \u0130ptal edilen soru olmad\u0131<\/p>\n<p>Ersoy, 2025-YKS\u2019de \u00fc\u00e7 oturumda uygulanan testlerde toplam 680 soru soruldu\u011funu, iptal edilen sorunun olmad\u0131\u011f\u0131n\u0131 bildirdi.<\/p>\n<p>Oturumlara ili\u015fkin do\u011fru cevap say\u0131s\u0131 ortalamalar\u0131n\u0131 payla\u015fan Ersoy, \u015fu ifadelere yer verdi:<\/p>\n<p>\u201cTYT\u2019de orta\u00f6\u011fretim son s\u0131n\u0131f \u00f6\u011frencilerinin do\u011fru cevap say\u0131s\u0131 ortalamalar\u0131, T\u00fcrk\u00e7e (40 soru) testinde 21,707, sosyal bilimler (20 soru) testinde 9,722, temel matematik (40 soru) testinde 6,648 ve fen bilimleri (20 soru) testinde 4,606\u2019dir. AYT matematik (40 soru) testinin ortalamas\u0131, 6,859, AYT fen bilimleri testinin ortalamalar\u0131; fizik (14 soru) alt testinde 2,512, kimya (13 soru) alt testinde 1,846 ve biyoloji (13 soru) alt testinde 2,581 olmu\u015ftur. AYT T\u00fcrk Dili ve Edebiyat\u0131-Sosyal Bilimler-1 testinin ortalamalar\u0131, T\u00fcrk dili ve edebiyat\u0131 (24 soru) alt testinde 6,38, tarih-1 (10 soru) alt testinde 2,083, co\u011frafya-1 (6 soru) alt testinde 1,313, AYT sosyal bilimler-2 testinin ortalamalar\u0131, tarih-2 (11 soru) alt testinde 1,266, co\u011frafya-2 (11 soru) alt testinde 2,472, felsefe grubu (12 soru) alt testinde 1,709, (DKAB) din k\u00fclt\u00fcr\u00fc ve ahlak bilgisi\/ek felsefe grubu (6 soru) alt testinde 1,377 olmu\u015ftur. YDT\u2019nin ortalamalar\u0131 ise Almanca testinde 41,484, Arap\u00e7a testinde 30,858, Frans\u0131zca testinde 44,557, \u0130ngilizce testinde 34,743, Rus\u00e7a testinde 51,472 olarak ger\u00e7ekle\u015fmi\u015ftir.\u201d<\/p>\n<p>\u2013 Arap\u00e7a, Frans\u0131zca ve Rus\u00e7a dillerinde kad\u0131n adaylar \u00f6ne \u00e7\u0131kt\u0131<\/p>\n<p>Ersoy, TYT\u2019deki T\u00fcrk\u00e7e testinde kad\u0131n adaylar\u0131n do\u011fru cevap say\u0131s\u0131n\u0131n ortalamas\u0131n\u0131n erkek adaylara g\u00f6re daha y\u00fcksek oldu\u011funu, temel matematik, fen bilimleri ve sosyal bilimler testlerinde ise erkek adaylar\u0131n do\u011fru cevap ortalamas\u0131n\u0131n kad\u0131n adaylara g\u00f6re daha y\u00fcksek oldu\u011funu bildirdi.<\/p>\n<p>AYT\u2019deki 11 alt testten 8\u2019inde erkek adaylar\u0131n ortalamas\u0131n\u0131n, 3\u2019\u00fcnde ise kad\u0131n adaylar\u0131n ortalamas\u0131n\u0131n daha y\u00fcksek oldu\u011funu aktaran Ersoy, YDT\u2019de ise Arap\u00e7a, Frans\u0131zca ve Rus\u00e7a dillerinde kad\u0131n adaylar\u0131n, Almanca ve \u0130ngilizce\u2019de ise erkek adaylar\u0131n ortalamas\u0131n\u0131n daha y\u00fcksek sonu\u00e7land\u0131\u011f\u0131n\u0131 kaydetti.<\/p>\n<\/p><\/div>\n<p><script async\n                    defer\n                    crossorigin=\"anonymous\"\n                    src=\"https:\/\/connect.facebook.net\/tr_TR\/sdk.js#xfbml=1&#038;version=v3.3\"\n            ><\/script><\/p>\n","protected":false},"excerpt":{"rendered":"<p>TC \u00d6l\u00e7me, Se\u00e7me ve Yerle\u015ftirme Merkezi (\u00d6SYM) Ba\u015fkanl\u0131\u011f\u0131nca, 21-22 Haziran\u2019da d\u00fczenlenen Y\u00fcksek\u00f6\u011fretim Kurumlar\u0131 S\u0131nav\u0131\u2019n\u0131n (2025-YKS) sonu\u00e7lar\u0131 a\u00e7\u0131kland\u0131. \u00d6SYM Ba\u015fkan\u0131 Prof. Dr. Bayram Ali Ersoy, 2025-YKS sonu\u00e7lar\u0131na ili\u015fkin yaz\u0131l\u0131 a\u00e7\u0131klama yapt\u0131. YKS\u2019nin tamamlanmas\u0131n\u0131n ard\u0131ndan ba\u015flayan heyecanl\u0131 bekleyi\u015fin d\u00fcn itibar\u0131yla sona erdi\u011fini, 2,5 milyondan fazla aday\u0131n ba\u015fvurdu\u011fu YKS sonu\u00e7lar\u0131n\u0131n a\u00e7\u0131kland\u0131\u011f\u0131n\u0131 belirten Ersoy, adaylar\u0131n s\u0131nav sonu\u00e7lar\u0131na \u201chttps:\/\/ykssonuc.osym.gov.tr\/\u201d internet<\/p>\n","protected":false},"author":1,"featured_media":86562,"comment_status":"open","ping_status":"open","sticky":false,"template":"","format":"standard","meta":{"footnotes":""},"categories":[101,86],"tags":[],"class_list":["post-86561","post","type-post","status-publish","format-standard","has-post-thumbnail","hentry","category-manset","category-turkiye"],"yoast_head":"<!-- This site is optimized with the Yoast SEO plugin v27.4 - https:\/\/yoast.com\/product\/yoast-seo-wordpress\/ -->\n<title>2025-YKS sonu\u00e7lar\u0131 a\u00e7\u0131kland\u0131.. Tercihler 30 Temmuz-11 A\u011fustos tarihleri aras\u0131nda yap\u0131lacak -<\/title>\n<meta name=\"robots\" content=\"index, follow, max-snippet:-1, max-image-preview:large, max-video-preview:-1\" \/>\n<link rel=\"canonical\" href=\"https:\/\/kibrisdakik.com\/?p=86561\" \/>\n<meta property=\"og:locale\" content=\"tr_TR\" \/>\n<meta property=\"og:type\" content=\"article\" \/>\n<meta property=\"og:title\" content=\"2025-YKS sonu\u00e7lar\u0131 a\u00e7\u0131kland\u0131.. Tercihler 30 Temmuz-11 A\u011fustos tarihleri aras\u0131nda yap\u0131lacak -\" \/>\n<meta property=\"og:description\" content=\"TC \u00d6l\u00e7me, Se\u00e7me ve Yerle\u015ftirme Merkezi (\u00d6SYM) Ba\u015fkanl\u0131\u011f\u0131nca, 21-22 Haziran\u2019da d\u00fczenlenen Y\u00fcksek\u00f6\u011fretim Kurumlar\u0131 S\u0131nav\u0131\u2019n\u0131n (2025-YKS) sonu\u00e7lar\u0131 a\u00e7\u0131kland\u0131. \u00d6SYM Ba\u015fkan\u0131 Prof. Dr. Bayram Ali Ersoy, 2025-YKS sonu\u00e7lar\u0131na ili\u015fkin yaz\u0131l\u0131 a\u00e7\u0131klama yapt\u0131. YKS\u2019nin tamamlanmas\u0131n\u0131n ard\u0131ndan ba\u015flayan heyecanl\u0131 bekleyi\u015fin d\u00fcn itibar\u0131yla sona erdi\u011fini, 2,5 milyondan fazla aday\u0131n ba\u015fvurdu\u011fu YKS sonu\u00e7lar\u0131n\u0131n a\u00e7\u0131kland\u0131\u011f\u0131n\u0131 belirten Ersoy, adaylar\u0131n s\u0131nav sonu\u00e7lar\u0131na \u201chttps:\/\/ykssonuc.osym.gov.tr\/\u201d internet\" \/>\n<meta property=\"og:url\" content=\"https:\/\/kibrisdakik.com\/?p=86561\" \/>\n<meta property=\"article:published_time\" content=\"2025-07-19T08:25:11+00:00\" \/>\n<meta property=\"og:image\" content=\"https:\/\/kibrisdakik.com\/wp-content\/uploads\/2025\/07\/17529049318701000012956.jpg\" \/>\n\t<meta property=\"og:image:width\" content=\"660\" \/>\n\t<meta property=\"og:image:height\" content=\"398\" \/>\n\t<meta property=\"og:image:type\" content=\"image\/jpeg\" \/>\n<meta name=\"author\" content=\"admin\" \/>\n<meta name=\"twitter:card\" content=\"summary_large_image\" \/>\n<meta name=\"twitter:label1\" content=\"Yazan:\" \/>\n\t<meta name=\"twitter:data1\" content=\"admin\" \/>\n\t<meta name=\"twitter:label2\" content=\"Tahmini okuma s\u00fcresi\" \/>\n\t<meta name=\"twitter:data2\" content=\"5 dakika\" \/>\n<script type=\"application\/ld+json\" class=\"yoast-schema-graph\">{\"@context\":\"https:\\\/\\\/schema.org\",\"@graph\":[{\"@type\":\"Article\",\"@id\":\"https:\\\/\\\/kibrisdakik.com\\\/?p=86561#article\",\"isPartOf\":{\"@id\":\"https:\\\/\\\/kibrisdakik.com\\\/?p=86561\"},\"author\":{\"name\":\"admin\",\"@id\":\"https:\\\/\\\/kibrisdakik.com\\\/#\\\/schema\\\/person\\\/9cd9d437bbb44f72b73ba127e06d8e79\"},\"headline\":\"2025-YKS sonu\u00e7lar\u0131 a\u00e7\u0131kland\u0131.. Tercihler 30 Temmuz-11 A\u011fustos tarihleri aras\u0131nda yap\u0131lacak\",\"datePublished\":\"2025-07-19T08:25:11+00:00\",\"mainEntityOfPage\":{\"@id\":\"https:\\\/\\\/kibrisdakik.com\\\/?p=86561\"},\"wordCount\":915,\"commentCount\":0,\"image\":{\"@id\":\"https:\\\/\\\/kibrisdakik.com\\\/?p=86561#primaryimage\"},\"thumbnailUrl\":\"https:\\\/\\\/kibrisdakik.com\\\/wp-content\\\/uploads\\\/2025\\\/07\\\/17529049318701000012956.jpg\",\"articleSection\":[\"Man\u015fet\",\"T\u00fcrkiye\"],\"inLanguage\":\"tr\",\"potentialAction\":[{\"@type\":\"CommentAction\",\"name\":\"Comment\",\"target\":[\"https:\\\/\\\/kibrisdakik.com\\\/?p=86561#respond\"]}]},{\"@type\":\"WebPage\",\"@id\":\"https:\\\/\\\/kibrisdakik.com\\\/?p=86561\",\"url\":\"https:\\\/\\\/kibrisdakik.com\\\/?p=86561\",\"name\":\"2025-YKS sonu\u00e7lar\u0131 a\u00e7\u0131kland\u0131.. Tercihler 30 Temmuz-11 A\u011fustos tarihleri aras\u0131nda yap\u0131lacak -\",\"isPartOf\":{\"@id\":\"https:\\\/\\\/kibrisdakik.com\\\/#website\"},\"primaryImageOfPage\":{\"@id\":\"https:\\\/\\\/kibrisdakik.com\\\/?p=86561#primaryimage\"},\"image\":{\"@id\":\"https:\\\/\\\/kibrisdakik.com\\\/?p=86561#primaryimage\"},\"thumbnailUrl\":\"https:\\\/\\\/kibrisdakik.com\\\/wp-content\\\/uploads\\\/2025\\\/07\\\/17529049318701000012956.jpg\",\"datePublished\":\"2025-07-19T08:25:11+00:00\",\"author\":{\"@id\":\"https:\\\/\\\/kibrisdakik.com\\\/#\\\/schema\\\/person\\\/9cd9d437bbb44f72b73ba127e06d8e79\"},\"breadcrumb\":{\"@id\":\"https:\\\/\\\/kibrisdakik.com\\\/?p=86561#breadcrumb\"},\"inLanguage\":\"tr\",\"potentialAction\":[{\"@type\":\"ReadAction\",\"target\":[\"https:\\\/\\\/kibrisdakik.com\\\/?p=86561\"]}]},{\"@type\":\"ImageObject\",\"inLanguage\":\"tr\",\"@id\":\"https:\\\/\\\/kibrisdakik.com\\\/?p=86561#primaryimage\",\"url\":\"https:\\\/\\\/kibrisdakik.com\\\/wp-content\\\/uploads\\\/2025\\\/07\\\/17529049318701000012956.jpg\",\"contentUrl\":\"https:\\\/\\\/kibrisdakik.com\\\/wp-content\\\/uploads\\\/2025\\\/07\\\/17529049318701000012956.jpg\",\"width\":660,\"height\":398},{\"@type\":\"BreadcrumbList\",\"@id\":\"https:\\\/\\\/kibrisdakik.com\\\/?p=86561#breadcrumb\",\"itemListElement\":[{\"@type\":\"ListItem\",\"position\":1,\"name\":\"Home\",\"item\":\"https:\\\/\\\/kibrisdakik.com\\\/\"},{\"@type\":\"ListItem\",\"position\":2,\"name\":\"2025-YKS sonu\u00e7lar\u0131 a\u00e7\u0131kland\u0131.. Tercihler 30 Temmuz-11 A\u011fustos tarihleri aras\u0131nda yap\u0131lacak\"}]},{\"@type\":\"WebSite\",\"@id\":\"https:\\\/\\\/kibrisdakik.com\\\/#website\",\"url\":\"https:\\\/\\\/kibrisdakik.com\\\/\",\"name\":\"\",\"description\":\"Tam vaktinde haber\",\"potentialAction\":[{\"@type\":\"SearchAction\",\"target\":{\"@type\":\"EntryPoint\",\"urlTemplate\":\"https:\\\/\\\/kibrisdakik.com\\\/?s={search_term_string}\"},\"query-input\":{\"@type\":\"PropertyValueSpecification\",\"valueRequired\":true,\"valueName\":\"search_term_string\"}}],\"inLanguage\":\"tr\"},{\"@type\":\"Person\",\"@id\":\"https:\\\/\\\/kibrisdakik.com\\\/#\\\/schema\\\/person\\\/9cd9d437bbb44f72b73ba127e06d8e79\",\"name\":\"admin\",\"image\":{\"@type\":\"ImageObject\",\"inLanguage\":\"tr\",\"@id\":\"https:\\\/\\\/secure.gravatar.com\\\/avatar\\\/ccc17943b9d660506c869530f897617f7cb1c21a4bf30023f252596d83e1f007?s=96&d=mm&r=g\",\"url\":\"https:\\\/\\\/secure.gravatar.com\\\/avatar\\\/ccc17943b9d660506c869530f897617f7cb1c21a4bf30023f252596d83e1f007?s=96&d=mm&r=g\",\"contentUrl\":\"https:\\\/\\\/secure.gravatar.com\\\/avatar\\\/ccc17943b9d660506c869530f897617f7cb1c21a4bf30023f252596d83e1f007?s=96&d=mm&r=g\",\"caption\":\"admin\"},\"sameAs\":[\"https:\\\/\\\/kibrisdakik.com\"],\"url\":\"https:\\\/\\\/kibrisdakik.com\\\/?author=1\"}]}<\/script>\n<!-- \/ Yoast SEO plugin. -->","yoast_head_json":{"title":"2025-YKS sonu\u00e7lar\u0131 a\u00e7\u0131kland\u0131.. Tercihler 30 Temmuz-11 A\u011fustos tarihleri aras\u0131nda yap\u0131lacak -","robots":{"index":"index","follow":"follow","max-snippet":"max-snippet:-1","max-image-preview":"max-image-preview:large","max-video-preview":"max-video-preview:-1"},"canonical":"https:\/\/kibrisdakik.com\/?p=86561","og_locale":"tr_TR","og_type":"article","og_title":"2025-YKS sonu\u00e7lar\u0131 a\u00e7\u0131kland\u0131.. Tercihler 30 Temmuz-11 A\u011fustos tarihleri aras\u0131nda yap\u0131lacak -","og_description":"TC \u00d6l\u00e7me, Se\u00e7me ve Yerle\u015ftirme Merkezi (\u00d6SYM) Ba\u015fkanl\u0131\u011f\u0131nca, 21-22 Haziran\u2019da d\u00fczenlenen Y\u00fcksek\u00f6\u011fretim Kurumlar\u0131 S\u0131nav\u0131\u2019n\u0131n (2025-YKS) sonu\u00e7lar\u0131 a\u00e7\u0131kland\u0131. \u00d6SYM Ba\u015fkan\u0131 Prof. Dr. Bayram Ali Ersoy, 2025-YKS sonu\u00e7lar\u0131na ili\u015fkin yaz\u0131l\u0131 a\u00e7\u0131klama yapt\u0131. YKS\u2019nin tamamlanmas\u0131n\u0131n ard\u0131ndan ba\u015flayan heyecanl\u0131 bekleyi\u015fin d\u00fcn itibar\u0131yla sona erdi\u011fini, 2,5 milyondan fazla aday\u0131n ba\u015fvurdu\u011fu YKS sonu\u00e7lar\u0131n\u0131n a\u00e7\u0131kland\u0131\u011f\u0131n\u0131 belirten Ersoy, adaylar\u0131n s\u0131nav sonu\u00e7lar\u0131na \u201chttps:\/\/ykssonuc.osym.gov.tr\/\u201d internet","og_url":"https:\/\/kibrisdakik.com\/?p=86561","article_published_time":"2025-07-19T08:25:11+00:00","og_image":[{"width":660,"height":398,"url":"https:\/\/kibrisdakik.com\/wp-content\/uploads\/2025\/07\/17529049318701000012956.jpg","type":"image\/jpeg"}],"author":"admin","twitter_card":"summary_large_image","twitter_misc":{"Yazan:":"admin","Tahmini okuma s\u00fcresi":"5 dakika"},"schema":{"@context":"https:\/\/schema.org","@graph":[{"@type":"Article","@id":"https:\/\/kibrisdakik.com\/?p=86561#article","isPartOf":{"@id":"https:\/\/kibrisdakik.com\/?p=86561"},"author":{"name":"admin","@id":"https:\/\/kibrisdakik.com\/#\/schema\/person\/9cd9d437bbb44f72b73ba127e06d8e79"},"headline":"2025-YKS sonu\u00e7lar\u0131 a\u00e7\u0131kland\u0131.. Tercihler 30 Temmuz-11 A\u011fustos tarihleri aras\u0131nda yap\u0131lacak","datePublished":"2025-07-19T08:25:11+00:00","mainEntityOfPage":{"@id":"https:\/\/kibrisdakik.com\/?p=86561"},"wordCount":915,"commentCount":0,"image":{"@id":"https:\/\/kibrisdakik.com\/?p=86561#primaryimage"},"thumbnailUrl":"https:\/\/kibrisdakik.com\/wp-content\/uploads\/2025\/07\/17529049318701000012956.jpg","articleSection":["Man\u015fet","T\u00fcrkiye"],"inLanguage":"tr","potentialAction":[{"@type":"CommentAction","name":"Comment","target":["https:\/\/kibrisdakik.com\/?p=86561#respond"]}]},{"@type":"WebPage","@id":"https:\/\/kibrisdakik.com\/?p=86561","url":"https:\/\/kibrisdakik.com\/?p=86561","name":"2025-YKS sonu\u00e7lar\u0131 a\u00e7\u0131kland\u0131.. Tercihler 30 Temmuz-11 A\u011fustos tarihleri aras\u0131nda yap\u0131lacak -","isPartOf":{"@id":"https:\/\/kibrisdakik.com\/#website"},"primaryImageOfPage":{"@id":"https:\/\/kibrisdakik.com\/?p=86561#primaryimage"},"image":{"@id":"https:\/\/kibrisdakik.com\/?p=86561#primaryimage"},"thumbnailUrl":"https:\/\/kibrisdakik.com\/wp-content\/uploads\/2025\/07\/17529049318701000012956.jpg","datePublished":"2025-07-19T08:25:11+00:00","author":{"@id":"https:\/\/kibrisdakik.com\/#\/schema\/person\/9cd9d437bbb44f72b73ba127e06d8e79"},"breadcrumb":{"@id":"https:\/\/kibrisdakik.com\/?p=86561#breadcrumb"},"inLanguage":"tr","potentialAction":[{"@type":"ReadAction","target":["https:\/\/kibrisdakik.com\/?p=86561"]}]},{"@type":"ImageObject","inLanguage":"tr","@id":"https:\/\/kibrisdakik.com\/?p=86561#primaryimage","url":"https:\/\/kibrisdakik.com\/wp-content\/uploads\/2025\/07\/17529049318701000012956.jpg","contentUrl":"https:\/\/kibrisdakik.com\/wp-content\/uploads\/2025\/07\/17529049318701000012956.jpg","width":660,"height":398},{"@type":"BreadcrumbList","@id":"https:\/\/kibrisdakik.com\/?p=86561#breadcrumb","itemListElement":[{"@type":"ListItem","position":1,"name":"Home","item":"https:\/\/kibrisdakik.com\/"},{"@type":"ListItem","position":2,"name":"2025-YKS sonu\u00e7lar\u0131 a\u00e7\u0131kland\u0131.. Tercihler 30 Temmuz-11 A\u011fustos tarihleri aras\u0131nda yap\u0131lacak"}]},{"@type":"WebSite","@id":"https:\/\/kibrisdakik.com\/#website","url":"https:\/\/kibrisdakik.com\/","name":"","description":"Tam vaktinde haber","potentialAction":[{"@type":"SearchAction","target":{"@type":"EntryPoint","urlTemplate":"https:\/\/kibrisdakik.com\/?s={search_term_string}"},"query-input":{"@type":"PropertyValueSpecification","valueRequired":true,"valueName":"search_term_string"}}],"inLanguage":"tr"},{"@type":"Person","@id":"https:\/\/kibrisdakik.com\/#\/schema\/person\/9cd9d437bbb44f72b73ba127e06d8e79","name":"admin","image":{"@type":"ImageObject","inLanguage":"tr","@id":"https:\/\/secure.gravatar.com\/avatar\/ccc17943b9d660506c869530f897617f7cb1c21a4bf30023f252596d83e1f007?s=96&d=mm&r=g","url":"https:\/\/secure.gravatar.com\/avatar\/ccc17943b9d660506c869530f897617f7cb1c21a4bf30023f252596d83e1f007?s=96&d=mm&r=g","contentUrl":"https:\/\/secure.gravatar.com\/avatar\/ccc17943b9d660506c869530f897617f7cb1c21a4bf30023f252596d83e1f007?s=96&d=mm&r=g","caption":"admin"},"sameAs":["https:\/\/kibrisdakik.com"],"url":"https:\/\/kibrisdakik.com\/?author=1"}]}},"_links":{"self":[{"href":"https:\/\/kibrisdakik.com\/index.php?rest_route=\/wp\/v2\/posts\/86561","targetHints":{"allow":["GET"]}}],"collection":[{"href":"https:\/\/kibrisdakik.com\/index.php?rest_route=\/wp\/v2\/posts"}],"about":[{"href":"https:\/\/kibrisdakik.com\/index.php?rest_route=\/wp\/v2\/types\/post"}],"author":[{"embeddable":true,"href":"https:\/\/kibrisdakik.com\/index.php?rest_route=\/wp\/v2\/users\/1"}],"replies":[{"embeddable":true,"href":"https:\/\/kibrisdakik.com\/index.php?rest_route=%2Fwp%2Fv2%2Fcomments&post=86561"}],"version-history":[{"count":0,"href":"https:\/\/kibrisdakik.com\/index.php?rest_route=\/wp\/v2\/posts\/86561\/revisions"}],"wp:featuredmedia":[{"embeddable":true,"href":"https:\/\/kibrisdakik.com\/index.php?rest_route=\/wp\/v2\/media\/86562"}],"wp:attachment":[{"href":"https:\/\/kibrisdakik.com\/index.php?rest_route=%2Fwp%2Fv2%2Fmedia&parent=86561"}],"wp:term":[{"taxonomy":"category","embeddable":true,"href":"https:\/\/kibrisdakik.com\/index.php?rest_route=%2Fwp%2Fv2%2Fcategories&post=86561"},{"taxonomy":"post_tag","embeddable":true,"href":"https:\/\/kibrisdakik.com\/index.php?rest_route=%2Fwp%2Fv2%2Ftags&post=86561"}],"curies":[{"name":"wp","href":"https:\/\/api.w.org\/{rel}","templated":true}]}}