{"id":86597,"date":"2025-07-19T17:21:02","date_gmt":"2025-07-19T14:21:02","guid":{"rendered":"https:\/\/kibrisdakik.com\/index.php\/2025\/07\/19\/meclis-baskani-ozturkler-yeni-azerbaycan-partisi-uyelerini-kabul-etti\/"},"modified":"2025-07-19T17:21:02","modified_gmt":"2025-07-19T14:21:02","slug":"meclis-baskani-ozturkler-yeni-azerbaycan-partisi-uyelerini-kabul-etti","status":"publish","type":"post","link":"https:\/\/kibrisdakik.com\/?p=86597","title":{"rendered":"Meclis Ba\u015fkan\u0131 \u00d6zt\u00fcrkler, Yeni Azerbaycan Partisi \u00fcyelerini kabul etti"},"content":{"rendered":"<p> <br \/>\n<\/p>\n<div>\n<div class=\"mariselle-image-container center\">\n                                            <\/div>\n<p>\nCumhuriyet Meclisi Ba\u015fkan\u0131 Ziya \u00d6zt\u00fcrkler, 20 Temmuz Bar\u0131\u015f ve \u00d6zg\u00fcrl\u00fck Bayram\u0131 kutlamalar\u0131 \u00e7er\u00e7evesinde KKTC\u2019de bulunan Yeni Azerbaycan Partisi Y\u00f6netim Kurulu \u00dcyesi Musa Quliyev ve beraberindeki heyeti kabul etti.<\/p>\n<p>Cumhuriyet Meclisi\u2019nden yap\u0131lan a\u00e7\u0131klamaya g\u00f6re, ziyarette, iki karde\u015f \u00fclke aras\u0131ndaki siyasi i\u015f birliklerinin derinle\u015ftirilmesine y\u00f6nelik de\u011ferlendirmeler yap\u0131ld\u0131.<\/p>\n<p>Ba\u015fkan \u00d6zt\u00fcrkler kabulde yapt\u0131\u011f\u0131 konu\u015fmada, KKTC ile Azerbaycan aras\u0131ndaki partisel ili\u015fkilerin geli\u015ftirilmesine \u00f6zel \u00f6nem verdiklerini vurgulad\u0131.<\/p>\n<p>Ulusal Birlik Partisi (UBP) ile Yeni Azerbaycan Partisi aras\u0131nda y\u00fcr\u00fct\u00fclen temaslar\u0131n memnuniyet verici oldu\u011funu belirten \u00d6zt\u00fcrkler, bu i\u015f birli\u011finin T\u00fcrk d\u00fcnyas\u0131n\u0131n siyasi dayan\u0131\u015fmas\u0131na katk\u0131 sa\u011flad\u0131\u011f\u0131n\u0131 ifade etti.<\/p>\n<p>Yeni Azerbaycan Partisi Y\u00f6netim Kurulu \u00dcyesi Musa Quliyev de kabulde yapt\u0131\u011f\u0131 konu\u015fmada, 20 Temmuz Bar\u0131\u015f ve \u00d6zg\u00fcrl\u00fck Bayram\u0131\u2019n\u0131 kutlad\u0131.<\/p>\n<\/p><\/div>\n<p><script async\n                    defer\n                    crossorigin=\"anonymous\"\n                    src=\"https:\/\/connect.facebook.net\/tr_TR\/sdk.js#xfbml=1&#038;version=v3.3\"\n            ><\/script><br \/>\n<br \/><br \/>\n<br \/><a href=\"[kibrisdakik.com]\n<\/p>\n","protected":false},"excerpt":{"rendered":"<p>Cumhuriyet Meclisi Ba\u015fkan\u0131 Ziya \u00d6zt\u00fcrkler, 20 Temmuz Bar\u0131\u015f ve \u00d6zg\u00fcrl\u00fck Bayram\u0131 kutlamalar\u0131 \u00e7er\u00e7evesinde KKTC\u2019de bulunan Yeni Azerbaycan Partisi Y\u00f6netim Kurulu \u00dcyesi Musa Quliyev ve beraberindeki heyeti kabul etti. Cumhuriyet Meclisi\u2019nden yap\u0131lan a\u00e7\u0131klamaya g\u00f6re, ziyarette, iki karde\u015f \u00fclke aras\u0131ndaki siyasi i\u015f birliklerinin derinle\u015ftirilmesine y\u00f6nelik de\u011ferlendirmeler yap\u0131ld\u0131. Ba\u015fkan \u00d6zt\u00fcrkler kabulde yapt\u0131\u011f\u0131 konu\u015fmada, KKTC ile Azerbaycan aras\u0131ndaki partisel<\/p>\n","protected":false},"author":1,"featured_media":86598,"comment_status":"open","ping_status":"open","sticky":false,"template":"","format":"standard","meta":{"footnotes":""},"categories":[81,101],"tags":[],"class_list":["post-86597","post","type-post","status-publish","format-standard","has-post-thumbnail","hentry","category-kibris","category-manset"],"yoast_head":"<!-- This site is optimized with the Yoast SEO plugin v27.5 - https:\/\/yoast.com\/product\/yoast-seo-wordpress\/ -->\n<title>Meclis Ba\u015fkan\u0131 \u00d6zt\u00fcrkler, Yeni Azerbaycan Partisi \u00fcyelerini kabul etti -<\/title>\n<meta name=\"robots\" content=\"index, follow, max-snippet:-1, max-image-preview:large, max-video-preview:-1\" \/>\n<link rel=\"canonical\" href=\"https:\/\/kibrisdakik.com\/?p=86597\" \/>\n<meta property=\"og:locale\" content=\"tr_TR\" \/>\n<meta property=\"og:type\" content=\"article\" \/>\n<meta property=\"og:title\" content=\"Meclis Ba\u015fkan\u0131 \u00d6zt\u00fcrkler, Yeni Azerbaycan Partisi \u00fcyelerini kabul etti -\" \/>\n<meta property=\"og:description\" content=\"Cumhuriyet Meclisi Ba\u015fkan\u0131 Ziya \u00d6zt\u00fcrkler, 20 Temmuz Bar\u0131\u015f ve \u00d6zg\u00fcrl\u00fck Bayram\u0131 kutlamalar\u0131 \u00e7er\u00e7evesinde KKTC\u2019de bulunan Yeni Azerbaycan Partisi Y\u00f6netim Kurulu \u00dcyesi Musa Quliyev ve beraberindeki heyeti kabul etti. Cumhuriyet Meclisi\u2019nden yap\u0131lan a\u00e7\u0131klamaya g\u00f6re, ziyarette, iki karde\u015f \u00fclke aras\u0131ndaki siyasi i\u015f birliklerinin derinle\u015ftirilmesine y\u00f6nelik de\u011ferlendirmeler yap\u0131ld\u0131. Ba\u015fkan \u00d6zt\u00fcrkler kabulde yapt\u0131\u011f\u0131 konu\u015fmada, KKTC ile Azerbaycan aras\u0131ndaki partisel\" \/>\n<meta property=\"og:url\" content=\"https:\/\/kibrisdakik.com\/?p=86597\" \/>\n<meta property=\"article:published_time\" content=\"2025-07-19T14:21:02+00:00\" \/>\n<meta property=\"og:image\" content=\"https:\/\/kibrisdakik.com\/wp-content\/uploads\/2025\/07\/1752931086873Ozturkler-Yeni-Azerbaycan-Partisi-1-740x420.jpg\" \/>\n\t<meta property=\"og:image:width\" content=\"1800\" \/>\n\t<meta property=\"og:image:height\" content=\"1200\" \/>\n\t<meta property=\"og:image:type\" content=\"image\/jpeg\" \/>\n<meta name=\"author\" content=\"admin\" \/>\n<meta name=\"twitter:card\" content=\"summary_large_image\" \/>\n<meta name=\"twitter:label1\" content=\"Yazan:\" \/>\n\t<meta name=\"twitter:data1\" content=\"admin\" \/>\n\t<meta name=\"twitter:label2\" content=\"Tahmini okuma s\u00fcresi\" \/>\n\t<meta name=\"twitter:data2\" content=\"1 dakika\" \/>\n<script type=\"application\/ld+json\" class=\"yoast-schema-graph\">{\"@context\":\"https:\\\/\\\/schema.org\",\"@graph\":[{\"@type\":\"Article\",\"@id\":\"https:\\\/\\\/kibrisdakik.com\\\/?p=86597#article\",\"isPartOf\":{\"@id\":\"https:\\\/\\\/kibrisdakik.com\\\/?p=86597\"},\"author\":{\"name\":\"admin\",\"@id\":\"https:\\\/\\\/kibrisdakik.com\\\/#\\\/schema\\\/person\\\/9cd9d437bbb44f72b73ba127e06d8e79\"},\"headline\":\"Meclis Ba\u015fkan\u0131 \u00d6zt\u00fcrkler, Yeni Azerbaycan Partisi \u00fcyelerini kabul etti\",\"datePublished\":\"2025-07-19T14:21:02+00:00\",\"mainEntityOfPage\":{\"@id\":\"https:\\\/\\\/kibrisdakik.com\\\/?p=86597\"},\"wordCount\":161,\"commentCount\":0,\"image\":{\"@id\":\"https:\\\/\\\/kibrisdakik.com\\\/?p=86597#primaryimage\"},\"thumbnailUrl\":\"https:\\\/\\\/kibrisdakik.com\\\/wp-content\\\/uploads\\\/2025\\\/07\\\/1752931086873Ozturkler-Yeni-Azerbaycan-Partisi-1-740x420.jpg\",\"articleSection\":[\"K\u0131br\u0131s\",\"Man\u015fet\"],\"inLanguage\":\"tr\",\"potentialAction\":[{\"@type\":\"CommentAction\",\"name\":\"Comment\",\"target\":[\"https:\\\/\\\/kibrisdakik.com\\\/?p=86597#respond\"]}]},{\"@type\":\"WebPage\",\"@id\":\"https:\\\/\\\/kibrisdakik.com\\\/?p=86597\",\"url\":\"https:\\\/\\\/kibrisdakik.com\\\/?p=86597\",\"name\":\"Meclis Ba\u015fkan\u0131 \u00d6zt\u00fcrkler, Yeni Azerbaycan Partisi \u00fcyelerini kabul etti -\",\"isPartOf\":{\"@id\":\"https:\\\/\\\/kibrisdakik.com\\\/#website\"},\"primaryImageOfPage\":{\"@id\":\"https:\\\/\\\/kibrisdakik.com\\\/?p=86597#primaryimage\"},\"image\":{\"@id\":\"https:\\\/\\\/kibrisdakik.com\\\/?p=86597#primaryimage\"},\"thumbnailUrl\":\"https:\\\/\\\/kibrisdakik.com\\\/wp-content\\\/uploads\\\/2025\\\/07\\\/1752931086873Ozturkler-Yeni-Azerbaycan-Partisi-1-740x420.jpg\",\"datePublished\":\"2025-07-19T14:21:02+00:00\",\"author\":{\"@id\":\"https:\\\/\\\/kibrisdakik.com\\\/#\\\/schema\\\/person\\\/9cd9d437bbb44f72b73ba127e06d8e79\"},\"breadcrumb\":{\"@id\":\"https:\\\/\\\/kibrisdakik.com\\\/?p=86597#breadcrumb\"},\"inLanguage\":\"tr\",\"potentialAction\":[{\"@type\":\"ReadAction\",\"target\":[\"https:\\\/\\\/kibrisdakik.com\\\/?p=86597\"]}]},{\"@type\":\"ImageObject\",\"inLanguage\":\"tr\",\"@id\":\"https:\\\/\\\/kibrisdakik.com\\\/?p=86597#primaryimage\",\"url\":\"https:\\\/\\\/kibrisdakik.com\\\/wp-content\\\/uploads\\\/2025\\\/07\\\/1752931086873Ozturkler-Yeni-Azerbaycan-Partisi-1-740x420.jpg\",\"contentUrl\":\"https:\\\/\\\/kibrisdakik.com\\\/wp-content\\\/uploads\\\/2025\\\/07\\\/1752931086873Ozturkler-Yeni-Azerbaycan-Partisi-1-740x420.jpg\",\"width\":1800,\"height\":1200},{\"@type\":\"BreadcrumbList\",\"@id\":\"https:\\\/\\\/kibrisdakik.com\\\/?p=86597#breadcrumb\",\"itemListElement\":[{\"@type\":\"ListItem\",\"position\":1,\"name\":\"Home\",\"item\":\"https:\\\/\\\/kibrisdakik.com\\\/\"},{\"@type\":\"ListItem\",\"position\":2,\"name\":\"Meclis Ba\u015fkan\u0131 \u00d6zt\u00fcrkler, Yeni Azerbaycan Partisi \u00fcyelerini kabul etti\"}]},{\"@type\":\"WebSite\",\"@id\":\"https:\\\/\\\/kibrisdakik.com\\\/#website\",\"url\":\"https:\\\/\\\/kibrisdakik.com\\\/\",\"name\":\"\",\"description\":\"Tam vaktinde haber\",\"potentialAction\":[{\"@type\":\"SearchAction\",\"target\":{\"@type\":\"EntryPoint\",\"urlTemplate\":\"https:\\\/\\\/kibrisdakik.com\\\/?s={search_term_string}\"},\"query-input\":{\"@type\":\"PropertyValueSpecification\",\"valueRequired\":true,\"valueName\":\"search_term_string\"}}],\"inLanguage\":\"tr\"},{\"@type\":\"Person\",\"@id\":\"https:\\\/\\\/kibrisdakik.com\\\/#\\\/schema\\\/person\\\/9cd9d437bbb44f72b73ba127e06d8e79\",\"name\":\"admin\",\"image\":{\"@type\":\"ImageObject\",\"inLanguage\":\"tr\",\"@id\":\"https:\\\/\\\/secure.gravatar.com\\\/avatar\\\/ccc17943b9d660506c869530f897617f7cb1c21a4bf30023f252596d83e1f007?s=96&d=mm&r=g\",\"url\":\"https:\\\/\\\/secure.gravatar.com\\\/avatar\\\/ccc17943b9d660506c869530f897617f7cb1c21a4bf30023f252596d83e1f007?s=96&d=mm&r=g\",\"contentUrl\":\"https:\\\/\\\/secure.gravatar.com\\\/avatar\\\/ccc17943b9d660506c869530f897617f7cb1c21a4bf30023f252596d83e1f007?s=96&d=mm&r=g\",\"caption\":\"admin\"},\"sameAs\":[\"https:\\\/\\\/kibrisdakik.com\"],\"url\":\"https:\\\/\\\/kibrisdakik.com\\\/?author=1\"}]}<\/script>\n<!-- \/ Yoast SEO plugin. -->","yoast_head_json":{"title":"Meclis Ba\u015fkan\u0131 \u00d6zt\u00fcrkler, Yeni Azerbaycan Partisi \u00fcyelerini kabul etti -","robots":{"index":"index","follow":"follow","max-snippet":"max-snippet:-1","max-image-preview":"max-image-preview:large","max-video-preview":"max-video-preview:-1"},"canonical":"https:\/\/kibrisdakik.com\/?p=86597","og_locale":"tr_TR","og_type":"article","og_title":"Meclis Ba\u015fkan\u0131 \u00d6zt\u00fcrkler, Yeni Azerbaycan Partisi \u00fcyelerini kabul etti -","og_description":"Cumhuriyet Meclisi Ba\u015fkan\u0131 Ziya \u00d6zt\u00fcrkler, 20 Temmuz Bar\u0131\u015f ve \u00d6zg\u00fcrl\u00fck Bayram\u0131 kutlamalar\u0131 \u00e7er\u00e7evesinde KKTC\u2019de bulunan Yeni Azerbaycan Partisi Y\u00f6netim Kurulu \u00dcyesi Musa Quliyev ve beraberindeki heyeti kabul etti. Cumhuriyet Meclisi\u2019nden yap\u0131lan a\u00e7\u0131klamaya g\u00f6re, ziyarette, iki karde\u015f \u00fclke aras\u0131ndaki siyasi i\u015f birliklerinin derinle\u015ftirilmesine y\u00f6nelik de\u011ferlendirmeler yap\u0131ld\u0131. Ba\u015fkan \u00d6zt\u00fcrkler kabulde yapt\u0131\u011f\u0131 konu\u015fmada, KKTC ile Azerbaycan aras\u0131ndaki partisel","og_url":"https:\/\/kibrisdakik.com\/?p=86597","article_published_time":"2025-07-19T14:21:02+00:00","og_image":[{"width":1800,"height":1200,"url":"https:\/\/kibrisdakik.com\/wp-content\/uploads\/2025\/07\/1752931086873Ozturkler-Yeni-Azerbaycan-Partisi-1-740x420.jpg","type":"image\/jpeg"}],"author":"admin","twitter_card":"summary_large_image","twitter_misc":{"Yazan:":"admin","Tahmini okuma s\u00fcresi":"1 dakika"},"schema":{"@context":"https:\/\/schema.org","@graph":[{"@type":"Article","@id":"https:\/\/kibrisdakik.com\/?p=86597#article","isPartOf":{"@id":"https:\/\/kibrisdakik.com\/?p=86597"},"author":{"name":"admin","@id":"https:\/\/kibrisdakik.com\/#\/schema\/person\/9cd9d437bbb44f72b73ba127e06d8e79"},"headline":"Meclis Ba\u015fkan\u0131 \u00d6zt\u00fcrkler, Yeni Azerbaycan Partisi \u00fcyelerini kabul etti","datePublished":"2025-07-19T14:21:02+00:00","mainEntityOfPage":{"@id":"https:\/\/kibrisdakik.com\/?p=86597"},"wordCount":161,"commentCount":0,"image":{"@id":"https:\/\/kibrisdakik.com\/?p=86597#primaryimage"},"thumbnailUrl":"https:\/\/kibrisdakik.com\/wp-content\/uploads\/2025\/07\/1752931086873Ozturkler-Yeni-Azerbaycan-Partisi-1-740x420.jpg","articleSection":["K\u0131br\u0131s","Man\u015fet"],"inLanguage":"tr","potentialAction":[{"@type":"CommentAction","name":"Comment","target":["https:\/\/kibrisdakik.com\/?p=86597#respond"]}]},{"@type":"WebPage","@id":"https:\/\/kibrisdakik.com\/?p=86597","url":"https:\/\/kibrisdakik.com\/?p=86597","name":"Meclis Ba\u015fkan\u0131 \u00d6zt\u00fcrkler, Yeni Azerbaycan Partisi \u00fcyelerini kabul etti -","isPartOf":{"@id":"https:\/\/kibrisdakik.com\/#website"},"primaryImageOfPage":{"@id":"https:\/\/kibrisdakik.com\/?p=86597#primaryimage"},"image":{"@id":"https:\/\/kibrisdakik.com\/?p=86597#primaryimage"},"thumbnailUrl":"https:\/\/kibrisdakik.com\/wp-content\/uploads\/2025\/07\/1752931086873Ozturkler-Yeni-Azerbaycan-Partisi-1-740x420.jpg","datePublished":"2025-07-19T14:21:02+00:00","author":{"@id":"https:\/\/kibrisdakik.com\/#\/schema\/person\/9cd9d437bbb44f72b73ba127e06d8e79"},"breadcrumb":{"@id":"https:\/\/kibrisdakik.com\/?p=86597#breadcrumb"},"inLanguage":"tr","potentialAction":[{"@type":"ReadAction","target":["https:\/\/kibrisdakik.com\/?p=86597"]}]},{"@type":"ImageObject","inLanguage":"tr","@id":"https:\/\/kibrisdakik.com\/?p=86597#primaryimage","url":"https:\/\/kibrisdakik.com\/wp-content\/uploads\/2025\/07\/1752931086873Ozturkler-Yeni-Azerbaycan-Partisi-1-740x420.jpg","contentUrl":"https:\/\/kibrisdakik.com\/wp-content\/uploads\/2025\/07\/1752931086873Ozturkler-Yeni-Azerbaycan-Partisi-1-740x420.jpg","width":1800,"height":1200},{"@type":"BreadcrumbList","@id":"https:\/\/kibrisdakik.com\/?p=86597#breadcrumb","itemListElement":[{"@type":"ListItem","position":1,"name":"Home","item":"https:\/\/kibrisdakik.com\/"},{"@type":"ListItem","position":2,"name":"Meclis Ba\u015fkan\u0131 \u00d6zt\u00fcrkler, Yeni Azerbaycan Partisi \u00fcyelerini kabul etti"}]},{"@type":"WebSite","@id":"https:\/\/kibrisdakik.com\/#website","url":"https:\/\/kibrisdakik.com\/","name":"","description":"Tam vaktinde haber","potentialAction":[{"@type":"SearchAction","target":{"@type":"EntryPoint","urlTemplate":"https:\/\/kibrisdakik.com\/?s={search_term_string}"},"query-input":{"@type":"PropertyValueSpecification","valueRequired":true,"valueName":"search_term_string"}}],"inLanguage":"tr"},{"@type":"Person","@id":"https:\/\/kibrisdakik.com\/#\/schema\/person\/9cd9d437bbb44f72b73ba127e06d8e79","name":"admin","image":{"@type":"ImageObject","inLanguage":"tr","@id":"https:\/\/secure.gravatar.com\/avatar\/ccc17943b9d660506c869530f897617f7cb1c21a4bf30023f252596d83e1f007?s=96&d=mm&r=g","url":"https:\/\/secure.gravatar.com\/avatar\/ccc17943b9d660506c869530f897617f7cb1c21a4bf30023f252596d83e1f007?s=96&d=mm&r=g","contentUrl":"https:\/\/secure.gravatar.com\/avatar\/ccc17943b9d660506c869530f897617f7cb1c21a4bf30023f252596d83e1f007?s=96&d=mm&r=g","caption":"admin"},"sameAs":["https:\/\/kibrisdakik.com"],"url":"https:\/\/kibrisdakik.com\/?author=1"}]}},"_links":{"self":[{"href":"https:\/\/kibrisdakik.com\/index.php?rest_route=\/wp\/v2\/posts\/86597","targetHints":{"allow":["GET"]}}],"collection":[{"href":"https:\/\/kibrisdakik.com\/index.php?rest_route=\/wp\/v2\/posts"}],"about":[{"href":"https:\/\/kibrisdakik.com\/index.php?rest_route=\/wp\/v2\/types\/post"}],"author":[{"embeddable":true,"href":"https:\/\/kibrisdakik.com\/index.php?rest_route=\/wp\/v2\/users\/1"}],"replies":[{"embeddable":true,"href":"https:\/\/kibrisdakik.com\/index.php?rest_route=%2Fwp%2Fv2%2Fcomments&post=86597"}],"version-history":[{"count":0,"href":"https:\/\/kibrisdakik.com\/index.php?rest_route=\/wp\/v2\/posts\/86597\/revisions"}],"wp:featuredmedia":[{"embeddable":true,"href":"https:\/\/kibrisdakik.com\/index.php?rest_route=\/wp\/v2\/media\/86598"}],"wp:attachment":[{"href":"https:\/\/kibrisdakik.com\/index.php?rest_route=%2Fwp%2Fv2%2Fmedia&parent=86597"}],"wp:term":[{"taxonomy":"category","embeddable":true,"href":"https:\/\/kibrisdakik.com\/index.php?rest_route=%2Fwp%2Fv2%2Fcategories&post=86597"},{"taxonomy":"post_tag","embeddable":true,"href":"https:\/\/kibrisdakik.com\/index.php?rest_route=%2Fwp%2Fv2%2Ftags&post=86597"}],"curies":[{"name":"wp","href":"https:\/\/api.w.org\/{rel}","templated":true}]}}