{"id":86611,"date":"2025-07-19T18:16:44","date_gmt":"2025-07-19T15:16:44","guid":{"rendered":"https:\/\/kibrisdakik.com\/index.php\/2025\/07\/19\/saglik-bakani-dr-hakan-dincyurek-20-temmuz-baris-ve-ozgurluk-bayrami-dolayisiyla-mesaj-yayimladi\/"},"modified":"2025-07-19T18:16:44","modified_gmt":"2025-07-19T15:16:44","slug":"saglik-bakani-dr-hakan-dincyurek-20-temmuz-baris-ve-ozgurluk-bayrami-dolayisiyla-mesaj-yayimladi","status":"publish","type":"post","link":"https:\/\/kibrisdakik.com\/?p=86611","title":{"rendered":"Sa\u011fl\u0131k Bakan\u0131 Dr. Hakan Din\u00e7y\u00fcrek, 20 Temmuz Bar\u0131\u015f ve \u00d6zg\u00fcrl\u00fck Bayram\u0131 dolay\u0131s\u0131yla mesaj yay\u0131mlad\u0131."},"content":{"rendered":"<p> <br \/>\n<\/p>\n<div>\n<div class=\"mariselle-image-container center\">\n                                            <\/div>\n<p>\nSa\u011fl\u0131k Bakan\u0131 Dr. Hakan Din\u00e7y\u00fcrek, 20 Temmuz Bar\u0131\u015f ve \u00d6zg\u00fcrl\u00fck Bayram\u0131 dolay\u0131s\u0131yla mesaj yay\u0131mlad\u0131. <\/p>\n<p>Bakan Din\u00e7y\u00fcrek, \u015fu ifadelere yer verdi; <\/p>\n<p>\u201c K\u0131br\u0131s T\u00fcrk halk\u0131n\u0131 \u00f6zg\u00fcrl\u00fc\u011fe, g\u00fcvenli\u011fe ve ba\u011f\u0131ms\u0131zl\u0131\u011fa kavu\u015fturan 20 Temmuz 1974 Mutlu Bar\u0131\u015f Harek\u00e2t\u0131\u2019n\u0131n 51. y\u0131l d\u00f6n\u00fcm\u00fcn\u00fc b\u00fcy\u00fck bir gurur ve co\u015fkuyla kutluyoruz.<\/p>\n<p>20 Temmuz; bar\u0131\u015f\u0131n, milli duru\u015fumuzun ve Anavatan T\u00fcrkiye ile olan sars\u0131lmaz ba\u011f\u0131m\u0131z\u0131n en \u00f6nemli simgelerinden biridir. K\u0131br\u0131s T\u00fcrk halk\u0131, yokluklara ve bask\u0131lara ra\u011fmen b\u00fcy\u00fck bir direni\u015f g\u00f6stermi\u015f, Anavatan T\u00fcrkiye\u2019nin deste\u011fiyle \u00f6zg\u00fcrl\u00fc\u011f\u00fcne kavu\u015fmu\u015ftur.<\/p>\n<p>Bug\u00fcn ba\u011f\u0131ms\u0131z Kuzey K\u0131br\u0131s T\u00fcrk Cumhuriyeti \u00e7at\u0131s\u0131 alt\u0131nda, devletimiz ve bayra\u011f\u0131m\u0131zla h\u00fcr ve onurlu bir \u015fekilde gelece\u011fe y\u00fcr\u00fcyoruz. K\u0131br\u0131s T\u00fcrk halk\u0131 t\u00fcm ambargolara ve izolasyonlara ra\u011fmen, bir\u00e7ok alanda \u00f6nemli ilerlemeler kaydetmi\u015ftir ve ayn\u0131 yolda devam edecektir. <\/p>\n<p>Bu vesileyle, aziz \u015fehitlerimizi rahmetle, kahraman gazilerimizi sayg\u0131 ve minnetle an\u0131yor; K\u0131br\u0131s T\u00fcrk halk\u0131n\u0131n bu onurlu m\u00fccadelesine katk\u0131 koyan herkese \u015f\u00fckranlar\u0131m\u0131\u00a0sunuyorum.<\/p>\n<\/p><\/div>\n<p><script async\n                    defer\n                    crossorigin=\"anonymous\"\n                    src=\"https:\/\/connect.facebook.net\/tr_TR\/sdk.js#xfbml=1&#038;version=v3.3\"\n            ><\/script><br \/>\n<br \/><br \/>\n<br \/><a href=\"[kibrisdakik.com]\n<\/p>\n","protected":false},"excerpt":{"rendered":"<p>Sa\u011fl\u0131k Bakan\u0131 Dr. Hakan Din\u00e7y\u00fcrek, 20 Temmuz Bar\u0131\u015f ve \u00d6zg\u00fcrl\u00fck Bayram\u0131 dolay\u0131s\u0131yla mesaj yay\u0131mlad\u0131. Bakan Din\u00e7y\u00fcrek, \u015fu ifadelere yer verdi; \u201c K\u0131br\u0131s T\u00fcrk halk\u0131n\u0131 \u00f6zg\u00fcrl\u00fc\u011fe, g\u00fcvenli\u011fe ve ba\u011f\u0131ms\u0131zl\u0131\u011fa kavu\u015fturan 20 Temmuz 1974 Mutlu Bar\u0131\u015f Harek\u00e2t\u0131\u2019n\u0131n 51. y\u0131l d\u00f6n\u00fcm\u00fcn\u00fc b\u00fcy\u00fck bir gurur ve co\u015fkuyla kutluyoruz. 20 Temmuz; bar\u0131\u015f\u0131n, milli duru\u015fumuzun ve Anavatan T\u00fcrkiye ile olan sars\u0131lmaz<\/p>\n","protected":false},"author":1,"featured_media":86612,"comment_status":"open","ping_status":"open","sticky":false,"template":"","format":"standard","meta":{"footnotes":""},"categories":[81,101],"tags":[],"class_list":["post-86611","post","type-post","status-publish","format-standard","has-post-thumbnail","hentry","category-kibris","category-manset"],"yoast_head":"<!-- This site is optimized with the Yoast SEO plugin v27.4 - https:\/\/yoast.com\/product\/yoast-seo-wordpress\/ -->\n<title>Sa\u011fl\u0131k Bakan\u0131 Dr. Hakan Din\u00e7y\u00fcrek, 20 Temmuz Bar\u0131\u015f ve \u00d6zg\u00fcrl\u00fck Bayram\u0131 dolay\u0131s\u0131yla mesaj yay\u0131mlad\u0131. -<\/title>\n<meta name=\"robots\" content=\"index, follow, max-snippet:-1, max-image-preview:large, max-video-preview:-1\" \/>\n<link rel=\"canonical\" href=\"https:\/\/kibrisdakik.com\/?p=86611\" \/>\n<meta property=\"og:locale\" content=\"tr_TR\" \/>\n<meta property=\"og:type\" content=\"article\" \/>\n<meta property=\"og:title\" content=\"Sa\u011fl\u0131k Bakan\u0131 Dr. Hakan Din\u00e7y\u00fcrek, 20 Temmuz Bar\u0131\u015f ve \u00d6zg\u00fcrl\u00fck Bayram\u0131 dolay\u0131s\u0131yla mesaj yay\u0131mlad\u0131. -\" \/>\n<meta property=\"og:description\" content=\"Sa\u011fl\u0131k Bakan\u0131 Dr. Hakan Din\u00e7y\u00fcrek, 20 Temmuz Bar\u0131\u015f ve \u00d6zg\u00fcrl\u00fck Bayram\u0131 dolay\u0131s\u0131yla mesaj yay\u0131mlad\u0131. Bakan Din\u00e7y\u00fcrek, \u015fu ifadelere yer verdi; \u201c K\u0131br\u0131s T\u00fcrk halk\u0131n\u0131 \u00f6zg\u00fcrl\u00fc\u011fe, g\u00fcvenli\u011fe ve ba\u011f\u0131ms\u0131zl\u0131\u011fa kavu\u015fturan 20 Temmuz 1974 Mutlu Bar\u0131\u015f Harek\u00e2t\u0131\u2019n\u0131n 51. y\u0131l d\u00f6n\u00fcm\u00fcn\u00fc b\u00fcy\u00fck bir gurur ve co\u015fkuyla kutluyoruz. 20 Temmuz; bar\u0131\u015f\u0131n, milli duru\u015fumuzun ve Anavatan T\u00fcrkiye ile olan sars\u0131lmaz\" \/>\n<meta property=\"og:url\" content=\"https:\/\/kibrisdakik.com\/?p=86611\" \/>\n<meta property=\"article:published_time\" content=\"2025-07-19T15:16:44+00:00\" \/>\n<meta property=\"og:image\" content=\"https:\/\/kibrisdakik.com\/wp-content\/uploads\/2025\/07\/1746871861248Dincyurek-740x420.jpg\" \/>\n\t<meta property=\"og:image:width\" content=\"960\" \/>\n\t<meta property=\"og:image:height\" content=\"688\" \/>\n\t<meta property=\"og:image:type\" content=\"image\/jpeg\" \/>\n<meta name=\"author\" content=\"admin\" \/>\n<meta name=\"twitter:card\" content=\"summary_large_image\" \/>\n<meta name=\"twitter:label1\" content=\"Yazan:\" \/>\n\t<meta name=\"twitter:data1\" content=\"admin\" \/>\n\t<meta name=\"twitter:label2\" content=\"Tahmini okuma s\u00fcresi\" \/>\n\t<meta name=\"twitter:data2\" content=\"1 dakika\" \/>\n<script type=\"application\/ld+json\" class=\"yoast-schema-graph\">{\"@context\":\"https:\\\/\\\/schema.org\",\"@graph\":[{\"@type\":\"Article\",\"@id\":\"https:\\\/\\\/kibrisdakik.com\\\/?p=86611#article\",\"isPartOf\":{\"@id\":\"https:\\\/\\\/kibrisdakik.com\\\/?p=86611\"},\"author\":{\"name\":\"admin\",\"@id\":\"https:\\\/\\\/kibrisdakik.com\\\/#\\\/schema\\\/person\\\/9cd9d437bbb44f72b73ba127e06d8e79\"},\"headline\":\"Sa\u011fl\u0131k Bakan\u0131 Dr. Hakan Din\u00e7y\u00fcrek, 20 Temmuz Bar\u0131\u015f ve \u00d6zg\u00fcrl\u00fck Bayram\u0131 dolay\u0131s\u0131yla mesaj yay\u0131mlad\u0131.\",\"datePublished\":\"2025-07-19T15:16:44+00:00\",\"mainEntityOfPage\":{\"@id\":\"https:\\\/\\\/kibrisdakik.com\\\/?p=86611\"},\"wordCount\":236,\"commentCount\":0,\"image\":{\"@id\":\"https:\\\/\\\/kibrisdakik.com\\\/?p=86611#primaryimage\"},\"thumbnailUrl\":\"https:\\\/\\\/kibrisdakik.com\\\/wp-content\\\/uploads\\\/2025\\\/07\\\/1746871861248Dincyurek-740x420.jpg\",\"articleSection\":[\"K\u0131br\u0131s\",\"Man\u015fet\"],\"inLanguage\":\"tr\",\"potentialAction\":[{\"@type\":\"CommentAction\",\"name\":\"Comment\",\"target\":[\"https:\\\/\\\/kibrisdakik.com\\\/?p=86611#respond\"]}]},{\"@type\":\"WebPage\",\"@id\":\"https:\\\/\\\/kibrisdakik.com\\\/?p=86611\",\"url\":\"https:\\\/\\\/kibrisdakik.com\\\/?p=86611\",\"name\":\"Sa\u011fl\u0131k Bakan\u0131 Dr. Hakan Din\u00e7y\u00fcrek, 20 Temmuz Bar\u0131\u015f ve \u00d6zg\u00fcrl\u00fck Bayram\u0131 dolay\u0131s\u0131yla mesaj yay\u0131mlad\u0131. -\",\"isPartOf\":{\"@id\":\"https:\\\/\\\/kibrisdakik.com\\\/#website\"},\"primaryImageOfPage\":{\"@id\":\"https:\\\/\\\/kibrisdakik.com\\\/?p=86611#primaryimage\"},\"image\":{\"@id\":\"https:\\\/\\\/kibrisdakik.com\\\/?p=86611#primaryimage\"},\"thumbnailUrl\":\"https:\\\/\\\/kibrisdakik.com\\\/wp-content\\\/uploads\\\/2025\\\/07\\\/1746871861248Dincyurek-740x420.jpg\",\"datePublished\":\"2025-07-19T15:16:44+00:00\",\"author\":{\"@id\":\"https:\\\/\\\/kibrisdakik.com\\\/#\\\/schema\\\/person\\\/9cd9d437bbb44f72b73ba127e06d8e79\"},\"breadcrumb\":{\"@id\":\"https:\\\/\\\/kibrisdakik.com\\\/?p=86611#breadcrumb\"},\"inLanguage\":\"tr\",\"potentialAction\":[{\"@type\":\"ReadAction\",\"target\":[\"https:\\\/\\\/kibrisdakik.com\\\/?p=86611\"]}]},{\"@type\":\"ImageObject\",\"inLanguage\":\"tr\",\"@id\":\"https:\\\/\\\/kibrisdakik.com\\\/?p=86611#primaryimage\",\"url\":\"https:\\\/\\\/kibrisdakik.com\\\/wp-content\\\/uploads\\\/2025\\\/07\\\/1746871861248Dincyurek-740x420.jpg\",\"contentUrl\":\"https:\\\/\\\/kibrisdakik.com\\\/wp-content\\\/uploads\\\/2025\\\/07\\\/1746871861248Dincyurek-740x420.jpg\",\"width\":960,\"height\":688},{\"@type\":\"BreadcrumbList\",\"@id\":\"https:\\\/\\\/kibrisdakik.com\\\/?p=86611#breadcrumb\",\"itemListElement\":[{\"@type\":\"ListItem\",\"position\":1,\"name\":\"Home\",\"item\":\"https:\\\/\\\/kibrisdakik.com\\\/\"},{\"@type\":\"ListItem\",\"position\":2,\"name\":\"Sa\u011fl\u0131k Bakan\u0131 Dr. Hakan Din\u00e7y\u00fcrek, 20 Temmuz Bar\u0131\u015f ve \u00d6zg\u00fcrl\u00fck Bayram\u0131 dolay\u0131s\u0131yla mesaj yay\u0131mlad\u0131.\"}]},{\"@type\":\"WebSite\",\"@id\":\"https:\\\/\\\/kibrisdakik.com\\\/#website\",\"url\":\"https:\\\/\\\/kibrisdakik.com\\\/\",\"name\":\"\",\"description\":\"Tam vaktinde haber\",\"potentialAction\":[{\"@type\":\"SearchAction\",\"target\":{\"@type\":\"EntryPoint\",\"urlTemplate\":\"https:\\\/\\\/kibrisdakik.com\\\/?s={search_term_string}\"},\"query-input\":{\"@type\":\"PropertyValueSpecification\",\"valueRequired\":true,\"valueName\":\"search_term_string\"}}],\"inLanguage\":\"tr\"},{\"@type\":\"Person\",\"@id\":\"https:\\\/\\\/kibrisdakik.com\\\/#\\\/schema\\\/person\\\/9cd9d437bbb44f72b73ba127e06d8e79\",\"name\":\"admin\",\"image\":{\"@type\":\"ImageObject\",\"inLanguage\":\"tr\",\"@id\":\"https:\\\/\\\/secure.gravatar.com\\\/avatar\\\/ccc17943b9d660506c869530f897617f7cb1c21a4bf30023f252596d83e1f007?s=96&d=mm&r=g\",\"url\":\"https:\\\/\\\/secure.gravatar.com\\\/avatar\\\/ccc17943b9d660506c869530f897617f7cb1c21a4bf30023f252596d83e1f007?s=96&d=mm&r=g\",\"contentUrl\":\"https:\\\/\\\/secure.gravatar.com\\\/avatar\\\/ccc17943b9d660506c869530f897617f7cb1c21a4bf30023f252596d83e1f007?s=96&d=mm&r=g\",\"caption\":\"admin\"},\"sameAs\":[\"https:\\\/\\\/kibrisdakik.com\"],\"url\":\"https:\\\/\\\/kibrisdakik.com\\\/?author=1\"}]}<\/script>\n<!-- \/ Yoast SEO plugin. -->","yoast_head_json":{"title":"Sa\u011fl\u0131k Bakan\u0131 Dr. Hakan Din\u00e7y\u00fcrek, 20 Temmuz Bar\u0131\u015f ve \u00d6zg\u00fcrl\u00fck Bayram\u0131 dolay\u0131s\u0131yla mesaj yay\u0131mlad\u0131. -","robots":{"index":"index","follow":"follow","max-snippet":"max-snippet:-1","max-image-preview":"max-image-preview:large","max-video-preview":"max-video-preview:-1"},"canonical":"https:\/\/kibrisdakik.com\/?p=86611","og_locale":"tr_TR","og_type":"article","og_title":"Sa\u011fl\u0131k Bakan\u0131 Dr. Hakan Din\u00e7y\u00fcrek, 20 Temmuz Bar\u0131\u015f ve \u00d6zg\u00fcrl\u00fck Bayram\u0131 dolay\u0131s\u0131yla mesaj yay\u0131mlad\u0131. -","og_description":"Sa\u011fl\u0131k Bakan\u0131 Dr. Hakan Din\u00e7y\u00fcrek, 20 Temmuz Bar\u0131\u015f ve \u00d6zg\u00fcrl\u00fck Bayram\u0131 dolay\u0131s\u0131yla mesaj yay\u0131mlad\u0131. Bakan Din\u00e7y\u00fcrek, \u015fu ifadelere yer verdi; \u201c K\u0131br\u0131s T\u00fcrk halk\u0131n\u0131 \u00f6zg\u00fcrl\u00fc\u011fe, g\u00fcvenli\u011fe ve ba\u011f\u0131ms\u0131zl\u0131\u011fa kavu\u015fturan 20 Temmuz 1974 Mutlu Bar\u0131\u015f Harek\u00e2t\u0131\u2019n\u0131n 51. y\u0131l d\u00f6n\u00fcm\u00fcn\u00fc b\u00fcy\u00fck bir gurur ve co\u015fkuyla kutluyoruz. 20 Temmuz; bar\u0131\u015f\u0131n, milli duru\u015fumuzun ve Anavatan T\u00fcrkiye ile olan sars\u0131lmaz","og_url":"https:\/\/kibrisdakik.com\/?p=86611","article_published_time":"2025-07-19T15:16:44+00:00","og_image":[{"width":960,"height":688,"url":"https:\/\/kibrisdakik.com\/wp-content\/uploads\/2025\/07\/1746871861248Dincyurek-740x420.jpg","type":"image\/jpeg"}],"author":"admin","twitter_card":"summary_large_image","twitter_misc":{"Yazan:":"admin","Tahmini okuma s\u00fcresi":"1 dakika"},"schema":{"@context":"https:\/\/schema.org","@graph":[{"@type":"Article","@id":"https:\/\/kibrisdakik.com\/?p=86611#article","isPartOf":{"@id":"https:\/\/kibrisdakik.com\/?p=86611"},"author":{"name":"admin","@id":"https:\/\/kibrisdakik.com\/#\/schema\/person\/9cd9d437bbb44f72b73ba127e06d8e79"},"headline":"Sa\u011fl\u0131k Bakan\u0131 Dr. Hakan Din\u00e7y\u00fcrek, 20 Temmuz Bar\u0131\u015f ve \u00d6zg\u00fcrl\u00fck Bayram\u0131 dolay\u0131s\u0131yla mesaj yay\u0131mlad\u0131.","datePublished":"2025-07-19T15:16:44+00:00","mainEntityOfPage":{"@id":"https:\/\/kibrisdakik.com\/?p=86611"},"wordCount":236,"commentCount":0,"image":{"@id":"https:\/\/kibrisdakik.com\/?p=86611#primaryimage"},"thumbnailUrl":"https:\/\/kibrisdakik.com\/wp-content\/uploads\/2025\/07\/1746871861248Dincyurek-740x420.jpg","articleSection":["K\u0131br\u0131s","Man\u015fet"],"inLanguage":"tr","potentialAction":[{"@type":"CommentAction","name":"Comment","target":["https:\/\/kibrisdakik.com\/?p=86611#respond"]}]},{"@type":"WebPage","@id":"https:\/\/kibrisdakik.com\/?p=86611","url":"https:\/\/kibrisdakik.com\/?p=86611","name":"Sa\u011fl\u0131k Bakan\u0131 Dr. Hakan Din\u00e7y\u00fcrek, 20 Temmuz Bar\u0131\u015f ve \u00d6zg\u00fcrl\u00fck Bayram\u0131 dolay\u0131s\u0131yla mesaj yay\u0131mlad\u0131. -","isPartOf":{"@id":"https:\/\/kibrisdakik.com\/#website"},"primaryImageOfPage":{"@id":"https:\/\/kibrisdakik.com\/?p=86611#primaryimage"},"image":{"@id":"https:\/\/kibrisdakik.com\/?p=86611#primaryimage"},"thumbnailUrl":"https:\/\/kibrisdakik.com\/wp-content\/uploads\/2025\/07\/1746871861248Dincyurek-740x420.jpg","datePublished":"2025-07-19T15:16:44+00:00","author":{"@id":"https:\/\/kibrisdakik.com\/#\/schema\/person\/9cd9d437bbb44f72b73ba127e06d8e79"},"breadcrumb":{"@id":"https:\/\/kibrisdakik.com\/?p=86611#breadcrumb"},"inLanguage":"tr","potentialAction":[{"@type":"ReadAction","target":["https:\/\/kibrisdakik.com\/?p=86611"]}]},{"@type":"ImageObject","inLanguage":"tr","@id":"https:\/\/kibrisdakik.com\/?p=86611#primaryimage","url":"https:\/\/kibrisdakik.com\/wp-content\/uploads\/2025\/07\/1746871861248Dincyurek-740x420.jpg","contentUrl":"https:\/\/kibrisdakik.com\/wp-content\/uploads\/2025\/07\/1746871861248Dincyurek-740x420.jpg","width":960,"height":688},{"@type":"BreadcrumbList","@id":"https:\/\/kibrisdakik.com\/?p=86611#breadcrumb","itemListElement":[{"@type":"ListItem","position":1,"name":"Home","item":"https:\/\/kibrisdakik.com\/"},{"@type":"ListItem","position":2,"name":"Sa\u011fl\u0131k Bakan\u0131 Dr. Hakan Din\u00e7y\u00fcrek, 20 Temmuz Bar\u0131\u015f ve \u00d6zg\u00fcrl\u00fck Bayram\u0131 dolay\u0131s\u0131yla mesaj yay\u0131mlad\u0131."}]},{"@type":"WebSite","@id":"https:\/\/kibrisdakik.com\/#website","url":"https:\/\/kibrisdakik.com\/","name":"","description":"Tam vaktinde haber","potentialAction":[{"@type":"SearchAction","target":{"@type":"EntryPoint","urlTemplate":"https:\/\/kibrisdakik.com\/?s={search_term_string}"},"query-input":{"@type":"PropertyValueSpecification","valueRequired":true,"valueName":"search_term_string"}}],"inLanguage":"tr"},{"@type":"Person","@id":"https:\/\/kibrisdakik.com\/#\/schema\/person\/9cd9d437bbb44f72b73ba127e06d8e79","name":"admin","image":{"@type":"ImageObject","inLanguage":"tr","@id":"https:\/\/secure.gravatar.com\/avatar\/ccc17943b9d660506c869530f897617f7cb1c21a4bf30023f252596d83e1f007?s=96&d=mm&r=g","url":"https:\/\/secure.gravatar.com\/avatar\/ccc17943b9d660506c869530f897617f7cb1c21a4bf30023f252596d83e1f007?s=96&d=mm&r=g","contentUrl":"https:\/\/secure.gravatar.com\/avatar\/ccc17943b9d660506c869530f897617f7cb1c21a4bf30023f252596d83e1f007?s=96&d=mm&r=g","caption":"admin"},"sameAs":["https:\/\/kibrisdakik.com"],"url":"https:\/\/kibrisdakik.com\/?author=1"}]}},"_links":{"self":[{"href":"https:\/\/kibrisdakik.com\/index.php?rest_route=\/wp\/v2\/posts\/86611","targetHints":{"allow":["GET"]}}],"collection":[{"href":"https:\/\/kibrisdakik.com\/index.php?rest_route=\/wp\/v2\/posts"}],"about":[{"href":"https:\/\/kibrisdakik.com\/index.php?rest_route=\/wp\/v2\/types\/post"}],"author":[{"embeddable":true,"href":"https:\/\/kibrisdakik.com\/index.php?rest_route=\/wp\/v2\/users\/1"}],"replies":[{"embeddable":true,"href":"https:\/\/kibrisdakik.com\/index.php?rest_route=%2Fwp%2Fv2%2Fcomments&post=86611"}],"version-history":[{"count":0,"href":"https:\/\/kibrisdakik.com\/index.php?rest_route=\/wp\/v2\/posts\/86611\/revisions"}],"wp:featuredmedia":[{"embeddable":true,"href":"https:\/\/kibrisdakik.com\/index.php?rest_route=\/wp\/v2\/media\/86612"}],"wp:attachment":[{"href":"https:\/\/kibrisdakik.com\/index.php?rest_route=%2Fwp%2Fv2%2Fmedia&parent=86611"}],"wp:term":[{"taxonomy":"category","embeddable":true,"href":"https:\/\/kibrisdakik.com\/index.php?rest_route=%2Fwp%2Fv2%2Fcategories&post=86611"},{"taxonomy":"post_tag","embeddable":true,"href":"https:\/\/kibrisdakik.com\/index.php?rest_route=%2Fwp%2Fv2%2Ftags&post=86611"}],"curies":[{"name":"wp","href":"https:\/\/api.w.org\/{rel}","templated":true}]}}