{"id":86617,"date":"2025-07-19T18:50:03","date_gmt":"2025-07-19T15:50:03","guid":{"rendered":"https:\/\/kibrisdakik.com\/index.php\/2025\/07\/19\/hasipoglu20-temmuz-1974-kibris-turk-halkinin-ozgurluge-guvenlige-ve-barisa-kavustugu-gun\/"},"modified":"2025-07-19T18:50:03","modified_gmt":"2025-07-19T15:50:03","slug":"hasipoglu20-temmuz-1974-kibris-turk-halkinin-ozgurluge-guvenlige-ve-barisa-kavustugu-gun","status":"publish","type":"post","link":"https:\/\/kibrisdakik.com\/?p=86617","title":{"rendered":"Hasipo\u011flu:20 Temmuz 1974, K\u0131br\u0131s T\u00fcrk halk\u0131n\u0131n \u00f6zg\u00fcrl\u00fc\u011fe, g\u00fcvenli\u011fe ve bar\u0131\u015fa kavu\u015ftu\u011fu g\u00fcn"},"content":{"rendered":"<p> <br \/>\n<\/p>\n<div>\n<div class=\"mariselle-image-container center\">\n                                            <\/div>\n<p> Ulusal Birlik Partisi (UBP) Genel Sekreteri O\u011fuzhan Hasipo\u011flu, K\u0131br\u0131s T\u00fcrk halk\u0131n\u0131n varolu\u015f m\u00fccadelesinde d\u00f6n\u00fcm noktas\u0131 olan 20 Temmuz 1974\u2019\u00fcn, K\u0131br\u0131s T\u00fcrk halk\u0131n\u0131n \u00f6zg\u00fcrl\u00fc\u011fe, g\u00fcvenli\u011fe ve bar\u0131\u015fa kavu\u015ftu\u011fu g\u00fcn oldu\u011funu s\u00f6yledi. <\/p>\n<p>Hasipo\u011flu, T\u00fcrk Silahl\u0131 Kuvvetleri taraf\u0131ndan ger\u00e7ekle\u015ftirilen Mutlu Bar\u0131\u015f Harek\u00e2t\u0131\u2019n\u0131n uluslararas\u0131 antla\u015fmalardan do\u011fan garant\u00f6rl\u00fck haklar\u0131 \u00e7er\u00e7evesinde, K\u0131br\u0131s T\u00fcrk halk\u0131na y\u00f6nelen zulme kar\u015f\u0131 me\u015fru ve kararl\u0131 bir m\u00fcdahale olarak d\u00fcnya tarihinde yerini ald\u0131\u011f\u0131n\u0131 ifade etti.<\/p>\n<p>Hasipo\u011flu, 20 Temmuz 1974 Bar\u0131\u015f Harek\u00e2t\u0131\u2019n\u0131n 51. y\u0131l d\u00f6n\u00fcm\u00fc dolay\u0131s\u0131yla yay\u0131mlad\u0131\u011f\u0131 mesajda, bu m\u00fccadelede yer alan \u015fehitleri rahmetle, gazileri de minnetle and\u0131.<\/p>\n<p>Hasipo\u011flu mesaj\u0131nda \u015fu ifadelere yer verdi:<\/p>\n<p>\u201c51. y\u0131l co\u015fkumuz, Anavatan T\u00fcrkiye\u2019mizden en y\u00fcksek kat\u0131l\u0131mla doruk noktaya \u00e7\u0131km\u0131\u015ft\u0131r. Cumhurba\u015fkan\u0131 Say\u0131n Recep Tayyip Erdo\u011fan\u2019\u0131 bir kez daha aram\u0131zda g\u00f6rmek, g\u00fcc\u00fcm\u00fcze g\u00fc\u00e7 katmaktad\u0131r. <\/p>\n<p>Bu vesileyle, 20 Temmuz, anlaml\u0131 t\u00f6rensel etkinli\u011fin \u00e7ok \u00f6tesinde, ba\u011f\u0131ms\u0131zl\u0131k ve \u00f6zg\u00fcrl\u00fc\u011f\u00fc benimsemi\u015f, KKTC devletine ve Anavatan T\u00fcrkiye\u2019nin etkin ve filli g\u00fcvencesine sonuna kadar inanan her vatanda\u015f\u0131m\u0131z\u0131n, benli\u011fine kaz\u0131nm\u0131\u015f bir varolu\u015fsal y\u0131l d\u00f6n\u00fcm\u00fc olarak kutlanmaya devam edecektir.\u201d<\/p>\n<\/p><\/div>\n<p><script async\n                    defer\n                    crossorigin=\"anonymous\"\n                    src=\"https:\/\/connect.facebook.net\/tr_TR\/sdk.js#xfbml=1&#038;version=v3.3\"\n            ><\/script><br \/>\n<br \/><br \/>\n<br \/><a href=\"[kibrisdakik.com]\n<\/p>\n","protected":false},"excerpt":{"rendered":"<p>Ulusal Birlik Partisi (UBP) Genel Sekreteri O\u011fuzhan Hasipo\u011flu, K\u0131br\u0131s T\u00fcrk halk\u0131n\u0131n varolu\u015f m\u00fccadelesinde d\u00f6n\u00fcm noktas\u0131 olan 20 Temmuz 1974\u2019\u00fcn, K\u0131br\u0131s T\u00fcrk halk\u0131n\u0131n \u00f6zg\u00fcrl\u00fc\u011fe, g\u00fcvenli\u011fe ve bar\u0131\u015fa kavu\u015ftu\u011fu g\u00fcn oldu\u011funu s\u00f6yledi. Hasipo\u011flu, T\u00fcrk Silahl\u0131 Kuvvetleri taraf\u0131ndan ger\u00e7ekle\u015ftirilen Mutlu Bar\u0131\u015f Harek\u00e2t\u0131\u2019n\u0131n uluslararas\u0131 antla\u015fmalardan do\u011fan garant\u00f6rl\u00fck haklar\u0131 \u00e7er\u00e7evesinde, K\u0131br\u0131s T\u00fcrk halk\u0131na y\u00f6nelen zulme kar\u015f\u0131 me\u015fru ve kararl\u0131 bir<\/p>\n","protected":false},"author":1,"featured_media":86618,"comment_status":"open","ping_status":"open","sticky":false,"template":"","format":"standard","meta":{"footnotes":""},"categories":[81,101],"tags":[],"class_list":["post-86617","post","type-post","status-publish","format-standard","has-post-thumbnail","hentry","category-kibris","category-manset"],"yoast_head":"<!-- This site is optimized with the Yoast SEO plugin v27.4 - https:\/\/yoast.com\/product\/yoast-seo-wordpress\/ -->\n<title>Hasipo\u011flu:20 Temmuz 1974, K\u0131br\u0131s T\u00fcrk halk\u0131n\u0131n \u00f6zg\u00fcrl\u00fc\u011fe, g\u00fcvenli\u011fe ve bar\u0131\u015fa kavu\u015ftu\u011fu g\u00fcn -<\/title>\n<meta name=\"robots\" content=\"index, follow, max-snippet:-1, max-image-preview:large, max-video-preview:-1\" \/>\n<link rel=\"canonical\" href=\"https:\/\/kibrisdakik.com\/?p=86617\" \/>\n<meta property=\"og:locale\" content=\"tr_TR\" \/>\n<meta property=\"og:type\" content=\"article\" \/>\n<meta property=\"og:title\" content=\"Hasipo\u011flu:20 Temmuz 1974, K\u0131br\u0131s T\u00fcrk halk\u0131n\u0131n \u00f6zg\u00fcrl\u00fc\u011fe, g\u00fcvenli\u011fe ve bar\u0131\u015fa kavu\u015ftu\u011fu g\u00fcn -\" \/>\n<meta property=\"og:description\" content=\"Ulusal Birlik Partisi (UBP) Genel Sekreteri O\u011fuzhan Hasipo\u011flu, K\u0131br\u0131s T\u00fcrk halk\u0131n\u0131n varolu\u015f m\u00fccadelesinde d\u00f6n\u00fcm noktas\u0131 olan 20 Temmuz 1974\u2019\u00fcn, K\u0131br\u0131s T\u00fcrk halk\u0131n\u0131n \u00f6zg\u00fcrl\u00fc\u011fe, g\u00fcvenli\u011fe ve bar\u0131\u015fa kavu\u015ftu\u011fu g\u00fcn oldu\u011funu s\u00f6yledi. Hasipo\u011flu, T\u00fcrk Silahl\u0131 Kuvvetleri taraf\u0131ndan ger\u00e7ekle\u015ftirilen Mutlu Bar\u0131\u015f Harek\u00e2t\u0131\u2019n\u0131n uluslararas\u0131 antla\u015fmalardan do\u011fan garant\u00f6rl\u00fck haklar\u0131 \u00e7er\u00e7evesinde, K\u0131br\u0131s T\u00fcrk halk\u0131na y\u00f6nelen zulme kar\u015f\u0131 me\u015fru ve kararl\u0131 bir\" \/>\n<meta property=\"og:url\" content=\"https:\/\/kibrisdakik.com\/?p=86617\" \/>\n<meta property=\"article:published_time\" content=\"2025-07-19T15:50:03+00:00\" \/>\n<meta property=\"og:image\" content=\"https:\/\/kibrisdakik.com\/wp-content\/uploads\/2025\/07\/hasipoglu-1-740x420.jpg\" \/>\n\t<meta property=\"og:image:width\" content=\"1919\" \/>\n\t<meta property=\"og:image:height\" content=\"1079\" \/>\n\t<meta property=\"og:image:type\" content=\"image\/jpeg\" \/>\n<meta name=\"author\" content=\"admin\" \/>\n<meta name=\"twitter:card\" content=\"summary_large_image\" \/>\n<meta name=\"twitter:label1\" content=\"Yazan:\" \/>\n\t<meta name=\"twitter:data1\" content=\"admin\" \/>\n\t<meta name=\"twitter:label2\" content=\"Tahmini okuma s\u00fcresi\" \/>\n\t<meta name=\"twitter:data2\" content=\"1 dakika\" \/>\n<script type=\"application\/ld+json\" class=\"yoast-schema-graph\">{\"@context\":\"https:\\\/\\\/schema.org\",\"@graph\":[{\"@type\":\"Article\",\"@id\":\"https:\\\/\\\/kibrisdakik.com\\\/?p=86617#article\",\"isPartOf\":{\"@id\":\"https:\\\/\\\/kibrisdakik.com\\\/?p=86617\"},\"author\":{\"name\":\"admin\",\"@id\":\"https:\\\/\\\/kibrisdakik.com\\\/#\\\/schema\\\/person\\\/9cd9d437bbb44f72b73ba127e06d8e79\"},\"headline\":\"Hasipo\u011flu:20 Temmuz 1974, K\u0131br\u0131s T\u00fcrk halk\u0131n\u0131n \u00f6zg\u00fcrl\u00fc\u011fe, g\u00fcvenli\u011fe ve bar\u0131\u015fa kavu\u015ftu\u011fu g\u00fcn\",\"datePublished\":\"2025-07-19T15:50:03+00:00\",\"mainEntityOfPage\":{\"@id\":\"https:\\\/\\\/kibrisdakik.com\\\/?p=86617\"},\"wordCount\":269,\"commentCount\":0,\"image\":{\"@id\":\"https:\\\/\\\/kibrisdakik.com\\\/?p=86617#primaryimage\"},\"thumbnailUrl\":\"https:\\\/\\\/kibrisdakik.com\\\/wp-content\\\/uploads\\\/2025\\\/07\\\/hasipoglu-1-740x420.jpg\",\"articleSection\":[\"K\u0131br\u0131s\",\"Man\u015fet\"],\"inLanguage\":\"tr\",\"potentialAction\":[{\"@type\":\"CommentAction\",\"name\":\"Comment\",\"target\":[\"https:\\\/\\\/kibrisdakik.com\\\/?p=86617#respond\"]}]},{\"@type\":\"WebPage\",\"@id\":\"https:\\\/\\\/kibrisdakik.com\\\/?p=86617\",\"url\":\"https:\\\/\\\/kibrisdakik.com\\\/?p=86617\",\"name\":\"Hasipo\u011flu:20 Temmuz 1974, K\u0131br\u0131s T\u00fcrk halk\u0131n\u0131n \u00f6zg\u00fcrl\u00fc\u011fe, g\u00fcvenli\u011fe ve bar\u0131\u015fa kavu\u015ftu\u011fu g\u00fcn -\",\"isPartOf\":{\"@id\":\"https:\\\/\\\/kibrisdakik.com\\\/#website\"},\"primaryImageOfPage\":{\"@id\":\"https:\\\/\\\/kibrisdakik.com\\\/?p=86617#primaryimage\"},\"image\":{\"@id\":\"https:\\\/\\\/kibrisdakik.com\\\/?p=86617#primaryimage\"},\"thumbnailUrl\":\"https:\\\/\\\/kibrisdakik.com\\\/wp-content\\\/uploads\\\/2025\\\/07\\\/hasipoglu-1-740x420.jpg\",\"datePublished\":\"2025-07-19T15:50:03+00:00\",\"author\":{\"@id\":\"https:\\\/\\\/kibrisdakik.com\\\/#\\\/schema\\\/person\\\/9cd9d437bbb44f72b73ba127e06d8e79\"},\"breadcrumb\":{\"@id\":\"https:\\\/\\\/kibrisdakik.com\\\/?p=86617#breadcrumb\"},\"inLanguage\":\"tr\",\"potentialAction\":[{\"@type\":\"ReadAction\",\"target\":[\"https:\\\/\\\/kibrisdakik.com\\\/?p=86617\"]}]},{\"@type\":\"ImageObject\",\"inLanguage\":\"tr\",\"@id\":\"https:\\\/\\\/kibrisdakik.com\\\/?p=86617#primaryimage\",\"url\":\"https:\\\/\\\/kibrisdakik.com\\\/wp-content\\\/uploads\\\/2025\\\/07\\\/hasipoglu-1-740x420.jpg\",\"contentUrl\":\"https:\\\/\\\/kibrisdakik.com\\\/wp-content\\\/uploads\\\/2025\\\/07\\\/hasipoglu-1-740x420.jpg\",\"width\":1919,\"height\":1079},{\"@type\":\"BreadcrumbList\",\"@id\":\"https:\\\/\\\/kibrisdakik.com\\\/?p=86617#breadcrumb\",\"itemListElement\":[{\"@type\":\"ListItem\",\"position\":1,\"name\":\"Home\",\"item\":\"https:\\\/\\\/kibrisdakik.com\\\/\"},{\"@type\":\"ListItem\",\"position\":2,\"name\":\"Hasipo\u011flu:20 Temmuz 1974, K\u0131br\u0131s T\u00fcrk halk\u0131n\u0131n \u00f6zg\u00fcrl\u00fc\u011fe, g\u00fcvenli\u011fe ve bar\u0131\u015fa kavu\u015ftu\u011fu g\u00fcn\"}]},{\"@type\":\"WebSite\",\"@id\":\"https:\\\/\\\/kibrisdakik.com\\\/#website\",\"url\":\"https:\\\/\\\/kibrisdakik.com\\\/\",\"name\":\"\",\"description\":\"Tam vaktinde haber\",\"potentialAction\":[{\"@type\":\"SearchAction\",\"target\":{\"@type\":\"EntryPoint\",\"urlTemplate\":\"https:\\\/\\\/kibrisdakik.com\\\/?s={search_term_string}\"},\"query-input\":{\"@type\":\"PropertyValueSpecification\",\"valueRequired\":true,\"valueName\":\"search_term_string\"}}],\"inLanguage\":\"tr\"},{\"@type\":\"Person\",\"@id\":\"https:\\\/\\\/kibrisdakik.com\\\/#\\\/schema\\\/person\\\/9cd9d437bbb44f72b73ba127e06d8e79\",\"name\":\"admin\",\"image\":{\"@type\":\"ImageObject\",\"inLanguage\":\"tr\",\"@id\":\"https:\\\/\\\/secure.gravatar.com\\\/avatar\\\/ccc17943b9d660506c869530f897617f7cb1c21a4bf30023f252596d83e1f007?s=96&d=mm&r=g\",\"url\":\"https:\\\/\\\/secure.gravatar.com\\\/avatar\\\/ccc17943b9d660506c869530f897617f7cb1c21a4bf30023f252596d83e1f007?s=96&d=mm&r=g\",\"contentUrl\":\"https:\\\/\\\/secure.gravatar.com\\\/avatar\\\/ccc17943b9d660506c869530f897617f7cb1c21a4bf30023f252596d83e1f007?s=96&d=mm&r=g\",\"caption\":\"admin\"},\"sameAs\":[\"https:\\\/\\\/kibrisdakik.com\"],\"url\":\"https:\\\/\\\/kibrisdakik.com\\\/?author=1\"}]}<\/script>\n<!-- \/ Yoast SEO plugin. -->","yoast_head_json":{"title":"Hasipo\u011flu:20 Temmuz 1974, K\u0131br\u0131s T\u00fcrk halk\u0131n\u0131n \u00f6zg\u00fcrl\u00fc\u011fe, g\u00fcvenli\u011fe ve bar\u0131\u015fa kavu\u015ftu\u011fu g\u00fcn -","robots":{"index":"index","follow":"follow","max-snippet":"max-snippet:-1","max-image-preview":"max-image-preview:large","max-video-preview":"max-video-preview:-1"},"canonical":"https:\/\/kibrisdakik.com\/?p=86617","og_locale":"tr_TR","og_type":"article","og_title":"Hasipo\u011flu:20 Temmuz 1974, K\u0131br\u0131s T\u00fcrk halk\u0131n\u0131n \u00f6zg\u00fcrl\u00fc\u011fe, g\u00fcvenli\u011fe ve bar\u0131\u015fa kavu\u015ftu\u011fu g\u00fcn -","og_description":"Ulusal Birlik Partisi (UBP) Genel Sekreteri O\u011fuzhan Hasipo\u011flu, K\u0131br\u0131s T\u00fcrk halk\u0131n\u0131n varolu\u015f m\u00fccadelesinde d\u00f6n\u00fcm noktas\u0131 olan 20 Temmuz 1974\u2019\u00fcn, K\u0131br\u0131s T\u00fcrk halk\u0131n\u0131n \u00f6zg\u00fcrl\u00fc\u011fe, g\u00fcvenli\u011fe ve bar\u0131\u015fa kavu\u015ftu\u011fu g\u00fcn oldu\u011funu s\u00f6yledi. Hasipo\u011flu, T\u00fcrk Silahl\u0131 Kuvvetleri taraf\u0131ndan ger\u00e7ekle\u015ftirilen Mutlu Bar\u0131\u015f Harek\u00e2t\u0131\u2019n\u0131n uluslararas\u0131 antla\u015fmalardan do\u011fan garant\u00f6rl\u00fck haklar\u0131 \u00e7er\u00e7evesinde, K\u0131br\u0131s T\u00fcrk halk\u0131na y\u00f6nelen zulme kar\u015f\u0131 me\u015fru ve kararl\u0131 bir","og_url":"https:\/\/kibrisdakik.com\/?p=86617","article_published_time":"2025-07-19T15:50:03+00:00","og_image":[{"width":1919,"height":1079,"url":"https:\/\/kibrisdakik.com\/wp-content\/uploads\/2025\/07\/hasipoglu-1-740x420.jpg","type":"image\/jpeg"}],"author":"admin","twitter_card":"summary_large_image","twitter_misc":{"Yazan:":"admin","Tahmini okuma s\u00fcresi":"1 dakika"},"schema":{"@context":"https:\/\/schema.org","@graph":[{"@type":"Article","@id":"https:\/\/kibrisdakik.com\/?p=86617#article","isPartOf":{"@id":"https:\/\/kibrisdakik.com\/?p=86617"},"author":{"name":"admin","@id":"https:\/\/kibrisdakik.com\/#\/schema\/person\/9cd9d437bbb44f72b73ba127e06d8e79"},"headline":"Hasipo\u011flu:20 Temmuz 1974, K\u0131br\u0131s T\u00fcrk halk\u0131n\u0131n \u00f6zg\u00fcrl\u00fc\u011fe, g\u00fcvenli\u011fe ve bar\u0131\u015fa kavu\u015ftu\u011fu g\u00fcn","datePublished":"2025-07-19T15:50:03+00:00","mainEntityOfPage":{"@id":"https:\/\/kibrisdakik.com\/?p=86617"},"wordCount":269,"commentCount":0,"image":{"@id":"https:\/\/kibrisdakik.com\/?p=86617#primaryimage"},"thumbnailUrl":"https:\/\/kibrisdakik.com\/wp-content\/uploads\/2025\/07\/hasipoglu-1-740x420.jpg","articleSection":["K\u0131br\u0131s","Man\u015fet"],"inLanguage":"tr","potentialAction":[{"@type":"CommentAction","name":"Comment","target":["https:\/\/kibrisdakik.com\/?p=86617#respond"]}]},{"@type":"WebPage","@id":"https:\/\/kibrisdakik.com\/?p=86617","url":"https:\/\/kibrisdakik.com\/?p=86617","name":"Hasipo\u011flu:20 Temmuz 1974, K\u0131br\u0131s T\u00fcrk halk\u0131n\u0131n \u00f6zg\u00fcrl\u00fc\u011fe, g\u00fcvenli\u011fe ve bar\u0131\u015fa kavu\u015ftu\u011fu g\u00fcn -","isPartOf":{"@id":"https:\/\/kibrisdakik.com\/#website"},"primaryImageOfPage":{"@id":"https:\/\/kibrisdakik.com\/?p=86617#primaryimage"},"image":{"@id":"https:\/\/kibrisdakik.com\/?p=86617#primaryimage"},"thumbnailUrl":"https:\/\/kibrisdakik.com\/wp-content\/uploads\/2025\/07\/hasipoglu-1-740x420.jpg","datePublished":"2025-07-19T15:50:03+00:00","author":{"@id":"https:\/\/kibrisdakik.com\/#\/schema\/person\/9cd9d437bbb44f72b73ba127e06d8e79"},"breadcrumb":{"@id":"https:\/\/kibrisdakik.com\/?p=86617#breadcrumb"},"inLanguage":"tr","potentialAction":[{"@type":"ReadAction","target":["https:\/\/kibrisdakik.com\/?p=86617"]}]},{"@type":"ImageObject","inLanguage":"tr","@id":"https:\/\/kibrisdakik.com\/?p=86617#primaryimage","url":"https:\/\/kibrisdakik.com\/wp-content\/uploads\/2025\/07\/hasipoglu-1-740x420.jpg","contentUrl":"https:\/\/kibrisdakik.com\/wp-content\/uploads\/2025\/07\/hasipoglu-1-740x420.jpg","width":1919,"height":1079},{"@type":"BreadcrumbList","@id":"https:\/\/kibrisdakik.com\/?p=86617#breadcrumb","itemListElement":[{"@type":"ListItem","position":1,"name":"Home","item":"https:\/\/kibrisdakik.com\/"},{"@type":"ListItem","position":2,"name":"Hasipo\u011flu:20 Temmuz 1974, K\u0131br\u0131s T\u00fcrk halk\u0131n\u0131n \u00f6zg\u00fcrl\u00fc\u011fe, g\u00fcvenli\u011fe ve bar\u0131\u015fa kavu\u015ftu\u011fu g\u00fcn"}]},{"@type":"WebSite","@id":"https:\/\/kibrisdakik.com\/#website","url":"https:\/\/kibrisdakik.com\/","name":"","description":"Tam vaktinde haber","potentialAction":[{"@type":"SearchAction","target":{"@type":"EntryPoint","urlTemplate":"https:\/\/kibrisdakik.com\/?s={search_term_string}"},"query-input":{"@type":"PropertyValueSpecification","valueRequired":true,"valueName":"search_term_string"}}],"inLanguage":"tr"},{"@type":"Person","@id":"https:\/\/kibrisdakik.com\/#\/schema\/person\/9cd9d437bbb44f72b73ba127e06d8e79","name":"admin","image":{"@type":"ImageObject","inLanguage":"tr","@id":"https:\/\/secure.gravatar.com\/avatar\/ccc17943b9d660506c869530f897617f7cb1c21a4bf30023f252596d83e1f007?s=96&d=mm&r=g","url":"https:\/\/secure.gravatar.com\/avatar\/ccc17943b9d660506c869530f897617f7cb1c21a4bf30023f252596d83e1f007?s=96&d=mm&r=g","contentUrl":"https:\/\/secure.gravatar.com\/avatar\/ccc17943b9d660506c869530f897617f7cb1c21a4bf30023f252596d83e1f007?s=96&d=mm&r=g","caption":"admin"},"sameAs":["https:\/\/kibrisdakik.com"],"url":"https:\/\/kibrisdakik.com\/?author=1"}]}},"_links":{"self":[{"href":"https:\/\/kibrisdakik.com\/index.php?rest_route=\/wp\/v2\/posts\/86617","targetHints":{"allow":["GET"]}}],"collection":[{"href":"https:\/\/kibrisdakik.com\/index.php?rest_route=\/wp\/v2\/posts"}],"about":[{"href":"https:\/\/kibrisdakik.com\/index.php?rest_route=\/wp\/v2\/types\/post"}],"author":[{"embeddable":true,"href":"https:\/\/kibrisdakik.com\/index.php?rest_route=\/wp\/v2\/users\/1"}],"replies":[{"embeddable":true,"href":"https:\/\/kibrisdakik.com\/index.php?rest_route=%2Fwp%2Fv2%2Fcomments&post=86617"}],"version-history":[{"count":0,"href":"https:\/\/kibrisdakik.com\/index.php?rest_route=\/wp\/v2\/posts\/86617\/revisions"}],"wp:featuredmedia":[{"embeddable":true,"href":"https:\/\/kibrisdakik.com\/index.php?rest_route=\/wp\/v2\/media\/86618"}],"wp:attachment":[{"href":"https:\/\/kibrisdakik.com\/index.php?rest_route=%2Fwp%2Fv2%2Fmedia&parent=86617"}],"wp:term":[{"taxonomy":"category","embeddable":true,"href":"https:\/\/kibrisdakik.com\/index.php?rest_route=%2Fwp%2Fv2%2Fcategories&post=86617"},{"taxonomy":"post_tag","embeddable":true,"href":"https:\/\/kibrisdakik.com\/index.php?rest_route=%2Fwp%2Fv2%2Ftags&post=86617"}],"curies":[{"name":"wp","href":"https:\/\/api.w.org\/{rel}","templated":true}]}}