{"id":8662,"date":"2023-06-12T12:00:48","date_gmt":"2023-06-12T12:00:48","guid":{"rendered":"https:\/\/kibrisdakik.com\/index.php\/2023\/06\/12\/erdogan-tatar-gorusmesi-basladi\/"},"modified":"2023-06-12T12:00:48","modified_gmt":"2023-06-12T12:00:48","slug":"erdogan-tatar-gorusmesi-basladi","status":"publish","type":"post","link":"https:\/\/kibrisdakik.com\/?p=8662","title":{"rendered":"Erdo\u011fan-Tatar g\u00f6r\u00fc\u015fmesi ba\u015flad\u0131"},"content":{"rendered":"<p><\/p>\n<div>\n<div class=\"mariselle-image-container center\">\n                <img width=\"1600\" height=\"830\" class=\"lazy-image\" alt=\"\" decoding=\"async\" loading=\"lazy\" sizes=\"auto, (max-width: 1600px) 100vw, 1600px\" src=\"https:\/\/brtk.net\/wp-content\/uploads\/2023\/06\/12\/ecb.jpg?ver=9cc281ec1b4d48fe99f81a391242406b\" srcset=\"https:\/\/brtk.net\/wp-content\/uploads\/2023\/06\/12\/ecb.jpg?ver=9cc281ec1b4d48fe99f81a391242406b 1600w, https:\/\/brtk.net\/wp-content\/uploads\/2023\/06\/12\/ecb-300x156.jpg?ver=4d802659896854f0be0da32e298f70bc 300w, https:\/\/brtk.net\/wp-content\/uploads\/2023\/06\/12\/ecb-1024x531.jpg?ver=4d802659896854f0be0da32e298f70bc 1024w, https:\/\/brtk.net\/wp-content\/uploads\/2023\/06\/12\/ecb-768x398.jpg?ver=4d802659896854f0be0da32e298f70bc 768w, https:\/\/brtk.net\/wp-content\/uploads\/2023\/06\/12\/ecb-1536x797.jpg?ver=dab4b57fd8b5e50a6150023332c2a75f 1536w\"\/>                            <\/div>\n<p>\u0130lk yurt d\u0131\u015f\u0131 ziyaretini <a href=\"https:\/\/brtk.net\/\">KKTC<\/a>\u2019ye yapan T\u00fcrkiye Cumhuriyeti Cumhurba\u015fkan\u0131 Recep Tayyip Erdo\u011fan, 14.00 s\u0131ralar\u0131nda Cumhurba\u015fkanl\u0131\u011f\u0131\u2019na geldi.<\/p>\n<div class=\"mariselle-image-container center\">\n                <img width=\"1600\" height=\"1066\" class=\"lazy-image\" alt=\"\" decoding=\"async\" loading=\"lazy\" sizes=\"auto, (max-width: 1600px) 100vw, 1600px\" src=\"https:\/\/brtk.net\/wp-content\/uploads\/2023\/06\/12\/12381427-0462-4c22-8f7e-8ad2f7516e38.jpg?ver=d1c5490b2ad9d7f21c3002e79d1070ba\" srcset=\"https:\/\/brtk.net\/wp-content\/uploads\/2023\/06\/12\/12381427-0462-4c22-8f7e-8ad2f7516e38.jpg?ver=d1c5490b2ad9d7f21c3002e79d1070ba 1600w, https:\/\/brtk.net\/wp-content\/uploads\/2023\/06\/12\/12381427-0462-4c22-8f7e-8ad2f7516e38-300x200.jpg?ver=d1c5490b2ad9d7f21c3002e79d1070ba 300w, https:\/\/brtk.net\/wp-content\/uploads\/2023\/06\/12\/12381427-0462-4c22-8f7e-8ad2f7516e38-1024x682.jpg?ver=96e0ccc4bb4fdab7fb4e705c730a5a0d 1024w, https:\/\/brtk.net\/wp-content\/uploads\/2023\/06\/12\/12381427-0462-4c22-8f7e-8ad2f7516e38-768x512.jpg?ver=96e0ccc4bb4fdab7fb4e705c730a5a0d 768w, https:\/\/brtk.net\/wp-content\/uploads\/2023\/06\/12\/12381427-0462-4c22-8f7e-8ad2f7516e38-1536x1023.jpg?ver=96e0ccc4bb4fdab7fb4e705c730a5a0d 1536w\"\/>                            <\/div>\n<p>Askeri t\u00f6renle kar\u015f\u0131lanan Cumhurba\u015fkan\u0131 Erdo\u011fan, t\u00f6ren birli\u011fini selamlamas\u0131n\u0131n ard\u0131ndan Cumhurba\u015fkan\u0131 <a href=\"https:\/\/brtk.net\/\" target=\"_blank\" rel=\"noopener\">Ersin Tatar<\/a> ile toplant\u0131ya ge\u00e7ti.<\/p>\n<div class=\"mariselle-image-container center\">\n                <img width=\"1598\" height=\"716\" class=\"lazy-image\" alt=\"\" decoding=\"async\" loading=\"lazy\" sizes=\"auto, (max-width: 1598px) 100vw, 1598px\" src=\"https:\/\/brtk.net\/wp-content\/uploads\/2023\/06\/12\/erdogan-tatar-23.jpg?ver=b6204871fb3bdc873a782b430b1f75bc\" srcset=\"https:\/\/brtk.net\/wp-content\/uploads\/2023\/06\/12\/erdogan-tatar-23.jpg?ver=b6204871fb3bdc873a782b430b1f75bc 1598w, https:\/\/brtk.net\/wp-content\/uploads\/2023\/06\/12\/erdogan-tatar-23-300x134.jpg?ver=7bfd15d5ec554aaa7a18bba29738964f 300w, https:\/\/brtk.net\/wp-content\/uploads\/2023\/06\/12\/erdogan-tatar-23-1024x459.jpg?ver=7bfd15d5ec554aaa7a18bba29738964f 1024w, https:\/\/brtk.net\/wp-content\/uploads\/2023\/06\/12\/erdogan-tatar-23-768x344.jpg?ver=7bfd15d5ec554aaa7a18bba29738964f 768w, https:\/\/brtk.net\/wp-content\/uploads\/2023\/06\/12\/erdogan-tatar-23-1536x688.jpg?ver=7bfd15d5ec554aaa7a18bba29738964f 1536w\"\/>                            <\/div>\n<div class=\"mariselle-image-container center\">\n                <img width=\"1600\" height=\"684\" class=\"lazy-image\" alt=\"\" decoding=\"async\" loading=\"lazy\" sizes=\"auto, (max-width: 1600px) 100vw, 1600px\" src=\"https:\/\/brtk.net\/wp-content\/uploads\/2023\/06\/12\/erdogan-tatar-23-a.jpg?ver=e5e64eda0af72d6e8a0651cecf8ca94d\" srcset=\"https:\/\/brtk.net\/wp-content\/uploads\/2023\/06\/12\/erdogan-tatar-23-a.jpg?ver=e5e64eda0af72d6e8a0651cecf8ca94d 1600w, https:\/\/brtk.net\/wp-content\/uploads\/2023\/06\/12\/erdogan-tatar-23-a-300x128.jpg?ver=289a03109271b34d63594b32c96decc8 300w, https:\/\/brtk.net\/wp-content\/uploads\/2023\/06\/12\/erdogan-tatar-23-a-1024x438.jpg?ver=289a03109271b34d63594b32c96decc8 1024w, https:\/\/brtk.net\/wp-content\/uploads\/2023\/06\/12\/erdogan-tatar-23-a-768x328.jpg?ver=289a03109271b34d63594b32c96decc8 768w, https:\/\/brtk.net\/wp-content\/uploads\/2023\/06\/12\/erdogan-tatar-23-a-1536x657.jpg?ver=4060500fbda03ed6975665be99bc62ce 1536w\"\/>                            <\/div>\n<\/p><\/div>\n<p><script async\n                    defer\n                    crossorigin=\"anonymous\"\n                    src=\"https:\/\/connect.facebook.net\/tr_TR\/sdk.js#xfbml=1&#038;version=v3.3\"\n            ><\/script><\/p>\n","protected":false},"excerpt":{"rendered":"<p>\u0130lk yurt d\u0131\u015f\u0131 ziyaretini KKTC\u2019ye yapan T\u00fcrkiye Cumhuriyeti Cumhurba\u015fkan\u0131 Recep Tayyip Erdo\u011fan, 14.00 s\u0131ralar\u0131nda Cumhurba\u015fkanl\u0131\u011f\u0131\u2019na geldi. Askeri t\u00f6renle kar\u015f\u0131lanan Cumhurba\u015fkan\u0131 Erdo\u011fan, t\u00f6ren birli\u011fini selamlamas\u0131n\u0131n ard\u0131ndan Cumhurba\u015fkan\u0131 Ersin Tatar ile toplant\u0131ya ge\u00e7ti.<\/p>\n","protected":false},"author":1,"featured_media":8663,"comment_status":"open","ping_status":"open","sticky":false,"template":"","format":"standard","meta":{"footnotes":""},"categories":[1],"tags":[],"class_list":["post-8662","post","type-post","status-publish","format-standard","has-post-thumbnail","hentry","category-gundem"],"yoast_head":"<!-- This site is optimized with the Yoast SEO plugin v27.5 - https:\/\/yoast.com\/product\/yoast-seo-wordpress\/ -->\n<title>Erdo\u011fan-Tatar g\u00f6r\u00fc\u015fmesi ba\u015flad\u0131 -<\/title>\n<meta name=\"robots\" content=\"index, follow, max-snippet:-1, max-image-preview:large, max-video-preview:-1\" \/>\n<link rel=\"canonical\" href=\"https:\/\/kibrisdakik.com\/?p=8662\" \/>\n<meta property=\"og:locale\" content=\"tr_TR\" \/>\n<meta property=\"og:type\" content=\"article\" \/>\n<meta property=\"og:title\" content=\"Erdo\u011fan-Tatar g\u00f6r\u00fc\u015fmesi ba\u015flad\u0131 -\" \/>\n<meta property=\"og:description\" content=\"\u0130lk yurt d\u0131\u015f\u0131 ziyaretini KKTC\u2019ye yapan T\u00fcrkiye Cumhuriyeti Cumhurba\u015fkan\u0131 Recep Tayyip Erdo\u011fan, 14.00 s\u0131ralar\u0131nda Cumhurba\u015fkanl\u0131\u011f\u0131\u2019na geldi. Askeri t\u00f6renle kar\u015f\u0131lanan Cumhurba\u015fkan\u0131 Erdo\u011fan, t\u00f6ren birli\u011fini selamlamas\u0131n\u0131n ard\u0131ndan Cumhurba\u015fkan\u0131 Ersin Tatar ile toplant\u0131ya ge\u00e7ti.\" \/>\n<meta property=\"og:url\" content=\"https:\/\/kibrisdakik.com\/?p=8662\" \/>\n<meta property=\"article:published_time\" content=\"2023-06-12T12:00:48+00:00\" \/>\n<meta property=\"og:image\" content=\"https:\/\/kibrisdakik.com\/wp-content\/uploads\/2023\/06\/erdogan-tatar-23-740x420.jpg\" \/>\n\t<meta property=\"og:image:width\" content=\"1598\" \/>\n\t<meta property=\"og:image:height\" content=\"716\" \/>\n\t<meta property=\"og:image:type\" content=\"image\/jpeg\" \/>\n<meta name=\"author\" content=\"admin\" \/>\n<meta name=\"twitter:card\" content=\"summary_large_image\" \/>\n<meta name=\"twitter:label1\" content=\"Yazan:\" \/>\n\t<meta name=\"twitter:data1\" content=\"admin\" \/>\n<script type=\"application\/ld+json\" class=\"yoast-schema-graph\">{\"@context\":\"https:\\\/\\\/schema.org\",\"@graph\":[{\"@type\":\"Article\",\"@id\":\"https:\\\/\\\/kibrisdakik.com\\\/?p=8662#article\",\"isPartOf\":{\"@id\":\"https:\\\/\\\/kibrisdakik.com\\\/?p=8662\"},\"author\":{\"name\":\"admin\",\"@id\":\"https:\\\/\\\/kibrisdakik.com\\\/#\\\/schema\\\/person\\\/9cd9d437bbb44f72b73ba127e06d8e79\"},\"headline\":\"Erdo\u011fan-Tatar g\u00f6r\u00fc\u015fmesi ba\u015flad\u0131\",\"datePublished\":\"2023-06-12T12:00:48+00:00\",\"mainEntityOfPage\":{\"@id\":\"https:\\\/\\\/kibrisdakik.com\\\/?p=8662\"},\"wordCount\":57,\"commentCount\":0,\"image\":{\"@id\":\"https:\\\/\\\/kibrisdakik.com\\\/?p=8662#primaryimage\"},\"thumbnailUrl\":\"https:\\\/\\\/kibrisdakik.com\\\/wp-content\\\/uploads\\\/2023\\\/06\\\/erdogan-tatar-23-740x420.jpg\",\"articleSection\":[\"G\u00fcndem\"],\"inLanguage\":\"tr\",\"potentialAction\":[{\"@type\":\"CommentAction\",\"name\":\"Comment\",\"target\":[\"https:\\\/\\\/kibrisdakik.com\\\/?p=8662#respond\"]}]},{\"@type\":\"WebPage\",\"@id\":\"https:\\\/\\\/kibrisdakik.com\\\/?p=8662\",\"url\":\"https:\\\/\\\/kibrisdakik.com\\\/?p=8662\",\"name\":\"Erdo\u011fan-Tatar g\u00f6r\u00fc\u015fmesi ba\u015flad\u0131 -\",\"isPartOf\":{\"@id\":\"https:\\\/\\\/kibrisdakik.com\\\/#website\"},\"primaryImageOfPage\":{\"@id\":\"https:\\\/\\\/kibrisdakik.com\\\/?p=8662#primaryimage\"},\"image\":{\"@id\":\"https:\\\/\\\/kibrisdakik.com\\\/?p=8662#primaryimage\"},\"thumbnailUrl\":\"https:\\\/\\\/kibrisdakik.com\\\/wp-content\\\/uploads\\\/2023\\\/06\\\/erdogan-tatar-23-740x420.jpg\",\"datePublished\":\"2023-06-12T12:00:48+00:00\",\"author\":{\"@id\":\"https:\\\/\\\/kibrisdakik.com\\\/#\\\/schema\\\/person\\\/9cd9d437bbb44f72b73ba127e06d8e79\"},\"breadcrumb\":{\"@id\":\"https:\\\/\\\/kibrisdakik.com\\\/?p=8662#breadcrumb\"},\"inLanguage\":\"tr\",\"potentialAction\":[{\"@type\":\"ReadAction\",\"target\":[\"https:\\\/\\\/kibrisdakik.com\\\/?p=8662\"]}]},{\"@type\":\"ImageObject\",\"inLanguage\":\"tr\",\"@id\":\"https:\\\/\\\/kibrisdakik.com\\\/?p=8662#primaryimage\",\"url\":\"https:\\\/\\\/kibrisdakik.com\\\/wp-content\\\/uploads\\\/2023\\\/06\\\/erdogan-tatar-23-740x420.jpg\",\"contentUrl\":\"https:\\\/\\\/kibrisdakik.com\\\/wp-content\\\/uploads\\\/2023\\\/06\\\/erdogan-tatar-23-740x420.jpg\",\"width\":1598,\"height\":716},{\"@type\":\"BreadcrumbList\",\"@id\":\"https:\\\/\\\/kibrisdakik.com\\\/?p=8662#breadcrumb\",\"itemListElement\":[{\"@type\":\"ListItem\",\"position\":1,\"name\":\"Home\",\"item\":\"https:\\\/\\\/kibrisdakik.com\\\/\"},{\"@type\":\"ListItem\",\"position\":2,\"name\":\"Erdo\u011fan-Tatar g\u00f6r\u00fc\u015fmesi ba\u015flad\u0131\"}]},{\"@type\":\"WebSite\",\"@id\":\"https:\\\/\\\/kibrisdakik.com\\\/#website\",\"url\":\"https:\\\/\\\/kibrisdakik.com\\\/\",\"name\":\"\",\"description\":\"Tam vaktinde haber\",\"potentialAction\":[{\"@type\":\"SearchAction\",\"target\":{\"@type\":\"EntryPoint\",\"urlTemplate\":\"https:\\\/\\\/kibrisdakik.com\\\/?s={search_term_string}\"},\"query-input\":{\"@type\":\"PropertyValueSpecification\",\"valueRequired\":true,\"valueName\":\"search_term_string\"}}],\"inLanguage\":\"tr\"},{\"@type\":\"Person\",\"@id\":\"https:\\\/\\\/kibrisdakik.com\\\/#\\\/schema\\\/person\\\/9cd9d437bbb44f72b73ba127e06d8e79\",\"name\":\"admin\",\"image\":{\"@type\":\"ImageObject\",\"inLanguage\":\"tr\",\"@id\":\"https:\\\/\\\/secure.gravatar.com\\\/avatar\\\/ccc17943b9d660506c869530f897617f7cb1c21a4bf30023f252596d83e1f007?s=96&d=mm&r=g\",\"url\":\"https:\\\/\\\/secure.gravatar.com\\\/avatar\\\/ccc17943b9d660506c869530f897617f7cb1c21a4bf30023f252596d83e1f007?s=96&d=mm&r=g\",\"contentUrl\":\"https:\\\/\\\/secure.gravatar.com\\\/avatar\\\/ccc17943b9d660506c869530f897617f7cb1c21a4bf30023f252596d83e1f007?s=96&d=mm&r=g\",\"caption\":\"admin\"},\"sameAs\":[\"https:\\\/\\\/kibrisdakik.com\"],\"url\":\"https:\\\/\\\/kibrisdakik.com\\\/?author=1\"}]}<\/script>\n<!-- \/ Yoast SEO plugin. -->","yoast_head_json":{"title":"Erdo\u011fan-Tatar g\u00f6r\u00fc\u015fmesi ba\u015flad\u0131 -","robots":{"index":"index","follow":"follow","max-snippet":"max-snippet:-1","max-image-preview":"max-image-preview:large","max-video-preview":"max-video-preview:-1"},"canonical":"https:\/\/kibrisdakik.com\/?p=8662","og_locale":"tr_TR","og_type":"article","og_title":"Erdo\u011fan-Tatar g\u00f6r\u00fc\u015fmesi ba\u015flad\u0131 -","og_description":"\u0130lk yurt d\u0131\u015f\u0131 ziyaretini KKTC\u2019ye yapan T\u00fcrkiye Cumhuriyeti Cumhurba\u015fkan\u0131 Recep Tayyip Erdo\u011fan, 14.00 s\u0131ralar\u0131nda Cumhurba\u015fkanl\u0131\u011f\u0131\u2019na geldi. Askeri t\u00f6renle kar\u015f\u0131lanan Cumhurba\u015fkan\u0131 Erdo\u011fan, t\u00f6ren birli\u011fini selamlamas\u0131n\u0131n ard\u0131ndan Cumhurba\u015fkan\u0131 Ersin Tatar ile toplant\u0131ya ge\u00e7ti.","og_url":"https:\/\/kibrisdakik.com\/?p=8662","article_published_time":"2023-06-12T12:00:48+00:00","og_image":[{"width":1598,"height":716,"url":"https:\/\/kibrisdakik.com\/wp-content\/uploads\/2023\/06\/erdogan-tatar-23-740x420.jpg","type":"image\/jpeg"}],"author":"admin","twitter_card":"summary_large_image","twitter_misc":{"Yazan:":"admin"},"schema":{"@context":"https:\/\/schema.org","@graph":[{"@type":"Article","@id":"https:\/\/kibrisdakik.com\/?p=8662#article","isPartOf":{"@id":"https:\/\/kibrisdakik.com\/?p=8662"},"author":{"name":"admin","@id":"https:\/\/kibrisdakik.com\/#\/schema\/person\/9cd9d437bbb44f72b73ba127e06d8e79"},"headline":"Erdo\u011fan-Tatar g\u00f6r\u00fc\u015fmesi ba\u015flad\u0131","datePublished":"2023-06-12T12:00:48+00:00","mainEntityOfPage":{"@id":"https:\/\/kibrisdakik.com\/?p=8662"},"wordCount":57,"commentCount":0,"image":{"@id":"https:\/\/kibrisdakik.com\/?p=8662#primaryimage"},"thumbnailUrl":"https:\/\/kibrisdakik.com\/wp-content\/uploads\/2023\/06\/erdogan-tatar-23-740x420.jpg","articleSection":["G\u00fcndem"],"inLanguage":"tr","potentialAction":[{"@type":"CommentAction","name":"Comment","target":["https:\/\/kibrisdakik.com\/?p=8662#respond"]}]},{"@type":"WebPage","@id":"https:\/\/kibrisdakik.com\/?p=8662","url":"https:\/\/kibrisdakik.com\/?p=8662","name":"Erdo\u011fan-Tatar g\u00f6r\u00fc\u015fmesi ba\u015flad\u0131 -","isPartOf":{"@id":"https:\/\/kibrisdakik.com\/#website"},"primaryImageOfPage":{"@id":"https:\/\/kibrisdakik.com\/?p=8662#primaryimage"},"image":{"@id":"https:\/\/kibrisdakik.com\/?p=8662#primaryimage"},"thumbnailUrl":"https:\/\/kibrisdakik.com\/wp-content\/uploads\/2023\/06\/erdogan-tatar-23-740x420.jpg","datePublished":"2023-06-12T12:00:48+00:00","author":{"@id":"https:\/\/kibrisdakik.com\/#\/schema\/person\/9cd9d437bbb44f72b73ba127e06d8e79"},"breadcrumb":{"@id":"https:\/\/kibrisdakik.com\/?p=8662#breadcrumb"},"inLanguage":"tr","potentialAction":[{"@type":"ReadAction","target":["https:\/\/kibrisdakik.com\/?p=8662"]}]},{"@type":"ImageObject","inLanguage":"tr","@id":"https:\/\/kibrisdakik.com\/?p=8662#primaryimage","url":"https:\/\/kibrisdakik.com\/wp-content\/uploads\/2023\/06\/erdogan-tatar-23-740x420.jpg","contentUrl":"https:\/\/kibrisdakik.com\/wp-content\/uploads\/2023\/06\/erdogan-tatar-23-740x420.jpg","width":1598,"height":716},{"@type":"BreadcrumbList","@id":"https:\/\/kibrisdakik.com\/?p=8662#breadcrumb","itemListElement":[{"@type":"ListItem","position":1,"name":"Home","item":"https:\/\/kibrisdakik.com\/"},{"@type":"ListItem","position":2,"name":"Erdo\u011fan-Tatar g\u00f6r\u00fc\u015fmesi ba\u015flad\u0131"}]},{"@type":"WebSite","@id":"https:\/\/kibrisdakik.com\/#website","url":"https:\/\/kibrisdakik.com\/","name":"","description":"Tam vaktinde haber","potentialAction":[{"@type":"SearchAction","target":{"@type":"EntryPoint","urlTemplate":"https:\/\/kibrisdakik.com\/?s={search_term_string}"},"query-input":{"@type":"PropertyValueSpecification","valueRequired":true,"valueName":"search_term_string"}}],"inLanguage":"tr"},{"@type":"Person","@id":"https:\/\/kibrisdakik.com\/#\/schema\/person\/9cd9d437bbb44f72b73ba127e06d8e79","name":"admin","image":{"@type":"ImageObject","inLanguage":"tr","@id":"https:\/\/secure.gravatar.com\/avatar\/ccc17943b9d660506c869530f897617f7cb1c21a4bf30023f252596d83e1f007?s=96&d=mm&r=g","url":"https:\/\/secure.gravatar.com\/avatar\/ccc17943b9d660506c869530f897617f7cb1c21a4bf30023f252596d83e1f007?s=96&d=mm&r=g","contentUrl":"https:\/\/secure.gravatar.com\/avatar\/ccc17943b9d660506c869530f897617f7cb1c21a4bf30023f252596d83e1f007?s=96&d=mm&r=g","caption":"admin"},"sameAs":["https:\/\/kibrisdakik.com"],"url":"https:\/\/kibrisdakik.com\/?author=1"}]}},"_links":{"self":[{"href":"https:\/\/kibrisdakik.com\/index.php?rest_route=\/wp\/v2\/posts\/8662","targetHints":{"allow":["GET"]}}],"collection":[{"href":"https:\/\/kibrisdakik.com\/index.php?rest_route=\/wp\/v2\/posts"}],"about":[{"href":"https:\/\/kibrisdakik.com\/index.php?rest_route=\/wp\/v2\/types\/post"}],"author":[{"embeddable":true,"href":"https:\/\/kibrisdakik.com\/index.php?rest_route=\/wp\/v2\/users\/1"}],"replies":[{"embeddable":true,"href":"https:\/\/kibrisdakik.com\/index.php?rest_route=%2Fwp%2Fv2%2Fcomments&post=8662"}],"version-history":[{"count":0,"href":"https:\/\/kibrisdakik.com\/index.php?rest_route=\/wp\/v2\/posts\/8662\/revisions"}],"wp:featuredmedia":[{"embeddable":true,"href":"https:\/\/kibrisdakik.com\/index.php?rest_route=\/wp\/v2\/media\/8663"}],"wp:attachment":[{"href":"https:\/\/kibrisdakik.com\/index.php?rest_route=%2Fwp%2Fv2%2Fmedia&parent=8662"}],"wp:term":[{"taxonomy":"category","embeddable":true,"href":"https:\/\/kibrisdakik.com\/index.php?rest_route=%2Fwp%2Fv2%2Fcategories&post=8662"},{"taxonomy":"post_tag","embeddable":true,"href":"https:\/\/kibrisdakik.com\/index.php?rest_route=%2Fwp%2Fv2%2Ftags&post=8662"}],"curies":[{"name":"wp","href":"https:\/\/api.w.org\/{rel}","templated":true}]}}