{"id":86648,"date":"2025-07-20T08:01:10","date_gmt":"2025-07-20T05:01:10","guid":{"rendered":"https:\/\/kibrisdakik.com\/index.php\/2025\/07\/20\/20-yildir-komada-olan-suudi-prens-velid-hayatini-kaybetti\/"},"modified":"2025-07-20T08:01:16","modified_gmt":"2025-07-20T05:01:16","slug":"20-yildir-komada-olan-suudi-prens-velid-hayatini-kaybetti","status":"publish","type":"post","link":"https:\/\/kibrisdakik.com\/?p=86648","title":{"rendered":"20 y\u0131ld\u0131r komada olan Suudi Prens Velid hayat\u0131n\u0131 kaybetti"},"content":{"rendered":"<p>Suudi Arabistan  haber ajans\u0131 SPA&#8217;ya g\u00f6re, 20 y\u0131ld\u0131r komada olan ve bu sebeple de &#8220;uyuyan prens&#8221; olarak adland\u0131r\u0131lan Prens Velid bin Halid bin Talal bin Abdulaziz Al Suud hayat\u0131n\u0131 kaybetti.TRAF\u0130K KAZASINDA A\u011eIR YARALANMI\u015eTI1990 do\u011fumlu olan Prens Velid, Harp Okulu&#8217;nda okurken 2005 y\u0131l\u0131nda trafik kazas\u0131 ge\u00e7irmi\u015f ve beyninde olu\u015fan a\u011f\u0131r hasar sonucu komaya girmi\u015fti.PARMAKLARINI OYNATTI\u011eI G\u00d6R\u00dcLM\u00dc\u015eT\u00dc2019 ve 2020 y\u0131llar\u0131nda sosyal medyada yay\u0131lan baz\u0131 g\u00f6r\u00fcnt\u00fclerde Prens Velid&#8217;in parmaklar\u0131n\u0131 hafif\u00e7e oynatt\u0131\u011f\u0131 g\u00f6r\u00fclm\u00fc\u015f, bu anlar ailesi ve sevenleri i\u00e7in umut kayna\u011f\u0131 olmu\u015ftu. G\u00f6r\u00fcnt\u00fclerde babas\u0131 Prens Halid bin Talal&#8217;\u0131n &#8220;\u015e\u00fck\u00fcrler olsun&#8221; ifadeleri dikkat \u00e7ekmi\u015fti.Kaynak: AA \/  Mohamed Majed &#8211;  G\u00fcncel<\/p>\n","protected":false},"excerpt":{"rendered":"<p>Suudi Arabistan haber ajans\u0131 SPA&#8217;ya g\u00f6re, 20 y\u0131ld\u0131r komada olan ve bu sebeple de &#8220;uyuyan prens&#8221; olarak adland\u0131r\u0131lan Prens Velid bin Halid bin Talal bin Abdulaziz Al Suud hayat\u0131n\u0131 kaybetti.TRAF\u0130K KAZASINDA A\u011eIR YARALANMI\u015eTI1990 do\u011fumlu olan Prens Velid, Harp Okulu&#8217;nda okurken 2005 y\u0131l\u0131nda trafik kazas\u0131 ge\u00e7irmi\u015f ve beyninde olu\u015fan a\u011f\u0131r hasar sonucu komaya girmi\u015fti.PARMAKLARINI OYNATTI\u011eI G\u00d6R\u00dcLM\u00dc\u015eT\u00dc2019<\/p>\n","protected":false},"author":1,"featured_media":86649,"comment_status":"open","ping_status":"open","sticky":false,"template":"","format":"standard","meta":{"footnotes":""},"categories":[1],"tags":[290,272,292,279,295,293,291,294],"class_list":["post-86648","post","type-post","status-publish","format-standard","has-post-thumbnail","hentry","category-gundem","tag-abdulaziz-al-suud","tag-dunya","tag-guncel","tag-politika","tag-prens","tag-saglik","tag-suudi-arabistan","tag-trafik"],"yoast_head":"<!-- This site is optimized with the Yoast SEO plugin v27.4 - https:\/\/yoast.com\/product\/yoast-seo-wordpress\/ -->\n<title>20 y\u0131ld\u0131r komada olan Suudi Prens Velid hayat\u0131n\u0131 kaybetti -<\/title>\n<meta name=\"robots\" content=\"index, follow, max-snippet:-1, max-image-preview:large, max-video-preview:-1\" \/>\n<link rel=\"canonical\" href=\"https:\/\/kibrisdakik.com\/?p=86648\" \/>\n<meta property=\"og:locale\" content=\"tr_TR\" \/>\n<meta property=\"og:type\" content=\"article\" \/>\n<meta property=\"og:title\" content=\"20 y\u0131ld\u0131r komada olan Suudi Prens Velid hayat\u0131n\u0131 kaybetti -\" \/>\n<meta property=\"og:description\" content=\"Suudi Arabistan haber ajans\u0131 SPA&#8217;ya g\u00f6re, 20 y\u0131ld\u0131r komada olan ve bu sebeple de &#8220;uyuyan prens&#8221; olarak adland\u0131r\u0131lan Prens Velid bin Halid bin Talal bin Abdulaziz Al Suud hayat\u0131n\u0131 kaybetti.TRAF\u0130K KAZASINDA A\u011eIR YARALANMI\u015eTI1990 do\u011fumlu olan Prens Velid, Harp Okulu&#8217;nda okurken 2005 y\u0131l\u0131nda trafik kazas\u0131 ge\u00e7irmi\u015f ve beyninde olu\u015fan a\u011f\u0131r hasar sonucu komaya girmi\u015fti.PARMAKLARINI OYNATTI\u011eI G\u00d6R\u00dcLM\u00dc\u015eT\u00dc2019\" \/>\n<meta property=\"og:url\" content=\"https:\/\/kibrisdakik.com\/?p=86648\" \/>\n<meta property=\"article:published_time\" content=\"2025-07-20T05:01:10+00:00\" \/>\n<meta property=\"article:modified_time\" content=\"2025-07-20T05:01:16+00:00\" \/>\n<meta property=\"og:image\" content=\"https:\/\/kibrisdakik.com\/wp-content\/uploads\/2025\/07\/20-yildir-komada-olan-suudi-prens-velid-hayatini-kaybetti.jpg\" \/>\n\t<meta property=\"og:image:width\" content=\"1\" \/>\n\t<meta property=\"og:image:height\" content=\"1\" \/>\n\t<meta property=\"og:image:type\" content=\"image\/jpeg\" \/>\n<meta name=\"author\" content=\"admin\" \/>\n<meta name=\"twitter:card\" content=\"summary_large_image\" \/>\n<meta name=\"twitter:label1\" content=\"Yazan:\" \/>\n\t<meta name=\"twitter:data1\" content=\"admin\" \/>\n\t<meta name=\"twitter:label2\" content=\"Tahmini okuma s\u00fcresi\" \/>\n\t<meta name=\"twitter:data2\" content=\"1 dakika\" \/>\n<script type=\"application\/ld+json\" class=\"yoast-schema-graph\">{\"@context\":\"https:\\\/\\\/schema.org\",\"@graph\":[{\"@type\":\"Article\",\"@id\":\"https:\\\/\\\/kibrisdakik.com\\\/?p=86648#article\",\"isPartOf\":{\"@id\":\"https:\\\/\\\/kibrisdakik.com\\\/?p=86648\"},\"author\":{\"name\":\"admin\",\"@id\":\"https:\\\/\\\/kibrisdakik.com\\\/#\\\/schema\\\/person\\\/9cd9d437bbb44f72b73ba127e06d8e79\"},\"headline\":\"20 y\u0131ld\u0131r komada olan Suudi Prens Velid hayat\u0131n\u0131 kaybetti\",\"datePublished\":\"2025-07-20T05:01:10+00:00\",\"dateModified\":\"2025-07-20T05:01:16+00:00\",\"mainEntityOfPage\":{\"@id\":\"https:\\\/\\\/kibrisdakik.com\\\/?p=86648\"},\"wordCount\":144,\"commentCount\":0,\"image\":{\"@id\":\"https:\\\/\\\/kibrisdakik.com\\\/?p=86648#primaryimage\"},\"thumbnailUrl\":\"https:\\\/\\\/kibrisdakik.com\\\/wp-content\\\/uploads\\\/2025\\\/07\\\/20-yildir-komada-olan-suudi-prens-velid-hayatini-kaybetti.jpg\",\"keywords\":[\"Abdulaziz Al Suud\",\"D\u00fcnya\",\"G\u00fcncel\",\"Politika\",\"Prens\",\"Sa\u011fl\u0131k\",\"Suudi Arabistan\",\"trafik\"],\"articleSection\":[\"G\u00fcndem\"],\"inLanguage\":\"tr\",\"potentialAction\":[{\"@type\":\"CommentAction\",\"name\":\"Comment\",\"target\":[\"https:\\\/\\\/kibrisdakik.com\\\/?p=86648#respond\"]}]},{\"@type\":\"WebPage\",\"@id\":\"https:\\\/\\\/kibrisdakik.com\\\/?p=86648\",\"url\":\"https:\\\/\\\/kibrisdakik.com\\\/?p=86648\",\"name\":\"20 y\u0131ld\u0131r komada olan Suudi Prens Velid hayat\u0131n\u0131 kaybetti -\",\"isPartOf\":{\"@id\":\"https:\\\/\\\/kibrisdakik.com\\\/#website\"},\"primaryImageOfPage\":{\"@id\":\"https:\\\/\\\/kibrisdakik.com\\\/?p=86648#primaryimage\"},\"image\":{\"@id\":\"https:\\\/\\\/kibrisdakik.com\\\/?p=86648#primaryimage\"},\"thumbnailUrl\":\"https:\\\/\\\/kibrisdakik.com\\\/wp-content\\\/uploads\\\/2025\\\/07\\\/20-yildir-komada-olan-suudi-prens-velid-hayatini-kaybetti.jpg\",\"datePublished\":\"2025-07-20T05:01:10+00:00\",\"dateModified\":\"2025-07-20T05:01:16+00:00\",\"author\":{\"@id\":\"https:\\\/\\\/kibrisdakik.com\\\/#\\\/schema\\\/person\\\/9cd9d437bbb44f72b73ba127e06d8e79\"},\"breadcrumb\":{\"@id\":\"https:\\\/\\\/kibrisdakik.com\\\/?p=86648#breadcrumb\"},\"inLanguage\":\"tr\",\"potentialAction\":[{\"@type\":\"ReadAction\",\"target\":[\"https:\\\/\\\/kibrisdakik.com\\\/?p=86648\"]}]},{\"@type\":\"ImageObject\",\"inLanguage\":\"tr\",\"@id\":\"https:\\\/\\\/kibrisdakik.com\\\/?p=86648#primaryimage\",\"url\":\"https:\\\/\\\/kibrisdakik.com\\\/wp-content\\\/uploads\\\/2025\\\/07\\\/20-yildir-komada-olan-suudi-prens-velid-hayatini-kaybetti.jpg\",\"contentUrl\":\"https:\\\/\\\/kibrisdakik.com\\\/wp-content\\\/uploads\\\/2025\\\/07\\\/20-yildir-komada-olan-suudi-prens-velid-hayatini-kaybetti.jpg\"},{\"@type\":\"BreadcrumbList\",\"@id\":\"https:\\\/\\\/kibrisdakik.com\\\/?p=86648#breadcrumb\",\"itemListElement\":[{\"@type\":\"ListItem\",\"position\":1,\"name\":\"Home\",\"item\":\"https:\\\/\\\/kibrisdakik.com\\\/\"},{\"@type\":\"ListItem\",\"position\":2,\"name\":\"20 y\u0131ld\u0131r komada olan Suudi Prens Velid hayat\u0131n\u0131 kaybetti\"}]},{\"@type\":\"WebSite\",\"@id\":\"https:\\\/\\\/kibrisdakik.com\\\/#website\",\"url\":\"https:\\\/\\\/kibrisdakik.com\\\/\",\"name\":\"\",\"description\":\"Tam vaktinde haber\",\"potentialAction\":[{\"@type\":\"SearchAction\",\"target\":{\"@type\":\"EntryPoint\",\"urlTemplate\":\"https:\\\/\\\/kibrisdakik.com\\\/?s={search_term_string}\"},\"query-input\":{\"@type\":\"PropertyValueSpecification\",\"valueRequired\":true,\"valueName\":\"search_term_string\"}}],\"inLanguage\":\"tr\"},{\"@type\":\"Person\",\"@id\":\"https:\\\/\\\/kibrisdakik.com\\\/#\\\/schema\\\/person\\\/9cd9d437bbb44f72b73ba127e06d8e79\",\"name\":\"admin\",\"image\":{\"@type\":\"ImageObject\",\"inLanguage\":\"tr\",\"@id\":\"https:\\\/\\\/secure.gravatar.com\\\/avatar\\\/ccc17943b9d660506c869530f897617f7cb1c21a4bf30023f252596d83e1f007?s=96&d=mm&r=g\",\"url\":\"https:\\\/\\\/secure.gravatar.com\\\/avatar\\\/ccc17943b9d660506c869530f897617f7cb1c21a4bf30023f252596d83e1f007?s=96&d=mm&r=g\",\"contentUrl\":\"https:\\\/\\\/secure.gravatar.com\\\/avatar\\\/ccc17943b9d660506c869530f897617f7cb1c21a4bf30023f252596d83e1f007?s=96&d=mm&r=g\",\"caption\":\"admin\"},\"sameAs\":[\"https:\\\/\\\/kibrisdakik.com\"],\"url\":\"https:\\\/\\\/kibrisdakik.com\\\/?author=1\"}]}<\/script>\n<!-- \/ Yoast SEO plugin. -->","yoast_head_json":{"title":"20 y\u0131ld\u0131r komada olan Suudi Prens Velid hayat\u0131n\u0131 kaybetti -","robots":{"index":"index","follow":"follow","max-snippet":"max-snippet:-1","max-image-preview":"max-image-preview:large","max-video-preview":"max-video-preview:-1"},"canonical":"https:\/\/kibrisdakik.com\/?p=86648","og_locale":"tr_TR","og_type":"article","og_title":"20 y\u0131ld\u0131r komada olan Suudi Prens Velid hayat\u0131n\u0131 kaybetti -","og_description":"Suudi Arabistan haber ajans\u0131 SPA&#8217;ya g\u00f6re, 20 y\u0131ld\u0131r komada olan ve bu sebeple de &#8220;uyuyan prens&#8221; olarak adland\u0131r\u0131lan Prens Velid bin Halid bin Talal bin Abdulaziz Al Suud hayat\u0131n\u0131 kaybetti.TRAF\u0130K KAZASINDA A\u011eIR YARALANMI\u015eTI1990 do\u011fumlu olan Prens Velid, Harp Okulu&#8217;nda okurken 2005 y\u0131l\u0131nda trafik kazas\u0131 ge\u00e7irmi\u015f ve beyninde olu\u015fan a\u011f\u0131r hasar sonucu komaya girmi\u015fti.PARMAKLARINI OYNATTI\u011eI G\u00d6R\u00dcLM\u00dc\u015eT\u00dc2019","og_url":"https:\/\/kibrisdakik.com\/?p=86648","article_published_time":"2025-07-20T05:01:10+00:00","article_modified_time":"2025-07-20T05:01:16+00:00","og_image":[{"url":"https:\/\/kibrisdakik.com\/wp-content\/uploads\/2025\/07\/20-yildir-komada-olan-suudi-prens-velid-hayatini-kaybetti.jpg","width":1,"height":1,"type":"image\/jpeg"}],"author":"admin","twitter_card":"summary_large_image","twitter_misc":{"Yazan:":"admin","Tahmini okuma s\u00fcresi":"1 dakika"},"schema":{"@context":"https:\/\/schema.org","@graph":[{"@type":"Article","@id":"https:\/\/kibrisdakik.com\/?p=86648#article","isPartOf":{"@id":"https:\/\/kibrisdakik.com\/?p=86648"},"author":{"name":"admin","@id":"https:\/\/kibrisdakik.com\/#\/schema\/person\/9cd9d437bbb44f72b73ba127e06d8e79"},"headline":"20 y\u0131ld\u0131r komada olan Suudi Prens Velid hayat\u0131n\u0131 kaybetti","datePublished":"2025-07-20T05:01:10+00:00","dateModified":"2025-07-20T05:01:16+00:00","mainEntityOfPage":{"@id":"https:\/\/kibrisdakik.com\/?p=86648"},"wordCount":144,"commentCount":0,"image":{"@id":"https:\/\/kibrisdakik.com\/?p=86648#primaryimage"},"thumbnailUrl":"https:\/\/kibrisdakik.com\/wp-content\/uploads\/2025\/07\/20-yildir-komada-olan-suudi-prens-velid-hayatini-kaybetti.jpg","keywords":["Abdulaziz Al Suud","D\u00fcnya","G\u00fcncel","Politika","Prens","Sa\u011fl\u0131k","Suudi Arabistan","trafik"],"articleSection":["G\u00fcndem"],"inLanguage":"tr","potentialAction":[{"@type":"CommentAction","name":"Comment","target":["https:\/\/kibrisdakik.com\/?p=86648#respond"]}]},{"@type":"WebPage","@id":"https:\/\/kibrisdakik.com\/?p=86648","url":"https:\/\/kibrisdakik.com\/?p=86648","name":"20 y\u0131ld\u0131r komada olan Suudi Prens Velid hayat\u0131n\u0131 kaybetti -","isPartOf":{"@id":"https:\/\/kibrisdakik.com\/#website"},"primaryImageOfPage":{"@id":"https:\/\/kibrisdakik.com\/?p=86648#primaryimage"},"image":{"@id":"https:\/\/kibrisdakik.com\/?p=86648#primaryimage"},"thumbnailUrl":"https:\/\/kibrisdakik.com\/wp-content\/uploads\/2025\/07\/20-yildir-komada-olan-suudi-prens-velid-hayatini-kaybetti.jpg","datePublished":"2025-07-20T05:01:10+00:00","dateModified":"2025-07-20T05:01:16+00:00","author":{"@id":"https:\/\/kibrisdakik.com\/#\/schema\/person\/9cd9d437bbb44f72b73ba127e06d8e79"},"breadcrumb":{"@id":"https:\/\/kibrisdakik.com\/?p=86648#breadcrumb"},"inLanguage":"tr","potentialAction":[{"@type":"ReadAction","target":["https:\/\/kibrisdakik.com\/?p=86648"]}]},{"@type":"ImageObject","inLanguage":"tr","@id":"https:\/\/kibrisdakik.com\/?p=86648#primaryimage","url":"https:\/\/kibrisdakik.com\/wp-content\/uploads\/2025\/07\/20-yildir-komada-olan-suudi-prens-velid-hayatini-kaybetti.jpg","contentUrl":"https:\/\/kibrisdakik.com\/wp-content\/uploads\/2025\/07\/20-yildir-komada-olan-suudi-prens-velid-hayatini-kaybetti.jpg"},{"@type":"BreadcrumbList","@id":"https:\/\/kibrisdakik.com\/?p=86648#breadcrumb","itemListElement":[{"@type":"ListItem","position":1,"name":"Home","item":"https:\/\/kibrisdakik.com\/"},{"@type":"ListItem","position":2,"name":"20 y\u0131ld\u0131r komada olan Suudi Prens Velid hayat\u0131n\u0131 kaybetti"}]},{"@type":"WebSite","@id":"https:\/\/kibrisdakik.com\/#website","url":"https:\/\/kibrisdakik.com\/","name":"","description":"Tam vaktinde haber","potentialAction":[{"@type":"SearchAction","target":{"@type":"EntryPoint","urlTemplate":"https:\/\/kibrisdakik.com\/?s={search_term_string}"},"query-input":{"@type":"PropertyValueSpecification","valueRequired":true,"valueName":"search_term_string"}}],"inLanguage":"tr"},{"@type":"Person","@id":"https:\/\/kibrisdakik.com\/#\/schema\/person\/9cd9d437bbb44f72b73ba127e06d8e79","name":"admin","image":{"@type":"ImageObject","inLanguage":"tr","@id":"https:\/\/secure.gravatar.com\/avatar\/ccc17943b9d660506c869530f897617f7cb1c21a4bf30023f252596d83e1f007?s=96&d=mm&r=g","url":"https:\/\/secure.gravatar.com\/avatar\/ccc17943b9d660506c869530f897617f7cb1c21a4bf30023f252596d83e1f007?s=96&d=mm&r=g","contentUrl":"https:\/\/secure.gravatar.com\/avatar\/ccc17943b9d660506c869530f897617f7cb1c21a4bf30023f252596d83e1f007?s=96&d=mm&r=g","caption":"admin"},"sameAs":["https:\/\/kibrisdakik.com"],"url":"https:\/\/kibrisdakik.com\/?author=1"}]}},"_links":{"self":[{"href":"https:\/\/kibrisdakik.com\/index.php?rest_route=\/wp\/v2\/posts\/86648","targetHints":{"allow":["GET"]}}],"collection":[{"href":"https:\/\/kibrisdakik.com\/index.php?rest_route=\/wp\/v2\/posts"}],"about":[{"href":"https:\/\/kibrisdakik.com\/index.php?rest_route=\/wp\/v2\/types\/post"}],"author":[{"embeddable":true,"href":"https:\/\/kibrisdakik.com\/index.php?rest_route=\/wp\/v2\/users\/1"}],"replies":[{"embeddable":true,"href":"https:\/\/kibrisdakik.com\/index.php?rest_route=%2Fwp%2Fv2%2Fcomments&post=86648"}],"version-history":[{"count":1,"href":"https:\/\/kibrisdakik.com\/index.php?rest_route=\/wp\/v2\/posts\/86648\/revisions"}],"predecessor-version":[{"id":86650,"href":"https:\/\/kibrisdakik.com\/index.php?rest_route=\/wp\/v2\/posts\/86648\/revisions\/86650"}],"wp:featuredmedia":[{"embeddable":true,"href":"https:\/\/kibrisdakik.com\/index.php?rest_route=\/wp\/v2\/media\/86649"}],"wp:attachment":[{"href":"https:\/\/kibrisdakik.com\/index.php?rest_route=%2Fwp%2Fv2%2Fmedia&parent=86648"}],"wp:term":[{"taxonomy":"category","embeddable":true,"href":"https:\/\/kibrisdakik.com\/index.php?rest_route=%2Fwp%2Fv2%2Fcategories&post=86648"},{"taxonomy":"post_tag","embeddable":true,"href":"https:\/\/kibrisdakik.com\/index.php?rest_route=%2Fwp%2Fv2%2Ftags&post=86648"}],"curies":[{"name":"wp","href":"https:\/\/api.w.org\/{rel}","templated":true}]}}