{"id":86658,"date":"2025-07-20T09:53:17","date_gmt":"2025-07-20T06:53:17","guid":{"rendered":"https:\/\/kibrisdakik.com\/index.php\/2025\/07\/20\/20-temmuz-baris-ve-ozgurluk-bayrami-kapsaminda-girnede-toren-duzenlendi\/"},"modified":"2025-07-20T09:53:17","modified_gmt":"2025-07-20T06:53:17","slug":"20-temmuz-baris-ve-ozgurluk-bayrami-kapsaminda-girnede-toren-duzenlendi","status":"publish","type":"post","link":"https:\/\/kibrisdakik.com\/?p=86658","title":{"rendered":"20 Temmuz Bar\u0131\u015f ve \u00d6zg\u00fcrl\u00fck Bayram\u0131 kapsam\u0131nda Girne\u2019de t\u00f6ren d\u00fczenlendi"},"content":{"rendered":"<p> <br \/>\n<\/p>\n<div>\n<div class=\"mariselle-image-container center\">\n                                            <\/div>\n<p>20 Temmuz Bar\u0131\u015f ve \u00d6zg\u00fcrl\u00fck Bayram\u0131\u2019n\u0131n 51\u2019inci  y\u0131ld\u00f6n\u00fcm\u00fc t\u00fcm yurtta d\u00fczenlenen t\u00f6renlerle kutlan\u0131yor.<br \/>Kutlamalar, T\u00fcrk Silahl\u0131 Kuvvetlerinin 20 Temmuz 1974 sabah\u0131 adaya ilk ayak bast\u0131\u011f\u0131 Yavuz \u00c7\u0131karma plaj\u0131nda saat 08:30da d\u00fczenlenen t\u00f6renle ba\u015flad\u0131.<\/p>\n<p>T\u00f6rene, Cumhurba\u015fkanl\u0131\u011f\u0131 ad\u0131na Osman Bora \u00c7a\u011fakan,  Cumhuriyet Meclis Ba\u015fkanl\u0131\u011f\u0131 ad\u0131na Mahir \u00d6zkavra, Ba\u015fbakanl\u0131k ad\u0131na Salih Pek\u00f6z, T\u00fcrkiye Cumhuriyeti B\u00fcy\u00fckel\u00e7ili\u011fi ad\u0131na Tamer Alpu\u011f, Girne Kaymakam\u0131 Revin G\u00fcrler, KTBK ad\u0131na Merkez Komutan\u0131  Top\u00e7u Albay Ey\u00fcp \u015eafak, GKK ad\u0131na Sahil G\u00fcvenlik Komutan\u0131 Deniz Albay Soner \u00d6zbal, Girne Belediye Ba\u015fkan\u0131 Murat \u015eenkul, Lapta-Alsancak-\u00c7aml\u0131bel Belediye Ba\u015fkan\u0131 F\u0131rat Ataser, Girne Polis M\u00fcd\u00fcrl\u00fc\u011f\u00fc , kurum kurulu\u015f, muharip dernekler , dernekler , \u00fcniversiteler ve b\u00f6lge okullar\u0131n\u0131n temsilcileri kat\u0131ld\u0131.<\/p>\n<p>T\u00f6ren, Protokol S\u0131ras\u0131na g\u00f6re \u00e7elenklerin denize b\u0131rak\u0131lmas\u0131yla ba\u015flad\u0131.<br \/>T\u00f6rende daha sonra, KKTC Yelken Motor K\u00fcrek Federasyonu taraf\u0131ndan T\u00fcrkiye\u2019den  getirilen<br \/>bayraklar,Yavuz \u00c7\u0131karma Plaj\u0131\u2019na \u00e7\u0131kar\u0131larak, bayra\u011f\u0131 adaya \u00e7\u0131karacak askere teslim edildi.<\/p>\n<p>21 pare top at\u0131\u015f\u0131, Sayg\u0131 Mar\u015f\u0131 ve Sayg\u0131 duru\u015funun ard\u0131ndan,T\u00fcrkiye\u2019den getirilen bayraklar \u00c7\u0131karma Plaj\u0131 yak\u0131nlar\u0131ndaki adaya \u00e7\u0131kar\u0131ld\u0131.<\/p>\n<p>\u0130stiklal Mar\u015f\u0131 e\u015fli\u011finde bayraklar\u0131n g\u00f6ndere \u00e7ekilmesi ve \u00f6zg\u00fcrl\u00fck me\u015falesinin yak\u0131lmas\u0131n\u0131n ard\u0131ndan adadaki me\u015fale karaya \u00e7\u0131kar\u0131larak, Lefko\u015fa\u2019da ger\u00e7ekle\u015fecek t\u00f6rene g\u00f6t\u00fcr\u00fclmek \u00fczere Ye\u015filova  Spor Kul\u00fcb\u00fc  sporcular\u0131na  teslim edildi.<\/p>\n<p>T\u00f6ren Karao\u011flano\u011flu \u015eehitli\u011fi\u2019nin gezilmesi ve \u015fehit kabirlerine \u00e7i\u00e7ek b\u0131rak\u0131lmas\u0131yla sona erdi.<\/p>\n<p>brt<\/p>\n<\/p><\/div>\n<p><script async\n                    defer\n                    crossorigin=\"anonymous\"\n                    src=\"https:\/\/connect.facebook.net\/tr_TR\/sdk.js#xfbml=1&#038;version=v3.3\"\n            ><\/script><br \/>\n<br \/><br \/>\n<br \/><a href=\"[kibrisdakik.com]\n<\/p>\n","protected":false},"excerpt":{"rendered":"<p>20 Temmuz Bar\u0131\u015f ve \u00d6zg\u00fcrl\u00fck Bayram\u0131\u2019n\u0131n 51\u2019inci y\u0131ld\u00f6n\u00fcm\u00fc t\u00fcm yurtta d\u00fczenlenen t\u00f6renlerle kutlan\u0131yor.Kutlamalar, T\u00fcrk Silahl\u0131 Kuvvetlerinin 20 Temmuz 1974 sabah\u0131 adaya ilk ayak bast\u0131\u011f\u0131 Yavuz \u00c7\u0131karma plaj\u0131nda saat 08:30da d\u00fczenlenen t\u00f6renle ba\u015flad\u0131. T\u00f6rene, Cumhurba\u015fkanl\u0131\u011f\u0131 ad\u0131na Osman Bora \u00c7a\u011fakan, Cumhuriyet Meclis Ba\u015fkanl\u0131\u011f\u0131 ad\u0131na Mahir \u00d6zkavra, Ba\u015fbakanl\u0131k ad\u0131na Salih Pek\u00f6z, T\u00fcrkiye Cumhuriyeti B\u00fcy\u00fckel\u00e7ili\u011fi ad\u0131na Tamer Alpu\u011f, Girne<\/p>\n","protected":false},"author":1,"featured_media":86659,"comment_status":"open","ping_status":"open","sticky":false,"template":"","format":"standard","meta":{"footnotes":""},"categories":[81,101],"tags":[],"class_list":["post-86658","post","type-post","status-publish","format-standard","has-post-thumbnail","hentry","category-kibris","category-manset"],"yoast_head":"<!-- This site is optimized with the Yoast SEO plugin v27.5 - https:\/\/yoast.com\/product\/yoast-seo-wordpress\/ -->\n<title>20 Temmuz Bar\u0131\u015f ve \u00d6zg\u00fcrl\u00fck Bayram\u0131 kapsam\u0131nda Girne\u2019de t\u00f6ren d\u00fczenlendi -<\/title>\n<meta name=\"robots\" content=\"index, follow, max-snippet:-1, max-image-preview:large, max-video-preview:-1\" \/>\n<link rel=\"canonical\" href=\"https:\/\/kibrisdakik.com\/?p=86658\" \/>\n<meta property=\"og:locale\" content=\"tr_TR\" \/>\n<meta property=\"og:type\" content=\"article\" \/>\n<meta property=\"og:title\" content=\"20 Temmuz Bar\u0131\u015f ve \u00d6zg\u00fcrl\u00fck Bayram\u0131 kapsam\u0131nda Girne\u2019de t\u00f6ren d\u00fczenlendi -\" \/>\n<meta property=\"og:description\" content=\"20 Temmuz Bar\u0131\u015f ve \u00d6zg\u00fcrl\u00fck Bayram\u0131\u2019n\u0131n 51\u2019inci y\u0131ld\u00f6n\u00fcm\u00fc t\u00fcm yurtta d\u00fczenlenen t\u00f6renlerle kutlan\u0131yor.Kutlamalar, T\u00fcrk Silahl\u0131 Kuvvetlerinin 20 Temmuz 1974 sabah\u0131 adaya ilk ayak bast\u0131\u011f\u0131 Yavuz \u00c7\u0131karma plaj\u0131nda saat 08:30da d\u00fczenlenen t\u00f6renle ba\u015flad\u0131. T\u00f6rene, Cumhurba\u015fkanl\u0131\u011f\u0131 ad\u0131na Osman Bora \u00c7a\u011fakan, Cumhuriyet Meclis Ba\u015fkanl\u0131\u011f\u0131 ad\u0131na Mahir \u00d6zkavra, Ba\u015fbakanl\u0131k ad\u0131na Salih Pek\u00f6z, T\u00fcrkiye Cumhuriyeti B\u00fcy\u00fckel\u00e7ili\u011fi ad\u0131na Tamer Alpu\u011f, Girne\" \/>\n<meta property=\"og:url\" content=\"https:\/\/kibrisdakik.com\/?p=86658\" \/>\n<meta property=\"article:published_time\" content=\"2025-07-20T06:53:17+00:00\" \/>\n<meta property=\"og:image\" content=\"https:\/\/kibrisdakik.com\/wp-content\/uploads\/2025\/07\/InShot_20250720_093811981-scaled-740x420.jpg\" \/>\n\t<meta property=\"og:image:width\" content=\"2560\" \/>\n\t<meta property=\"og:image:height\" content=\"1439\" \/>\n\t<meta property=\"og:image:type\" content=\"image\/jpeg\" \/>\n<meta name=\"author\" content=\"admin\" \/>\n<meta name=\"twitter:card\" content=\"summary_large_image\" \/>\n<meta name=\"twitter:label1\" content=\"Yazan:\" \/>\n\t<meta name=\"twitter:data1\" content=\"admin\" \/>\n\t<meta name=\"twitter:label2\" content=\"Tahmini okuma s\u00fcresi\" \/>\n\t<meta name=\"twitter:data2\" content=\"1 dakika\" \/>\n<script type=\"application\/ld+json\" class=\"yoast-schema-graph\">{\"@context\":\"https:\\\/\\\/schema.org\",\"@graph\":[{\"@type\":\"Article\",\"@id\":\"https:\\\/\\\/kibrisdakik.com\\\/?p=86658#article\",\"isPartOf\":{\"@id\":\"https:\\\/\\\/kibrisdakik.com\\\/?p=86658\"},\"author\":{\"name\":\"admin\",\"@id\":\"https:\\\/\\\/kibrisdakik.com\\\/#\\\/schema\\\/person\\\/9cd9d437bbb44f72b73ba127e06d8e79\"},\"headline\":\"20 Temmuz Bar\u0131\u015f ve \u00d6zg\u00fcrl\u00fck Bayram\u0131 kapsam\u0131nda Girne\u2019de t\u00f6ren d\u00fczenlendi\",\"datePublished\":\"2025-07-20T06:53:17+00:00\",\"mainEntityOfPage\":{\"@id\":\"https:\\\/\\\/kibrisdakik.com\\\/?p=86658\"},\"wordCount\":302,\"commentCount\":0,\"image\":{\"@id\":\"https:\\\/\\\/kibrisdakik.com\\\/?p=86658#primaryimage\"},\"thumbnailUrl\":\"https:\\\/\\\/kibrisdakik.com\\\/wp-content\\\/uploads\\\/2025\\\/07\\\/InShot_20250720_093811981-scaled-740x420.jpg\",\"articleSection\":[\"K\u0131br\u0131s\",\"Man\u015fet\"],\"inLanguage\":\"tr\",\"potentialAction\":[{\"@type\":\"CommentAction\",\"name\":\"Comment\",\"target\":[\"https:\\\/\\\/kibrisdakik.com\\\/?p=86658#respond\"]}]},{\"@type\":\"WebPage\",\"@id\":\"https:\\\/\\\/kibrisdakik.com\\\/?p=86658\",\"url\":\"https:\\\/\\\/kibrisdakik.com\\\/?p=86658\",\"name\":\"20 Temmuz Bar\u0131\u015f ve \u00d6zg\u00fcrl\u00fck Bayram\u0131 kapsam\u0131nda Girne\u2019de t\u00f6ren d\u00fczenlendi -\",\"isPartOf\":{\"@id\":\"https:\\\/\\\/kibrisdakik.com\\\/#website\"},\"primaryImageOfPage\":{\"@id\":\"https:\\\/\\\/kibrisdakik.com\\\/?p=86658#primaryimage\"},\"image\":{\"@id\":\"https:\\\/\\\/kibrisdakik.com\\\/?p=86658#primaryimage\"},\"thumbnailUrl\":\"https:\\\/\\\/kibrisdakik.com\\\/wp-content\\\/uploads\\\/2025\\\/07\\\/InShot_20250720_093811981-scaled-740x420.jpg\",\"datePublished\":\"2025-07-20T06:53:17+00:00\",\"author\":{\"@id\":\"https:\\\/\\\/kibrisdakik.com\\\/#\\\/schema\\\/person\\\/9cd9d437bbb44f72b73ba127e06d8e79\"},\"breadcrumb\":{\"@id\":\"https:\\\/\\\/kibrisdakik.com\\\/?p=86658#breadcrumb\"},\"inLanguage\":\"tr\",\"potentialAction\":[{\"@type\":\"ReadAction\",\"target\":[\"https:\\\/\\\/kibrisdakik.com\\\/?p=86658\"]}]},{\"@type\":\"ImageObject\",\"inLanguage\":\"tr\",\"@id\":\"https:\\\/\\\/kibrisdakik.com\\\/?p=86658#primaryimage\",\"url\":\"https:\\\/\\\/kibrisdakik.com\\\/wp-content\\\/uploads\\\/2025\\\/07\\\/InShot_20250720_093811981-scaled-740x420.jpg\",\"contentUrl\":\"https:\\\/\\\/kibrisdakik.com\\\/wp-content\\\/uploads\\\/2025\\\/07\\\/InShot_20250720_093811981-scaled-740x420.jpg\",\"width\":2560,\"height\":1439},{\"@type\":\"BreadcrumbList\",\"@id\":\"https:\\\/\\\/kibrisdakik.com\\\/?p=86658#breadcrumb\",\"itemListElement\":[{\"@type\":\"ListItem\",\"position\":1,\"name\":\"Home\",\"item\":\"https:\\\/\\\/kibrisdakik.com\\\/\"},{\"@type\":\"ListItem\",\"position\":2,\"name\":\"20 Temmuz Bar\u0131\u015f ve \u00d6zg\u00fcrl\u00fck Bayram\u0131 kapsam\u0131nda Girne\u2019de t\u00f6ren d\u00fczenlendi\"}]},{\"@type\":\"WebSite\",\"@id\":\"https:\\\/\\\/kibrisdakik.com\\\/#website\",\"url\":\"https:\\\/\\\/kibrisdakik.com\\\/\",\"name\":\"\",\"description\":\"Tam vaktinde haber\",\"potentialAction\":[{\"@type\":\"SearchAction\",\"target\":{\"@type\":\"EntryPoint\",\"urlTemplate\":\"https:\\\/\\\/kibrisdakik.com\\\/?s={search_term_string}\"},\"query-input\":{\"@type\":\"PropertyValueSpecification\",\"valueRequired\":true,\"valueName\":\"search_term_string\"}}],\"inLanguage\":\"tr\"},{\"@type\":\"Person\",\"@id\":\"https:\\\/\\\/kibrisdakik.com\\\/#\\\/schema\\\/person\\\/9cd9d437bbb44f72b73ba127e06d8e79\",\"name\":\"admin\",\"image\":{\"@type\":\"ImageObject\",\"inLanguage\":\"tr\",\"@id\":\"https:\\\/\\\/secure.gravatar.com\\\/avatar\\\/ccc17943b9d660506c869530f897617f7cb1c21a4bf30023f252596d83e1f007?s=96&d=mm&r=g\",\"url\":\"https:\\\/\\\/secure.gravatar.com\\\/avatar\\\/ccc17943b9d660506c869530f897617f7cb1c21a4bf30023f252596d83e1f007?s=96&d=mm&r=g\",\"contentUrl\":\"https:\\\/\\\/secure.gravatar.com\\\/avatar\\\/ccc17943b9d660506c869530f897617f7cb1c21a4bf30023f252596d83e1f007?s=96&d=mm&r=g\",\"caption\":\"admin\"},\"sameAs\":[\"https:\\\/\\\/kibrisdakik.com\"],\"url\":\"https:\\\/\\\/kibrisdakik.com\\\/?author=1\"}]}<\/script>\n<!-- \/ Yoast SEO plugin. -->","yoast_head_json":{"title":"20 Temmuz Bar\u0131\u015f ve \u00d6zg\u00fcrl\u00fck Bayram\u0131 kapsam\u0131nda Girne\u2019de t\u00f6ren d\u00fczenlendi -","robots":{"index":"index","follow":"follow","max-snippet":"max-snippet:-1","max-image-preview":"max-image-preview:large","max-video-preview":"max-video-preview:-1"},"canonical":"https:\/\/kibrisdakik.com\/?p=86658","og_locale":"tr_TR","og_type":"article","og_title":"20 Temmuz Bar\u0131\u015f ve \u00d6zg\u00fcrl\u00fck Bayram\u0131 kapsam\u0131nda Girne\u2019de t\u00f6ren d\u00fczenlendi -","og_description":"20 Temmuz Bar\u0131\u015f ve \u00d6zg\u00fcrl\u00fck Bayram\u0131\u2019n\u0131n 51\u2019inci y\u0131ld\u00f6n\u00fcm\u00fc t\u00fcm yurtta d\u00fczenlenen t\u00f6renlerle kutlan\u0131yor.Kutlamalar, T\u00fcrk Silahl\u0131 Kuvvetlerinin 20 Temmuz 1974 sabah\u0131 adaya ilk ayak bast\u0131\u011f\u0131 Yavuz \u00c7\u0131karma plaj\u0131nda saat 08:30da d\u00fczenlenen t\u00f6renle ba\u015flad\u0131. T\u00f6rene, Cumhurba\u015fkanl\u0131\u011f\u0131 ad\u0131na Osman Bora \u00c7a\u011fakan, Cumhuriyet Meclis Ba\u015fkanl\u0131\u011f\u0131 ad\u0131na Mahir \u00d6zkavra, Ba\u015fbakanl\u0131k ad\u0131na Salih Pek\u00f6z, T\u00fcrkiye Cumhuriyeti B\u00fcy\u00fckel\u00e7ili\u011fi ad\u0131na Tamer Alpu\u011f, Girne","og_url":"https:\/\/kibrisdakik.com\/?p=86658","article_published_time":"2025-07-20T06:53:17+00:00","og_image":[{"width":2560,"height":1439,"url":"https:\/\/kibrisdakik.com\/wp-content\/uploads\/2025\/07\/InShot_20250720_093811981-scaled-740x420.jpg","type":"image\/jpeg"}],"author":"admin","twitter_card":"summary_large_image","twitter_misc":{"Yazan:":"admin","Tahmini okuma s\u00fcresi":"1 dakika"},"schema":{"@context":"https:\/\/schema.org","@graph":[{"@type":"Article","@id":"https:\/\/kibrisdakik.com\/?p=86658#article","isPartOf":{"@id":"https:\/\/kibrisdakik.com\/?p=86658"},"author":{"name":"admin","@id":"https:\/\/kibrisdakik.com\/#\/schema\/person\/9cd9d437bbb44f72b73ba127e06d8e79"},"headline":"20 Temmuz Bar\u0131\u015f ve \u00d6zg\u00fcrl\u00fck Bayram\u0131 kapsam\u0131nda Girne\u2019de t\u00f6ren d\u00fczenlendi","datePublished":"2025-07-20T06:53:17+00:00","mainEntityOfPage":{"@id":"https:\/\/kibrisdakik.com\/?p=86658"},"wordCount":302,"commentCount":0,"image":{"@id":"https:\/\/kibrisdakik.com\/?p=86658#primaryimage"},"thumbnailUrl":"https:\/\/kibrisdakik.com\/wp-content\/uploads\/2025\/07\/InShot_20250720_093811981-scaled-740x420.jpg","articleSection":["K\u0131br\u0131s","Man\u015fet"],"inLanguage":"tr","potentialAction":[{"@type":"CommentAction","name":"Comment","target":["https:\/\/kibrisdakik.com\/?p=86658#respond"]}]},{"@type":"WebPage","@id":"https:\/\/kibrisdakik.com\/?p=86658","url":"https:\/\/kibrisdakik.com\/?p=86658","name":"20 Temmuz Bar\u0131\u015f ve \u00d6zg\u00fcrl\u00fck Bayram\u0131 kapsam\u0131nda Girne\u2019de t\u00f6ren d\u00fczenlendi -","isPartOf":{"@id":"https:\/\/kibrisdakik.com\/#website"},"primaryImageOfPage":{"@id":"https:\/\/kibrisdakik.com\/?p=86658#primaryimage"},"image":{"@id":"https:\/\/kibrisdakik.com\/?p=86658#primaryimage"},"thumbnailUrl":"https:\/\/kibrisdakik.com\/wp-content\/uploads\/2025\/07\/InShot_20250720_093811981-scaled-740x420.jpg","datePublished":"2025-07-20T06:53:17+00:00","author":{"@id":"https:\/\/kibrisdakik.com\/#\/schema\/person\/9cd9d437bbb44f72b73ba127e06d8e79"},"breadcrumb":{"@id":"https:\/\/kibrisdakik.com\/?p=86658#breadcrumb"},"inLanguage":"tr","potentialAction":[{"@type":"ReadAction","target":["https:\/\/kibrisdakik.com\/?p=86658"]}]},{"@type":"ImageObject","inLanguage":"tr","@id":"https:\/\/kibrisdakik.com\/?p=86658#primaryimage","url":"https:\/\/kibrisdakik.com\/wp-content\/uploads\/2025\/07\/InShot_20250720_093811981-scaled-740x420.jpg","contentUrl":"https:\/\/kibrisdakik.com\/wp-content\/uploads\/2025\/07\/InShot_20250720_093811981-scaled-740x420.jpg","width":2560,"height":1439},{"@type":"BreadcrumbList","@id":"https:\/\/kibrisdakik.com\/?p=86658#breadcrumb","itemListElement":[{"@type":"ListItem","position":1,"name":"Home","item":"https:\/\/kibrisdakik.com\/"},{"@type":"ListItem","position":2,"name":"20 Temmuz Bar\u0131\u015f ve \u00d6zg\u00fcrl\u00fck Bayram\u0131 kapsam\u0131nda Girne\u2019de t\u00f6ren d\u00fczenlendi"}]},{"@type":"WebSite","@id":"https:\/\/kibrisdakik.com\/#website","url":"https:\/\/kibrisdakik.com\/","name":"","description":"Tam vaktinde haber","potentialAction":[{"@type":"SearchAction","target":{"@type":"EntryPoint","urlTemplate":"https:\/\/kibrisdakik.com\/?s={search_term_string}"},"query-input":{"@type":"PropertyValueSpecification","valueRequired":true,"valueName":"search_term_string"}}],"inLanguage":"tr"},{"@type":"Person","@id":"https:\/\/kibrisdakik.com\/#\/schema\/person\/9cd9d437bbb44f72b73ba127e06d8e79","name":"admin","image":{"@type":"ImageObject","inLanguage":"tr","@id":"https:\/\/secure.gravatar.com\/avatar\/ccc17943b9d660506c869530f897617f7cb1c21a4bf30023f252596d83e1f007?s=96&d=mm&r=g","url":"https:\/\/secure.gravatar.com\/avatar\/ccc17943b9d660506c869530f897617f7cb1c21a4bf30023f252596d83e1f007?s=96&d=mm&r=g","contentUrl":"https:\/\/secure.gravatar.com\/avatar\/ccc17943b9d660506c869530f897617f7cb1c21a4bf30023f252596d83e1f007?s=96&d=mm&r=g","caption":"admin"},"sameAs":["https:\/\/kibrisdakik.com"],"url":"https:\/\/kibrisdakik.com\/?author=1"}]}},"_links":{"self":[{"href":"https:\/\/kibrisdakik.com\/index.php?rest_route=\/wp\/v2\/posts\/86658","targetHints":{"allow":["GET"]}}],"collection":[{"href":"https:\/\/kibrisdakik.com\/index.php?rest_route=\/wp\/v2\/posts"}],"about":[{"href":"https:\/\/kibrisdakik.com\/index.php?rest_route=\/wp\/v2\/types\/post"}],"author":[{"embeddable":true,"href":"https:\/\/kibrisdakik.com\/index.php?rest_route=\/wp\/v2\/users\/1"}],"replies":[{"embeddable":true,"href":"https:\/\/kibrisdakik.com\/index.php?rest_route=%2Fwp%2Fv2%2Fcomments&post=86658"}],"version-history":[{"count":0,"href":"https:\/\/kibrisdakik.com\/index.php?rest_route=\/wp\/v2\/posts\/86658\/revisions"}],"wp:featuredmedia":[{"embeddable":true,"href":"https:\/\/kibrisdakik.com\/index.php?rest_route=\/wp\/v2\/media\/86659"}],"wp:attachment":[{"href":"https:\/\/kibrisdakik.com\/index.php?rest_route=%2Fwp%2Fv2%2Fmedia&parent=86658"}],"wp:term":[{"taxonomy":"category","embeddable":true,"href":"https:\/\/kibrisdakik.com\/index.php?rest_route=%2Fwp%2Fv2%2Fcategories&post=86658"},{"taxonomy":"post_tag","embeddable":true,"href":"https:\/\/kibrisdakik.com\/index.php?rest_route=%2Fwp%2Fv2%2Ftags&post=86658"}],"curies":[{"name":"wp","href":"https:\/\/api.w.org\/{rel}","templated":true}]}}