{"id":86692,"date":"2025-07-20T13:45:02","date_gmt":"2025-07-20T10:45:02","guid":{"rendered":"https:\/\/kibrisdakik.com\/index.php\/2025\/07\/20\/ozturkler-kibris-baris-harekati-adada-koklesmemizi-sagladi\/"},"modified":"2025-07-20T13:45:02","modified_gmt":"2025-07-20T10:45:02","slug":"ozturkler-kibris-baris-harekati-adada-koklesmemizi-sagladi","status":"publish","type":"post","link":"https:\/\/kibrisdakik.com\/?p=86692","title":{"rendered":"\u00d6zt\u00fcrkler: K\u0131br\u0131s Bar\u0131\u015f Harekat\u0131, Ada\u2019da k\u00f6kle\u015fmemizi sa\u011flad\u0131"},"content":{"rendered":"<p> <br \/>\n<\/p>\n<div>\n<div class=\"mariselle-image-container center\">\n                                            <\/div>\n<p>Cumhuriyet Meclisi Ba\u015fkan\u0131 Ziya \u00d6zt\u00fcrkler, Rumlar\u0131n K\u0131br\u0131s\u2019\u0131 Yunanistan\u2019a ba\u011flama hayallerinden hi\u00e7bir zaman vazge\u00e7mediklerini belirterek, \u201cK\u0131br\u0131s Bar\u0131\u015f Harekat\u0131, Ada\u2019da k\u00f6kle\u015fmemizi sa\u011flad\u0131.\u201d dedi.<\/p>\n<p>Cumhuriyet Meclisi Ba\u015fkan\u0131 \u00d6zt\u00fcrkler, K\u0131br\u0131s Bar\u0131\u015f Harekat\u0131\u2019n\u0131n 51\u2019inci y\u0131l\u0131 ile 20 Temmuz Bar\u0131\u015f ve \u00d6zg\u00fcrl\u00fck Bayram\u0131 vesilesiyle AA muhabirine de\u011ferlendirmelerde bulundu.<\/p>\n<p>\u00d6zt\u00fcrkler, K\u0131br\u0131s Bar\u0131\u015f Harekat\u0131\u2019n\u0131n \u00fczerinden ge\u00e7en 51 y\u0131lda, KKTC\u2019nin devlet olma, kurumsalla\u015fma, topraklar\u0131na sahip \u00e7\u0131kma, altyap\u0131, e\u011fitim ve sa\u011fl\u0131k alanlar\u0131nda olduk\u00e7a \u00f6nemli mesafeler kat etti\u011fine dikkat \u00e7ekerek, \u201cBu adada KKTC ve ana vatan T\u00fcrkiye Cumhuriyeti\u2019nin bayraklar\u0131 sonsuza kadar beraber dalgalanacakt\u0131r.\u201d diye konu\u015ftu.<\/p>\n<p>\u00d6zt\u00fcrkler, ba\u015fta Cumhurba\u015fkan\u0131 Recep Tayyip Erdo\u011fan olmak \u00fczere, Cumhurba\u015fkan\u0131 Yard\u0131mc\u0131s\u0131 Cevdet Y\u0131lmaz ve TBMM Ba\u015fkan\u0131 Numan Kurtulmu\u015f\u2019un destekleri ile KKTC\u2019nin uluslararas\u0131 arenada hem stat\u00fcs\u00fcn\u00fcn y\u00fckseldi\u011fi hem de \u00f6zellikle T\u00fcrk devletleri ile ili\u015fkilerinin geli\u015fti\u011fini vurgulad\u0131.<\/p>\n<p>K\u0131br\u0131s Bar\u0131\u015f Harekat\u0131 ve 20 Temmuz Bar\u0131\u015f ve \u00d6zg\u00fcrl\u00fck Bayram\u0131\u2019n\u0131n 51. y\u0131l d\u00f6n\u00fcm\u00fcn\u00fc kutlad\u0131klar\u0131n\u0131 hat\u0131rlatan KKTC Cumhuriyet Meclisi Ba\u015fkan\u0131 Ziya \u00d6zt\u00fcrkler, Rumlar\u0131n K\u0131br\u0131s\u2019\u0131 Yunanistan\u2019a ba\u011flama hayallerinden hi\u00e7bir zaman vazge\u00e7mediklerini s\u00f6yledi. \u00d6zt\u00fcrkler, \u015funlar\u0131 kaydetti:<\/p>\n<p>\u201cK\u0131br\u0131s Bar\u0131\u015f Harekat\u0131, Ada\u2019da k\u00f6kle\u015fmemizi sa\u011flad\u0131. Harekat K\u0131br\u0131sl\u0131 T\u00fcrkler i\u00e7in ba\u011f\u0131ms\u0131zl\u0131k, \u00f6zg\u00fcrl\u00fck ve bayra\u011f\u0131na sahip \u00e7\u0131kmak demektir. En \u00f6nemli bayramlar\u0131m\u0131zdan bir tanesidir. Bug\u00fcn ana vatan\u0131m\u0131z ile birlikte \u00f6zg\u00fcrl\u00fck destan\u0131 yazd\u0131\u011f\u0131m\u0131z \u00f6nemli bir g\u00fcn\u00fcn 51. y\u0131l d\u00f6n\u00fcm\u00fcd\u00fcr.\u201d<\/p>\n<p>\u00d6zt\u00fcrkler, T\u00fcrkiye\u2019nin uluslararas\u0131 anla\u015fmalardan do\u011fan haklar\u0131 ve K\u0131br\u0131sl\u0131 T\u00fcrklerin sistemli \u015fekilde yok edilmelerini \u00f6nlemek amac\u0131yla 20 Temmuz 1974\u2019te Ada\u2019ya Mehmet\u00e7i\u011fi \u00e7\u0131kard\u0131\u011f\u0131n\u0131n alt\u0131n\u0131 \u00e7izerek, \u201cO d\u00f6nemin zor ko\u015fullar\u0131nda bu karar\u0131 alan d\u00f6nemin Ba\u015fbakan\u0131 B\u00fclent Ecevit\u2019i, Ba\u015fbakan Yard\u0131mc\u0131s\u0131 Necmettin Erbakan\u2019\u0131 ve di\u011fer karar verici mekanizmalardaki T\u00fcrk yetkilileri rahmet ve minnetle an\u0131yorum.\u201d ifadelerini kulland\u0131.<\/p>\n<p>Harekatta Mehmet\u00e7ik ile m\u00fccahidin omuz omuza K\u0131br\u0131s\u2019a bar\u0131\u015f getirdi\u011fine dikkati \u00e7eken \u00d6zt\u00fcrkler, K\u0131br\u0131sl\u0131 T\u00fcrklerin her zaman T\u00fcrkl\u00fcklerine, ana vatanlar\u0131na ve topraklar\u0131na b\u00fcy\u00fck bir sadakat ile ba\u011fl\u0131 olduklar\u0131n\u0131 s\u00f6yledi.<\/p>\n<\/p><\/div>\n<p><script async\n                    defer\n                    crossorigin=\"anonymous\"\n                    src=\"https:\/\/connect.facebook.net\/tr_TR\/sdk.js#xfbml=1&#038;version=v3.3\"\n            ><\/script><br \/>\n<br \/><br \/>\n<br \/><a href=\"[kibrisdakik.com]\n<\/p>\n","protected":false},"excerpt":{"rendered":"<p>Cumhuriyet Meclisi Ba\u015fkan\u0131 Ziya \u00d6zt\u00fcrkler, Rumlar\u0131n K\u0131br\u0131s\u2019\u0131 Yunanistan\u2019a ba\u011flama hayallerinden hi\u00e7bir zaman vazge\u00e7mediklerini belirterek, \u201cK\u0131br\u0131s Bar\u0131\u015f Harekat\u0131, Ada\u2019da k\u00f6kle\u015fmemizi sa\u011flad\u0131.\u201d dedi. Cumhuriyet Meclisi Ba\u015fkan\u0131 \u00d6zt\u00fcrkler, K\u0131br\u0131s Bar\u0131\u015f Harekat\u0131\u2019n\u0131n 51\u2019inci y\u0131l\u0131 ile 20 Temmuz Bar\u0131\u015f ve \u00d6zg\u00fcrl\u00fck Bayram\u0131 vesilesiyle AA muhabirine de\u011ferlendirmelerde bulundu. \u00d6zt\u00fcrkler, K\u0131br\u0131s Bar\u0131\u015f Harekat\u0131\u2019n\u0131n \u00fczerinden ge\u00e7en 51 y\u0131lda, KKTC\u2019nin devlet olma, kurumsalla\u015fma, topraklar\u0131na<\/p>\n","protected":false},"author":1,"featured_media":86693,"comment_status":"open","ping_status":"open","sticky":false,"template":"","format":"standard","meta":{"footnotes":""},"categories":[81,101],"tags":[],"class_list":["post-86692","post","type-post","status-publish","format-standard","has-post-thumbnail","hentry","category-kibris","category-manset"],"yoast_head":"<!-- This site is optimized with the Yoast SEO plugin v27.5 - https:\/\/yoast.com\/product\/yoast-seo-wordpress\/ -->\n<title>\u00d6zt\u00fcrkler: K\u0131br\u0131s Bar\u0131\u015f Harekat\u0131, Ada\u2019da k\u00f6kle\u015fmemizi sa\u011flad\u0131 -<\/title>\n<meta name=\"robots\" content=\"index, follow, max-snippet:-1, max-image-preview:large, max-video-preview:-1\" \/>\n<link rel=\"canonical\" href=\"https:\/\/kibrisdakik.com\/?p=86692\" \/>\n<meta property=\"og:locale\" content=\"tr_TR\" \/>\n<meta property=\"og:type\" content=\"article\" \/>\n<meta property=\"og:title\" content=\"\u00d6zt\u00fcrkler: K\u0131br\u0131s Bar\u0131\u015f Harekat\u0131, Ada\u2019da k\u00f6kle\u015fmemizi sa\u011flad\u0131 -\" \/>\n<meta property=\"og:description\" content=\"Cumhuriyet Meclisi Ba\u015fkan\u0131 Ziya \u00d6zt\u00fcrkler, Rumlar\u0131n K\u0131br\u0131s\u2019\u0131 Yunanistan\u2019a ba\u011flama hayallerinden hi\u00e7bir zaman vazge\u00e7mediklerini belirterek, \u201cK\u0131br\u0131s Bar\u0131\u015f Harekat\u0131, Ada\u2019da k\u00f6kle\u015fmemizi sa\u011flad\u0131.\u201d dedi. Cumhuriyet Meclisi Ba\u015fkan\u0131 \u00d6zt\u00fcrkler, K\u0131br\u0131s Bar\u0131\u015f Harekat\u0131\u2019n\u0131n 51\u2019inci y\u0131l\u0131 ile 20 Temmuz Bar\u0131\u015f ve \u00d6zg\u00fcrl\u00fck Bayram\u0131 vesilesiyle AA muhabirine de\u011ferlendirmelerde bulundu. \u00d6zt\u00fcrkler, K\u0131br\u0131s Bar\u0131\u015f Harekat\u0131\u2019n\u0131n \u00fczerinden ge\u00e7en 51 y\u0131lda, KKTC\u2019nin devlet olma, kurumsalla\u015fma, topraklar\u0131na\" \/>\n<meta property=\"og:url\" content=\"https:\/\/kibrisdakik.com\/?p=86692\" \/>\n<meta property=\"article:published_time\" content=\"2025-07-20T10:45:02+00:00\" \/>\n<meta property=\"og:image\" content=\"https:\/\/kibrisdakik.com\/wp-content\/uploads\/2025\/07\/thumbs_b_c_2b08071dde2c7c284d4543b6a7bdfd19-740x420.jpg\" \/>\n\t<meta property=\"og:image:width\" content=\"864\" \/>\n\t<meta property=\"og:image:height\" content=\"486\" \/>\n\t<meta property=\"og:image:type\" content=\"image\/jpeg\" \/>\n<meta name=\"author\" content=\"admin\" \/>\n<meta name=\"twitter:card\" content=\"summary_large_image\" \/>\n<meta name=\"twitter:label1\" content=\"Yazan:\" \/>\n\t<meta name=\"twitter:data1\" content=\"admin\" \/>\n\t<meta name=\"twitter:label2\" content=\"Tahmini okuma s\u00fcresi\" \/>\n\t<meta name=\"twitter:data2\" content=\"2 dakika\" \/>\n<script type=\"application\/ld+json\" class=\"yoast-schema-graph\">{\"@context\":\"https:\\\/\\\/schema.org\",\"@graph\":[{\"@type\":\"Article\",\"@id\":\"https:\\\/\\\/kibrisdakik.com\\\/?p=86692#article\",\"isPartOf\":{\"@id\":\"https:\\\/\\\/kibrisdakik.com\\\/?p=86692\"},\"author\":{\"name\":\"admin\",\"@id\":\"https:\\\/\\\/kibrisdakik.com\\\/#\\\/schema\\\/person\\\/9cd9d437bbb44f72b73ba127e06d8e79\"},\"headline\":\"\u00d6zt\u00fcrkler: K\u0131br\u0131s Bar\u0131\u015f Harekat\u0131, Ada\u2019da k\u00f6kle\u015fmemizi sa\u011flad\u0131\",\"datePublished\":\"2025-07-20T10:45:02+00:00\",\"mainEntityOfPage\":{\"@id\":\"https:\\\/\\\/kibrisdakik.com\\\/?p=86692\"},\"wordCount\":444,\"commentCount\":0,\"image\":{\"@id\":\"https:\\\/\\\/kibrisdakik.com\\\/?p=86692#primaryimage\"},\"thumbnailUrl\":\"https:\\\/\\\/kibrisdakik.com\\\/wp-content\\\/uploads\\\/2025\\\/07\\\/thumbs_b_c_2b08071dde2c7c284d4543b6a7bdfd19-740x420.jpg\",\"articleSection\":[\"K\u0131br\u0131s\",\"Man\u015fet\"],\"inLanguage\":\"tr\",\"potentialAction\":[{\"@type\":\"CommentAction\",\"name\":\"Comment\",\"target\":[\"https:\\\/\\\/kibrisdakik.com\\\/?p=86692#respond\"]}]},{\"@type\":\"WebPage\",\"@id\":\"https:\\\/\\\/kibrisdakik.com\\\/?p=86692\",\"url\":\"https:\\\/\\\/kibrisdakik.com\\\/?p=86692\",\"name\":\"\u00d6zt\u00fcrkler: K\u0131br\u0131s Bar\u0131\u015f Harekat\u0131, Ada\u2019da k\u00f6kle\u015fmemizi sa\u011flad\u0131 -\",\"isPartOf\":{\"@id\":\"https:\\\/\\\/kibrisdakik.com\\\/#website\"},\"primaryImageOfPage\":{\"@id\":\"https:\\\/\\\/kibrisdakik.com\\\/?p=86692#primaryimage\"},\"image\":{\"@id\":\"https:\\\/\\\/kibrisdakik.com\\\/?p=86692#primaryimage\"},\"thumbnailUrl\":\"https:\\\/\\\/kibrisdakik.com\\\/wp-content\\\/uploads\\\/2025\\\/07\\\/thumbs_b_c_2b08071dde2c7c284d4543b6a7bdfd19-740x420.jpg\",\"datePublished\":\"2025-07-20T10:45:02+00:00\",\"author\":{\"@id\":\"https:\\\/\\\/kibrisdakik.com\\\/#\\\/schema\\\/person\\\/9cd9d437bbb44f72b73ba127e06d8e79\"},\"breadcrumb\":{\"@id\":\"https:\\\/\\\/kibrisdakik.com\\\/?p=86692#breadcrumb\"},\"inLanguage\":\"tr\",\"potentialAction\":[{\"@type\":\"ReadAction\",\"target\":[\"https:\\\/\\\/kibrisdakik.com\\\/?p=86692\"]}]},{\"@type\":\"ImageObject\",\"inLanguage\":\"tr\",\"@id\":\"https:\\\/\\\/kibrisdakik.com\\\/?p=86692#primaryimage\",\"url\":\"https:\\\/\\\/kibrisdakik.com\\\/wp-content\\\/uploads\\\/2025\\\/07\\\/thumbs_b_c_2b08071dde2c7c284d4543b6a7bdfd19-740x420.jpg\",\"contentUrl\":\"https:\\\/\\\/kibrisdakik.com\\\/wp-content\\\/uploads\\\/2025\\\/07\\\/thumbs_b_c_2b08071dde2c7c284d4543b6a7bdfd19-740x420.jpg\",\"width\":864,\"height\":486},{\"@type\":\"BreadcrumbList\",\"@id\":\"https:\\\/\\\/kibrisdakik.com\\\/?p=86692#breadcrumb\",\"itemListElement\":[{\"@type\":\"ListItem\",\"position\":1,\"name\":\"Home\",\"item\":\"https:\\\/\\\/kibrisdakik.com\\\/\"},{\"@type\":\"ListItem\",\"position\":2,\"name\":\"\u00d6zt\u00fcrkler: K\u0131br\u0131s Bar\u0131\u015f Harekat\u0131, Ada\u2019da k\u00f6kle\u015fmemizi sa\u011flad\u0131\"}]},{\"@type\":\"WebSite\",\"@id\":\"https:\\\/\\\/kibrisdakik.com\\\/#website\",\"url\":\"https:\\\/\\\/kibrisdakik.com\\\/\",\"name\":\"\",\"description\":\"Tam vaktinde haber\",\"potentialAction\":[{\"@type\":\"SearchAction\",\"target\":{\"@type\":\"EntryPoint\",\"urlTemplate\":\"https:\\\/\\\/kibrisdakik.com\\\/?s={search_term_string}\"},\"query-input\":{\"@type\":\"PropertyValueSpecification\",\"valueRequired\":true,\"valueName\":\"search_term_string\"}}],\"inLanguage\":\"tr\"},{\"@type\":\"Person\",\"@id\":\"https:\\\/\\\/kibrisdakik.com\\\/#\\\/schema\\\/person\\\/9cd9d437bbb44f72b73ba127e06d8e79\",\"name\":\"admin\",\"image\":{\"@type\":\"ImageObject\",\"inLanguage\":\"tr\",\"@id\":\"https:\\\/\\\/secure.gravatar.com\\\/avatar\\\/ccc17943b9d660506c869530f897617f7cb1c21a4bf30023f252596d83e1f007?s=96&d=mm&r=g\",\"url\":\"https:\\\/\\\/secure.gravatar.com\\\/avatar\\\/ccc17943b9d660506c869530f897617f7cb1c21a4bf30023f252596d83e1f007?s=96&d=mm&r=g\",\"contentUrl\":\"https:\\\/\\\/secure.gravatar.com\\\/avatar\\\/ccc17943b9d660506c869530f897617f7cb1c21a4bf30023f252596d83e1f007?s=96&d=mm&r=g\",\"caption\":\"admin\"},\"sameAs\":[\"https:\\\/\\\/kibrisdakik.com\"],\"url\":\"https:\\\/\\\/kibrisdakik.com\\\/?author=1\"}]}<\/script>\n<!-- \/ Yoast SEO plugin. -->","yoast_head_json":{"title":"\u00d6zt\u00fcrkler: K\u0131br\u0131s Bar\u0131\u015f Harekat\u0131, Ada\u2019da k\u00f6kle\u015fmemizi sa\u011flad\u0131 -","robots":{"index":"index","follow":"follow","max-snippet":"max-snippet:-1","max-image-preview":"max-image-preview:large","max-video-preview":"max-video-preview:-1"},"canonical":"https:\/\/kibrisdakik.com\/?p=86692","og_locale":"tr_TR","og_type":"article","og_title":"\u00d6zt\u00fcrkler: K\u0131br\u0131s Bar\u0131\u015f Harekat\u0131, Ada\u2019da k\u00f6kle\u015fmemizi sa\u011flad\u0131 -","og_description":"Cumhuriyet Meclisi Ba\u015fkan\u0131 Ziya \u00d6zt\u00fcrkler, Rumlar\u0131n K\u0131br\u0131s\u2019\u0131 Yunanistan\u2019a ba\u011flama hayallerinden hi\u00e7bir zaman vazge\u00e7mediklerini belirterek, \u201cK\u0131br\u0131s Bar\u0131\u015f Harekat\u0131, Ada\u2019da k\u00f6kle\u015fmemizi sa\u011flad\u0131.\u201d dedi. Cumhuriyet Meclisi Ba\u015fkan\u0131 \u00d6zt\u00fcrkler, K\u0131br\u0131s Bar\u0131\u015f Harekat\u0131\u2019n\u0131n 51\u2019inci y\u0131l\u0131 ile 20 Temmuz Bar\u0131\u015f ve \u00d6zg\u00fcrl\u00fck Bayram\u0131 vesilesiyle AA muhabirine de\u011ferlendirmelerde bulundu. \u00d6zt\u00fcrkler, K\u0131br\u0131s Bar\u0131\u015f Harekat\u0131\u2019n\u0131n \u00fczerinden ge\u00e7en 51 y\u0131lda, KKTC\u2019nin devlet olma, kurumsalla\u015fma, topraklar\u0131na","og_url":"https:\/\/kibrisdakik.com\/?p=86692","article_published_time":"2025-07-20T10:45:02+00:00","og_image":[{"width":864,"height":486,"url":"https:\/\/kibrisdakik.com\/wp-content\/uploads\/2025\/07\/thumbs_b_c_2b08071dde2c7c284d4543b6a7bdfd19-740x420.jpg","type":"image\/jpeg"}],"author":"admin","twitter_card":"summary_large_image","twitter_misc":{"Yazan:":"admin","Tahmini okuma s\u00fcresi":"2 dakika"},"schema":{"@context":"https:\/\/schema.org","@graph":[{"@type":"Article","@id":"https:\/\/kibrisdakik.com\/?p=86692#article","isPartOf":{"@id":"https:\/\/kibrisdakik.com\/?p=86692"},"author":{"name":"admin","@id":"https:\/\/kibrisdakik.com\/#\/schema\/person\/9cd9d437bbb44f72b73ba127e06d8e79"},"headline":"\u00d6zt\u00fcrkler: K\u0131br\u0131s Bar\u0131\u015f Harekat\u0131, Ada\u2019da k\u00f6kle\u015fmemizi sa\u011flad\u0131","datePublished":"2025-07-20T10:45:02+00:00","mainEntityOfPage":{"@id":"https:\/\/kibrisdakik.com\/?p=86692"},"wordCount":444,"commentCount":0,"image":{"@id":"https:\/\/kibrisdakik.com\/?p=86692#primaryimage"},"thumbnailUrl":"https:\/\/kibrisdakik.com\/wp-content\/uploads\/2025\/07\/thumbs_b_c_2b08071dde2c7c284d4543b6a7bdfd19-740x420.jpg","articleSection":["K\u0131br\u0131s","Man\u015fet"],"inLanguage":"tr","potentialAction":[{"@type":"CommentAction","name":"Comment","target":["https:\/\/kibrisdakik.com\/?p=86692#respond"]}]},{"@type":"WebPage","@id":"https:\/\/kibrisdakik.com\/?p=86692","url":"https:\/\/kibrisdakik.com\/?p=86692","name":"\u00d6zt\u00fcrkler: K\u0131br\u0131s Bar\u0131\u015f Harekat\u0131, Ada\u2019da k\u00f6kle\u015fmemizi sa\u011flad\u0131 -","isPartOf":{"@id":"https:\/\/kibrisdakik.com\/#website"},"primaryImageOfPage":{"@id":"https:\/\/kibrisdakik.com\/?p=86692#primaryimage"},"image":{"@id":"https:\/\/kibrisdakik.com\/?p=86692#primaryimage"},"thumbnailUrl":"https:\/\/kibrisdakik.com\/wp-content\/uploads\/2025\/07\/thumbs_b_c_2b08071dde2c7c284d4543b6a7bdfd19-740x420.jpg","datePublished":"2025-07-20T10:45:02+00:00","author":{"@id":"https:\/\/kibrisdakik.com\/#\/schema\/person\/9cd9d437bbb44f72b73ba127e06d8e79"},"breadcrumb":{"@id":"https:\/\/kibrisdakik.com\/?p=86692#breadcrumb"},"inLanguage":"tr","potentialAction":[{"@type":"ReadAction","target":["https:\/\/kibrisdakik.com\/?p=86692"]}]},{"@type":"ImageObject","inLanguage":"tr","@id":"https:\/\/kibrisdakik.com\/?p=86692#primaryimage","url":"https:\/\/kibrisdakik.com\/wp-content\/uploads\/2025\/07\/thumbs_b_c_2b08071dde2c7c284d4543b6a7bdfd19-740x420.jpg","contentUrl":"https:\/\/kibrisdakik.com\/wp-content\/uploads\/2025\/07\/thumbs_b_c_2b08071dde2c7c284d4543b6a7bdfd19-740x420.jpg","width":864,"height":486},{"@type":"BreadcrumbList","@id":"https:\/\/kibrisdakik.com\/?p=86692#breadcrumb","itemListElement":[{"@type":"ListItem","position":1,"name":"Home","item":"https:\/\/kibrisdakik.com\/"},{"@type":"ListItem","position":2,"name":"\u00d6zt\u00fcrkler: K\u0131br\u0131s Bar\u0131\u015f Harekat\u0131, Ada\u2019da k\u00f6kle\u015fmemizi sa\u011flad\u0131"}]},{"@type":"WebSite","@id":"https:\/\/kibrisdakik.com\/#website","url":"https:\/\/kibrisdakik.com\/","name":"","description":"Tam vaktinde haber","potentialAction":[{"@type":"SearchAction","target":{"@type":"EntryPoint","urlTemplate":"https:\/\/kibrisdakik.com\/?s={search_term_string}"},"query-input":{"@type":"PropertyValueSpecification","valueRequired":true,"valueName":"search_term_string"}}],"inLanguage":"tr"},{"@type":"Person","@id":"https:\/\/kibrisdakik.com\/#\/schema\/person\/9cd9d437bbb44f72b73ba127e06d8e79","name":"admin","image":{"@type":"ImageObject","inLanguage":"tr","@id":"https:\/\/secure.gravatar.com\/avatar\/ccc17943b9d660506c869530f897617f7cb1c21a4bf30023f252596d83e1f007?s=96&d=mm&r=g","url":"https:\/\/secure.gravatar.com\/avatar\/ccc17943b9d660506c869530f897617f7cb1c21a4bf30023f252596d83e1f007?s=96&d=mm&r=g","contentUrl":"https:\/\/secure.gravatar.com\/avatar\/ccc17943b9d660506c869530f897617f7cb1c21a4bf30023f252596d83e1f007?s=96&d=mm&r=g","caption":"admin"},"sameAs":["https:\/\/kibrisdakik.com"],"url":"https:\/\/kibrisdakik.com\/?author=1"}]}},"_links":{"self":[{"href":"https:\/\/kibrisdakik.com\/index.php?rest_route=\/wp\/v2\/posts\/86692","targetHints":{"allow":["GET"]}}],"collection":[{"href":"https:\/\/kibrisdakik.com\/index.php?rest_route=\/wp\/v2\/posts"}],"about":[{"href":"https:\/\/kibrisdakik.com\/index.php?rest_route=\/wp\/v2\/types\/post"}],"author":[{"embeddable":true,"href":"https:\/\/kibrisdakik.com\/index.php?rest_route=\/wp\/v2\/users\/1"}],"replies":[{"embeddable":true,"href":"https:\/\/kibrisdakik.com\/index.php?rest_route=%2Fwp%2Fv2%2Fcomments&post=86692"}],"version-history":[{"count":0,"href":"https:\/\/kibrisdakik.com\/index.php?rest_route=\/wp\/v2\/posts\/86692\/revisions"}],"wp:featuredmedia":[{"embeddable":true,"href":"https:\/\/kibrisdakik.com\/index.php?rest_route=\/wp\/v2\/media\/86693"}],"wp:attachment":[{"href":"https:\/\/kibrisdakik.com\/index.php?rest_route=%2Fwp%2Fv2%2Fmedia&parent=86692"}],"wp:term":[{"taxonomy":"category","embeddable":true,"href":"https:\/\/kibrisdakik.com\/index.php?rest_route=%2Fwp%2Fv2%2Fcategories&post=86692"},{"taxonomy":"post_tag","embeddable":true,"href":"https:\/\/kibrisdakik.com\/index.php?rest_route=%2Fwp%2Fv2%2Ftags&post=86692"}],"curies":[{"name":"wp","href":"https:\/\/api.w.org\/{rel}","templated":true}]}}