{"id":86702,"date":"2025-07-20T14:24:16","date_gmt":"2025-07-20T11:24:16","guid":{"rendered":"https:\/\/kibrisdakik.com\/index.php\/2025\/07\/20\/chp-genel-baskani-ozelden-kibris-baris-harekatinin-51-yil-donumu-mesaji\/"},"modified":"2025-07-20T14:24:16","modified_gmt":"2025-07-20T11:24:16","slug":"chp-genel-baskani-ozelden-kibris-baris-harekatinin-51-yil-donumu-mesaji","status":"publish","type":"post","link":"https:\/\/kibrisdakik.com\/?p=86702","title":{"rendered":"CHP Genel Ba\u015fkan\u0131 \u00d6zel\u2019den, K\u0131br\u0131s Bar\u0131\u015f Harekat\u0131\u2019n\u0131n 51. y\u0131l d\u00f6n\u00fcm\u00fc mesaj\u0131"},"content":{"rendered":"<p><\/p>\n<div>\n<div class=\"mariselle-image-container center\">\n                                            <\/div>\n<p>CHP Genel Ba\u015fkan\u0131 \u00d6zg\u00fcr \u00d6zel, K\u0131br\u0131s T\u00fcrklerinin hakl\u0131 m\u00fccadelesinin ve karde\u015fli\u011finin daima yan\u0131nda olacaklar\u0131n\u0131 belirtti.<\/p>\n<p>\u00d6zel, sosyal medya hesab\u0131ndan K\u0131br\u0131s Bar\u0131\u015f Harekat\u0131\u2019n\u0131n 51. y\u0131l d\u00f6n\u00fcm\u00fcne ili\u015fkin payla\u015ft\u0131\u011f\u0131 mesaj\u0131nda, \u015funlar\u0131 kaydetti:<\/p>\n<p>\u201cBundan 51 sene evvel, K\u0131br\u0131s adas\u0131na bar\u0131\u015f getirmek i\u00e7in Ba\u015fbakan\u0131m\u0131z B\u00fclent Ecevit\u2019in liderli\u011finde b\u00fcy\u00fck bir m\u00fccadele ba\u015flat\u0131ld\u0131. K\u0131br\u0131s Bar\u0131\u015f Harekat\u0131\u2019n\u0131n y\u0131l d\u00f6n\u00fcm\u00fcnde \u015fehitlerimizi rahmetle an\u0131yor, gazilerimize minnetlerimizi sunuyoruz. 3\u2019\u00fcnc\u00fc Genel Ba\u015fkan\u0131m\u0131z Ecevit ile birlikte Ba\u015fbakan Yard\u0131mc\u0131s\u0131 Necmettin Erbakan\u2019\u0131, Faz\u0131l K\u00fc\u00e7\u00fck\u2019\u00fc ve Rauf Denkta\u015f\u2019\u0131 sayg\u0131yla yad ediyoruz. Partimiz, K\u0131br\u0131s T\u00fcrklerinin hakl\u0131 m\u00fccadelesinin ve karde\u015fli\u011finin daima yan\u0131nda olacak.\u201d<\/p>\n<\/p><\/div>\n<p><script async\n                    defer\n                    crossorigin=\"anonymous\"\n                    src=\"https:\/\/connect.facebook.net\/tr_TR\/sdk.js#xfbml=1&#038;version=v3.3\"\n            ><\/script><\/p>\n","protected":false},"excerpt":{"rendered":"<p>CHP Genel Ba\u015fkan\u0131 \u00d6zg\u00fcr \u00d6zel, K\u0131br\u0131s T\u00fcrklerinin hakl\u0131 m\u00fccadelesinin ve karde\u015fli\u011finin daima yan\u0131nda olacaklar\u0131n\u0131 belirtti. \u00d6zel, sosyal medya hesab\u0131ndan K\u0131br\u0131s Bar\u0131\u015f Harekat\u0131\u2019n\u0131n 51. y\u0131l d\u00f6n\u00fcm\u00fcne ili\u015fkin payla\u015ft\u0131\u011f\u0131 mesaj\u0131nda, \u015funlar\u0131 kaydetti: \u201cBundan 51 sene evvel, K\u0131br\u0131s adas\u0131na bar\u0131\u015f getirmek i\u00e7in Ba\u015fbakan\u0131m\u0131z B\u00fclent Ecevit\u2019in liderli\u011finde b\u00fcy\u00fck bir m\u00fccadele ba\u015flat\u0131ld\u0131. K\u0131br\u0131s Bar\u0131\u015f Harekat\u0131\u2019n\u0131n y\u0131l d\u00f6n\u00fcm\u00fcnde \u015fehitlerimizi rahmetle an\u0131yor,<\/p>\n","protected":false},"author":1,"featured_media":86703,"comment_status":"open","ping_status":"open","sticky":false,"template":"","format":"standard","meta":{"footnotes":""},"categories":[101,86],"tags":[],"class_list":["post-86702","post","type-post","status-publish","format-standard","has-post-thumbnail","hentry","category-manset","category-turkiye"],"yoast_head":"<!-- This site is optimized with the Yoast SEO plugin v27.4 - https:\/\/yoast.com\/product\/yoast-seo-wordpress\/ -->\n<title>CHP Genel Ba\u015fkan\u0131 \u00d6zel\u2019den, K\u0131br\u0131s Bar\u0131\u015f Harekat\u0131\u2019n\u0131n 51. y\u0131l d\u00f6n\u00fcm\u00fc mesaj\u0131 -<\/title>\n<meta name=\"robots\" content=\"index, follow, max-snippet:-1, max-image-preview:large, max-video-preview:-1\" \/>\n<link rel=\"canonical\" href=\"https:\/\/kibrisdakik.com\/?p=86702\" \/>\n<meta property=\"og:locale\" content=\"tr_TR\" \/>\n<meta property=\"og:type\" content=\"article\" \/>\n<meta property=\"og:title\" content=\"CHP Genel Ba\u015fkan\u0131 \u00d6zel\u2019den, K\u0131br\u0131s Bar\u0131\u015f Harekat\u0131\u2019n\u0131n 51. y\u0131l d\u00f6n\u00fcm\u00fc mesaj\u0131 -\" \/>\n<meta property=\"og:description\" content=\"CHP Genel Ba\u015fkan\u0131 \u00d6zg\u00fcr \u00d6zel, K\u0131br\u0131s T\u00fcrklerinin hakl\u0131 m\u00fccadelesinin ve karde\u015fli\u011finin daima yan\u0131nda olacaklar\u0131n\u0131 belirtti. \u00d6zel, sosyal medya hesab\u0131ndan K\u0131br\u0131s Bar\u0131\u015f Harekat\u0131\u2019n\u0131n 51. y\u0131l d\u00f6n\u00fcm\u00fcne ili\u015fkin payla\u015ft\u0131\u011f\u0131 mesaj\u0131nda, \u015funlar\u0131 kaydetti: \u201cBundan 51 sene evvel, K\u0131br\u0131s adas\u0131na bar\u0131\u015f getirmek i\u00e7in Ba\u015fbakan\u0131m\u0131z B\u00fclent Ecevit\u2019in liderli\u011finde b\u00fcy\u00fck bir m\u00fccadele ba\u015flat\u0131ld\u0131. K\u0131br\u0131s Bar\u0131\u015f Harekat\u0131\u2019n\u0131n y\u0131l d\u00f6n\u00fcm\u00fcnde \u015fehitlerimizi rahmetle an\u0131yor,\" \/>\n<meta property=\"og:url\" content=\"https:\/\/kibrisdakik.com\/?p=86702\" \/>\n<meta property=\"article:published_time\" content=\"2025-07-20T11:24:16+00:00\" \/>\n<meta property=\"og:image\" content=\"https:\/\/kibrisdakik.com\/wp-content\/uploads\/2025\/07\/1753006880919OZGUR-OZEL-740x420.jpg\" \/>\n\t<meta property=\"og:image:width\" content=\"1540\" \/>\n\t<meta property=\"og:image:height\" content=\"2048\" \/>\n\t<meta property=\"og:image:type\" content=\"image\/jpeg\" \/>\n<meta name=\"author\" content=\"admin\" \/>\n<meta name=\"twitter:card\" content=\"summary_large_image\" \/>\n<meta name=\"twitter:label1\" content=\"Yazan:\" \/>\n\t<meta name=\"twitter:data1\" content=\"admin\" \/>\n\t<meta name=\"twitter:label2\" content=\"Tahmini okuma s\u00fcresi\" \/>\n\t<meta name=\"twitter:data2\" content=\"1 dakika\" \/>\n<script type=\"application\/ld+json\" class=\"yoast-schema-graph\">{\"@context\":\"https:\\\/\\\/schema.org\",\"@graph\":[{\"@type\":\"Article\",\"@id\":\"https:\\\/\\\/kibrisdakik.com\\\/?p=86702#article\",\"isPartOf\":{\"@id\":\"https:\\\/\\\/kibrisdakik.com\\\/?p=86702\"},\"author\":{\"name\":\"admin\",\"@id\":\"https:\\\/\\\/kibrisdakik.com\\\/#\\\/schema\\\/person\\\/9cd9d437bbb44f72b73ba127e06d8e79\"},\"headline\":\"CHP Genel Ba\u015fkan\u0131 \u00d6zel\u2019den, K\u0131br\u0131s Bar\u0131\u015f Harekat\u0131\u2019n\u0131n 51. y\u0131l d\u00f6n\u00fcm\u00fc mesaj\u0131\",\"datePublished\":\"2025-07-20T11:24:16+00:00\",\"mainEntityOfPage\":{\"@id\":\"https:\\\/\\\/kibrisdakik.com\\\/?p=86702\"},\"wordCount\":165,\"commentCount\":0,\"image\":{\"@id\":\"https:\\\/\\\/kibrisdakik.com\\\/?p=86702#primaryimage\"},\"thumbnailUrl\":\"https:\\\/\\\/kibrisdakik.com\\\/wp-content\\\/uploads\\\/2025\\\/07\\\/1753006880919OZGUR-OZEL-740x420.jpg\",\"articleSection\":[\"Man\u015fet\",\"T\u00fcrkiye\"],\"inLanguage\":\"tr\",\"potentialAction\":[{\"@type\":\"CommentAction\",\"name\":\"Comment\",\"target\":[\"https:\\\/\\\/kibrisdakik.com\\\/?p=86702#respond\"]}]},{\"@type\":\"WebPage\",\"@id\":\"https:\\\/\\\/kibrisdakik.com\\\/?p=86702\",\"url\":\"https:\\\/\\\/kibrisdakik.com\\\/?p=86702\",\"name\":\"CHP Genel Ba\u015fkan\u0131 \u00d6zel\u2019den, K\u0131br\u0131s Bar\u0131\u015f Harekat\u0131\u2019n\u0131n 51. y\u0131l d\u00f6n\u00fcm\u00fc mesaj\u0131 -\",\"isPartOf\":{\"@id\":\"https:\\\/\\\/kibrisdakik.com\\\/#website\"},\"primaryImageOfPage\":{\"@id\":\"https:\\\/\\\/kibrisdakik.com\\\/?p=86702#primaryimage\"},\"image\":{\"@id\":\"https:\\\/\\\/kibrisdakik.com\\\/?p=86702#primaryimage\"},\"thumbnailUrl\":\"https:\\\/\\\/kibrisdakik.com\\\/wp-content\\\/uploads\\\/2025\\\/07\\\/1753006880919OZGUR-OZEL-740x420.jpg\",\"datePublished\":\"2025-07-20T11:24:16+00:00\",\"author\":{\"@id\":\"https:\\\/\\\/kibrisdakik.com\\\/#\\\/schema\\\/person\\\/9cd9d437bbb44f72b73ba127e06d8e79\"},\"breadcrumb\":{\"@id\":\"https:\\\/\\\/kibrisdakik.com\\\/?p=86702#breadcrumb\"},\"inLanguage\":\"tr\",\"potentialAction\":[{\"@type\":\"ReadAction\",\"target\":[\"https:\\\/\\\/kibrisdakik.com\\\/?p=86702\"]}]},{\"@type\":\"ImageObject\",\"inLanguage\":\"tr\",\"@id\":\"https:\\\/\\\/kibrisdakik.com\\\/?p=86702#primaryimage\",\"url\":\"https:\\\/\\\/kibrisdakik.com\\\/wp-content\\\/uploads\\\/2025\\\/07\\\/1753006880919OZGUR-OZEL-740x420.jpg\",\"contentUrl\":\"https:\\\/\\\/kibrisdakik.com\\\/wp-content\\\/uploads\\\/2025\\\/07\\\/1753006880919OZGUR-OZEL-740x420.jpg\",\"width\":1540,\"height\":2048},{\"@type\":\"BreadcrumbList\",\"@id\":\"https:\\\/\\\/kibrisdakik.com\\\/?p=86702#breadcrumb\",\"itemListElement\":[{\"@type\":\"ListItem\",\"position\":1,\"name\":\"Home\",\"item\":\"https:\\\/\\\/kibrisdakik.com\\\/\"},{\"@type\":\"ListItem\",\"position\":2,\"name\":\"CHP Genel Ba\u015fkan\u0131 \u00d6zel\u2019den, K\u0131br\u0131s Bar\u0131\u015f Harekat\u0131\u2019n\u0131n 51. y\u0131l d\u00f6n\u00fcm\u00fc mesaj\u0131\"}]},{\"@type\":\"WebSite\",\"@id\":\"https:\\\/\\\/kibrisdakik.com\\\/#website\",\"url\":\"https:\\\/\\\/kibrisdakik.com\\\/\",\"name\":\"\",\"description\":\"Tam vaktinde haber\",\"potentialAction\":[{\"@type\":\"SearchAction\",\"target\":{\"@type\":\"EntryPoint\",\"urlTemplate\":\"https:\\\/\\\/kibrisdakik.com\\\/?s={search_term_string}\"},\"query-input\":{\"@type\":\"PropertyValueSpecification\",\"valueRequired\":true,\"valueName\":\"search_term_string\"}}],\"inLanguage\":\"tr\"},{\"@type\":\"Person\",\"@id\":\"https:\\\/\\\/kibrisdakik.com\\\/#\\\/schema\\\/person\\\/9cd9d437bbb44f72b73ba127e06d8e79\",\"name\":\"admin\",\"image\":{\"@type\":\"ImageObject\",\"inLanguage\":\"tr\",\"@id\":\"https:\\\/\\\/secure.gravatar.com\\\/avatar\\\/ccc17943b9d660506c869530f897617f7cb1c21a4bf30023f252596d83e1f007?s=96&d=mm&r=g\",\"url\":\"https:\\\/\\\/secure.gravatar.com\\\/avatar\\\/ccc17943b9d660506c869530f897617f7cb1c21a4bf30023f252596d83e1f007?s=96&d=mm&r=g\",\"contentUrl\":\"https:\\\/\\\/secure.gravatar.com\\\/avatar\\\/ccc17943b9d660506c869530f897617f7cb1c21a4bf30023f252596d83e1f007?s=96&d=mm&r=g\",\"caption\":\"admin\"},\"sameAs\":[\"https:\\\/\\\/kibrisdakik.com\"],\"url\":\"https:\\\/\\\/kibrisdakik.com\\\/?author=1\"}]}<\/script>\n<!-- \/ Yoast SEO plugin. -->","yoast_head_json":{"title":"CHP Genel Ba\u015fkan\u0131 \u00d6zel\u2019den, K\u0131br\u0131s Bar\u0131\u015f Harekat\u0131\u2019n\u0131n 51. y\u0131l d\u00f6n\u00fcm\u00fc mesaj\u0131 -","robots":{"index":"index","follow":"follow","max-snippet":"max-snippet:-1","max-image-preview":"max-image-preview:large","max-video-preview":"max-video-preview:-1"},"canonical":"https:\/\/kibrisdakik.com\/?p=86702","og_locale":"tr_TR","og_type":"article","og_title":"CHP Genel Ba\u015fkan\u0131 \u00d6zel\u2019den, K\u0131br\u0131s Bar\u0131\u015f Harekat\u0131\u2019n\u0131n 51. y\u0131l d\u00f6n\u00fcm\u00fc mesaj\u0131 -","og_description":"CHP Genel Ba\u015fkan\u0131 \u00d6zg\u00fcr \u00d6zel, K\u0131br\u0131s T\u00fcrklerinin hakl\u0131 m\u00fccadelesinin ve karde\u015fli\u011finin daima yan\u0131nda olacaklar\u0131n\u0131 belirtti. \u00d6zel, sosyal medya hesab\u0131ndan K\u0131br\u0131s Bar\u0131\u015f Harekat\u0131\u2019n\u0131n 51. y\u0131l d\u00f6n\u00fcm\u00fcne ili\u015fkin payla\u015ft\u0131\u011f\u0131 mesaj\u0131nda, \u015funlar\u0131 kaydetti: \u201cBundan 51 sene evvel, K\u0131br\u0131s adas\u0131na bar\u0131\u015f getirmek i\u00e7in Ba\u015fbakan\u0131m\u0131z B\u00fclent Ecevit\u2019in liderli\u011finde b\u00fcy\u00fck bir m\u00fccadele ba\u015flat\u0131ld\u0131. K\u0131br\u0131s Bar\u0131\u015f Harekat\u0131\u2019n\u0131n y\u0131l d\u00f6n\u00fcm\u00fcnde \u015fehitlerimizi rahmetle an\u0131yor,","og_url":"https:\/\/kibrisdakik.com\/?p=86702","article_published_time":"2025-07-20T11:24:16+00:00","og_image":[{"width":1540,"height":2048,"url":"https:\/\/kibrisdakik.com\/wp-content\/uploads\/2025\/07\/1753006880919OZGUR-OZEL-740x420.jpg","type":"image\/jpeg"}],"author":"admin","twitter_card":"summary_large_image","twitter_misc":{"Yazan:":"admin","Tahmini okuma s\u00fcresi":"1 dakika"},"schema":{"@context":"https:\/\/schema.org","@graph":[{"@type":"Article","@id":"https:\/\/kibrisdakik.com\/?p=86702#article","isPartOf":{"@id":"https:\/\/kibrisdakik.com\/?p=86702"},"author":{"name":"admin","@id":"https:\/\/kibrisdakik.com\/#\/schema\/person\/9cd9d437bbb44f72b73ba127e06d8e79"},"headline":"CHP Genel Ba\u015fkan\u0131 \u00d6zel\u2019den, K\u0131br\u0131s Bar\u0131\u015f Harekat\u0131\u2019n\u0131n 51. y\u0131l d\u00f6n\u00fcm\u00fc mesaj\u0131","datePublished":"2025-07-20T11:24:16+00:00","mainEntityOfPage":{"@id":"https:\/\/kibrisdakik.com\/?p=86702"},"wordCount":165,"commentCount":0,"image":{"@id":"https:\/\/kibrisdakik.com\/?p=86702#primaryimage"},"thumbnailUrl":"https:\/\/kibrisdakik.com\/wp-content\/uploads\/2025\/07\/1753006880919OZGUR-OZEL-740x420.jpg","articleSection":["Man\u015fet","T\u00fcrkiye"],"inLanguage":"tr","potentialAction":[{"@type":"CommentAction","name":"Comment","target":["https:\/\/kibrisdakik.com\/?p=86702#respond"]}]},{"@type":"WebPage","@id":"https:\/\/kibrisdakik.com\/?p=86702","url":"https:\/\/kibrisdakik.com\/?p=86702","name":"CHP Genel Ba\u015fkan\u0131 \u00d6zel\u2019den, K\u0131br\u0131s Bar\u0131\u015f Harekat\u0131\u2019n\u0131n 51. y\u0131l d\u00f6n\u00fcm\u00fc mesaj\u0131 -","isPartOf":{"@id":"https:\/\/kibrisdakik.com\/#website"},"primaryImageOfPage":{"@id":"https:\/\/kibrisdakik.com\/?p=86702#primaryimage"},"image":{"@id":"https:\/\/kibrisdakik.com\/?p=86702#primaryimage"},"thumbnailUrl":"https:\/\/kibrisdakik.com\/wp-content\/uploads\/2025\/07\/1753006880919OZGUR-OZEL-740x420.jpg","datePublished":"2025-07-20T11:24:16+00:00","author":{"@id":"https:\/\/kibrisdakik.com\/#\/schema\/person\/9cd9d437bbb44f72b73ba127e06d8e79"},"breadcrumb":{"@id":"https:\/\/kibrisdakik.com\/?p=86702#breadcrumb"},"inLanguage":"tr","potentialAction":[{"@type":"ReadAction","target":["https:\/\/kibrisdakik.com\/?p=86702"]}]},{"@type":"ImageObject","inLanguage":"tr","@id":"https:\/\/kibrisdakik.com\/?p=86702#primaryimage","url":"https:\/\/kibrisdakik.com\/wp-content\/uploads\/2025\/07\/1753006880919OZGUR-OZEL-740x420.jpg","contentUrl":"https:\/\/kibrisdakik.com\/wp-content\/uploads\/2025\/07\/1753006880919OZGUR-OZEL-740x420.jpg","width":1540,"height":2048},{"@type":"BreadcrumbList","@id":"https:\/\/kibrisdakik.com\/?p=86702#breadcrumb","itemListElement":[{"@type":"ListItem","position":1,"name":"Home","item":"https:\/\/kibrisdakik.com\/"},{"@type":"ListItem","position":2,"name":"CHP Genel Ba\u015fkan\u0131 \u00d6zel\u2019den, K\u0131br\u0131s Bar\u0131\u015f Harekat\u0131\u2019n\u0131n 51. y\u0131l d\u00f6n\u00fcm\u00fc mesaj\u0131"}]},{"@type":"WebSite","@id":"https:\/\/kibrisdakik.com\/#website","url":"https:\/\/kibrisdakik.com\/","name":"","description":"Tam vaktinde haber","potentialAction":[{"@type":"SearchAction","target":{"@type":"EntryPoint","urlTemplate":"https:\/\/kibrisdakik.com\/?s={search_term_string}"},"query-input":{"@type":"PropertyValueSpecification","valueRequired":true,"valueName":"search_term_string"}}],"inLanguage":"tr"},{"@type":"Person","@id":"https:\/\/kibrisdakik.com\/#\/schema\/person\/9cd9d437bbb44f72b73ba127e06d8e79","name":"admin","image":{"@type":"ImageObject","inLanguage":"tr","@id":"https:\/\/secure.gravatar.com\/avatar\/ccc17943b9d660506c869530f897617f7cb1c21a4bf30023f252596d83e1f007?s=96&d=mm&r=g","url":"https:\/\/secure.gravatar.com\/avatar\/ccc17943b9d660506c869530f897617f7cb1c21a4bf30023f252596d83e1f007?s=96&d=mm&r=g","contentUrl":"https:\/\/secure.gravatar.com\/avatar\/ccc17943b9d660506c869530f897617f7cb1c21a4bf30023f252596d83e1f007?s=96&d=mm&r=g","caption":"admin"},"sameAs":["https:\/\/kibrisdakik.com"],"url":"https:\/\/kibrisdakik.com\/?author=1"}]}},"_links":{"self":[{"href":"https:\/\/kibrisdakik.com\/index.php?rest_route=\/wp\/v2\/posts\/86702","targetHints":{"allow":["GET"]}}],"collection":[{"href":"https:\/\/kibrisdakik.com\/index.php?rest_route=\/wp\/v2\/posts"}],"about":[{"href":"https:\/\/kibrisdakik.com\/index.php?rest_route=\/wp\/v2\/types\/post"}],"author":[{"embeddable":true,"href":"https:\/\/kibrisdakik.com\/index.php?rest_route=\/wp\/v2\/users\/1"}],"replies":[{"embeddable":true,"href":"https:\/\/kibrisdakik.com\/index.php?rest_route=%2Fwp%2Fv2%2Fcomments&post=86702"}],"version-history":[{"count":0,"href":"https:\/\/kibrisdakik.com\/index.php?rest_route=\/wp\/v2\/posts\/86702\/revisions"}],"wp:featuredmedia":[{"embeddable":true,"href":"https:\/\/kibrisdakik.com\/index.php?rest_route=\/wp\/v2\/media\/86703"}],"wp:attachment":[{"href":"https:\/\/kibrisdakik.com\/index.php?rest_route=%2Fwp%2Fv2%2Fmedia&parent=86702"}],"wp:term":[{"taxonomy":"category","embeddable":true,"href":"https:\/\/kibrisdakik.com\/index.php?rest_route=%2Fwp%2Fv2%2Fcategories&post=86702"},{"taxonomy":"post_tag","embeddable":true,"href":"https:\/\/kibrisdakik.com\/index.php?rest_route=%2Fwp%2Fv2%2Ftags&post=86702"}],"curies":[{"name":"wp","href":"https:\/\/api.w.org\/{rel}","templated":true}]}}