{"id":86728,"date":"2025-07-20T19:22:11","date_gmt":"2025-07-20T16:22:11","guid":{"rendered":"https:\/\/kibrisdakik.com\/index.php\/2025\/07\/20\/erdogan-kktcyi-dogu-akdenizin-parlayan-yildizi-haline-getirdik\/"},"modified":"2025-07-20T19:22:11","modified_gmt":"2025-07-20T16:22:11","slug":"erdogan-kktcyi-dogu-akdenizin-parlayan-yildizi-haline-getirdik","status":"publish","type":"post","link":"https:\/\/kibrisdakik.com\/?p=86728","title":{"rendered":"Erdo\u011fan: KKTC\u2019yi Do\u011fu Akdeniz\u2019in parlayan y\u0131ld\u0131z\u0131 haline getirdik"},"content":{"rendered":"<p><\/p>\n<div>\n<div class=\"mariselle-image-container center\">\n                                            <\/div>\n<p>TC Cumhurba\u015fkan\u0131 Recep Tayyip Erdo\u011fan, \u201cSadece ula\u015f\u0131mda de\u011fil, turizmde, istihdamda ve yat\u0131r\u0131mlarda da KKTC\u2019yi Do\u011fu Akdeniz\u2019in parlayan y\u0131ld\u0131z\u0131 haline getirdik\u201d dedi.<\/p>\n<p>Erdo\u011fan,Yeni Lefko\u015fa Devlet Hastanesi\u2019nin temel atma t\u00f6reni ile Lefko\u015fa Kuzey \u00c7evre Yolu K\u00f6pr\u00fcl\u00fc Kav\u015fa\u011f\u0131 ve Ba\u011flant\u0131 Yollar\u0131 Projesi\u2019nin a\u00e7\u0131l\u0131\u015f t\u00f6renlerine kat\u0131ld\u0131.<\/p>\n<p>Burada konu\u015fan Erdo\u011fan, may\u0131s ay\u0131nda da bir\u00e7ok eserin a\u00e7\u0131l\u0131\u015f\u0131n\u0131 ger\u00e7ekle\u015ftirmek ad\u0131na KKTC\u2019de bulunduklar\u0131n\u0131 hat\u0131rlatarak, \u201c\u015eu anda i\u00e7inde bulundu\u011fumuz Cumhuriyet Yerle\u015fkesi\u2019nin a\u00e7\u0131l\u0131\u015f\u0131n\u0131 ger\u00e7ekle\u015ftirerek, bu topraklara bir m\u00fch\u00fcr daha vurmu\u015ftuk. \u015eimdi g\u00f6r\u00fcyorum ki yerle\u015fke t\u00fcm donan\u0131m\u0131yla ma\u015fallah g\u00f6z dolduruyor.\u201d de\u011ferlendirmesini yapt\u0131.<\/p>\n<p>KKTC\u2019de d\u00fczenlenen TEKNOFEST\u2019te a\u00e7\u0131klad\u0131\u011f\u0131 projelerde ciddi a\u015famalar kaydedildi\u011fini vurgulayan Erdo\u011fan, \u201cK\u0131br\u0131s T\u00fcrk\u00fc\u2019n\u00fcn yolunu kesmek i\u00e7in hangi kap\u0131y\u0131 kapat\u0131rlarsa kapats\u0131nlar biz her zaman a\u00e7acak yeni kap\u0131lar bulduk, yeni yollar bulduk. \u0130\u015fte bug\u00fcn de yeni yat\u0131r\u0131m m\u00fcjdeleriyle huzurunuzday\u0131z. K\u0131br\u0131s T\u00fcrk\u00fc\u2019yle birlikte yazd\u0131\u011f\u0131m\u0131z bar\u0131\u015f ve \u00f6zg\u00fcrl\u00fck destan\u0131n\u0131n 51\u2019inci y\u0131l d\u00f6n\u00fcm\u00fcnde Lefko\u015fa Kuzey \u00c7evre Yolu K\u00f6pr\u00fcl\u00fc Kav\u015fa\u011f\u0131 ve Ba\u011flant\u0131 Yollar\u0131\u2019yla Yeni Mara\u015f Sa\u011fl\u0131k Merkezi\u2019nin bug\u00fcn a\u00e7\u0131l\u0131\u015f\u0131n\u0131 yap\u0131yoruz.\u201d diye konu\u015ftu.<\/p>\n<p><strong>\u201cLefko\u015fa\u2019daki trafik yo\u011funlu\u011funu azaltacak\u201d<\/strong><br \/>Cumhurba\u015fkan\u0131 Erdo\u011fan, \u201cYol medeniyettir\u201d d\u00fcsturuyla Kuzey K\u0131br\u0131s T\u00fcrk Cumhuriyeti\u2019nin ula\u015f\u0131m altyap\u0131s\u0131n\u0131n g\u00fc\u00e7lendirilmesine y\u00f6nelik katk\u0131lar\u0131n\u0131 aral\u0131ks\u0131z s\u00fcrd\u00fcrd\u00fcklerini belirtti.<\/p>\n<p>Toplam 800 kilometreyi a\u015fan yol yap\u0131m\u0131, bak\u0131m ve onar\u0131m \u00e7al\u0131\u015fmalar\u0131yla Ada\u2019n\u0131n d\u00f6rt bir yan\u0131n\u0131 birbirine ba\u011flad\u0131klar\u0131n\u0131, ba\u011flamaya da devam ettiklerinin alt\u0131n\u0131 \u00e7izen Cumhurba\u015fkan\u0131 Erdo\u011fan, s\u00f6zlerine \u015f\u00f6yle devam etti:<\/p>\n<p>\u201cKuzey \u00c7evre Yolu K\u00f6pr\u00fcl\u00fc Kav\u015fa\u011f\u0131\u2019n\u0131n tamamlanmas\u0131 ve 4,5 kilometrelik kesimdeki yap\u0131m \u00e7al\u0131\u015fmalar\u0131n\u0131n bitirilmesiyle toplam 21 kilometrelik projenin 15,5 kilometrelik k\u0131sm\u0131 tamamlanm\u0131\u015f oluyor. K\u0131sa s\u00fcrede biten proje in\u015fallah Lefko\u015fa\u2019daki trafik yo\u011funlu\u011funu azaltacak, G\u00fczelyurt ve Lefke\u2019nin Ercan Uluslararas\u0131 Havaliman\u0131\u2019na ba\u011flant\u0131s\u0131n\u0131 da h\u0131zland\u0131racak.\u201d<\/p>\n<p>Erdo\u011fan, sanayi b\u00f6lgesinden \u00e7\u0131kan a\u011f\u0131r tonajl\u0131 ara\u00e7lar\u0131n art\u0131k \u015fehir merkezine girmeyece\u011fini belirterek, \u201cProje sayesinde, y\u0131lda zamandan 2,1 milyar lira, akaryak\u0131ttan 77 milyon lira olmak \u00fczere toplam 2 milyar 177 milyon lira tasarruf edilecek, 4 bin 500 tondan fazla karbon sal\u0131n\u0131m\u0131n\u0131n \u00f6n\u00fcne ge\u00e7ilecek. Yani trafik y\u00fck\u00fc azalacak, hava kalitesi artacak, Lefko\u015fa nefes alacakt\u0131r.\u201d dedi.<\/p>\n<p>Ula\u015f\u0131mda g\u00fcveni, \u015fehirde d\u00fczeni, \u00e7evrede duyarl\u0131l\u0131\u011f\u0131 esas alan \u00e7al\u0131\u015fmada eme\u011fi ge\u00e7enleri tebrik eden Cumhurba\u015fkan\u0131 Erdo\u011fan, \u015funlar\u0131 kaydetti:<\/p>\n<p>\u201cBug\u00fcn ayr\u0131ca 50 bin metrekare kapal\u0131 alana sahip, 320 yatak kapasiteli Lefko\u015fa Yeni Devlet Hastanesi\u2019nin ilk etab\u0131n\u0131n da temelini at\u0131yoruz. Uluslararas\u0131 standartlara g\u00f6re in\u015fa edilecek hastanede 110 yo\u011fun bak\u0131m yata\u011f\u0131, 12 ameliyathane ve 80 poliklinik hizmet verecek. Son teknolojiyle donat\u0131lm\u0131\u015f t\u0131bbi cihazlar ve \u00f6zellikli \u00fcnitelerle b\u00fct\u00fcnc\u00fcl bir sa\u011fl\u0131k kompleksi hayata ge\u00e7mi\u015f olacak. Yeni hastanemiz tasarlan\u0131rken sa\u011fl\u0131k \u00e7al\u0131\u015fanlar\u0131m\u0131z\u0131n verimli g\u00f6rev yapabilmesi i\u00e7in t\u00fcm imkanlar d\u00fc\u015f\u00fcn\u00fcld\u00fc. \u0130ki etap halinde in\u015fa edilecek hastanemiz yatak kapasitesi itibar\u0131yla adadaki en b\u00fcy\u00fck sa\u011fl\u0131k yat\u0131r\u0131mlar\u0131ndan birini te\u015fkil ediyor. Hastanemizin a\u00e7\u0131l\u0131\u015f\u0131n\u0131 da in\u015fallah yine hep birlikte yapaca\u011f\u0131z.\u201d<\/p>\n<p>\u201cYak\u0131\u015fan neyse T\u00fcrk\u2019e onu yapmam\u0131z laz\u0131md\u0131 ve yapt\u0131k\u201d<br \/>Erdo\u011fan, Kuzey K\u0131br\u0131s T\u00fcrk Cumhuriyeti\u2019nin her alanda g\u00fc\u00e7l\u00fc, \u00f6zg\u00fcvenli ve m\u00fcreffeh bir yap\u0131ya kavu\u015fmas\u0131 i\u00e7in \u00e7al\u0131\u015ft\u0131klar\u0131n\u0131 vurgulayarak, \u201cBen de\u011ferli karde\u015fime \u015funu s\u00f6yledim, \u2018Ya dedim, bizi dedim bir barakada kar\u015f\u0131l\u0131yordun.\u2019 Cumhurba\u015fkanl\u0131\u011f\u0131n\u0131n malum binas\u0131n\u0131 hat\u0131rl\u0131yorsunuz. Baraka, dedik, \u2018Bu yak\u0131\u015fm\u0131yor. Sen bize bir yer bul. Oraya biz hem Cumhurba\u015fkanl\u0131\u011f\u0131 makam\u0131n\u0131 in\u015fa edelim hem parlamento binas\u0131n\u0131 in\u015fa edelim hem de \u00e7evresinde az \u00f6nce de\u011ferli karde\u015fimin de ifade etti\u011fi gibi di\u011fer konsepti in\u015fa etmek suretiyle devlet oldu\u011fumuzu t\u00fcm d\u00fcnyaya hayk\u0131ral\u0131m.\u2019 Ve bu oldu mu, oldu. Yak\u0131\u015fan neyse T\u00fcrk\u2019e onu yapmam\u0131z laz\u0131md\u0131 ve yapt\u0131k.\u201d diye konu\u015ftu.<\/p>\n<p>Tar\u0131m, enerji, su ve sosyal konutlar gibi temel alanlarda da K\u0131br\u0131s T\u00fcrk\u00fc\u2019n\u00fcn ihtiya\u00e7lar\u0131n\u0131 kar\u015f\u0131layacak projelere \u00f6ncelik verdiklerine i\u015faret eden Cumhurba\u015fkan\u0131 Erdo\u011fan, \u201cBiz yapar\u0131z. Denizin alt\u0131ndan da suyu T\u00fcrkiye\u2019den buraya getiririz dedik ve getirdik.\u201d ifadelerini kulland\u0131.<\/p>\n<div class=\"mariselle-image-container center\">\n                <img loading=\"lazy\" decoding=\"async\" width=\"753\" height=\"512\" class=\"lazy-image\" alt=\"\" sizes=\"auto, (max-width: 753px) 100vw, 753px\" src=\"https:\/\/brtk.net\/wp-content\/uploads\/2025\/07\/20\/aa_picture_20250720_38612446.jpg?ver=8e7f667fbe4c02bb6f5b5c8dde8ee93b\" srcset=\"https:\/\/brtk.net\/wp-content\/uploads\/2025\/07\/20\/aa_picture_20250720_38612446.jpg?ver=8e7f667fbe4c02bb6f5b5c8dde8ee93b 753w, https:\/\/brtk.net\/wp-content\/uploads\/2025\/07\/20\/aa_picture_20250720_38612446-300x204.jpg?ver=8e7f667fbe4c02bb6f5b5c8dde8ee93b 300w\"\/>                            <\/div>\n<p>\n<strong>\u201cK\u0131sa s\u00fcrede \u00e7ok b\u00fcy\u00fck ba\u015far\u0131lar elde ettik\u201d<\/strong><br \/>\nCumhurba\u015fkan\u0131 Erdo\u011fan, y\u0131llar \u00f6nce Ada\u2019n\u0131n g\u00fcneyindeki refah d\u00fczeyini \u00f6rnek g\u00f6stererek K\u0131br\u0131s T\u00fcrk\u00fc\u2019n\u00fcn direncini k\u0131rmaya \u00e7al\u0131\u015fan \u00e7evrelerin bug\u00fcn sessizli\u011fe b\u00fcr\u00fcnd\u00fc\u011f\u00fcn\u00fc belirtti.<\/p>\n<p>KKTC\u2019nin \u00f6rnek al\u0131nan bir kalk\u0131nma hamlesi i\u00e7ine girdi\u011fini aktaran Erdo\u011fan, s\u00f6zlerine \u015f\u00f6yle devam etti:<\/p>\n<p>\u201cK\u0131sa s\u00fcrede \u00e7ok b\u00fcy\u00fck ba\u015far\u0131lar elde ettik. Ula\u015ft\u0131rmadan sa\u011fl\u0131\u011fa, teknolojiden e\u011fitime, \u015fehircilikten sulamaya, tar\u0131mdan enerjiye, muhtelif eser, yat\u0131r\u0131m ve projeyi Kuzey K\u0131br\u0131s T\u00fcrk Cumhuriyeti\u2019ne kazand\u0131rman\u0131n gururunu ya\u015fad\u0131k. \u0130ktisadi ve Mali \u0130\u015fbirli\u011fi Anla\u015fmas\u0131 \u00e7er\u00e7evesinde son 2 y\u0131lda toplam 37 milyar liral\u0131k kayna\u011f\u0131 sizlerin istifadesine sunduk. Malumunuz, sa\u011fl\u0131k ve ula\u015f\u0131m projelerine b\u00fcy\u00fck \u00f6nem veren bu projeleri bir \u00fclkenin kalk\u0131nmas\u0131n\u0131n temeli olarak g\u00f6ren bir Cumhurba\u015fkan\u0131\u2019y\u0131m. Ersin Bey karde\u015fim de bu samimi gayretin \u00f6n saf\u0131nda yer alan k\u0131ymetli bir yol arkada\u015f\u0131m olarak burada hizmetini ortaya koydu.\u201d<\/p>\n<p>Erdo\u011fan, son 22 y\u0131lda toplam 516 yatak kapasitesine ve 59 bin metrekare kapal\u0131 alana sahip 10 sa\u011fl\u0131k tesisini Kuzey K\u0131br\u0131s T\u00fcrk Cumhuriyeti\u2019ne kazand\u0131rd\u0131klar\u0131n\u0131 s\u00f6yledi.<\/p>\n<p>Sa\u011fl\u0131k alan\u0131nda Girne Askeri Hastanesi\u2019ni kas\u0131m ay\u0131nda hizmete sunduklar\u0131n\u0131 an\u0131msatan Cumhurba\u015fkan\u0131 Erdo\u011fan, bug\u00fcn hizmete al\u0131nacak Yeni Mara\u015f Sa\u011fl\u0131k Merkezi\u2019nin 1000 metrekarelik kapal\u0131 alanda b\u00f6lge halk\u0131n\u0131n sa\u011fl\u0131k hizmetlerine eri\u015fimini kolayla\u015ft\u0131raca\u011f\u0131n\u0131 belirtti.<\/p>\n<p>Cumhurba\u015fkan\u0131 Erdo\u011fan, acil m\u00fcdahale odas\u0131ndan muayene birimlerine, laboratuvarlar\u0131ndan g\u00f6r\u00fcnt\u00fcleme altyap\u0131s\u0131na kadar her detay\u0131yla donat\u0131lm\u0131\u015f bu merkezle Mara\u015f B\u00f6lgesi\u2019nde sa\u011fl\u0131k hizmetlerinin kalitesini ciddi \u015fekilde y\u00fckselttiklerini ifade ederek, \u201cPamuklu ve Lapta Sa\u011fl\u0131k Merkezleriyle, G\u00fczelyurt Hastanesi de h\u0131zla ilerliyor. Yeni G\u00fczelyurt Devlet Hastanesi\u2019nin d\u00f6rd\u00fcnc\u00fc etab\u0131n\u0131 in\u015fallah bu y\u0131l sona ermeden faaliyete alaca\u011f\u0131z.\u201d dedi.<\/p>\n<p>Pamuklu Devlet Hastanesi\u2019nin in\u015faat\u0131na da yak\u0131nda ba\u015flanaca\u011f\u0131 bilgisini veren Erdo\u011fan, s\u00f6zlerini \u015f\u00f6yle s\u00fcrd\u00fcrd\u00fc:<\/p>\n<p>\u201cDoktor Burhan Nalbanto\u011flu Sa\u011fl\u0131k Kamp\u00fcs\u00fc i\u00e7erisindeki birimlerin renovasyon \u00e7al\u0131\u015fmalar\u0131n\u0131 \u00f6n\u00fcm\u00fczdeki y\u0131l i\u00e7erisinde tamaml\u0131yoruz. Hastane yat\u0131r\u0131mlar\u0131m\u0131z\u0131n yan\u0131 s\u0131ra k\u00f6ylerde ve k\u0131rsal b\u00f6lgelerde ya\u015fayan karde\u015flerimizin il\u00e7eye gitmeye gerek kalmadan ayakta tedavi alabilecekleri sa\u011fl\u0131k ocaklar\u0131n\u0131n in\u015fas\u0131nda sona gelindi. \u0130n\u015fallah bir sonraki geli\u015fimizde o eserlerin de a\u00e7\u0131l\u0131\u015f\u0131n\u0131 hep birlikte ger\u00e7ekle\u015ftirece\u011fiz.\u201d<\/p>\n<\/p><\/div>\n<p><script async\n                    defer\n                    crossorigin=\"anonymous\"\n                    src=\"https:\/\/connect.facebook.net\/tr_TR\/sdk.js#xfbml=1&#038;version=v3.3\"\n            ><\/script><\/p>\n","protected":false},"excerpt":{"rendered":"<p>TC Cumhurba\u015fkan\u0131 Recep Tayyip Erdo\u011fan, \u201cSadece ula\u015f\u0131mda de\u011fil, turizmde, istihdamda ve yat\u0131r\u0131mlarda da KKTC\u2019yi Do\u011fu Akdeniz\u2019in parlayan y\u0131ld\u0131z\u0131 haline getirdik\u201d dedi. Erdo\u011fan,Yeni Lefko\u015fa Devlet Hastanesi\u2019nin temel atma t\u00f6reni ile Lefko\u015fa Kuzey \u00c7evre Yolu K\u00f6pr\u00fcl\u00fc Kav\u015fa\u011f\u0131 ve Ba\u011flant\u0131 Yollar\u0131 Projesi\u2019nin a\u00e7\u0131l\u0131\u015f t\u00f6renlerine kat\u0131ld\u0131. Burada konu\u015fan Erdo\u011fan, may\u0131s ay\u0131nda da bir\u00e7ok eserin a\u00e7\u0131l\u0131\u015f\u0131n\u0131 ger\u00e7ekle\u015ftirmek ad\u0131na KKTC\u2019de bulunduklar\u0131n\u0131<\/p>\n","protected":false},"author":1,"featured_media":86729,"comment_status":"open","ping_status":"open","sticky":false,"template":"","format":"standard","meta":{"footnotes":""},"categories":[101,86],"tags":[],"class_list":["post-86728","post","type-post","status-publish","format-standard","has-post-thumbnail","hentry","category-manset","category-turkiye"],"yoast_head":"<!-- This site is optimized with the Yoast SEO plugin v27.4 - https:\/\/yoast.com\/product\/yoast-seo-wordpress\/ -->\n<title>Erdo\u011fan: KKTC\u2019yi Do\u011fu Akdeniz\u2019in parlayan y\u0131ld\u0131z\u0131 haline getirdik -<\/title>\n<meta name=\"robots\" content=\"index, follow, max-snippet:-1, max-image-preview:large, max-video-preview:-1\" \/>\n<link rel=\"canonical\" href=\"https:\/\/kibrisdakik.com\/?p=86728\" \/>\n<meta property=\"og:locale\" content=\"tr_TR\" \/>\n<meta property=\"og:type\" content=\"article\" \/>\n<meta property=\"og:title\" content=\"Erdo\u011fan: KKTC\u2019yi Do\u011fu Akdeniz\u2019in parlayan y\u0131ld\u0131z\u0131 haline getirdik -\" \/>\n<meta property=\"og:description\" content=\"TC Cumhurba\u015fkan\u0131 Recep Tayyip Erdo\u011fan, \u201cSadece ula\u015f\u0131mda de\u011fil, turizmde, istihdamda ve yat\u0131r\u0131mlarda da KKTC\u2019yi Do\u011fu Akdeniz\u2019in parlayan y\u0131ld\u0131z\u0131 haline getirdik\u201d dedi. Erdo\u011fan,Yeni Lefko\u015fa Devlet Hastanesi\u2019nin temel atma t\u00f6reni ile Lefko\u015fa Kuzey \u00c7evre Yolu K\u00f6pr\u00fcl\u00fc Kav\u015fa\u011f\u0131 ve Ba\u011flant\u0131 Yollar\u0131 Projesi\u2019nin a\u00e7\u0131l\u0131\u015f t\u00f6renlerine kat\u0131ld\u0131. Burada konu\u015fan Erdo\u011fan, may\u0131s ay\u0131nda da bir\u00e7ok eserin a\u00e7\u0131l\u0131\u015f\u0131n\u0131 ger\u00e7ekle\u015ftirmek ad\u0131na KKTC\u2019de bulunduklar\u0131n\u0131\" \/>\n<meta property=\"og:url\" content=\"https:\/\/kibrisdakik.com\/?p=86728\" \/>\n<meta property=\"article:published_time\" content=\"2025-07-20T16:22:11+00:00\" \/>\n<meta property=\"og:image\" content=\"https:\/\/kibrisdakik.com\/wp-content\/uploads\/2025\/07\/qwpoieq-740x420.jpg\" \/>\n\t<meta property=\"og:image:width\" content=\"1280\" \/>\n\t<meta property=\"og:image:height\" content=\"720\" \/>\n\t<meta property=\"og:image:type\" content=\"image\/jpeg\" \/>\n<meta name=\"author\" content=\"admin\" \/>\n<meta name=\"twitter:card\" content=\"summary_large_image\" \/>\n<meta name=\"twitter:label1\" content=\"Yazan:\" \/>\n\t<meta name=\"twitter:data1\" content=\"admin\" \/>\n\t<meta name=\"twitter:label2\" content=\"Tahmini okuma s\u00fcresi\" \/>\n\t<meta name=\"twitter:data2\" content=\"6 dakika\" \/>\n<script type=\"application\/ld+json\" class=\"yoast-schema-graph\">{\"@context\":\"https:\\\/\\\/schema.org\",\"@graph\":[{\"@type\":\"Article\",\"@id\":\"https:\\\/\\\/kibrisdakik.com\\\/?p=86728#article\",\"isPartOf\":{\"@id\":\"https:\\\/\\\/kibrisdakik.com\\\/?p=86728\"},\"author\":{\"name\":\"admin\",\"@id\":\"https:\\\/\\\/kibrisdakik.com\\\/#\\\/schema\\\/person\\\/9cd9d437bbb44f72b73ba127e06d8e79\"},\"headline\":\"Erdo\u011fan: KKTC\u2019yi Do\u011fu Akdeniz\u2019in parlayan y\u0131ld\u0131z\u0131 haline getirdik\",\"datePublished\":\"2025-07-20T16:22:11+00:00\",\"mainEntityOfPage\":{\"@id\":\"https:\\\/\\\/kibrisdakik.com\\\/?p=86728\"},\"wordCount\":1311,\"commentCount\":0,\"image\":{\"@id\":\"https:\\\/\\\/kibrisdakik.com\\\/?p=86728#primaryimage\"},\"thumbnailUrl\":\"https:\\\/\\\/kibrisdakik.com\\\/wp-content\\\/uploads\\\/2025\\\/07\\\/qwpoieq-740x420.jpg\",\"articleSection\":[\"Man\u015fet\",\"T\u00fcrkiye\"],\"inLanguage\":\"tr\",\"potentialAction\":[{\"@type\":\"CommentAction\",\"name\":\"Comment\",\"target\":[\"https:\\\/\\\/kibrisdakik.com\\\/?p=86728#respond\"]}]},{\"@type\":\"WebPage\",\"@id\":\"https:\\\/\\\/kibrisdakik.com\\\/?p=86728\",\"url\":\"https:\\\/\\\/kibrisdakik.com\\\/?p=86728\",\"name\":\"Erdo\u011fan: KKTC\u2019yi Do\u011fu Akdeniz\u2019in parlayan y\u0131ld\u0131z\u0131 haline getirdik -\",\"isPartOf\":{\"@id\":\"https:\\\/\\\/kibrisdakik.com\\\/#website\"},\"primaryImageOfPage\":{\"@id\":\"https:\\\/\\\/kibrisdakik.com\\\/?p=86728#primaryimage\"},\"image\":{\"@id\":\"https:\\\/\\\/kibrisdakik.com\\\/?p=86728#primaryimage\"},\"thumbnailUrl\":\"https:\\\/\\\/kibrisdakik.com\\\/wp-content\\\/uploads\\\/2025\\\/07\\\/qwpoieq-740x420.jpg\",\"datePublished\":\"2025-07-20T16:22:11+00:00\",\"author\":{\"@id\":\"https:\\\/\\\/kibrisdakik.com\\\/#\\\/schema\\\/person\\\/9cd9d437bbb44f72b73ba127e06d8e79\"},\"breadcrumb\":{\"@id\":\"https:\\\/\\\/kibrisdakik.com\\\/?p=86728#breadcrumb\"},\"inLanguage\":\"tr\",\"potentialAction\":[{\"@type\":\"ReadAction\",\"target\":[\"https:\\\/\\\/kibrisdakik.com\\\/?p=86728\"]}]},{\"@type\":\"ImageObject\",\"inLanguage\":\"tr\",\"@id\":\"https:\\\/\\\/kibrisdakik.com\\\/?p=86728#primaryimage\",\"url\":\"https:\\\/\\\/kibrisdakik.com\\\/wp-content\\\/uploads\\\/2025\\\/07\\\/qwpoieq-740x420.jpg\",\"contentUrl\":\"https:\\\/\\\/kibrisdakik.com\\\/wp-content\\\/uploads\\\/2025\\\/07\\\/qwpoieq-740x420.jpg\",\"width\":1280,\"height\":720},{\"@type\":\"BreadcrumbList\",\"@id\":\"https:\\\/\\\/kibrisdakik.com\\\/?p=86728#breadcrumb\",\"itemListElement\":[{\"@type\":\"ListItem\",\"position\":1,\"name\":\"Home\",\"item\":\"https:\\\/\\\/kibrisdakik.com\\\/\"},{\"@type\":\"ListItem\",\"position\":2,\"name\":\"Erdo\u011fan: KKTC\u2019yi Do\u011fu Akdeniz\u2019in parlayan y\u0131ld\u0131z\u0131 haline getirdik\"}]},{\"@type\":\"WebSite\",\"@id\":\"https:\\\/\\\/kibrisdakik.com\\\/#website\",\"url\":\"https:\\\/\\\/kibrisdakik.com\\\/\",\"name\":\"\",\"description\":\"Tam vaktinde haber\",\"potentialAction\":[{\"@type\":\"SearchAction\",\"target\":{\"@type\":\"EntryPoint\",\"urlTemplate\":\"https:\\\/\\\/kibrisdakik.com\\\/?s={search_term_string}\"},\"query-input\":{\"@type\":\"PropertyValueSpecification\",\"valueRequired\":true,\"valueName\":\"search_term_string\"}}],\"inLanguage\":\"tr\"},{\"@type\":\"Person\",\"@id\":\"https:\\\/\\\/kibrisdakik.com\\\/#\\\/schema\\\/person\\\/9cd9d437bbb44f72b73ba127e06d8e79\",\"name\":\"admin\",\"image\":{\"@type\":\"ImageObject\",\"inLanguage\":\"tr\",\"@id\":\"https:\\\/\\\/secure.gravatar.com\\\/avatar\\\/ccc17943b9d660506c869530f897617f7cb1c21a4bf30023f252596d83e1f007?s=96&d=mm&r=g\",\"url\":\"https:\\\/\\\/secure.gravatar.com\\\/avatar\\\/ccc17943b9d660506c869530f897617f7cb1c21a4bf30023f252596d83e1f007?s=96&d=mm&r=g\",\"contentUrl\":\"https:\\\/\\\/secure.gravatar.com\\\/avatar\\\/ccc17943b9d660506c869530f897617f7cb1c21a4bf30023f252596d83e1f007?s=96&d=mm&r=g\",\"caption\":\"admin\"},\"sameAs\":[\"https:\\\/\\\/kibrisdakik.com\"],\"url\":\"https:\\\/\\\/kibrisdakik.com\\\/?author=1\"}]}<\/script>\n<!-- \/ Yoast SEO plugin. -->","yoast_head_json":{"title":"Erdo\u011fan: KKTC\u2019yi Do\u011fu Akdeniz\u2019in parlayan y\u0131ld\u0131z\u0131 haline getirdik -","robots":{"index":"index","follow":"follow","max-snippet":"max-snippet:-1","max-image-preview":"max-image-preview:large","max-video-preview":"max-video-preview:-1"},"canonical":"https:\/\/kibrisdakik.com\/?p=86728","og_locale":"tr_TR","og_type":"article","og_title":"Erdo\u011fan: KKTC\u2019yi Do\u011fu Akdeniz\u2019in parlayan y\u0131ld\u0131z\u0131 haline getirdik -","og_description":"TC Cumhurba\u015fkan\u0131 Recep Tayyip Erdo\u011fan, \u201cSadece ula\u015f\u0131mda de\u011fil, turizmde, istihdamda ve yat\u0131r\u0131mlarda da KKTC\u2019yi Do\u011fu Akdeniz\u2019in parlayan y\u0131ld\u0131z\u0131 haline getirdik\u201d dedi. Erdo\u011fan,Yeni Lefko\u015fa Devlet Hastanesi\u2019nin temel atma t\u00f6reni ile Lefko\u015fa Kuzey \u00c7evre Yolu K\u00f6pr\u00fcl\u00fc Kav\u015fa\u011f\u0131 ve Ba\u011flant\u0131 Yollar\u0131 Projesi\u2019nin a\u00e7\u0131l\u0131\u015f t\u00f6renlerine kat\u0131ld\u0131. Burada konu\u015fan Erdo\u011fan, may\u0131s ay\u0131nda da bir\u00e7ok eserin a\u00e7\u0131l\u0131\u015f\u0131n\u0131 ger\u00e7ekle\u015ftirmek ad\u0131na KKTC\u2019de bulunduklar\u0131n\u0131","og_url":"https:\/\/kibrisdakik.com\/?p=86728","article_published_time":"2025-07-20T16:22:11+00:00","og_image":[{"width":1280,"height":720,"url":"https:\/\/kibrisdakik.com\/wp-content\/uploads\/2025\/07\/qwpoieq-740x420.jpg","type":"image\/jpeg"}],"author":"admin","twitter_card":"summary_large_image","twitter_misc":{"Yazan:":"admin","Tahmini okuma s\u00fcresi":"6 dakika"},"schema":{"@context":"https:\/\/schema.org","@graph":[{"@type":"Article","@id":"https:\/\/kibrisdakik.com\/?p=86728#article","isPartOf":{"@id":"https:\/\/kibrisdakik.com\/?p=86728"},"author":{"name":"admin","@id":"https:\/\/kibrisdakik.com\/#\/schema\/person\/9cd9d437bbb44f72b73ba127e06d8e79"},"headline":"Erdo\u011fan: KKTC\u2019yi Do\u011fu Akdeniz\u2019in parlayan y\u0131ld\u0131z\u0131 haline getirdik","datePublished":"2025-07-20T16:22:11+00:00","mainEntityOfPage":{"@id":"https:\/\/kibrisdakik.com\/?p=86728"},"wordCount":1311,"commentCount":0,"image":{"@id":"https:\/\/kibrisdakik.com\/?p=86728#primaryimage"},"thumbnailUrl":"https:\/\/kibrisdakik.com\/wp-content\/uploads\/2025\/07\/qwpoieq-740x420.jpg","articleSection":["Man\u015fet","T\u00fcrkiye"],"inLanguage":"tr","potentialAction":[{"@type":"CommentAction","name":"Comment","target":["https:\/\/kibrisdakik.com\/?p=86728#respond"]}]},{"@type":"WebPage","@id":"https:\/\/kibrisdakik.com\/?p=86728","url":"https:\/\/kibrisdakik.com\/?p=86728","name":"Erdo\u011fan: KKTC\u2019yi Do\u011fu Akdeniz\u2019in parlayan y\u0131ld\u0131z\u0131 haline getirdik -","isPartOf":{"@id":"https:\/\/kibrisdakik.com\/#website"},"primaryImageOfPage":{"@id":"https:\/\/kibrisdakik.com\/?p=86728#primaryimage"},"image":{"@id":"https:\/\/kibrisdakik.com\/?p=86728#primaryimage"},"thumbnailUrl":"https:\/\/kibrisdakik.com\/wp-content\/uploads\/2025\/07\/qwpoieq-740x420.jpg","datePublished":"2025-07-20T16:22:11+00:00","author":{"@id":"https:\/\/kibrisdakik.com\/#\/schema\/person\/9cd9d437bbb44f72b73ba127e06d8e79"},"breadcrumb":{"@id":"https:\/\/kibrisdakik.com\/?p=86728#breadcrumb"},"inLanguage":"tr","potentialAction":[{"@type":"ReadAction","target":["https:\/\/kibrisdakik.com\/?p=86728"]}]},{"@type":"ImageObject","inLanguage":"tr","@id":"https:\/\/kibrisdakik.com\/?p=86728#primaryimage","url":"https:\/\/kibrisdakik.com\/wp-content\/uploads\/2025\/07\/qwpoieq-740x420.jpg","contentUrl":"https:\/\/kibrisdakik.com\/wp-content\/uploads\/2025\/07\/qwpoieq-740x420.jpg","width":1280,"height":720},{"@type":"BreadcrumbList","@id":"https:\/\/kibrisdakik.com\/?p=86728#breadcrumb","itemListElement":[{"@type":"ListItem","position":1,"name":"Home","item":"https:\/\/kibrisdakik.com\/"},{"@type":"ListItem","position":2,"name":"Erdo\u011fan: KKTC\u2019yi Do\u011fu Akdeniz\u2019in parlayan y\u0131ld\u0131z\u0131 haline getirdik"}]},{"@type":"WebSite","@id":"https:\/\/kibrisdakik.com\/#website","url":"https:\/\/kibrisdakik.com\/","name":"","description":"Tam vaktinde haber","potentialAction":[{"@type":"SearchAction","target":{"@type":"EntryPoint","urlTemplate":"https:\/\/kibrisdakik.com\/?s={search_term_string}"},"query-input":{"@type":"PropertyValueSpecification","valueRequired":true,"valueName":"search_term_string"}}],"inLanguage":"tr"},{"@type":"Person","@id":"https:\/\/kibrisdakik.com\/#\/schema\/person\/9cd9d437bbb44f72b73ba127e06d8e79","name":"admin","image":{"@type":"ImageObject","inLanguage":"tr","@id":"https:\/\/secure.gravatar.com\/avatar\/ccc17943b9d660506c869530f897617f7cb1c21a4bf30023f252596d83e1f007?s=96&d=mm&r=g","url":"https:\/\/secure.gravatar.com\/avatar\/ccc17943b9d660506c869530f897617f7cb1c21a4bf30023f252596d83e1f007?s=96&d=mm&r=g","contentUrl":"https:\/\/secure.gravatar.com\/avatar\/ccc17943b9d660506c869530f897617f7cb1c21a4bf30023f252596d83e1f007?s=96&d=mm&r=g","caption":"admin"},"sameAs":["https:\/\/kibrisdakik.com"],"url":"https:\/\/kibrisdakik.com\/?author=1"}]}},"_links":{"self":[{"href":"https:\/\/kibrisdakik.com\/index.php?rest_route=\/wp\/v2\/posts\/86728","targetHints":{"allow":["GET"]}}],"collection":[{"href":"https:\/\/kibrisdakik.com\/index.php?rest_route=\/wp\/v2\/posts"}],"about":[{"href":"https:\/\/kibrisdakik.com\/index.php?rest_route=\/wp\/v2\/types\/post"}],"author":[{"embeddable":true,"href":"https:\/\/kibrisdakik.com\/index.php?rest_route=\/wp\/v2\/users\/1"}],"replies":[{"embeddable":true,"href":"https:\/\/kibrisdakik.com\/index.php?rest_route=%2Fwp%2Fv2%2Fcomments&post=86728"}],"version-history":[{"count":0,"href":"https:\/\/kibrisdakik.com\/index.php?rest_route=\/wp\/v2\/posts\/86728\/revisions"}],"wp:featuredmedia":[{"embeddable":true,"href":"https:\/\/kibrisdakik.com\/index.php?rest_route=\/wp\/v2\/media\/86729"}],"wp:attachment":[{"href":"https:\/\/kibrisdakik.com\/index.php?rest_route=%2Fwp%2Fv2%2Fmedia&parent=86728"}],"wp:term":[{"taxonomy":"category","embeddable":true,"href":"https:\/\/kibrisdakik.com\/index.php?rest_route=%2Fwp%2Fv2%2Fcategories&post=86728"},{"taxonomy":"post_tag","embeddable":true,"href":"https:\/\/kibrisdakik.com\/index.php?rest_route=%2Fwp%2Fv2%2Ftags&post=86728"}],"curies":[{"name":"wp","href":"https:\/\/api.w.org\/{rel}","templated":true}]}}