{"id":8675,"date":"2023-06-12T14:03:46","date_gmt":"2023-06-12T14:03:46","guid":{"rendered":"https:\/\/kibrisdakik.com\/index.php\/2023\/06\/12\/emine-erdogan-sibel-tatar-ile-birlikte-kibris-turk-girisimci-kadinlar-kalkinma-kooperatifi-uretim-ve-satis-merkezini-ziyaret-etti\/"},"modified":"2023-06-12T14:03:46","modified_gmt":"2023-06-12T14:03:46","slug":"emine-erdogan-sibel-tatar-ile-birlikte-kibris-turk-girisimci-kadinlar-kalkinma-kooperatifi-uretim-ve-satis-merkezini-ziyaret-etti","status":"publish","type":"post","link":"https:\/\/kibrisdakik.com\/?p=8675","title":{"rendered":"Emine Erdo\u011fan, Sibel Tatar ile birlikte K\u0131br\u0131s T\u00fcrk Giri\u015fimci Kad\u0131nlar Kalk\u0131nma Kooperatifi \u00dcretim ve Sat\u0131\u015f Merkezi\u2019ni ziyaret etti"},"content":{"rendered":"<p><\/p>\n<div>\n<div class=\"mariselle-image-container center\">\n                <img width=\"1024\" height=\"645\" class=\"lazy-image\" alt=\"\" decoding=\"async\" loading=\"lazy\" sizes=\"auto, (max-width: 1024px) 100vw, 1024px\" src=\"https:\/\/brtk.net\/wp-content\/uploads\/2023\/06\/12\/aa-20230612-31409217-31409216-cumhurbaskani-erdogan-kktcde-1024x645.jpg?ver=e3a2546b7ebe7344b97531518dea8875\" srcset=\"https:\/\/brtk.net\/wp-content\/uploads\/2023\/06\/12\/aa-20230612-31409217-31409216-cumhurbaskani-erdogan-kktcde-1024x645.jpg?ver=782f73a63951949b8294b127f9268b94 1024w, https:\/\/brtk.net\/wp-content\/uploads\/2023\/06\/12\/aa-20230612-31409217-31409216-cumhurbaskani-erdogan-kktcde-300x189.jpg?ver=e3a2546b7ebe7344b97531518dea8875 300w, https:\/\/brtk.net\/wp-content\/uploads\/2023\/06\/12\/aa-20230612-31409217-31409216-cumhurbaskani-erdogan-kktcde-768x484.jpg?ver=c930bbf5ea7c805efd71e790b2a6907e 768w, https:\/\/brtk.net\/wp-content\/uploads\/2023\/06\/12\/aa-20230612-31409217-31409216-cumhurbaskani-erdogan-kktcde-1536x967.jpg?ver=a90e099d0f1ecae1e63552e2850b99ac 1536w, https:\/\/brtk.net\/wp-content\/uploads\/2023\/06\/12\/aa-20230612-31409217-31409216-cumhurbaskani-erdogan-kktcde-2048x1290.jpg?ver=1bb1564e6573fab380befe0688c08019 2048w\"\/>                            <\/div>\n<p>T\u00fcrkiye Cumhurba\u015fkan\u0131 Recep Tayyip Erdo\u011fan\u2019\u0131n e\u015fi Emine Erdo\u011fan, resmi ziyaret i\u00e7in geldi\u011fi Kuzey K\u0131br\u0131s T\u00fcrk Cumhuriyeti\u2019nde, temaslar\u0131 kapsam\u0131nda Lefko\u015fa\u2019da K\u0131br\u0131s T\u00fcrk Giri\u015fimci Kad\u0131nlar Kalk\u0131nma Kooperatifi (G\u0130-KA KOOP) \u00dcretim ve Sat\u0131\u015f Merkezi\u2019ni ziyaret etti.<\/p>\n<p>Emine Erdo\u011fan, sosyal medya hesab\u0131ndan G\u0130-KA KOOP \u00dcretim ve Sat\u0131\u015f Merkezi\u2019ne ziyaretine ili\u015fkin a\u00e7\u0131klamada bulunarak, \u015fu ifadelerde bulundu:<\/p>\n<p>\u201cKuzey K\u0131br\u0131s T\u00fcrk Cumhuriyeti Cumhurba\u015fkan\u0131\u2019n\u0131n k\u0131ymetli e\u015fi Sibel <a href=\"https:\/\/brtk.net\/\">Tatar<\/a> Han\u0131mefendi ile birlikte K\u0131br\u0131s T\u00fcrk Giri\u015fimci Kad\u0131nlar Kalk\u0131nma Kooperatifi E\u011fitim, \u00dcretim ve Sat\u0131\u015f Merkezi\u2019ni ziyaret ettik. Giri\u015fimci ruhlu, ba\u015far\u0131l\u0131 K\u0131br\u0131s T\u00fcrk kad\u0131nlar\u0131n\u0131 tan\u0131d\u0131\u011f\u0131ma \u00e7ok memnun oldum. El emeklerini ekonomik kazanca d\u00f6n\u00fc\u015ft\u00fcr\u00fcrken, \u00fclkelerinin marka de\u011ferine de \u015f\u00fcphesiz \u00f6nemli bir katk\u0131 sunuyorlar. \u00dcrettikleri do\u011fal ve sa\u011fl\u0131kl\u0131 \u00fcr\u00fcnlerin her biri \u015fifa kayna\u011f\u0131.\u201d<\/p>\n<p>Emine Erdo\u011fan, mesaj\u0131nda devamla, \u201cYa\u015fad\u0131\u011f\u0131m\u0131z deprem felaketinin ard\u0131ndan kooperatif olarak, yaralar\u0131 sarmak i\u00e7in g\u00f6sterdikleri dayan\u0131\u015fmay\u0131 daima hat\u0131rlayaca\u011f\u0131z. Onlar\u0131n nazar\u0131nda zor g\u00fcnlerimizde umut tohumlar\u0131n\u0131 ye\u015ferten t\u00fcm K\u0131br\u0131s T\u00fcrk halk\u0131na te\u015fekk\u00fcr ediyorum\u201d dedi.<\/p>\n<\/p><\/div>\n<p><script async\n                    defer\n                    crossorigin=\"anonymous\"\n                    src=\"https:\/\/connect.facebook.net\/tr_TR\/sdk.js#xfbml=1&#038;version=v3.3\"\n            ><\/script><\/p>\n","protected":false},"excerpt":{"rendered":"<p>T\u00fcrkiye Cumhurba\u015fkan\u0131 Recep Tayyip Erdo\u011fan\u2019\u0131n e\u015fi Emine Erdo\u011fan, resmi ziyaret i\u00e7in geldi\u011fi Kuzey K\u0131br\u0131s T\u00fcrk Cumhuriyeti\u2019nde, temaslar\u0131 kapsam\u0131nda Lefko\u015fa\u2019da K\u0131br\u0131s T\u00fcrk Giri\u015fimci Kad\u0131nlar Kalk\u0131nma Kooperatifi (G\u0130-KA KOOP) \u00dcretim ve Sat\u0131\u015f Merkezi\u2019ni ziyaret etti. Emine Erdo\u011fan, sosyal medya hesab\u0131ndan G\u0130-KA KOOP \u00dcretim ve Sat\u0131\u015f Merkezi\u2019ne ziyaretine ili\u015fkin a\u00e7\u0131klamada bulunarak, \u015fu ifadelerde bulundu: \u201cKuzey K\u0131br\u0131s T\u00fcrk Cumhuriyeti<\/p>\n","protected":false},"author":1,"featured_media":8676,"comment_status":"open","ping_status":"open","sticky":false,"template":"","format":"standard","meta":{"footnotes":""},"categories":[1],"tags":[],"class_list":["post-8675","post","type-post","status-publish","format-standard","has-post-thumbnail","hentry","category-gundem"],"yoast_head":"<!-- This site is optimized with the Yoast SEO plugin v27.5 - https:\/\/yoast.com\/product\/yoast-seo-wordpress\/ -->\n<title>Emine Erdo\u011fan, Sibel Tatar ile birlikte K\u0131br\u0131s T\u00fcrk Giri\u015fimci Kad\u0131nlar Kalk\u0131nma Kooperatifi \u00dcretim ve Sat\u0131\u015f Merkezi\u2019ni ziyaret etti -<\/title>\n<meta name=\"robots\" content=\"index, follow, max-snippet:-1, max-image-preview:large, max-video-preview:-1\" \/>\n<link rel=\"canonical\" href=\"https:\/\/kibrisdakik.com\/?p=8675\" \/>\n<meta property=\"og:locale\" content=\"tr_TR\" \/>\n<meta property=\"og:type\" content=\"article\" \/>\n<meta property=\"og:title\" content=\"Emine Erdo\u011fan, Sibel Tatar ile birlikte K\u0131br\u0131s T\u00fcrk Giri\u015fimci Kad\u0131nlar Kalk\u0131nma Kooperatifi \u00dcretim ve Sat\u0131\u015f Merkezi\u2019ni ziyaret etti -\" \/>\n<meta property=\"og:description\" content=\"T\u00fcrkiye Cumhurba\u015fkan\u0131 Recep Tayyip Erdo\u011fan\u2019\u0131n e\u015fi Emine Erdo\u011fan, resmi ziyaret i\u00e7in geldi\u011fi Kuzey K\u0131br\u0131s T\u00fcrk Cumhuriyeti\u2019nde, temaslar\u0131 kapsam\u0131nda Lefko\u015fa\u2019da K\u0131br\u0131s T\u00fcrk Giri\u015fimci Kad\u0131nlar Kalk\u0131nma Kooperatifi (G\u0130-KA KOOP) \u00dcretim ve Sat\u0131\u015f Merkezi\u2019ni ziyaret etti. Emine Erdo\u011fan, sosyal medya hesab\u0131ndan G\u0130-KA KOOP \u00dcretim ve Sat\u0131\u015f Merkezi\u2019ne ziyaretine ili\u015fkin a\u00e7\u0131klamada bulunarak, \u015fu ifadelerde bulundu: \u201cKuzey K\u0131br\u0131s T\u00fcrk Cumhuriyeti\" \/>\n<meta property=\"og:url\" content=\"https:\/\/kibrisdakik.com\/?p=8675\" \/>\n<meta property=\"article:published_time\" content=\"2023-06-12T14:03:46+00:00\" \/>\n<meta property=\"og:image\" content=\"https:\/\/kibrisdakik.com\/wp-content\/uploads\/2023\/06\/aa-20230612-31409217-31409216-cumhurbaskani-erdogan-kktcde-scaled-740x420.jpg\" \/>\n\t<meta property=\"og:image:width\" content=\"2560\" \/>\n\t<meta property=\"og:image:height\" content=\"1612\" \/>\n\t<meta property=\"og:image:type\" content=\"image\/jpeg\" \/>\n<meta name=\"author\" content=\"admin\" \/>\n<meta name=\"twitter:card\" content=\"summary_large_image\" \/>\n<meta name=\"twitter:label1\" content=\"Yazan:\" \/>\n\t<meta name=\"twitter:data1\" content=\"admin\" \/>\n\t<meta name=\"twitter:label2\" content=\"Tahmini okuma s\u00fcresi\" \/>\n\t<meta name=\"twitter:data2\" content=\"1 dakika\" \/>\n<script type=\"application\/ld+json\" class=\"yoast-schema-graph\">{\"@context\":\"https:\\\/\\\/schema.org\",\"@graph\":[{\"@type\":\"Article\",\"@id\":\"https:\\\/\\\/kibrisdakik.com\\\/?p=8675#article\",\"isPartOf\":{\"@id\":\"https:\\\/\\\/kibrisdakik.com\\\/?p=8675\"},\"author\":{\"name\":\"admin\",\"@id\":\"https:\\\/\\\/kibrisdakik.com\\\/#\\\/schema\\\/person\\\/9cd9d437bbb44f72b73ba127e06d8e79\"},\"headline\":\"Emine Erdo\u011fan, Sibel Tatar ile birlikte K\u0131br\u0131s T\u00fcrk Giri\u015fimci Kad\u0131nlar Kalk\u0131nma Kooperatifi \u00dcretim ve Sat\u0131\u015f Merkezi\u2019ni ziyaret etti\",\"datePublished\":\"2023-06-12T14:03:46+00:00\",\"mainEntityOfPage\":{\"@id\":\"https:\\\/\\\/kibrisdakik.com\\\/?p=8675\"},\"wordCount\":254,\"commentCount\":0,\"image\":{\"@id\":\"https:\\\/\\\/kibrisdakik.com\\\/?p=8675#primaryimage\"},\"thumbnailUrl\":\"https:\\\/\\\/kibrisdakik.com\\\/wp-content\\\/uploads\\\/2023\\\/06\\\/aa-20230612-31409217-31409216-cumhurbaskani-erdogan-kktcde-scaled-740x420.jpg\",\"articleSection\":[\"G\u00fcndem\"],\"inLanguage\":\"tr\",\"potentialAction\":[{\"@type\":\"CommentAction\",\"name\":\"Comment\",\"target\":[\"https:\\\/\\\/kibrisdakik.com\\\/?p=8675#respond\"]}]},{\"@type\":\"WebPage\",\"@id\":\"https:\\\/\\\/kibrisdakik.com\\\/?p=8675\",\"url\":\"https:\\\/\\\/kibrisdakik.com\\\/?p=8675\",\"name\":\"Emine Erdo\u011fan, Sibel Tatar ile birlikte K\u0131br\u0131s T\u00fcrk Giri\u015fimci Kad\u0131nlar Kalk\u0131nma Kooperatifi \u00dcretim ve Sat\u0131\u015f Merkezi\u2019ni ziyaret etti -\",\"isPartOf\":{\"@id\":\"https:\\\/\\\/kibrisdakik.com\\\/#website\"},\"primaryImageOfPage\":{\"@id\":\"https:\\\/\\\/kibrisdakik.com\\\/?p=8675#primaryimage\"},\"image\":{\"@id\":\"https:\\\/\\\/kibrisdakik.com\\\/?p=8675#primaryimage\"},\"thumbnailUrl\":\"https:\\\/\\\/kibrisdakik.com\\\/wp-content\\\/uploads\\\/2023\\\/06\\\/aa-20230612-31409217-31409216-cumhurbaskani-erdogan-kktcde-scaled-740x420.jpg\",\"datePublished\":\"2023-06-12T14:03:46+00:00\",\"author\":{\"@id\":\"https:\\\/\\\/kibrisdakik.com\\\/#\\\/schema\\\/person\\\/9cd9d437bbb44f72b73ba127e06d8e79\"},\"breadcrumb\":{\"@id\":\"https:\\\/\\\/kibrisdakik.com\\\/?p=8675#breadcrumb\"},\"inLanguage\":\"tr\",\"potentialAction\":[{\"@type\":\"ReadAction\",\"target\":[\"https:\\\/\\\/kibrisdakik.com\\\/?p=8675\"]}]},{\"@type\":\"ImageObject\",\"inLanguage\":\"tr\",\"@id\":\"https:\\\/\\\/kibrisdakik.com\\\/?p=8675#primaryimage\",\"url\":\"https:\\\/\\\/kibrisdakik.com\\\/wp-content\\\/uploads\\\/2023\\\/06\\\/aa-20230612-31409217-31409216-cumhurbaskani-erdogan-kktcde-scaled-740x420.jpg\",\"contentUrl\":\"https:\\\/\\\/kibrisdakik.com\\\/wp-content\\\/uploads\\\/2023\\\/06\\\/aa-20230612-31409217-31409216-cumhurbaskani-erdogan-kktcde-scaled-740x420.jpg\",\"width\":2560,\"height\":1612},{\"@type\":\"BreadcrumbList\",\"@id\":\"https:\\\/\\\/kibrisdakik.com\\\/?p=8675#breadcrumb\",\"itemListElement\":[{\"@type\":\"ListItem\",\"position\":1,\"name\":\"Home\",\"item\":\"https:\\\/\\\/kibrisdakik.com\\\/\"},{\"@type\":\"ListItem\",\"position\":2,\"name\":\"Emine Erdo\u011fan, Sibel Tatar ile birlikte K\u0131br\u0131s T\u00fcrk Giri\u015fimci Kad\u0131nlar Kalk\u0131nma Kooperatifi \u00dcretim ve Sat\u0131\u015f Merkezi\u2019ni ziyaret etti\"}]},{\"@type\":\"WebSite\",\"@id\":\"https:\\\/\\\/kibrisdakik.com\\\/#website\",\"url\":\"https:\\\/\\\/kibrisdakik.com\\\/\",\"name\":\"\",\"description\":\"Tam vaktinde haber\",\"potentialAction\":[{\"@type\":\"SearchAction\",\"target\":{\"@type\":\"EntryPoint\",\"urlTemplate\":\"https:\\\/\\\/kibrisdakik.com\\\/?s={search_term_string}\"},\"query-input\":{\"@type\":\"PropertyValueSpecification\",\"valueRequired\":true,\"valueName\":\"search_term_string\"}}],\"inLanguage\":\"tr\"},{\"@type\":\"Person\",\"@id\":\"https:\\\/\\\/kibrisdakik.com\\\/#\\\/schema\\\/person\\\/9cd9d437bbb44f72b73ba127e06d8e79\",\"name\":\"admin\",\"image\":{\"@type\":\"ImageObject\",\"inLanguage\":\"tr\",\"@id\":\"https:\\\/\\\/secure.gravatar.com\\\/avatar\\\/ccc17943b9d660506c869530f897617f7cb1c21a4bf30023f252596d83e1f007?s=96&d=mm&r=g\",\"url\":\"https:\\\/\\\/secure.gravatar.com\\\/avatar\\\/ccc17943b9d660506c869530f897617f7cb1c21a4bf30023f252596d83e1f007?s=96&d=mm&r=g\",\"contentUrl\":\"https:\\\/\\\/secure.gravatar.com\\\/avatar\\\/ccc17943b9d660506c869530f897617f7cb1c21a4bf30023f252596d83e1f007?s=96&d=mm&r=g\",\"caption\":\"admin\"},\"sameAs\":[\"https:\\\/\\\/kibrisdakik.com\"],\"url\":\"https:\\\/\\\/kibrisdakik.com\\\/?author=1\"}]}<\/script>\n<!-- \/ Yoast SEO plugin. -->","yoast_head_json":{"title":"Emine Erdo\u011fan, Sibel Tatar ile birlikte K\u0131br\u0131s T\u00fcrk Giri\u015fimci Kad\u0131nlar Kalk\u0131nma Kooperatifi \u00dcretim ve Sat\u0131\u015f Merkezi\u2019ni ziyaret etti -","robots":{"index":"index","follow":"follow","max-snippet":"max-snippet:-1","max-image-preview":"max-image-preview:large","max-video-preview":"max-video-preview:-1"},"canonical":"https:\/\/kibrisdakik.com\/?p=8675","og_locale":"tr_TR","og_type":"article","og_title":"Emine Erdo\u011fan, Sibel Tatar ile birlikte K\u0131br\u0131s T\u00fcrk Giri\u015fimci Kad\u0131nlar Kalk\u0131nma Kooperatifi \u00dcretim ve Sat\u0131\u015f Merkezi\u2019ni ziyaret etti -","og_description":"T\u00fcrkiye Cumhurba\u015fkan\u0131 Recep Tayyip Erdo\u011fan\u2019\u0131n e\u015fi Emine Erdo\u011fan, resmi ziyaret i\u00e7in geldi\u011fi Kuzey K\u0131br\u0131s T\u00fcrk Cumhuriyeti\u2019nde, temaslar\u0131 kapsam\u0131nda Lefko\u015fa\u2019da K\u0131br\u0131s T\u00fcrk Giri\u015fimci Kad\u0131nlar Kalk\u0131nma Kooperatifi (G\u0130-KA KOOP) \u00dcretim ve Sat\u0131\u015f Merkezi\u2019ni ziyaret etti. Emine Erdo\u011fan, sosyal medya hesab\u0131ndan G\u0130-KA KOOP \u00dcretim ve Sat\u0131\u015f Merkezi\u2019ne ziyaretine ili\u015fkin a\u00e7\u0131klamada bulunarak, \u015fu ifadelerde bulundu: \u201cKuzey K\u0131br\u0131s T\u00fcrk Cumhuriyeti","og_url":"https:\/\/kibrisdakik.com\/?p=8675","article_published_time":"2023-06-12T14:03:46+00:00","og_image":[{"width":2560,"height":1612,"url":"https:\/\/kibrisdakik.com\/wp-content\/uploads\/2023\/06\/aa-20230612-31409217-31409216-cumhurbaskani-erdogan-kktcde-scaled-740x420.jpg","type":"image\/jpeg"}],"author":"admin","twitter_card":"summary_large_image","twitter_misc":{"Yazan:":"admin","Tahmini okuma s\u00fcresi":"1 dakika"},"schema":{"@context":"https:\/\/schema.org","@graph":[{"@type":"Article","@id":"https:\/\/kibrisdakik.com\/?p=8675#article","isPartOf":{"@id":"https:\/\/kibrisdakik.com\/?p=8675"},"author":{"name":"admin","@id":"https:\/\/kibrisdakik.com\/#\/schema\/person\/9cd9d437bbb44f72b73ba127e06d8e79"},"headline":"Emine Erdo\u011fan, Sibel Tatar ile birlikte K\u0131br\u0131s T\u00fcrk Giri\u015fimci Kad\u0131nlar Kalk\u0131nma Kooperatifi \u00dcretim ve Sat\u0131\u015f Merkezi\u2019ni ziyaret etti","datePublished":"2023-06-12T14:03:46+00:00","mainEntityOfPage":{"@id":"https:\/\/kibrisdakik.com\/?p=8675"},"wordCount":254,"commentCount":0,"image":{"@id":"https:\/\/kibrisdakik.com\/?p=8675#primaryimage"},"thumbnailUrl":"https:\/\/kibrisdakik.com\/wp-content\/uploads\/2023\/06\/aa-20230612-31409217-31409216-cumhurbaskani-erdogan-kktcde-scaled-740x420.jpg","articleSection":["G\u00fcndem"],"inLanguage":"tr","potentialAction":[{"@type":"CommentAction","name":"Comment","target":["https:\/\/kibrisdakik.com\/?p=8675#respond"]}]},{"@type":"WebPage","@id":"https:\/\/kibrisdakik.com\/?p=8675","url":"https:\/\/kibrisdakik.com\/?p=8675","name":"Emine Erdo\u011fan, Sibel Tatar ile birlikte K\u0131br\u0131s T\u00fcrk Giri\u015fimci Kad\u0131nlar Kalk\u0131nma Kooperatifi \u00dcretim ve Sat\u0131\u015f Merkezi\u2019ni ziyaret etti -","isPartOf":{"@id":"https:\/\/kibrisdakik.com\/#website"},"primaryImageOfPage":{"@id":"https:\/\/kibrisdakik.com\/?p=8675#primaryimage"},"image":{"@id":"https:\/\/kibrisdakik.com\/?p=8675#primaryimage"},"thumbnailUrl":"https:\/\/kibrisdakik.com\/wp-content\/uploads\/2023\/06\/aa-20230612-31409217-31409216-cumhurbaskani-erdogan-kktcde-scaled-740x420.jpg","datePublished":"2023-06-12T14:03:46+00:00","author":{"@id":"https:\/\/kibrisdakik.com\/#\/schema\/person\/9cd9d437bbb44f72b73ba127e06d8e79"},"breadcrumb":{"@id":"https:\/\/kibrisdakik.com\/?p=8675#breadcrumb"},"inLanguage":"tr","potentialAction":[{"@type":"ReadAction","target":["https:\/\/kibrisdakik.com\/?p=8675"]}]},{"@type":"ImageObject","inLanguage":"tr","@id":"https:\/\/kibrisdakik.com\/?p=8675#primaryimage","url":"https:\/\/kibrisdakik.com\/wp-content\/uploads\/2023\/06\/aa-20230612-31409217-31409216-cumhurbaskani-erdogan-kktcde-scaled-740x420.jpg","contentUrl":"https:\/\/kibrisdakik.com\/wp-content\/uploads\/2023\/06\/aa-20230612-31409217-31409216-cumhurbaskani-erdogan-kktcde-scaled-740x420.jpg","width":2560,"height":1612},{"@type":"BreadcrumbList","@id":"https:\/\/kibrisdakik.com\/?p=8675#breadcrumb","itemListElement":[{"@type":"ListItem","position":1,"name":"Home","item":"https:\/\/kibrisdakik.com\/"},{"@type":"ListItem","position":2,"name":"Emine Erdo\u011fan, Sibel Tatar ile birlikte K\u0131br\u0131s T\u00fcrk Giri\u015fimci Kad\u0131nlar Kalk\u0131nma Kooperatifi \u00dcretim ve Sat\u0131\u015f Merkezi\u2019ni ziyaret etti"}]},{"@type":"WebSite","@id":"https:\/\/kibrisdakik.com\/#website","url":"https:\/\/kibrisdakik.com\/","name":"","description":"Tam vaktinde haber","potentialAction":[{"@type":"SearchAction","target":{"@type":"EntryPoint","urlTemplate":"https:\/\/kibrisdakik.com\/?s={search_term_string}"},"query-input":{"@type":"PropertyValueSpecification","valueRequired":true,"valueName":"search_term_string"}}],"inLanguage":"tr"},{"@type":"Person","@id":"https:\/\/kibrisdakik.com\/#\/schema\/person\/9cd9d437bbb44f72b73ba127e06d8e79","name":"admin","image":{"@type":"ImageObject","inLanguage":"tr","@id":"https:\/\/secure.gravatar.com\/avatar\/ccc17943b9d660506c869530f897617f7cb1c21a4bf30023f252596d83e1f007?s=96&d=mm&r=g","url":"https:\/\/secure.gravatar.com\/avatar\/ccc17943b9d660506c869530f897617f7cb1c21a4bf30023f252596d83e1f007?s=96&d=mm&r=g","contentUrl":"https:\/\/secure.gravatar.com\/avatar\/ccc17943b9d660506c869530f897617f7cb1c21a4bf30023f252596d83e1f007?s=96&d=mm&r=g","caption":"admin"},"sameAs":["https:\/\/kibrisdakik.com"],"url":"https:\/\/kibrisdakik.com\/?author=1"}]}},"_links":{"self":[{"href":"https:\/\/kibrisdakik.com\/index.php?rest_route=\/wp\/v2\/posts\/8675","targetHints":{"allow":["GET"]}}],"collection":[{"href":"https:\/\/kibrisdakik.com\/index.php?rest_route=\/wp\/v2\/posts"}],"about":[{"href":"https:\/\/kibrisdakik.com\/index.php?rest_route=\/wp\/v2\/types\/post"}],"author":[{"embeddable":true,"href":"https:\/\/kibrisdakik.com\/index.php?rest_route=\/wp\/v2\/users\/1"}],"replies":[{"embeddable":true,"href":"https:\/\/kibrisdakik.com\/index.php?rest_route=%2Fwp%2Fv2%2Fcomments&post=8675"}],"version-history":[{"count":0,"href":"https:\/\/kibrisdakik.com\/index.php?rest_route=\/wp\/v2\/posts\/8675\/revisions"}],"wp:featuredmedia":[{"embeddable":true,"href":"https:\/\/kibrisdakik.com\/index.php?rest_route=\/wp\/v2\/media\/8676"}],"wp:attachment":[{"href":"https:\/\/kibrisdakik.com\/index.php?rest_route=%2Fwp%2Fv2%2Fmedia&parent=8675"}],"wp:term":[{"taxonomy":"category","embeddable":true,"href":"https:\/\/kibrisdakik.com\/index.php?rest_route=%2Fwp%2Fv2%2Fcategories&post=8675"},{"taxonomy":"post_tag","embeddable":true,"href":"https:\/\/kibrisdakik.com\/index.php?rest_route=%2Fwp%2Fv2%2Ftags&post=8675"}],"curies":[{"name":"wp","href":"https:\/\/api.w.org\/{rel}","templated":true}]}}