{"id":86770,"date":"2025-07-21T13:19:02","date_gmt":"2025-07-21T10:19:02","guid":{"rendered":"https:\/\/kibrisdakik.com\/index.php\/2025\/07\/21\/gumruk-calisanlari-sendikasi-girne-turizm-limaninda-iki-saatlik-uyari-grevi-yapti\/"},"modified":"2025-07-21T13:19:02","modified_gmt":"2025-07-21T10:19:02","slug":"gumruk-calisanlari-sendikasi-girne-turizm-limaninda-iki-saatlik-uyari-grevi-yapti","status":"publish","type":"post","link":"https:\/\/kibrisdakik.com\/?p=86770","title":{"rendered":"G\u00fcmr\u00fck \u00c7al\u0131\u015fanlar\u0131 Sendikas\u0131, Girne Turizm Liman\u0131\u2019nda iki saatlik uyar\u0131 grevi yapt\u0131"},"content":{"rendered":"<p> <br \/>\n<\/p>\n<div>\n<div class=\"mariselle-image-container center\">\n                                            <\/div>\n<p style=\"font-weight: 300;\">G\u00fcmr\u00fck \u00c7al\u0131\u015fanlar\u0131 Sendikas\u0131, Girne Turizm Liman\u0131\u2019nda bug\u00fcn iki saatlik uyar\u0131 grevi yapt\u0131.\u00a0 Yolcu salonlar\u0131ndaki klimalar\u0131n 2 ayd\u0131r ar\u0131zal\u0131 olmas\u0131ndan kaynaklanan sorunlar nedeniyle yap\u0131lan grev, 10.00-12.00 saatleri ger\u00e7ekle\u015ftirildi.<\/p>\n<p style=\"font-weight: 300;\">G\u00fcc-Sen Ba\u015fkan\u0131 Ediz Kanatl\u0131, yakla\u015f\u0131k iki ayd\u0131r devam eden sorun nedeniyle hem \u00e7al\u0131\u015fanlar\u0131n hem de yolcular\u0131n ciddi s\u0131k\u0131nt\u0131lar ya\u015fad\u0131\u011f\u0131n\u0131 belirtti.<\/p>\n<p style=\"font-weight: 300;\">Kanatl\u0131, Bay\u0131nd\u0131rl\u0131k ve Ula\u015ft\u0131rma Bakanl\u0131\u011f\u0131, Maliye Bakanl\u0131\u011f\u0131 ve ilgili taraflara, sorunu iletmelerine ra\u011fmen, konuya hassasiyet g\u00f6sterilmedi\u011fini belirtti.<\/p>\n<p style=\"font-weight: 300;\">G\u00fcnl\u00fck ortalama 1000 yolcunun i\u015flem g\u00f6rd\u00fc\u011f\u00fc, G\u00fcmr\u00fck ve R\u00fcsumat Dairesi personeli, Polis ve Muhaceret memurlar\u0131n\u0131n g\u00f6rev yapt\u0131\u011f\u0131 salonlar\u0131n, yaz aylar\u0131nda hava s\u0131cakl\u0131klar\u0131n\u0131n da artmas\u0131yla kullan\u0131lamaz hale geldi\u011fini ifade eden Kanatl\u0131, Bay\u0131nd\u0131rl\u0131k ve Ula\u015ft\u0131rma Bakanl\u0131\u011f\u0131 ve h\u00fck\u00fcmetten sorunu bir an \u00f6nce \u00e7\u00f6zmelerini talep ettiklerini kaydetti.<\/p>\n<p style=\"font-weight: 300;\">Mevcut durumun, Girne Turizm Liman\u0131\u2019na yak\u0131\u015fmad\u0131\u011f\u0131n\u0131, sa\u011fl\u0131ks\u0131z ve insani olmayan \u015fartlar\u0131n hem yolcular hem de \u00e7al\u0131\u015fanlar\u0131 ciddi \u015fekilde etkiledi\u011fini dile getiren Kanatl\u0131, bug\u00fcnk\u00fc uyar\u0131 grevinin ard\u0131ndan, sorunlara gerekli hassasiyetin g\u00f6sterilmemesi halinde eylemlerinin artarak devam edece\u011fi uyar\u0131s\u0131nda bulundu.<\/p>\n<p>\u00a0<\/p>\n<p>\u00a0<\/p>\n<\/p><\/div>\n<p><script async\n                    defer\n                    crossorigin=\"anonymous\"\n                    src=\"https:\/\/connect.facebook.net\/tr_TR\/sdk.js#xfbml=1&#038;version=v3.3\"\n            ><\/script><br \/>\n<br \/><br \/>\n<br \/><a href=\"[kibrisdakik.com]\n<\/p>\n","protected":false},"excerpt":{"rendered":"<p>G\u00fcmr\u00fck \u00c7al\u0131\u015fanlar\u0131 Sendikas\u0131, Girne Turizm Liman\u0131\u2019nda bug\u00fcn iki saatlik uyar\u0131 grevi yapt\u0131.\u00a0 Yolcu salonlar\u0131ndaki klimalar\u0131n 2 ayd\u0131r ar\u0131zal\u0131 olmas\u0131ndan kaynaklanan sorunlar nedeniyle yap\u0131lan grev, 10.00-12.00 saatleri ger\u00e7ekle\u015ftirildi. G\u00fcc-Sen Ba\u015fkan\u0131 Ediz Kanatl\u0131, yakla\u015f\u0131k iki ayd\u0131r devam eden sorun nedeniyle hem \u00e7al\u0131\u015fanlar\u0131n hem de yolcular\u0131n ciddi s\u0131k\u0131nt\u0131lar ya\u015fad\u0131\u011f\u0131n\u0131 belirtti. Kanatl\u0131, Bay\u0131nd\u0131rl\u0131k ve Ula\u015ft\u0131rma Bakanl\u0131\u011f\u0131, Maliye Bakanl\u0131\u011f\u0131 ve<\/p>\n","protected":false},"author":1,"featured_media":86771,"comment_status":"open","ping_status":"open","sticky":false,"template":"","format":"standard","meta":{"footnotes":""},"categories":[81,101],"tags":[],"class_list":["post-86770","post","type-post","status-publish","format-standard","has-post-thumbnail","hentry","category-kibris","category-manset"],"yoast_head":"<!-- This site is optimized with the Yoast SEO plugin v27.4 - https:\/\/yoast.com\/product\/yoast-seo-wordpress\/ -->\n<title>G\u00fcmr\u00fck \u00c7al\u0131\u015fanlar\u0131 Sendikas\u0131, Girne Turizm Liman\u0131\u2019nda iki saatlik uyar\u0131 grevi yapt\u0131 -<\/title>\n<meta name=\"robots\" content=\"index, follow, max-snippet:-1, max-image-preview:large, max-video-preview:-1\" \/>\n<link rel=\"canonical\" href=\"https:\/\/kibrisdakik.com\/?p=86770\" \/>\n<meta property=\"og:locale\" content=\"tr_TR\" \/>\n<meta property=\"og:type\" content=\"article\" \/>\n<meta property=\"og:title\" content=\"G\u00fcmr\u00fck \u00c7al\u0131\u015fanlar\u0131 Sendikas\u0131, Girne Turizm Liman\u0131\u2019nda iki saatlik uyar\u0131 grevi yapt\u0131 -\" \/>\n<meta property=\"og:description\" content=\"G\u00fcmr\u00fck \u00c7al\u0131\u015fanlar\u0131 Sendikas\u0131, Girne Turizm Liman\u0131\u2019nda bug\u00fcn iki saatlik uyar\u0131 grevi yapt\u0131.\u00a0 Yolcu salonlar\u0131ndaki klimalar\u0131n 2 ayd\u0131r ar\u0131zal\u0131 olmas\u0131ndan kaynaklanan sorunlar nedeniyle yap\u0131lan grev, 10.00-12.00 saatleri ger\u00e7ekle\u015ftirildi. G\u00fcc-Sen Ba\u015fkan\u0131 Ediz Kanatl\u0131, yakla\u015f\u0131k iki ayd\u0131r devam eden sorun nedeniyle hem \u00e7al\u0131\u015fanlar\u0131n hem de yolcular\u0131n ciddi s\u0131k\u0131nt\u0131lar ya\u015fad\u0131\u011f\u0131n\u0131 belirtti. Kanatl\u0131, Bay\u0131nd\u0131rl\u0131k ve Ula\u015ft\u0131rma Bakanl\u0131\u011f\u0131, Maliye Bakanl\u0131\u011f\u0131 ve\" \/>\n<meta property=\"og:url\" content=\"https:\/\/kibrisdakik.com\/?p=86770\" \/>\n<meta property=\"article:published_time\" content=\"2025-07-21T10:19:02+00:00\" \/>\n<meta property=\"og:image\" content=\"https:\/\/kibrisdakik.com\/wp-content\/uploads\/2025\/07\/IMG-20250721-WA0013-740x420.jpg\" \/>\n\t<meta property=\"og:image:width\" content=\"1599\" \/>\n\t<meta property=\"og:image:height\" content=\"899\" \/>\n\t<meta property=\"og:image:type\" content=\"image\/jpeg\" \/>\n<meta name=\"author\" content=\"admin\" \/>\n<meta name=\"twitter:card\" content=\"summary_large_image\" \/>\n<meta name=\"twitter:label1\" content=\"Yazan:\" \/>\n\t<meta name=\"twitter:data1\" content=\"admin\" \/>\n\t<meta name=\"twitter:label2\" content=\"Tahmini okuma s\u00fcresi\" \/>\n\t<meta name=\"twitter:data2\" content=\"1 dakika\" \/>\n<script type=\"application\/ld+json\" class=\"yoast-schema-graph\">{\"@context\":\"https:\\\/\\\/schema.org\",\"@graph\":[{\"@type\":\"Article\",\"@id\":\"https:\\\/\\\/kibrisdakik.com\\\/?p=86770#article\",\"isPartOf\":{\"@id\":\"https:\\\/\\\/kibrisdakik.com\\\/?p=86770\"},\"author\":{\"name\":\"admin\",\"@id\":\"https:\\\/\\\/kibrisdakik.com\\\/#\\\/schema\\\/person\\\/9cd9d437bbb44f72b73ba127e06d8e79\"},\"headline\":\"G\u00fcmr\u00fck \u00c7al\u0131\u015fanlar\u0131 Sendikas\u0131, Girne Turizm Liman\u0131\u2019nda iki saatlik uyar\u0131 grevi yapt\u0131\",\"datePublished\":\"2025-07-21T10:19:02+00:00\",\"mainEntityOfPage\":{\"@id\":\"https:\\\/\\\/kibrisdakik.com\\\/?p=86770\"},\"wordCount\":234,\"commentCount\":0,\"image\":{\"@id\":\"https:\\\/\\\/kibrisdakik.com\\\/?p=86770#primaryimage\"},\"thumbnailUrl\":\"https:\\\/\\\/kibrisdakik.com\\\/wp-content\\\/uploads\\\/2025\\\/07\\\/IMG-20250721-WA0013-740x420.jpg\",\"articleSection\":[\"K\u0131br\u0131s\",\"Man\u015fet\"],\"inLanguage\":\"tr\",\"potentialAction\":[{\"@type\":\"CommentAction\",\"name\":\"Comment\",\"target\":[\"https:\\\/\\\/kibrisdakik.com\\\/?p=86770#respond\"]}]},{\"@type\":\"WebPage\",\"@id\":\"https:\\\/\\\/kibrisdakik.com\\\/?p=86770\",\"url\":\"https:\\\/\\\/kibrisdakik.com\\\/?p=86770\",\"name\":\"G\u00fcmr\u00fck \u00c7al\u0131\u015fanlar\u0131 Sendikas\u0131, Girne Turizm Liman\u0131\u2019nda iki saatlik uyar\u0131 grevi yapt\u0131 -\",\"isPartOf\":{\"@id\":\"https:\\\/\\\/kibrisdakik.com\\\/#website\"},\"primaryImageOfPage\":{\"@id\":\"https:\\\/\\\/kibrisdakik.com\\\/?p=86770#primaryimage\"},\"image\":{\"@id\":\"https:\\\/\\\/kibrisdakik.com\\\/?p=86770#primaryimage\"},\"thumbnailUrl\":\"https:\\\/\\\/kibrisdakik.com\\\/wp-content\\\/uploads\\\/2025\\\/07\\\/IMG-20250721-WA0013-740x420.jpg\",\"datePublished\":\"2025-07-21T10:19:02+00:00\",\"author\":{\"@id\":\"https:\\\/\\\/kibrisdakik.com\\\/#\\\/schema\\\/person\\\/9cd9d437bbb44f72b73ba127e06d8e79\"},\"breadcrumb\":{\"@id\":\"https:\\\/\\\/kibrisdakik.com\\\/?p=86770#breadcrumb\"},\"inLanguage\":\"tr\",\"potentialAction\":[{\"@type\":\"ReadAction\",\"target\":[\"https:\\\/\\\/kibrisdakik.com\\\/?p=86770\"]}]},{\"@type\":\"ImageObject\",\"inLanguage\":\"tr\",\"@id\":\"https:\\\/\\\/kibrisdakik.com\\\/?p=86770#primaryimage\",\"url\":\"https:\\\/\\\/kibrisdakik.com\\\/wp-content\\\/uploads\\\/2025\\\/07\\\/IMG-20250721-WA0013-740x420.jpg\",\"contentUrl\":\"https:\\\/\\\/kibrisdakik.com\\\/wp-content\\\/uploads\\\/2025\\\/07\\\/IMG-20250721-WA0013-740x420.jpg\",\"width\":1599,\"height\":899},{\"@type\":\"BreadcrumbList\",\"@id\":\"https:\\\/\\\/kibrisdakik.com\\\/?p=86770#breadcrumb\",\"itemListElement\":[{\"@type\":\"ListItem\",\"position\":1,\"name\":\"Home\",\"item\":\"https:\\\/\\\/kibrisdakik.com\\\/\"},{\"@type\":\"ListItem\",\"position\":2,\"name\":\"G\u00fcmr\u00fck \u00c7al\u0131\u015fanlar\u0131 Sendikas\u0131, Girne Turizm Liman\u0131\u2019nda iki saatlik uyar\u0131 grevi yapt\u0131\"}]},{\"@type\":\"WebSite\",\"@id\":\"https:\\\/\\\/kibrisdakik.com\\\/#website\",\"url\":\"https:\\\/\\\/kibrisdakik.com\\\/\",\"name\":\"\",\"description\":\"Tam vaktinde haber\",\"potentialAction\":[{\"@type\":\"SearchAction\",\"target\":{\"@type\":\"EntryPoint\",\"urlTemplate\":\"https:\\\/\\\/kibrisdakik.com\\\/?s={search_term_string}\"},\"query-input\":{\"@type\":\"PropertyValueSpecification\",\"valueRequired\":true,\"valueName\":\"search_term_string\"}}],\"inLanguage\":\"tr\"},{\"@type\":\"Person\",\"@id\":\"https:\\\/\\\/kibrisdakik.com\\\/#\\\/schema\\\/person\\\/9cd9d437bbb44f72b73ba127e06d8e79\",\"name\":\"admin\",\"image\":{\"@type\":\"ImageObject\",\"inLanguage\":\"tr\",\"@id\":\"https:\\\/\\\/secure.gravatar.com\\\/avatar\\\/ccc17943b9d660506c869530f897617f7cb1c21a4bf30023f252596d83e1f007?s=96&d=mm&r=g\",\"url\":\"https:\\\/\\\/secure.gravatar.com\\\/avatar\\\/ccc17943b9d660506c869530f897617f7cb1c21a4bf30023f252596d83e1f007?s=96&d=mm&r=g\",\"contentUrl\":\"https:\\\/\\\/secure.gravatar.com\\\/avatar\\\/ccc17943b9d660506c869530f897617f7cb1c21a4bf30023f252596d83e1f007?s=96&d=mm&r=g\",\"caption\":\"admin\"},\"sameAs\":[\"https:\\\/\\\/kibrisdakik.com\"],\"url\":\"https:\\\/\\\/kibrisdakik.com\\\/?author=1\"}]}<\/script>\n<!-- \/ Yoast SEO plugin. -->","yoast_head_json":{"title":"G\u00fcmr\u00fck \u00c7al\u0131\u015fanlar\u0131 Sendikas\u0131, Girne Turizm Liman\u0131\u2019nda iki saatlik uyar\u0131 grevi yapt\u0131 -","robots":{"index":"index","follow":"follow","max-snippet":"max-snippet:-1","max-image-preview":"max-image-preview:large","max-video-preview":"max-video-preview:-1"},"canonical":"https:\/\/kibrisdakik.com\/?p=86770","og_locale":"tr_TR","og_type":"article","og_title":"G\u00fcmr\u00fck \u00c7al\u0131\u015fanlar\u0131 Sendikas\u0131, Girne Turizm Liman\u0131\u2019nda iki saatlik uyar\u0131 grevi yapt\u0131 -","og_description":"G\u00fcmr\u00fck \u00c7al\u0131\u015fanlar\u0131 Sendikas\u0131, Girne Turizm Liman\u0131\u2019nda bug\u00fcn iki saatlik uyar\u0131 grevi yapt\u0131.\u00a0 Yolcu salonlar\u0131ndaki klimalar\u0131n 2 ayd\u0131r ar\u0131zal\u0131 olmas\u0131ndan kaynaklanan sorunlar nedeniyle yap\u0131lan grev, 10.00-12.00 saatleri ger\u00e7ekle\u015ftirildi. G\u00fcc-Sen Ba\u015fkan\u0131 Ediz Kanatl\u0131, yakla\u015f\u0131k iki ayd\u0131r devam eden sorun nedeniyle hem \u00e7al\u0131\u015fanlar\u0131n hem de yolcular\u0131n ciddi s\u0131k\u0131nt\u0131lar ya\u015fad\u0131\u011f\u0131n\u0131 belirtti. Kanatl\u0131, Bay\u0131nd\u0131rl\u0131k ve Ula\u015ft\u0131rma Bakanl\u0131\u011f\u0131, Maliye Bakanl\u0131\u011f\u0131 ve","og_url":"https:\/\/kibrisdakik.com\/?p=86770","article_published_time":"2025-07-21T10:19:02+00:00","og_image":[{"width":1599,"height":899,"url":"https:\/\/kibrisdakik.com\/wp-content\/uploads\/2025\/07\/IMG-20250721-WA0013-740x420.jpg","type":"image\/jpeg"}],"author":"admin","twitter_card":"summary_large_image","twitter_misc":{"Yazan:":"admin","Tahmini okuma s\u00fcresi":"1 dakika"},"schema":{"@context":"https:\/\/schema.org","@graph":[{"@type":"Article","@id":"https:\/\/kibrisdakik.com\/?p=86770#article","isPartOf":{"@id":"https:\/\/kibrisdakik.com\/?p=86770"},"author":{"name":"admin","@id":"https:\/\/kibrisdakik.com\/#\/schema\/person\/9cd9d437bbb44f72b73ba127e06d8e79"},"headline":"G\u00fcmr\u00fck \u00c7al\u0131\u015fanlar\u0131 Sendikas\u0131, Girne Turizm Liman\u0131\u2019nda iki saatlik uyar\u0131 grevi yapt\u0131","datePublished":"2025-07-21T10:19:02+00:00","mainEntityOfPage":{"@id":"https:\/\/kibrisdakik.com\/?p=86770"},"wordCount":234,"commentCount":0,"image":{"@id":"https:\/\/kibrisdakik.com\/?p=86770#primaryimage"},"thumbnailUrl":"https:\/\/kibrisdakik.com\/wp-content\/uploads\/2025\/07\/IMG-20250721-WA0013-740x420.jpg","articleSection":["K\u0131br\u0131s","Man\u015fet"],"inLanguage":"tr","potentialAction":[{"@type":"CommentAction","name":"Comment","target":["https:\/\/kibrisdakik.com\/?p=86770#respond"]}]},{"@type":"WebPage","@id":"https:\/\/kibrisdakik.com\/?p=86770","url":"https:\/\/kibrisdakik.com\/?p=86770","name":"G\u00fcmr\u00fck \u00c7al\u0131\u015fanlar\u0131 Sendikas\u0131, Girne Turizm Liman\u0131\u2019nda iki saatlik uyar\u0131 grevi yapt\u0131 -","isPartOf":{"@id":"https:\/\/kibrisdakik.com\/#website"},"primaryImageOfPage":{"@id":"https:\/\/kibrisdakik.com\/?p=86770#primaryimage"},"image":{"@id":"https:\/\/kibrisdakik.com\/?p=86770#primaryimage"},"thumbnailUrl":"https:\/\/kibrisdakik.com\/wp-content\/uploads\/2025\/07\/IMG-20250721-WA0013-740x420.jpg","datePublished":"2025-07-21T10:19:02+00:00","author":{"@id":"https:\/\/kibrisdakik.com\/#\/schema\/person\/9cd9d437bbb44f72b73ba127e06d8e79"},"breadcrumb":{"@id":"https:\/\/kibrisdakik.com\/?p=86770#breadcrumb"},"inLanguage":"tr","potentialAction":[{"@type":"ReadAction","target":["https:\/\/kibrisdakik.com\/?p=86770"]}]},{"@type":"ImageObject","inLanguage":"tr","@id":"https:\/\/kibrisdakik.com\/?p=86770#primaryimage","url":"https:\/\/kibrisdakik.com\/wp-content\/uploads\/2025\/07\/IMG-20250721-WA0013-740x420.jpg","contentUrl":"https:\/\/kibrisdakik.com\/wp-content\/uploads\/2025\/07\/IMG-20250721-WA0013-740x420.jpg","width":1599,"height":899},{"@type":"BreadcrumbList","@id":"https:\/\/kibrisdakik.com\/?p=86770#breadcrumb","itemListElement":[{"@type":"ListItem","position":1,"name":"Home","item":"https:\/\/kibrisdakik.com\/"},{"@type":"ListItem","position":2,"name":"G\u00fcmr\u00fck \u00c7al\u0131\u015fanlar\u0131 Sendikas\u0131, Girne Turizm Liman\u0131\u2019nda iki saatlik uyar\u0131 grevi yapt\u0131"}]},{"@type":"WebSite","@id":"https:\/\/kibrisdakik.com\/#website","url":"https:\/\/kibrisdakik.com\/","name":"","description":"Tam vaktinde haber","potentialAction":[{"@type":"SearchAction","target":{"@type":"EntryPoint","urlTemplate":"https:\/\/kibrisdakik.com\/?s={search_term_string}"},"query-input":{"@type":"PropertyValueSpecification","valueRequired":true,"valueName":"search_term_string"}}],"inLanguage":"tr"},{"@type":"Person","@id":"https:\/\/kibrisdakik.com\/#\/schema\/person\/9cd9d437bbb44f72b73ba127e06d8e79","name":"admin","image":{"@type":"ImageObject","inLanguage":"tr","@id":"https:\/\/secure.gravatar.com\/avatar\/ccc17943b9d660506c869530f897617f7cb1c21a4bf30023f252596d83e1f007?s=96&d=mm&r=g","url":"https:\/\/secure.gravatar.com\/avatar\/ccc17943b9d660506c869530f897617f7cb1c21a4bf30023f252596d83e1f007?s=96&d=mm&r=g","contentUrl":"https:\/\/secure.gravatar.com\/avatar\/ccc17943b9d660506c869530f897617f7cb1c21a4bf30023f252596d83e1f007?s=96&d=mm&r=g","caption":"admin"},"sameAs":["https:\/\/kibrisdakik.com"],"url":"https:\/\/kibrisdakik.com\/?author=1"}]}},"_links":{"self":[{"href":"https:\/\/kibrisdakik.com\/index.php?rest_route=\/wp\/v2\/posts\/86770","targetHints":{"allow":["GET"]}}],"collection":[{"href":"https:\/\/kibrisdakik.com\/index.php?rest_route=\/wp\/v2\/posts"}],"about":[{"href":"https:\/\/kibrisdakik.com\/index.php?rest_route=\/wp\/v2\/types\/post"}],"author":[{"embeddable":true,"href":"https:\/\/kibrisdakik.com\/index.php?rest_route=\/wp\/v2\/users\/1"}],"replies":[{"embeddable":true,"href":"https:\/\/kibrisdakik.com\/index.php?rest_route=%2Fwp%2Fv2%2Fcomments&post=86770"}],"version-history":[{"count":0,"href":"https:\/\/kibrisdakik.com\/index.php?rest_route=\/wp\/v2\/posts\/86770\/revisions"}],"wp:featuredmedia":[{"embeddable":true,"href":"https:\/\/kibrisdakik.com\/index.php?rest_route=\/wp\/v2\/media\/86771"}],"wp:attachment":[{"href":"https:\/\/kibrisdakik.com\/index.php?rest_route=%2Fwp%2Fv2%2Fmedia&parent=86770"}],"wp:term":[{"taxonomy":"category","embeddable":true,"href":"https:\/\/kibrisdakik.com\/index.php?rest_route=%2Fwp%2Fv2%2Fcategories&post=86770"},{"taxonomy":"post_tag","embeddable":true,"href":"https:\/\/kibrisdakik.com\/index.php?rest_route=%2Fwp%2Fv2%2Ftags&post=86770"}],"curies":[{"name":"wp","href":"https:\/\/api.w.org\/{rel}","templated":true}]}}