{"id":86805,"date":"2025-07-22T00:10:06","date_gmt":"2025-07-21T21:10:06","guid":{"rendered":"https:\/\/kibrisdakik.com\/index.php\/2025\/07\/22\/alaminyo-sehitleri-anildi-2\/"},"modified":"2025-07-22T00:10:06","modified_gmt":"2025-07-21T21:10:06","slug":"alaminyo-sehitleri-anildi-2","status":"publish","type":"post","link":"https:\/\/kibrisdakik.com\/?p=86805","title":{"rendered":"Alaminyo \u015eehitleri an\u0131ld\u0131"},"content":{"rendered":"<p> <br \/>\n<\/p>\n<div>\n<div class=\"mariselle-image-container center\">\n                                            <\/div>\n<p>1974 Bar\u0131\u015f Harekat\u0131 s\u0131ras\u0131nda Ge\u00e7itkale B\u00f6l\u00fc\u011f\u00fc, Alaminyo tak\u0131m\u0131nda g\u00f6rev yaparken \u015fehit olan 20 K\u0131br\u0131sl\u0131 T\u00fcrk i\u00e7in De\u011firmenlik Alaminyo \u015eehitleri An\u0131t\u0131\u2019nda t\u00f6ren d\u00fczenlendi.. <\/p>\n<p>\u015eehitler An\u0131t\u0131\u2019na \u00e7elenklerin konulmas\u0131 ile ba\u015flayan t\u00f6rende, sayg\u0131 duru\u015funda bulunuldu, sayg\u0131 at\u0131\u015f\u0131 ve \u0130stiklal Mar\u015f\u0131 e\u015fli\u011finde bayraklar g\u00f6ndere \u00e7ekildi.<\/p>\n<p>T\u00f6rende De\u011firmenlik Lisesi \u00f6\u011frencisi  Eyl\u00fcl Akkoyun \u201c\u015eehitler\u201d adl\u0131 \u015fiiri okudu..<\/p>\n<p>T\u00f6rende konu\u015fan De\u011firmenlik Belediye Ba\u015fkan\u0131 Ali Karavezirler, masum ve savunmas\u0131z  insanlar\u0131n ailelerinden kopar\u0131larak \u015fehit edili\u015finin tarihe kara bir leke olarak  ge\u00e7ti\u011fini vurgulad\u0131.  <\/p>\n<p>Karavezirler \u015fehitleri hi\u00e7bir zaman unutmad\u0131klar\u0131n\u0131 ve unutmayacaklar\u0131n\u0131 vurgulayarak \u015fehitlere rahmet Mehmet\u00e7ik ve M\u00fccahitlere \u015f\u00fckranlar\u0131n\u0131  sundu.<\/p>\n<p>Cumhurba\u015fkan\u0131 Ersin Tatar ise K\u0131br\u0131s T\u00fcrk  halk\u0131n\u0131n egemenli\u011fini, varl\u0131\u011f\u0131n\u0131 \u00fclkenin e\u015fit bir halk\u0131 olarak hayk\u0131rmaya devam etti\u011fini s\u00f6yledi.<\/p>\n<p>Cumhurba\u015fkan\u0131 Tatar, \u201cRumlar aday\u0131 Yunanistan\u2019a ba\u011flamak i\u00e7in K\u0131br\u0131s T\u00fcrk halk\u0131na y\u00f6nelik her t\u00fcrl\u00fc \u00e7irkin sald\u0131r\u0131y\u0131  ger\u00e7ekle\u015ftirdi. \u0130ngiltere de dahil d\u0131\u015f \u00fclkeler seyirci kalm\u0131\u015ft\u0131r. Bizi kurtaran Anavatan T\u00fcrkiye Cumhuriyeti\u2019nin 20 Temmuz 1974 de buraya m\u00fcdahalesiydi.\u201d dedi.<\/p>\n<p>Bar\u0131\u015f ve \u00d6zg\u00fcrl\u00fck Bayram\u0131n\u0131 kutlarken \u015fehitlerin de unutulmad\u0131\u011f\u0131n\u0131  vurgulayan Tatar, bar\u0131\u015f, huzur ve g\u00fcven i\u00e7erisinde ya\u015fayabilmek i\u00e7in K\u0131br\u0131s\u2019ta bir \u00e7\u00f6z\u00fcmden yana oldu\u011funa dikkat \u00e7ekerek, T\u00fcrkiye\u2019nin garant\u00f6rl\u00fc\u011f\u00fcn\u00fcn alt\u0131n\u0131 \u00e7izdi. <\/p>\n<p>Tatar, \u201cBu co\u011frafyada ya\u015fam\u0131m\u0131z\u0131 bar\u0131\u015f, huzur, g\u00fcven i\u00e7erisinde s\u00fcrd\u00fcreceksek  bizlerin de \u015fart\u0131 vard\u0131r.  O \u015fartlar T\u00fcrkiye\u2019nin garant\u00f6rl\u00fc\u011f\u00fc, T\u00fcrk askerinin bar\u0131\u015f\u0131 korumak ad\u0131na   devaml\u0131l\u0131\u011f\u0131d\u0131r\u201d dedi.<\/p>\n<\/p><\/div>\n<p><script async\n                    defer\n                    crossorigin=\"anonymous\"\n                    src=\"https:\/\/connect.facebook.net\/tr_TR\/sdk.js#xfbml=1&#038;version=v3.3\"\n            ><\/script><br \/>\n<br \/><br \/>\n<br \/><a href=\"[kibrisdakik.com]\n<\/p>\n","protected":false},"excerpt":{"rendered":"<p>1974 Bar\u0131\u015f Harekat\u0131 s\u0131ras\u0131nda Ge\u00e7itkale B\u00f6l\u00fc\u011f\u00fc, Alaminyo tak\u0131m\u0131nda g\u00f6rev yaparken \u015fehit olan 20 K\u0131br\u0131sl\u0131 T\u00fcrk i\u00e7in De\u011firmenlik Alaminyo \u015eehitleri An\u0131t\u0131\u2019nda t\u00f6ren d\u00fczenlendi.. \u015eehitler An\u0131t\u0131\u2019na \u00e7elenklerin konulmas\u0131 ile ba\u015flayan t\u00f6rende, sayg\u0131 duru\u015funda bulunuldu, sayg\u0131 at\u0131\u015f\u0131 ve \u0130stiklal Mar\u015f\u0131 e\u015fli\u011finde bayraklar g\u00f6ndere \u00e7ekildi. T\u00f6rende De\u011firmenlik Lisesi \u00f6\u011frencisi Eyl\u00fcl Akkoyun \u201c\u015eehitler\u201d adl\u0131 \u015fiiri okudu.. T\u00f6rende konu\u015fan De\u011firmenlik Belediye<\/p>\n","protected":false},"author":1,"featured_media":86806,"comment_status":"open","ping_status":"open","sticky":false,"template":"","format":"standard","meta":{"footnotes":""},"categories":[81,101],"tags":[],"class_list":["post-86805","post","type-post","status-publish","format-standard","has-post-thumbnail","hentry","category-kibris","category-manset"],"yoast_head":"<!-- This site is optimized with the Yoast SEO plugin v27.5 - https:\/\/yoast.com\/product\/yoast-seo-wordpress\/ -->\n<title>Alaminyo \u015eehitleri an\u0131ld\u0131 -<\/title>\n<meta name=\"robots\" content=\"index, follow, max-snippet:-1, max-image-preview:large, max-video-preview:-1\" \/>\n<link rel=\"canonical\" href=\"https:\/\/kibrisdakik.com\/?p=86805\" \/>\n<meta property=\"og:locale\" content=\"tr_TR\" \/>\n<meta property=\"og:type\" content=\"article\" \/>\n<meta property=\"og:title\" content=\"Alaminyo \u015eehitleri an\u0131ld\u0131 -\" \/>\n<meta property=\"og:description\" content=\"1974 Bar\u0131\u015f Harekat\u0131 s\u0131ras\u0131nda Ge\u00e7itkale B\u00f6l\u00fc\u011f\u00fc, Alaminyo tak\u0131m\u0131nda g\u00f6rev yaparken \u015fehit olan 20 K\u0131br\u0131sl\u0131 T\u00fcrk i\u00e7in De\u011firmenlik Alaminyo \u015eehitleri An\u0131t\u0131\u2019nda t\u00f6ren d\u00fczenlendi.. \u015eehitler An\u0131t\u0131\u2019na \u00e7elenklerin konulmas\u0131 ile ba\u015flayan t\u00f6rende, sayg\u0131 duru\u015funda bulunuldu, sayg\u0131 at\u0131\u015f\u0131 ve \u0130stiklal Mar\u015f\u0131 e\u015fli\u011finde bayraklar g\u00f6ndere \u00e7ekildi. T\u00f6rende De\u011firmenlik Lisesi \u00f6\u011frencisi Eyl\u00fcl Akkoyun \u201c\u015eehitler\u201d adl\u0131 \u015fiiri okudu.. T\u00f6rende konu\u015fan De\u011firmenlik Belediye\" \/>\n<meta property=\"og:url\" content=\"https:\/\/kibrisdakik.com\/?p=86805\" \/>\n<meta property=\"article:published_time\" content=\"2025-07-21T21:10:06+00:00\" \/>\n<meta property=\"og:image\" content=\"https:\/\/kibrisdakik.com\/wp-content\/uploads\/2025\/07\/lkskslks-740x420.jpg\" \/>\n\t<meta property=\"og:image:width\" content=\"904\" \/>\n\t<meta property=\"og:image:height\" content=\"504\" \/>\n\t<meta property=\"og:image:type\" content=\"image\/jpeg\" \/>\n<meta name=\"author\" content=\"admin\" \/>\n<meta name=\"twitter:card\" content=\"summary_large_image\" \/>\n<meta name=\"twitter:label1\" content=\"Yazan:\" \/>\n\t<meta name=\"twitter:data1\" content=\"admin\" \/>\n\t<meta name=\"twitter:label2\" content=\"Tahmini okuma s\u00fcresi\" \/>\n\t<meta name=\"twitter:data2\" content=\"2 dakika\" \/>\n<script type=\"application\/ld+json\" class=\"yoast-schema-graph\">{\"@context\":\"https:\\\/\\\/schema.org\",\"@graph\":[{\"@type\":\"Article\",\"@id\":\"https:\\\/\\\/kibrisdakik.com\\\/?p=86805#article\",\"isPartOf\":{\"@id\":\"https:\\\/\\\/kibrisdakik.com\\\/?p=86805\"},\"author\":{\"name\":\"admin\",\"@id\":\"https:\\\/\\\/kibrisdakik.com\\\/#\\\/schema\\\/person\\\/9cd9d437bbb44f72b73ba127e06d8e79\"},\"headline\":\"Alaminyo \u015eehitleri an\u0131ld\u0131\",\"datePublished\":\"2025-07-21T21:10:06+00:00\",\"mainEntityOfPage\":{\"@id\":\"https:\\\/\\\/kibrisdakik.com\\\/?p=86805\"},\"wordCount\":306,\"commentCount\":0,\"image\":{\"@id\":\"https:\\\/\\\/kibrisdakik.com\\\/?p=86805#primaryimage\"},\"thumbnailUrl\":\"https:\\\/\\\/kibrisdakik.com\\\/wp-content\\\/uploads\\\/2025\\\/07\\\/lkskslks-740x420.jpg\",\"articleSection\":[\"K\u0131br\u0131s\",\"Man\u015fet\"],\"inLanguage\":\"tr\",\"potentialAction\":[{\"@type\":\"CommentAction\",\"name\":\"Comment\",\"target\":[\"https:\\\/\\\/kibrisdakik.com\\\/?p=86805#respond\"]}]},{\"@type\":\"WebPage\",\"@id\":\"https:\\\/\\\/kibrisdakik.com\\\/?p=86805\",\"url\":\"https:\\\/\\\/kibrisdakik.com\\\/?p=86805\",\"name\":\"Alaminyo \u015eehitleri an\u0131ld\u0131 -\",\"isPartOf\":{\"@id\":\"https:\\\/\\\/kibrisdakik.com\\\/#website\"},\"primaryImageOfPage\":{\"@id\":\"https:\\\/\\\/kibrisdakik.com\\\/?p=86805#primaryimage\"},\"image\":{\"@id\":\"https:\\\/\\\/kibrisdakik.com\\\/?p=86805#primaryimage\"},\"thumbnailUrl\":\"https:\\\/\\\/kibrisdakik.com\\\/wp-content\\\/uploads\\\/2025\\\/07\\\/lkskslks-740x420.jpg\",\"datePublished\":\"2025-07-21T21:10:06+00:00\",\"author\":{\"@id\":\"https:\\\/\\\/kibrisdakik.com\\\/#\\\/schema\\\/person\\\/9cd9d437bbb44f72b73ba127e06d8e79\"},\"breadcrumb\":{\"@id\":\"https:\\\/\\\/kibrisdakik.com\\\/?p=86805#breadcrumb\"},\"inLanguage\":\"tr\",\"potentialAction\":[{\"@type\":\"ReadAction\",\"target\":[\"https:\\\/\\\/kibrisdakik.com\\\/?p=86805\"]}]},{\"@type\":\"ImageObject\",\"inLanguage\":\"tr\",\"@id\":\"https:\\\/\\\/kibrisdakik.com\\\/?p=86805#primaryimage\",\"url\":\"https:\\\/\\\/kibrisdakik.com\\\/wp-content\\\/uploads\\\/2025\\\/07\\\/lkskslks-740x420.jpg\",\"contentUrl\":\"https:\\\/\\\/kibrisdakik.com\\\/wp-content\\\/uploads\\\/2025\\\/07\\\/lkskslks-740x420.jpg\",\"width\":904,\"height\":504},{\"@type\":\"BreadcrumbList\",\"@id\":\"https:\\\/\\\/kibrisdakik.com\\\/?p=86805#breadcrumb\",\"itemListElement\":[{\"@type\":\"ListItem\",\"position\":1,\"name\":\"Home\",\"item\":\"https:\\\/\\\/kibrisdakik.com\\\/\"},{\"@type\":\"ListItem\",\"position\":2,\"name\":\"Alaminyo \u015eehitleri an\u0131ld\u0131\"}]},{\"@type\":\"WebSite\",\"@id\":\"https:\\\/\\\/kibrisdakik.com\\\/#website\",\"url\":\"https:\\\/\\\/kibrisdakik.com\\\/\",\"name\":\"\",\"description\":\"Tam vaktinde haber\",\"potentialAction\":[{\"@type\":\"SearchAction\",\"target\":{\"@type\":\"EntryPoint\",\"urlTemplate\":\"https:\\\/\\\/kibrisdakik.com\\\/?s={search_term_string}\"},\"query-input\":{\"@type\":\"PropertyValueSpecification\",\"valueRequired\":true,\"valueName\":\"search_term_string\"}}],\"inLanguage\":\"tr\"},{\"@type\":\"Person\",\"@id\":\"https:\\\/\\\/kibrisdakik.com\\\/#\\\/schema\\\/person\\\/9cd9d437bbb44f72b73ba127e06d8e79\",\"name\":\"admin\",\"image\":{\"@type\":\"ImageObject\",\"inLanguage\":\"tr\",\"@id\":\"https:\\\/\\\/secure.gravatar.com\\\/avatar\\\/ccc17943b9d660506c869530f897617f7cb1c21a4bf30023f252596d83e1f007?s=96&d=mm&r=g\",\"url\":\"https:\\\/\\\/secure.gravatar.com\\\/avatar\\\/ccc17943b9d660506c869530f897617f7cb1c21a4bf30023f252596d83e1f007?s=96&d=mm&r=g\",\"contentUrl\":\"https:\\\/\\\/secure.gravatar.com\\\/avatar\\\/ccc17943b9d660506c869530f897617f7cb1c21a4bf30023f252596d83e1f007?s=96&d=mm&r=g\",\"caption\":\"admin\"},\"sameAs\":[\"https:\\\/\\\/kibrisdakik.com\"],\"url\":\"https:\\\/\\\/kibrisdakik.com\\\/?author=1\"}]}<\/script>\n<!-- \/ Yoast SEO plugin. -->","yoast_head_json":{"title":"Alaminyo \u015eehitleri an\u0131ld\u0131 -","robots":{"index":"index","follow":"follow","max-snippet":"max-snippet:-1","max-image-preview":"max-image-preview:large","max-video-preview":"max-video-preview:-1"},"canonical":"https:\/\/kibrisdakik.com\/?p=86805","og_locale":"tr_TR","og_type":"article","og_title":"Alaminyo \u015eehitleri an\u0131ld\u0131 -","og_description":"1974 Bar\u0131\u015f Harekat\u0131 s\u0131ras\u0131nda Ge\u00e7itkale B\u00f6l\u00fc\u011f\u00fc, Alaminyo tak\u0131m\u0131nda g\u00f6rev yaparken \u015fehit olan 20 K\u0131br\u0131sl\u0131 T\u00fcrk i\u00e7in De\u011firmenlik Alaminyo \u015eehitleri An\u0131t\u0131\u2019nda t\u00f6ren d\u00fczenlendi.. \u015eehitler An\u0131t\u0131\u2019na \u00e7elenklerin konulmas\u0131 ile ba\u015flayan t\u00f6rende, sayg\u0131 duru\u015funda bulunuldu, sayg\u0131 at\u0131\u015f\u0131 ve \u0130stiklal Mar\u015f\u0131 e\u015fli\u011finde bayraklar g\u00f6ndere \u00e7ekildi. T\u00f6rende De\u011firmenlik Lisesi \u00f6\u011frencisi Eyl\u00fcl Akkoyun \u201c\u015eehitler\u201d adl\u0131 \u015fiiri okudu.. T\u00f6rende konu\u015fan De\u011firmenlik Belediye","og_url":"https:\/\/kibrisdakik.com\/?p=86805","article_published_time":"2025-07-21T21:10:06+00:00","og_image":[{"width":904,"height":504,"url":"https:\/\/kibrisdakik.com\/wp-content\/uploads\/2025\/07\/lkskslks-740x420.jpg","type":"image\/jpeg"}],"author":"admin","twitter_card":"summary_large_image","twitter_misc":{"Yazan:":"admin","Tahmini okuma s\u00fcresi":"2 dakika"},"schema":{"@context":"https:\/\/schema.org","@graph":[{"@type":"Article","@id":"https:\/\/kibrisdakik.com\/?p=86805#article","isPartOf":{"@id":"https:\/\/kibrisdakik.com\/?p=86805"},"author":{"name":"admin","@id":"https:\/\/kibrisdakik.com\/#\/schema\/person\/9cd9d437bbb44f72b73ba127e06d8e79"},"headline":"Alaminyo \u015eehitleri an\u0131ld\u0131","datePublished":"2025-07-21T21:10:06+00:00","mainEntityOfPage":{"@id":"https:\/\/kibrisdakik.com\/?p=86805"},"wordCount":306,"commentCount":0,"image":{"@id":"https:\/\/kibrisdakik.com\/?p=86805#primaryimage"},"thumbnailUrl":"https:\/\/kibrisdakik.com\/wp-content\/uploads\/2025\/07\/lkskslks-740x420.jpg","articleSection":["K\u0131br\u0131s","Man\u015fet"],"inLanguage":"tr","potentialAction":[{"@type":"CommentAction","name":"Comment","target":["https:\/\/kibrisdakik.com\/?p=86805#respond"]}]},{"@type":"WebPage","@id":"https:\/\/kibrisdakik.com\/?p=86805","url":"https:\/\/kibrisdakik.com\/?p=86805","name":"Alaminyo \u015eehitleri an\u0131ld\u0131 -","isPartOf":{"@id":"https:\/\/kibrisdakik.com\/#website"},"primaryImageOfPage":{"@id":"https:\/\/kibrisdakik.com\/?p=86805#primaryimage"},"image":{"@id":"https:\/\/kibrisdakik.com\/?p=86805#primaryimage"},"thumbnailUrl":"https:\/\/kibrisdakik.com\/wp-content\/uploads\/2025\/07\/lkskslks-740x420.jpg","datePublished":"2025-07-21T21:10:06+00:00","author":{"@id":"https:\/\/kibrisdakik.com\/#\/schema\/person\/9cd9d437bbb44f72b73ba127e06d8e79"},"breadcrumb":{"@id":"https:\/\/kibrisdakik.com\/?p=86805#breadcrumb"},"inLanguage":"tr","potentialAction":[{"@type":"ReadAction","target":["https:\/\/kibrisdakik.com\/?p=86805"]}]},{"@type":"ImageObject","inLanguage":"tr","@id":"https:\/\/kibrisdakik.com\/?p=86805#primaryimage","url":"https:\/\/kibrisdakik.com\/wp-content\/uploads\/2025\/07\/lkskslks-740x420.jpg","contentUrl":"https:\/\/kibrisdakik.com\/wp-content\/uploads\/2025\/07\/lkskslks-740x420.jpg","width":904,"height":504},{"@type":"BreadcrumbList","@id":"https:\/\/kibrisdakik.com\/?p=86805#breadcrumb","itemListElement":[{"@type":"ListItem","position":1,"name":"Home","item":"https:\/\/kibrisdakik.com\/"},{"@type":"ListItem","position":2,"name":"Alaminyo \u015eehitleri an\u0131ld\u0131"}]},{"@type":"WebSite","@id":"https:\/\/kibrisdakik.com\/#website","url":"https:\/\/kibrisdakik.com\/","name":"","description":"Tam vaktinde haber","potentialAction":[{"@type":"SearchAction","target":{"@type":"EntryPoint","urlTemplate":"https:\/\/kibrisdakik.com\/?s={search_term_string}"},"query-input":{"@type":"PropertyValueSpecification","valueRequired":true,"valueName":"search_term_string"}}],"inLanguage":"tr"},{"@type":"Person","@id":"https:\/\/kibrisdakik.com\/#\/schema\/person\/9cd9d437bbb44f72b73ba127e06d8e79","name":"admin","image":{"@type":"ImageObject","inLanguage":"tr","@id":"https:\/\/secure.gravatar.com\/avatar\/ccc17943b9d660506c869530f897617f7cb1c21a4bf30023f252596d83e1f007?s=96&d=mm&r=g","url":"https:\/\/secure.gravatar.com\/avatar\/ccc17943b9d660506c869530f897617f7cb1c21a4bf30023f252596d83e1f007?s=96&d=mm&r=g","contentUrl":"https:\/\/secure.gravatar.com\/avatar\/ccc17943b9d660506c869530f897617f7cb1c21a4bf30023f252596d83e1f007?s=96&d=mm&r=g","caption":"admin"},"sameAs":["https:\/\/kibrisdakik.com"],"url":"https:\/\/kibrisdakik.com\/?author=1"}]}},"_links":{"self":[{"href":"https:\/\/kibrisdakik.com\/index.php?rest_route=\/wp\/v2\/posts\/86805","targetHints":{"allow":["GET"]}}],"collection":[{"href":"https:\/\/kibrisdakik.com\/index.php?rest_route=\/wp\/v2\/posts"}],"about":[{"href":"https:\/\/kibrisdakik.com\/index.php?rest_route=\/wp\/v2\/types\/post"}],"author":[{"embeddable":true,"href":"https:\/\/kibrisdakik.com\/index.php?rest_route=\/wp\/v2\/users\/1"}],"replies":[{"embeddable":true,"href":"https:\/\/kibrisdakik.com\/index.php?rest_route=%2Fwp%2Fv2%2Fcomments&post=86805"}],"version-history":[{"count":0,"href":"https:\/\/kibrisdakik.com\/index.php?rest_route=\/wp\/v2\/posts\/86805\/revisions"}],"wp:featuredmedia":[{"embeddable":true,"href":"https:\/\/kibrisdakik.com\/index.php?rest_route=\/wp\/v2\/media\/86806"}],"wp:attachment":[{"href":"https:\/\/kibrisdakik.com\/index.php?rest_route=%2Fwp%2Fv2%2Fmedia&parent=86805"}],"wp:term":[{"taxonomy":"category","embeddable":true,"href":"https:\/\/kibrisdakik.com\/index.php?rest_route=%2Fwp%2Fv2%2Fcategories&post=86805"},{"taxonomy":"post_tag","embeddable":true,"href":"https:\/\/kibrisdakik.com\/index.php?rest_route=%2Fwp%2Fv2%2Ftags&post=86805"}],"curies":[{"name":"wp","href":"https:\/\/api.w.org\/{rel}","templated":true}]}}