{"id":86831,"date":"2025-07-22T17:47:03","date_gmt":"2025-07-22T14:47:03","guid":{"rendered":"https:\/\/kibrisdakik.com\/index.php\/2025\/07\/22\/ustel-rum-genclerinin-turk-dusmanligiyla-yetistirilmesi-adada-baris-icin-buyuk-tehlikedir\/"},"modified":"2025-07-22T17:47:03","modified_gmt":"2025-07-22T14:47:03","slug":"ustel-rum-genclerinin-turk-dusmanligiyla-yetistirilmesi-adada-baris-icin-buyuk-tehlikedir","status":"publish","type":"post","link":"https:\/\/kibrisdakik.com\/?p=86831","title":{"rendered":"\u00dcstel: Rum gen\u00e7lerinin T\u00fcrk d\u00fc\u015fmanl\u0131\u011f\u0131yla yeti\u015ftirilmesi, adada bar\u0131\u015f i\u00e7in b\u00fcy\u00fck tehlikedir"},"content":{"rendered":"<p> <br \/>\n<\/p>\n<div>\n<div class=\"mariselle-image-container center\">\n                                            <\/div>\n<p>Ba\u015fbakan \u00dcnal \u00dcstel, Rum gen\u00e7lerin okullarda T\u00fcrk d\u00fc\u015fmanl\u0131\u011f\u0131 ile yeti\u015ftirildi\u011fini ve bunun adada bar\u0131\u015f i\u00e7in b\u00fcy\u00fck tehlike oldu\u011funu belirtti.<\/p>\n<p>Ba\u015fbakan \u00dcnal \u00dcstel, 20 Temmuz Bar\u0131\u015f Harekat\u0131\u2019n\u0131n 51. Y\u0131ld\u00f6n\u00fcm\u00fcnde s\u0131n\u0131rlarda ve ge\u00e7i\u015f kap\u0131lar\u0131nda, halk\u0131 ve devleti hedef alan eylemler ile ilgili de\u011ferlendirmede bulundu.<\/p>\n<p>Ba\u015fbakanl\u0131k Bas\u0131n ve Halkla \u0130li\u015fkiler M\u00fcd\u00fcrl\u00fc\u011f\u00fc\u2019nden yap\u0131lan a\u00e7\u0131klamaya g\u00f6re, Ba\u015fbakan \u00dcstel, 20 Temmuz Bar\u0131\u015f Harekat\u0131\u2019n\u0131n 51. y\u0131ld\u00f6n\u00fcm\u00fcn\u00fcn anlam\u0131na yara\u015f\u0131r \u015fekilde kutland\u0131\u011f\u0131n\u0131 belirterek,\u00a0\u201cBizler, her ko\u015ful alt\u0131nda ge\u00e7mi\u015fe tak\u0131l\u0131p kalmadan, gelece\u011fe yap\u0131c\u0131, ger\u00e7ek\u00e7i bakarak y\u00fcr\u00fcmek istiyoruz.\u201d dedi.<\/p>\n<p>-\u201c\u2018Yurtta bar\u0131\u015f, d\u00fcnyada bar\u0131\u015f\u2019 ilkesi bizim i\u00e7in vazge\u00e7ilmezdir\u201d<\/p>\n<p>T\u00fcrkiye Cumhuriyeti ile birlikte iki devletli yeni politikaya dayal\u0131 bir \u00e7\u00f6z\u00fcm\u00fc, ya\u015fayabilir bir \u00e7\u00f6z\u00fcm \u015fekli g\u00f6rd\u00fcklerini vurgulayan \u00dcstel, anla\u015fma olmasa da en \u00fcst d\u00fczeyde i\u015f birli\u011fi ile K\u0131br\u0131sl\u0131 Rumlarla iyi kom\u015fuluk ili\u015fkileri ya\u015fama arzusunda olduklar\u0131n\u0131 belirtti.<\/p>\n<p>\u201cBunun i\u00e7in de en ba\u015fta yap\u0131lmas\u0131 gereken, d\u00fc\u015fmanca duygular\u0131n terk edilmesi, \u00f6zellikle yeni nesle d\u00fc\u015fmanl\u0131\u011f\u0131 a\u015f\u0131lamamakt\u0131r. Mustafa Kemal Atat\u00fcrk\u2019\u00fcn, \u2018Yurtta bar\u0131\u015f, d\u00fcnyada bar\u0131\u015f\u2019 ilkesi bizim i\u00e7in vazge\u00e7ilmezdir ve bu ilkeye uyuyoruz.\u201d ifadelerini kullanan Ba\u015fbakan \u00dcstel, K\u0131br\u0131sl\u0131 Rumlar\u0131 ger\u00e7ek\u00e7i yakla\u015f\u0131m ve saptamalara davet etti.<\/p>\n<p>\u00dcstel \u015f\u00f6yle devam etti:<\/p>\n<p>\u201c15 Temmuz 1974 Fa\u015fist Darbenin ard\u0131ndan, T\u00fcrkiye Bar\u0131\u015f Harekat\u0131n\u0131 ger\u00e7ekle\u015ftirmi\u015f olmasayd\u0131, \u00f6nce K\u0131br\u0131s Rum Toplumunda, darbecilerin hedefi olanlardan binlercesi katledilecek, sonras\u0131nda s\u0131ra K\u0131br\u0131sl\u0131 T\u00fcrklere gelecekti.<\/p>\n<p>K\u0131br\u0131s adas\u0131nda, yar\u0131m asr\u0131 a\u015fk\u0131n bir s\u00fcredir, bar\u0131\u015f vard\u0131r. Gereksinim duyulan, bar\u0131\u015f\u0131n, kal\u0131c\u0131, ya\u015fayabilir \u00e7\u00f6z\u00fcmle ta\u00e7land\u0131r\u0131lmas\u0131d\u0131r.<\/p>\n<p>K\u0131br\u0131s T\u00fcrk\u00fc, 1963 \u2013 1974 aras\u0131 \u00e7ok zor ko\u015fullarda ayakta durmu\u015ftur. \u015eimdi, \u00e7\u00f6z\u00fcms\u00fczl\u00fckten bir miktar olumsuz etkilenir olsak da, devletimize sahip \u00e7\u0131karak, gelece\u011fe emin ad\u0131mlarla ilerliyoruz. Anavatan T\u00fcrkiye\u2019nin etkin ve fiili garant\u00f6rl\u00fc\u011f\u00fc yan\u0131nda, etkin ve fiili olarak hayat\u0131n her alan\u0131nda yan\u0131m\u0131zda olmas\u0131n\u0131n de\u011ferini, Orta Do\u011fu\u2019da, hemen yan\u0131 ba\u015f\u0131m\u0131zda Filistinli karde\u015flerimize, \u0130srail taraf\u0131nda ya\u015fat\u0131lanlar\u0131n\u0131 g\u00f6r\u00fcnce \u00e7ok daha iyi anl\u0131yoruz.<\/p>\n<p>Rum liderli\u011fi, \u00e7\u00f6z\u00fcms\u00fczl\u00fckle, sabr\u0131m\u0131z\u0131, direnme g\u00fcc\u00fcm\u00fcz\u00fc test etmeye \u00e7al\u0131\u015f\u0131yorsa, bo\u015funa bir \u00e7aba i\u00e7indedir.\u201d<\/p>\n<p><strong>\u2013 \u201cRum liderli\u011finin \u00f6ncelikle yapmas\u0131 gereken Rum \u00e7ocuklar\u0131n\u0131, Rum gen\u00e7lerini okullarda T\u00fcrk d\u00fc\u015fmanl\u0131\u011f\u0131yla yeti\u015ftirmemektir\u201d<\/strong><\/p>\n<p>20 Temmuz Bar\u0131\u015f Harekat\u0131\u2019n\u0131n 51. Y\u0131ld\u00f6n\u00fcm\u00fcnde s\u0131n\u0131rlarda, ge\u00e7i\u015f kap\u0131lar\u0131nda, halk\u0131 ve devleti hedef alan eylemleri, dikkatle, endi\u015feyle ve sorgulayarak izlediklerini kaydeden \u00dcstel, eylemcilerin Rum gen\u00e7ler oldu\u011funa dikkat \u00e7ekerek, \u201cBu gen\u00e7ler, sava\u015f g\u00f6rmedi. Yeni nesil Rum gen\u00e7lerinin T\u00fcrk d\u00fc\u015fmanl\u0131\u011f\u0131yla yeti\u015ftirilmesi, adada bar\u0131\u015f i\u00e7in b\u00fcy\u00fck tehlikedir. Rum gen\u00e7ler, okullarda, insani de\u011ferlerden uzak adeta zehirleniyor.\u201d dedi.<\/p>\n<p>Rum liderli\u011finin g\u00fcven art\u0131r\u0131c\u0131 \u00f6nlemleri konu\u015fmak istedi\u011fini her f\u0131rsatta dile getirdi\u011fini,\u00a0 bunun i\u00e7in \u00f6nce Rum \u00e7ocuklar\u0131n\u0131, Rum gen\u00e7lerini okullarda T\u00fcrk d\u00fc\u015fmanl\u0131\u011f\u0131yla yeti\u015ftirmemesi gerekti\u011fini vurgulayan\u00a0\u00a0\u00dcstel, \u201cBizim okullar\u0131m\u0131zda, \u00e7ocuklar\u0131m\u0131z\u0131 d\u00fc\u015fmanl\u0131k duygular\u0131yla yeti\u015ftirmiyoruz. Yabanc\u0131lar da K\u0131br\u0131sl\u0131 T\u00fcrklerin, Rumlara g\u00f6re daha fazla bar\u0131\u015f\u00e7\u0131l oldu\u011funu g\u00f6r\u00fcyor ve ifade ediyor. Rum y\u00f6netimini kilisenin etkisinden e\u011fitimi kurtararak, daha bar\u0131\u015f\u00e7\u0131l bir m\u00fcfredat uygulamaya davet ediyorum. Unutulmas\u0131n, bar\u0131\u015f, t\u00fcm insanl\u0131k i\u00e7in g\u00fcvencedir.\u201d ifadelerini kulland\u0131.<\/p>\n<\/p><\/div>\n<p><script async\n                    defer\n                    crossorigin=\"anonymous\"\n                    src=\"https:\/\/connect.facebook.net\/tr_TR\/sdk.js#xfbml=1&#038;version=v3.3\"\n            ><\/script><br \/>\n<br \/><br \/>\n<br \/><a href=\"[kibrisdakik.com]\n<\/p>\n","protected":false},"excerpt":{"rendered":"<p>Ba\u015fbakan \u00dcnal \u00dcstel, Rum gen\u00e7lerin okullarda T\u00fcrk d\u00fc\u015fmanl\u0131\u011f\u0131 ile yeti\u015ftirildi\u011fini ve bunun adada bar\u0131\u015f i\u00e7in b\u00fcy\u00fck tehlike oldu\u011funu belirtti. Ba\u015fbakan \u00dcnal \u00dcstel, 20 Temmuz Bar\u0131\u015f Harekat\u0131\u2019n\u0131n 51. Y\u0131ld\u00f6n\u00fcm\u00fcnde s\u0131n\u0131rlarda ve ge\u00e7i\u015f kap\u0131lar\u0131nda, halk\u0131 ve devleti hedef alan eylemler ile ilgili de\u011ferlendirmede bulundu. Ba\u015fbakanl\u0131k Bas\u0131n ve Halkla \u0130li\u015fkiler M\u00fcd\u00fcrl\u00fc\u011f\u00fc\u2019nden yap\u0131lan a\u00e7\u0131klamaya g\u00f6re, Ba\u015fbakan \u00dcstel, 20 Temmuz<\/p>\n","protected":false},"author":1,"featured_media":86832,"comment_status":"open","ping_status":"open","sticky":false,"template":"","format":"standard","meta":{"footnotes":""},"categories":[81,101],"tags":[],"class_list":["post-86831","post","type-post","status-publish","format-standard","has-post-thumbnail","hentry","category-kibris","category-manset"],"yoast_head":"<!-- This site is optimized with the Yoast SEO plugin v27.4 - https:\/\/yoast.com\/product\/yoast-seo-wordpress\/ -->\n<title>\u00dcstel: Rum gen\u00e7lerinin T\u00fcrk d\u00fc\u015fmanl\u0131\u011f\u0131yla yeti\u015ftirilmesi, adada bar\u0131\u015f i\u00e7in b\u00fcy\u00fck tehlikedir -<\/title>\n<meta name=\"robots\" content=\"index, follow, max-snippet:-1, max-image-preview:large, max-video-preview:-1\" \/>\n<link rel=\"canonical\" href=\"https:\/\/kibrisdakik.com\/?p=86831\" \/>\n<meta property=\"og:locale\" content=\"tr_TR\" \/>\n<meta property=\"og:type\" content=\"article\" \/>\n<meta property=\"og:title\" content=\"\u00dcstel: Rum gen\u00e7lerinin T\u00fcrk d\u00fc\u015fmanl\u0131\u011f\u0131yla yeti\u015ftirilmesi, adada bar\u0131\u015f i\u00e7in b\u00fcy\u00fck tehlikedir -\" \/>\n<meta property=\"og:description\" content=\"Ba\u015fbakan \u00dcnal \u00dcstel, Rum gen\u00e7lerin okullarda T\u00fcrk d\u00fc\u015fmanl\u0131\u011f\u0131 ile yeti\u015ftirildi\u011fini ve bunun adada bar\u0131\u015f i\u00e7in b\u00fcy\u00fck tehlike oldu\u011funu belirtti. Ba\u015fbakan \u00dcnal \u00dcstel, 20 Temmuz Bar\u0131\u015f Harekat\u0131\u2019n\u0131n 51. Y\u0131ld\u00f6n\u00fcm\u00fcnde s\u0131n\u0131rlarda ve ge\u00e7i\u015f kap\u0131lar\u0131nda, halk\u0131 ve devleti hedef alan eylemler ile ilgili de\u011ferlendirmede bulundu. Ba\u015fbakanl\u0131k Bas\u0131n ve Halkla \u0130li\u015fkiler M\u00fcd\u00fcrl\u00fc\u011f\u00fc\u2019nden yap\u0131lan a\u00e7\u0131klamaya g\u00f6re, Ba\u015fbakan \u00dcstel, 20 Temmuz\" \/>\n<meta property=\"og:url\" content=\"https:\/\/kibrisdakik.com\/?p=86831\" \/>\n<meta property=\"article:published_time\" content=\"2025-07-22T14:47:03+00:00\" \/>\n<meta property=\"og:image\" content=\"https:\/\/kibrisdakik.com\/wp-content\/uploads\/2025\/07\/1753195628_ustel-740x420.png\" \/>\n\t<meta property=\"og:image:width\" content=\"945\" \/>\n\t<meta property=\"og:image:height\" content=\"641\" \/>\n\t<meta property=\"og:image:type\" content=\"image\/png\" \/>\n<meta name=\"author\" content=\"admin\" \/>\n<meta name=\"twitter:card\" content=\"summary_large_image\" \/>\n<meta name=\"twitter:label1\" content=\"Yazan:\" \/>\n\t<meta name=\"twitter:data1\" content=\"admin\" \/>\n\t<meta name=\"twitter:label2\" content=\"Tahmini okuma s\u00fcresi\" \/>\n\t<meta name=\"twitter:data2\" content=\"3 dakika\" \/>\n<script type=\"application\/ld+json\" class=\"yoast-schema-graph\">{\"@context\":\"https:\\\/\\\/schema.org\",\"@graph\":[{\"@type\":\"Article\",\"@id\":\"https:\\\/\\\/kibrisdakik.com\\\/?p=86831#article\",\"isPartOf\":{\"@id\":\"https:\\\/\\\/kibrisdakik.com\\\/?p=86831\"},\"author\":{\"name\":\"admin\",\"@id\":\"https:\\\/\\\/kibrisdakik.com\\\/#\\\/schema\\\/person\\\/9cd9d437bbb44f72b73ba127e06d8e79\"},\"headline\":\"\u00dcstel: Rum gen\u00e7lerinin T\u00fcrk d\u00fc\u015fmanl\u0131\u011f\u0131yla yeti\u015ftirilmesi, adada bar\u0131\u015f i\u00e7in b\u00fcy\u00fck tehlikedir\",\"datePublished\":\"2025-07-22T14:47:03+00:00\",\"mainEntityOfPage\":{\"@id\":\"https:\\\/\\\/kibrisdakik.com\\\/?p=86831\"},\"wordCount\":667,\"commentCount\":0,\"image\":{\"@id\":\"https:\\\/\\\/kibrisdakik.com\\\/?p=86831#primaryimage\"},\"thumbnailUrl\":\"https:\\\/\\\/kibrisdakik.com\\\/wp-content\\\/uploads\\\/2025\\\/07\\\/1753195628_ustel-740x420.png\",\"articleSection\":[\"K\u0131br\u0131s\",\"Man\u015fet\"],\"inLanguage\":\"tr\",\"potentialAction\":[{\"@type\":\"CommentAction\",\"name\":\"Comment\",\"target\":[\"https:\\\/\\\/kibrisdakik.com\\\/?p=86831#respond\"]}]},{\"@type\":\"WebPage\",\"@id\":\"https:\\\/\\\/kibrisdakik.com\\\/?p=86831\",\"url\":\"https:\\\/\\\/kibrisdakik.com\\\/?p=86831\",\"name\":\"\u00dcstel: Rum gen\u00e7lerinin T\u00fcrk d\u00fc\u015fmanl\u0131\u011f\u0131yla yeti\u015ftirilmesi, adada bar\u0131\u015f i\u00e7in b\u00fcy\u00fck tehlikedir -\",\"isPartOf\":{\"@id\":\"https:\\\/\\\/kibrisdakik.com\\\/#website\"},\"primaryImageOfPage\":{\"@id\":\"https:\\\/\\\/kibrisdakik.com\\\/?p=86831#primaryimage\"},\"image\":{\"@id\":\"https:\\\/\\\/kibrisdakik.com\\\/?p=86831#primaryimage\"},\"thumbnailUrl\":\"https:\\\/\\\/kibrisdakik.com\\\/wp-content\\\/uploads\\\/2025\\\/07\\\/1753195628_ustel-740x420.png\",\"datePublished\":\"2025-07-22T14:47:03+00:00\",\"author\":{\"@id\":\"https:\\\/\\\/kibrisdakik.com\\\/#\\\/schema\\\/person\\\/9cd9d437bbb44f72b73ba127e06d8e79\"},\"breadcrumb\":{\"@id\":\"https:\\\/\\\/kibrisdakik.com\\\/?p=86831#breadcrumb\"},\"inLanguage\":\"tr\",\"potentialAction\":[{\"@type\":\"ReadAction\",\"target\":[\"https:\\\/\\\/kibrisdakik.com\\\/?p=86831\"]}]},{\"@type\":\"ImageObject\",\"inLanguage\":\"tr\",\"@id\":\"https:\\\/\\\/kibrisdakik.com\\\/?p=86831#primaryimage\",\"url\":\"https:\\\/\\\/kibrisdakik.com\\\/wp-content\\\/uploads\\\/2025\\\/07\\\/1753195628_ustel-740x420.png\",\"contentUrl\":\"https:\\\/\\\/kibrisdakik.com\\\/wp-content\\\/uploads\\\/2025\\\/07\\\/1753195628_ustel-740x420.png\",\"width\":945,\"height\":641},{\"@type\":\"BreadcrumbList\",\"@id\":\"https:\\\/\\\/kibrisdakik.com\\\/?p=86831#breadcrumb\",\"itemListElement\":[{\"@type\":\"ListItem\",\"position\":1,\"name\":\"Home\",\"item\":\"https:\\\/\\\/kibrisdakik.com\\\/\"},{\"@type\":\"ListItem\",\"position\":2,\"name\":\"\u00dcstel: Rum gen\u00e7lerinin T\u00fcrk d\u00fc\u015fmanl\u0131\u011f\u0131yla yeti\u015ftirilmesi, adada bar\u0131\u015f i\u00e7in b\u00fcy\u00fck tehlikedir\"}]},{\"@type\":\"WebSite\",\"@id\":\"https:\\\/\\\/kibrisdakik.com\\\/#website\",\"url\":\"https:\\\/\\\/kibrisdakik.com\\\/\",\"name\":\"\",\"description\":\"Tam vaktinde haber\",\"potentialAction\":[{\"@type\":\"SearchAction\",\"target\":{\"@type\":\"EntryPoint\",\"urlTemplate\":\"https:\\\/\\\/kibrisdakik.com\\\/?s={search_term_string}\"},\"query-input\":{\"@type\":\"PropertyValueSpecification\",\"valueRequired\":true,\"valueName\":\"search_term_string\"}}],\"inLanguage\":\"tr\"},{\"@type\":\"Person\",\"@id\":\"https:\\\/\\\/kibrisdakik.com\\\/#\\\/schema\\\/person\\\/9cd9d437bbb44f72b73ba127e06d8e79\",\"name\":\"admin\",\"image\":{\"@type\":\"ImageObject\",\"inLanguage\":\"tr\",\"@id\":\"https:\\\/\\\/secure.gravatar.com\\\/avatar\\\/ccc17943b9d660506c869530f897617f7cb1c21a4bf30023f252596d83e1f007?s=96&d=mm&r=g\",\"url\":\"https:\\\/\\\/secure.gravatar.com\\\/avatar\\\/ccc17943b9d660506c869530f897617f7cb1c21a4bf30023f252596d83e1f007?s=96&d=mm&r=g\",\"contentUrl\":\"https:\\\/\\\/secure.gravatar.com\\\/avatar\\\/ccc17943b9d660506c869530f897617f7cb1c21a4bf30023f252596d83e1f007?s=96&d=mm&r=g\",\"caption\":\"admin\"},\"sameAs\":[\"https:\\\/\\\/kibrisdakik.com\"],\"url\":\"https:\\\/\\\/kibrisdakik.com\\\/?author=1\"}]}<\/script>\n<!-- \/ Yoast SEO plugin. -->","yoast_head_json":{"title":"\u00dcstel: Rum gen\u00e7lerinin T\u00fcrk d\u00fc\u015fmanl\u0131\u011f\u0131yla yeti\u015ftirilmesi, adada bar\u0131\u015f i\u00e7in b\u00fcy\u00fck tehlikedir -","robots":{"index":"index","follow":"follow","max-snippet":"max-snippet:-1","max-image-preview":"max-image-preview:large","max-video-preview":"max-video-preview:-1"},"canonical":"https:\/\/kibrisdakik.com\/?p=86831","og_locale":"tr_TR","og_type":"article","og_title":"\u00dcstel: Rum gen\u00e7lerinin T\u00fcrk d\u00fc\u015fmanl\u0131\u011f\u0131yla yeti\u015ftirilmesi, adada bar\u0131\u015f i\u00e7in b\u00fcy\u00fck tehlikedir -","og_description":"Ba\u015fbakan \u00dcnal \u00dcstel, Rum gen\u00e7lerin okullarda T\u00fcrk d\u00fc\u015fmanl\u0131\u011f\u0131 ile yeti\u015ftirildi\u011fini ve bunun adada bar\u0131\u015f i\u00e7in b\u00fcy\u00fck tehlike oldu\u011funu belirtti. Ba\u015fbakan \u00dcnal \u00dcstel, 20 Temmuz Bar\u0131\u015f Harekat\u0131\u2019n\u0131n 51. Y\u0131ld\u00f6n\u00fcm\u00fcnde s\u0131n\u0131rlarda ve ge\u00e7i\u015f kap\u0131lar\u0131nda, halk\u0131 ve devleti hedef alan eylemler ile ilgili de\u011ferlendirmede bulundu. Ba\u015fbakanl\u0131k Bas\u0131n ve Halkla \u0130li\u015fkiler M\u00fcd\u00fcrl\u00fc\u011f\u00fc\u2019nden yap\u0131lan a\u00e7\u0131klamaya g\u00f6re, Ba\u015fbakan \u00dcstel, 20 Temmuz","og_url":"https:\/\/kibrisdakik.com\/?p=86831","article_published_time":"2025-07-22T14:47:03+00:00","og_image":[{"width":945,"height":641,"url":"https:\/\/kibrisdakik.com\/wp-content\/uploads\/2025\/07\/1753195628_ustel-740x420.png","type":"image\/png"}],"author":"admin","twitter_card":"summary_large_image","twitter_misc":{"Yazan:":"admin","Tahmini okuma s\u00fcresi":"3 dakika"},"schema":{"@context":"https:\/\/schema.org","@graph":[{"@type":"Article","@id":"https:\/\/kibrisdakik.com\/?p=86831#article","isPartOf":{"@id":"https:\/\/kibrisdakik.com\/?p=86831"},"author":{"name":"admin","@id":"https:\/\/kibrisdakik.com\/#\/schema\/person\/9cd9d437bbb44f72b73ba127e06d8e79"},"headline":"\u00dcstel: Rum gen\u00e7lerinin T\u00fcrk d\u00fc\u015fmanl\u0131\u011f\u0131yla yeti\u015ftirilmesi, adada bar\u0131\u015f i\u00e7in b\u00fcy\u00fck tehlikedir","datePublished":"2025-07-22T14:47:03+00:00","mainEntityOfPage":{"@id":"https:\/\/kibrisdakik.com\/?p=86831"},"wordCount":667,"commentCount":0,"image":{"@id":"https:\/\/kibrisdakik.com\/?p=86831#primaryimage"},"thumbnailUrl":"https:\/\/kibrisdakik.com\/wp-content\/uploads\/2025\/07\/1753195628_ustel-740x420.png","articleSection":["K\u0131br\u0131s","Man\u015fet"],"inLanguage":"tr","potentialAction":[{"@type":"CommentAction","name":"Comment","target":["https:\/\/kibrisdakik.com\/?p=86831#respond"]}]},{"@type":"WebPage","@id":"https:\/\/kibrisdakik.com\/?p=86831","url":"https:\/\/kibrisdakik.com\/?p=86831","name":"\u00dcstel: Rum gen\u00e7lerinin T\u00fcrk d\u00fc\u015fmanl\u0131\u011f\u0131yla yeti\u015ftirilmesi, adada bar\u0131\u015f i\u00e7in b\u00fcy\u00fck tehlikedir -","isPartOf":{"@id":"https:\/\/kibrisdakik.com\/#website"},"primaryImageOfPage":{"@id":"https:\/\/kibrisdakik.com\/?p=86831#primaryimage"},"image":{"@id":"https:\/\/kibrisdakik.com\/?p=86831#primaryimage"},"thumbnailUrl":"https:\/\/kibrisdakik.com\/wp-content\/uploads\/2025\/07\/1753195628_ustel-740x420.png","datePublished":"2025-07-22T14:47:03+00:00","author":{"@id":"https:\/\/kibrisdakik.com\/#\/schema\/person\/9cd9d437bbb44f72b73ba127e06d8e79"},"breadcrumb":{"@id":"https:\/\/kibrisdakik.com\/?p=86831#breadcrumb"},"inLanguage":"tr","potentialAction":[{"@type":"ReadAction","target":["https:\/\/kibrisdakik.com\/?p=86831"]}]},{"@type":"ImageObject","inLanguage":"tr","@id":"https:\/\/kibrisdakik.com\/?p=86831#primaryimage","url":"https:\/\/kibrisdakik.com\/wp-content\/uploads\/2025\/07\/1753195628_ustel-740x420.png","contentUrl":"https:\/\/kibrisdakik.com\/wp-content\/uploads\/2025\/07\/1753195628_ustel-740x420.png","width":945,"height":641},{"@type":"BreadcrumbList","@id":"https:\/\/kibrisdakik.com\/?p=86831#breadcrumb","itemListElement":[{"@type":"ListItem","position":1,"name":"Home","item":"https:\/\/kibrisdakik.com\/"},{"@type":"ListItem","position":2,"name":"\u00dcstel: Rum gen\u00e7lerinin T\u00fcrk d\u00fc\u015fmanl\u0131\u011f\u0131yla yeti\u015ftirilmesi, adada bar\u0131\u015f i\u00e7in b\u00fcy\u00fck tehlikedir"}]},{"@type":"WebSite","@id":"https:\/\/kibrisdakik.com\/#website","url":"https:\/\/kibrisdakik.com\/","name":"","description":"Tam vaktinde haber","potentialAction":[{"@type":"SearchAction","target":{"@type":"EntryPoint","urlTemplate":"https:\/\/kibrisdakik.com\/?s={search_term_string}"},"query-input":{"@type":"PropertyValueSpecification","valueRequired":true,"valueName":"search_term_string"}}],"inLanguage":"tr"},{"@type":"Person","@id":"https:\/\/kibrisdakik.com\/#\/schema\/person\/9cd9d437bbb44f72b73ba127e06d8e79","name":"admin","image":{"@type":"ImageObject","inLanguage":"tr","@id":"https:\/\/secure.gravatar.com\/avatar\/ccc17943b9d660506c869530f897617f7cb1c21a4bf30023f252596d83e1f007?s=96&d=mm&r=g","url":"https:\/\/secure.gravatar.com\/avatar\/ccc17943b9d660506c869530f897617f7cb1c21a4bf30023f252596d83e1f007?s=96&d=mm&r=g","contentUrl":"https:\/\/secure.gravatar.com\/avatar\/ccc17943b9d660506c869530f897617f7cb1c21a4bf30023f252596d83e1f007?s=96&d=mm&r=g","caption":"admin"},"sameAs":["https:\/\/kibrisdakik.com"],"url":"https:\/\/kibrisdakik.com\/?author=1"}]}},"_links":{"self":[{"href":"https:\/\/kibrisdakik.com\/index.php?rest_route=\/wp\/v2\/posts\/86831","targetHints":{"allow":["GET"]}}],"collection":[{"href":"https:\/\/kibrisdakik.com\/index.php?rest_route=\/wp\/v2\/posts"}],"about":[{"href":"https:\/\/kibrisdakik.com\/index.php?rest_route=\/wp\/v2\/types\/post"}],"author":[{"embeddable":true,"href":"https:\/\/kibrisdakik.com\/index.php?rest_route=\/wp\/v2\/users\/1"}],"replies":[{"embeddable":true,"href":"https:\/\/kibrisdakik.com\/index.php?rest_route=%2Fwp%2Fv2%2Fcomments&post=86831"}],"version-history":[{"count":0,"href":"https:\/\/kibrisdakik.com\/index.php?rest_route=\/wp\/v2\/posts\/86831\/revisions"}],"wp:featuredmedia":[{"embeddable":true,"href":"https:\/\/kibrisdakik.com\/index.php?rest_route=\/wp\/v2\/media\/86832"}],"wp:attachment":[{"href":"https:\/\/kibrisdakik.com\/index.php?rest_route=%2Fwp%2Fv2%2Fmedia&parent=86831"}],"wp:term":[{"taxonomy":"category","embeddable":true,"href":"https:\/\/kibrisdakik.com\/index.php?rest_route=%2Fwp%2Fv2%2Fcategories&post=86831"},{"taxonomy":"post_tag","embeddable":true,"href":"https:\/\/kibrisdakik.com\/index.php?rest_route=%2Fwp%2Fv2%2Ftags&post=86831"}],"curies":[{"name":"wp","href":"https:\/\/api.w.org\/{rel}","templated":true}]}}