{"id":86843,"date":"2025-07-22T21:49:04","date_gmt":"2025-07-22T18:49:04","guid":{"rendered":"https:\/\/kibrisdakik.com\/index.php\/2025\/07\/22\/erhurmandiyalog-hem-kibrisli-turklerin-hem-turkiyenin-cikarinadir\/"},"modified":"2025-07-22T21:49:04","modified_gmt":"2025-07-22T18:49:04","slug":"erhurmandiyalog-hem-kibrisli-turklerin-hem-turkiyenin-cikarinadir","status":"publish","type":"post","link":"https:\/\/kibrisdakik.com\/?p=86843","title":{"rendered":"Erh\u00fcrman:Diyalog hem K\u0131br\u0131sl\u0131 T\u00fcrklerin hem T\u00fcrkiye\u2019nin \u00e7\u0131kar\u0131nad\u0131r"},"content":{"rendered":"<p> <br \/>\n<\/p>\n<div>\n<div class=\"mariselle-image-container center\">\n                                            <\/div>\n<p>Cumhuriyet\u00e7i T\u00fcrk Partisi (CTP) Genel Ba\u015fkan\u0131 Tufan Erh\u00fcrman, K\u0131br\u0131s sorununda ilerleme sa\u011flanabilmesi i\u00e7in diyalogun ka\u00e7\u0131n\u0131lmaz oldu\u011funu vurgulayarak, liderler aras\u0131 g\u00f6r\u00fc\u015fmelerin somut sonu\u00e7 \u00fcretmedi\u011fini belirtti ve \u201cEn k\u00f6t\u00fc ortam diyalogsuzluktur\u201d dedi.<\/p>\n<p>CTP\u2019den verilen bilgiye g\u00f6re, Erh\u00fcrman kat\u0131ld\u0131\u011f\u0131 programda yapt\u0131\u011f\u0131 a\u00e7\u0131klamada, Cenevre ve New York zirvelerinden beklentisinin d\u00fc\u015f\u00fck oldu\u011funu, ancak diplomasi kanallar\u0131n\u0131n a\u00e7\u0131k kalmas\u0131n\u0131n \u00f6nemli oldu\u011funu ifade etti.<\/p>\n<p>G\u00fcven art\u0131r\u0131c\u0131 \u00f6nlemler gibi konular\u0131n New York yerine yerinde \u00e7\u00f6z\u00fclmesi gerekti\u011fini belirten Erh\u00fcrman, yeni ge\u00e7i\u015f noktalar\u0131n\u0131n  a\u00e7\u0131lamamas\u0131n\u0131 ele\u015ftirdi.<\/p>\n<p>Cumhurba\u015fkanl\u0131\u011f\u0131 makam\u0131n\u0131n toplumun b\u00fct\u00fcn\u00fcn\u00fc temsil etmesi gerekti\u011fini s\u00f6yleyen Erh\u00fcrman, mevcut Cumhurba\u015fkan\u0131\u2019n\u0131n bu bilince ula\u015famad\u0131\u011f\u0131n\u0131 savundu. \u201c\u00c7\u00f6z\u00fcms\u00fczl\u00fck \u00e7\u00f6z\u00fcmd\u00fcr\u201d yakla\u015f\u0131m\u0131n\u0131n m\u00fclkiyet gibi alanlarda zemin kaybettirdi\u011fini kaydeden Erh\u00fcrman, sahada de\u011fi\u015fim arzusunun g\u00fc\u00e7l\u00fc oldu\u011funu savundu.<\/p>\n<p>T\u00fcrkiye ile enerji, g\u00fcvenlik ve deniz yetki alanlar\u0131 gibi konularda isti\u015fare ihtiyac\u0131 oldu\u011funu belirten Erh\u00fcrman, Cumhurba\u015fkan\u0131 se\u00e7ilmesi halinde bu meseleleri do\u011frudan ele alma hedefinde oldu\u011funu belirtti.<\/p>\n<p>\u201c\u0130ki e\u015fit kurucu devlet\u201d form\u00fcl\u00fcn\u00fcn i\u00e7eri\u011finin netle\u015ftirilmesi gerekti\u011fini s\u00f6yleyen Erh\u00fcrman, bu yap\u0131lar\u0131n halk\u0131n ve T\u00fcrkiye\u2019nin \u00e7\u0131kar\u0131na olup olmad\u0131\u011f\u0131n\u0131n tart\u0131\u015f\u0131lmas\u0131 gerekti\u011fini ifade etti.<\/p>\n<p>Erh\u00fcrman \u015f\u00f6yle konu\u015ftu:<\/p>\n<p>\u201c20 Temmuz t\u00f6renleri, se\u00e7imden bahsedilecek bir yer mi?\u2026 S\u00f6z konusu s\u00f6ylemler, Cumhurba\u015fkanl\u0131\u011f\u0131 makam\u0131na yak\u0131\u015fan davran\u0131\u015flar de\u011fil; ben bu \u00e7\u0131k\u0131\u015flara yan\u0131t vermedim \u00e7\u00fcnk\u00fc bu, makam\u0131n itibar\u0131n\u0131 zedeleyen bir tutumdur. Bunun hafifletilmesine ortak olacak de\u011filim\u201d. <\/p>\n<p> -\u201cDiyalog ve isti\u015fare\u201d<\/p>\n<p>Tufan Erh\u00fcrman, \u201cT\u00fcrkiye Cumhuriyeti ile diyalog kurma ihtiyac\u0131 hissetti\u011fim baz\u0131 konular var. \u2018\u0130ki e\u015fit kurucu devlet\u2019 ifadesi, Annan Plan\u0131\u2019nda da yer alm\u0131\u015ft\u0131. Bu form\u00fclasyon, \u2018iki devlet\u2019 s\u00f6ylemiyle ayn\u0131 anlama m\u0131 geliyor? Yoksa iki e\u015fit kurucu devletin de \u00f6tesinde, farkl\u0131 bir yap\u0131y\u0131 m\u0131 ifade ediyor? E\u011fer \u00f6yleyse, bu yap\u0131 ger\u00e7ekten K\u0131br\u0131s T\u00fcrk halk\u0131n\u0131n ve T\u00fcrkiye Cumhuriyeti\u2019nin \u00e7\u0131kar\u0131na m\u0131d\u0131r? Deniz yetki alanlar\u0131, hidrokarbon kaynaklar\u0131, enerji, deniz ticaret yollar\u0131 ve g\u00fcvenlik gibi konular, \u015fu anda oldu\u011fu gibi Hristodulidis\u2019in liderli\u011findeki G\u00fcney K\u0131br\u0131s\u2019\u0131n egemenlik alan\u0131nda m\u0131 kalacak? Do\u011fru olan, hidrokarbonlar konusunda iki toplumun da ortak olmas\u0131 ve bu kaynaklar\u0131n T\u00fcrkiye Cumhuriyeti \u00fczerinden d\u00fcnyaya ula\u015fmas\u0131, hem T\u00fcrkiye\u2019nin hem de K\u0131br\u0131s T\u00fcrk halk\u0131n\u0131n \u00e7\u0131kar\u0131na de\u011fil midir? \u0130\u015fte t\u00fcm bunlar\u0131 T\u00fcrkiye Cumhuriyeti ile diyalog ve isti\u015fare yoluyla konu\u015fma ihtiyac\u0131 hissediyorum. Ana muhalefet partisi ba\u015fkan\u0131yken bu konular\u0131 do\u011frudan konu\u015fma imk\u00e2n\u0131 yok; ancak Cumhurba\u015fkan\u0131 s\u0131fat\u0131yla bu meseleleri netle\u015ftirme ihtiyac\u0131 i\u00e7erisindeyim\u201d ifadelerini kulland\u0131.<\/p>\n<\/p><\/div>\n<p><script async\n                    defer\n                    crossorigin=\"anonymous\"\n                    src=\"https:\/\/connect.facebook.net\/tr_TR\/sdk.js#xfbml=1&#038;version=v3.3\"\n            ><\/script><br \/>\n<br \/><br \/>\n<br \/><a href=\"[kibrisdakik.com]\n<\/p>\n","protected":false},"excerpt":{"rendered":"<p>Cumhuriyet\u00e7i T\u00fcrk Partisi (CTP) Genel Ba\u015fkan\u0131 Tufan Erh\u00fcrman, K\u0131br\u0131s sorununda ilerleme sa\u011flanabilmesi i\u00e7in diyalogun ka\u00e7\u0131n\u0131lmaz oldu\u011funu vurgulayarak, liderler aras\u0131 g\u00f6r\u00fc\u015fmelerin somut sonu\u00e7 \u00fcretmedi\u011fini belirtti ve \u201cEn k\u00f6t\u00fc ortam diyalogsuzluktur\u201d dedi. CTP\u2019den verilen bilgiye g\u00f6re, Erh\u00fcrman kat\u0131ld\u0131\u011f\u0131 programda yapt\u0131\u011f\u0131 a\u00e7\u0131klamada, Cenevre ve New York zirvelerinden beklentisinin d\u00fc\u015f\u00fck oldu\u011funu, ancak diplomasi kanallar\u0131n\u0131n a\u00e7\u0131k kalmas\u0131n\u0131n \u00f6nemli oldu\u011funu ifade<\/p>\n","protected":false},"author":1,"featured_media":86844,"comment_status":"open","ping_status":"open","sticky":false,"template":"","format":"standard","meta":{"footnotes":""},"categories":[81,101],"tags":[],"class_list":["post-86843","post","type-post","status-publish","format-standard","has-post-thumbnail","hentry","category-kibris","category-manset"],"yoast_head":"<!-- This site is optimized with the Yoast SEO plugin v27.5 - https:\/\/yoast.com\/product\/yoast-seo-wordpress\/ -->\n<title>Erh\u00fcrman:Diyalog hem K\u0131br\u0131sl\u0131 T\u00fcrklerin hem T\u00fcrkiye\u2019nin \u00e7\u0131kar\u0131nad\u0131r -<\/title>\n<meta name=\"robots\" content=\"index, follow, max-snippet:-1, max-image-preview:large, max-video-preview:-1\" \/>\n<link rel=\"canonical\" href=\"https:\/\/kibrisdakik.com\/?p=86843\" \/>\n<meta property=\"og:locale\" content=\"tr_TR\" \/>\n<meta property=\"og:type\" content=\"article\" \/>\n<meta property=\"og:title\" content=\"Erh\u00fcrman:Diyalog hem K\u0131br\u0131sl\u0131 T\u00fcrklerin hem T\u00fcrkiye\u2019nin \u00e7\u0131kar\u0131nad\u0131r -\" \/>\n<meta property=\"og:description\" content=\"Cumhuriyet\u00e7i T\u00fcrk Partisi (CTP) Genel Ba\u015fkan\u0131 Tufan Erh\u00fcrman, K\u0131br\u0131s sorununda ilerleme sa\u011flanabilmesi i\u00e7in diyalogun ka\u00e7\u0131n\u0131lmaz oldu\u011funu vurgulayarak, liderler aras\u0131 g\u00f6r\u00fc\u015fmelerin somut sonu\u00e7 \u00fcretmedi\u011fini belirtti ve \u201cEn k\u00f6t\u00fc ortam diyalogsuzluktur\u201d dedi. CTP\u2019den verilen bilgiye g\u00f6re, Erh\u00fcrman kat\u0131ld\u0131\u011f\u0131 programda yapt\u0131\u011f\u0131 a\u00e7\u0131klamada, Cenevre ve New York zirvelerinden beklentisinin d\u00fc\u015f\u00fck oldu\u011funu, ancak diplomasi kanallar\u0131n\u0131n a\u00e7\u0131k kalmas\u0131n\u0131n \u00f6nemli oldu\u011funu ifade\" \/>\n<meta property=\"og:url\" content=\"https:\/\/kibrisdakik.com\/?p=86843\" \/>\n<meta property=\"article:published_time\" content=\"2025-07-22T18:49:04+00:00\" \/>\n<meta property=\"og:image\" content=\"https:\/\/kibrisdakik.com\/wp-content\/uploads\/2025\/07\/1751281790017Tufan-Erhurman--740x417.jpg\" \/>\n\t<meta property=\"og:image:width\" content=\"926\" \/>\n\t<meta property=\"og:image:height\" content=\"417\" \/>\n\t<meta property=\"og:image:type\" content=\"image\/jpeg\" \/>\n<meta name=\"author\" content=\"admin\" \/>\n<meta name=\"twitter:card\" content=\"summary_large_image\" \/>\n<meta name=\"twitter:label1\" content=\"Yazan:\" \/>\n\t<meta name=\"twitter:data1\" content=\"admin\" \/>\n\t<meta name=\"twitter:label2\" content=\"Tahmini okuma s\u00fcresi\" \/>\n\t<meta name=\"twitter:data2\" content=\"3 dakika\" \/>\n<script type=\"application\/ld+json\" class=\"yoast-schema-graph\">{\"@context\":\"https:\\\/\\\/schema.org\",\"@graph\":[{\"@type\":\"Article\",\"@id\":\"https:\\\/\\\/kibrisdakik.com\\\/?p=86843#article\",\"isPartOf\":{\"@id\":\"https:\\\/\\\/kibrisdakik.com\\\/?p=86843\"},\"author\":{\"name\":\"admin\",\"@id\":\"https:\\\/\\\/kibrisdakik.com\\\/#\\\/schema\\\/person\\\/9cd9d437bbb44f72b73ba127e06d8e79\"},\"headline\":\"Erh\u00fcrman:Diyalog hem K\u0131br\u0131sl\u0131 T\u00fcrklerin hem T\u00fcrkiye\u2019nin \u00e7\u0131kar\u0131nad\u0131r\",\"datePublished\":\"2025-07-22T18:49:04+00:00\",\"mainEntityOfPage\":{\"@id\":\"https:\\\/\\\/kibrisdakik.com\\\/?p=86843\"},\"wordCount\":527,\"commentCount\":0,\"image\":{\"@id\":\"https:\\\/\\\/kibrisdakik.com\\\/?p=86843#primaryimage\"},\"thumbnailUrl\":\"https:\\\/\\\/kibrisdakik.com\\\/wp-content\\\/uploads\\\/2025\\\/07\\\/1751281790017Tufan-Erhurman--740x417.jpg\",\"articleSection\":[\"K\u0131br\u0131s\",\"Man\u015fet\"],\"inLanguage\":\"tr\",\"potentialAction\":[{\"@type\":\"CommentAction\",\"name\":\"Comment\",\"target\":[\"https:\\\/\\\/kibrisdakik.com\\\/?p=86843#respond\"]}]},{\"@type\":\"WebPage\",\"@id\":\"https:\\\/\\\/kibrisdakik.com\\\/?p=86843\",\"url\":\"https:\\\/\\\/kibrisdakik.com\\\/?p=86843\",\"name\":\"Erh\u00fcrman:Diyalog hem K\u0131br\u0131sl\u0131 T\u00fcrklerin hem T\u00fcrkiye\u2019nin \u00e7\u0131kar\u0131nad\u0131r -\",\"isPartOf\":{\"@id\":\"https:\\\/\\\/kibrisdakik.com\\\/#website\"},\"primaryImageOfPage\":{\"@id\":\"https:\\\/\\\/kibrisdakik.com\\\/?p=86843#primaryimage\"},\"image\":{\"@id\":\"https:\\\/\\\/kibrisdakik.com\\\/?p=86843#primaryimage\"},\"thumbnailUrl\":\"https:\\\/\\\/kibrisdakik.com\\\/wp-content\\\/uploads\\\/2025\\\/07\\\/1751281790017Tufan-Erhurman--740x417.jpg\",\"datePublished\":\"2025-07-22T18:49:04+00:00\",\"author\":{\"@id\":\"https:\\\/\\\/kibrisdakik.com\\\/#\\\/schema\\\/person\\\/9cd9d437bbb44f72b73ba127e06d8e79\"},\"breadcrumb\":{\"@id\":\"https:\\\/\\\/kibrisdakik.com\\\/?p=86843#breadcrumb\"},\"inLanguage\":\"tr\",\"potentialAction\":[{\"@type\":\"ReadAction\",\"target\":[\"https:\\\/\\\/kibrisdakik.com\\\/?p=86843\"]}]},{\"@type\":\"ImageObject\",\"inLanguage\":\"tr\",\"@id\":\"https:\\\/\\\/kibrisdakik.com\\\/?p=86843#primaryimage\",\"url\":\"https:\\\/\\\/kibrisdakik.com\\\/wp-content\\\/uploads\\\/2025\\\/07\\\/1751281790017Tufan-Erhurman--740x417.jpg\",\"contentUrl\":\"https:\\\/\\\/kibrisdakik.com\\\/wp-content\\\/uploads\\\/2025\\\/07\\\/1751281790017Tufan-Erhurman--740x417.jpg\",\"width\":926,\"height\":417},{\"@type\":\"BreadcrumbList\",\"@id\":\"https:\\\/\\\/kibrisdakik.com\\\/?p=86843#breadcrumb\",\"itemListElement\":[{\"@type\":\"ListItem\",\"position\":1,\"name\":\"Home\",\"item\":\"https:\\\/\\\/kibrisdakik.com\\\/\"},{\"@type\":\"ListItem\",\"position\":2,\"name\":\"Erh\u00fcrman:Diyalog hem K\u0131br\u0131sl\u0131 T\u00fcrklerin hem T\u00fcrkiye\u2019nin \u00e7\u0131kar\u0131nad\u0131r\"}]},{\"@type\":\"WebSite\",\"@id\":\"https:\\\/\\\/kibrisdakik.com\\\/#website\",\"url\":\"https:\\\/\\\/kibrisdakik.com\\\/\",\"name\":\"\",\"description\":\"Tam vaktinde haber\",\"potentialAction\":[{\"@type\":\"SearchAction\",\"target\":{\"@type\":\"EntryPoint\",\"urlTemplate\":\"https:\\\/\\\/kibrisdakik.com\\\/?s={search_term_string}\"},\"query-input\":{\"@type\":\"PropertyValueSpecification\",\"valueRequired\":true,\"valueName\":\"search_term_string\"}}],\"inLanguage\":\"tr\"},{\"@type\":\"Person\",\"@id\":\"https:\\\/\\\/kibrisdakik.com\\\/#\\\/schema\\\/person\\\/9cd9d437bbb44f72b73ba127e06d8e79\",\"name\":\"admin\",\"image\":{\"@type\":\"ImageObject\",\"inLanguage\":\"tr\",\"@id\":\"https:\\\/\\\/secure.gravatar.com\\\/avatar\\\/ccc17943b9d660506c869530f897617f7cb1c21a4bf30023f252596d83e1f007?s=96&d=mm&r=g\",\"url\":\"https:\\\/\\\/secure.gravatar.com\\\/avatar\\\/ccc17943b9d660506c869530f897617f7cb1c21a4bf30023f252596d83e1f007?s=96&d=mm&r=g\",\"contentUrl\":\"https:\\\/\\\/secure.gravatar.com\\\/avatar\\\/ccc17943b9d660506c869530f897617f7cb1c21a4bf30023f252596d83e1f007?s=96&d=mm&r=g\",\"caption\":\"admin\"},\"sameAs\":[\"https:\\\/\\\/kibrisdakik.com\"],\"url\":\"https:\\\/\\\/kibrisdakik.com\\\/?author=1\"}]}<\/script>\n<!-- \/ Yoast SEO plugin. -->","yoast_head_json":{"title":"Erh\u00fcrman:Diyalog hem K\u0131br\u0131sl\u0131 T\u00fcrklerin hem T\u00fcrkiye\u2019nin \u00e7\u0131kar\u0131nad\u0131r -","robots":{"index":"index","follow":"follow","max-snippet":"max-snippet:-1","max-image-preview":"max-image-preview:large","max-video-preview":"max-video-preview:-1"},"canonical":"https:\/\/kibrisdakik.com\/?p=86843","og_locale":"tr_TR","og_type":"article","og_title":"Erh\u00fcrman:Diyalog hem K\u0131br\u0131sl\u0131 T\u00fcrklerin hem T\u00fcrkiye\u2019nin \u00e7\u0131kar\u0131nad\u0131r -","og_description":"Cumhuriyet\u00e7i T\u00fcrk Partisi (CTP) Genel Ba\u015fkan\u0131 Tufan Erh\u00fcrman, K\u0131br\u0131s sorununda ilerleme sa\u011flanabilmesi i\u00e7in diyalogun ka\u00e7\u0131n\u0131lmaz oldu\u011funu vurgulayarak, liderler aras\u0131 g\u00f6r\u00fc\u015fmelerin somut sonu\u00e7 \u00fcretmedi\u011fini belirtti ve \u201cEn k\u00f6t\u00fc ortam diyalogsuzluktur\u201d dedi. CTP\u2019den verilen bilgiye g\u00f6re, Erh\u00fcrman kat\u0131ld\u0131\u011f\u0131 programda yapt\u0131\u011f\u0131 a\u00e7\u0131klamada, Cenevre ve New York zirvelerinden beklentisinin d\u00fc\u015f\u00fck oldu\u011funu, ancak diplomasi kanallar\u0131n\u0131n a\u00e7\u0131k kalmas\u0131n\u0131n \u00f6nemli oldu\u011funu ifade","og_url":"https:\/\/kibrisdakik.com\/?p=86843","article_published_time":"2025-07-22T18:49:04+00:00","og_image":[{"width":926,"height":417,"url":"https:\/\/kibrisdakik.com\/wp-content\/uploads\/2025\/07\/1751281790017Tufan-Erhurman--740x417.jpg","type":"image\/jpeg"}],"author":"admin","twitter_card":"summary_large_image","twitter_misc":{"Yazan:":"admin","Tahmini okuma s\u00fcresi":"3 dakika"},"schema":{"@context":"https:\/\/schema.org","@graph":[{"@type":"Article","@id":"https:\/\/kibrisdakik.com\/?p=86843#article","isPartOf":{"@id":"https:\/\/kibrisdakik.com\/?p=86843"},"author":{"name":"admin","@id":"https:\/\/kibrisdakik.com\/#\/schema\/person\/9cd9d437bbb44f72b73ba127e06d8e79"},"headline":"Erh\u00fcrman:Diyalog hem K\u0131br\u0131sl\u0131 T\u00fcrklerin hem T\u00fcrkiye\u2019nin \u00e7\u0131kar\u0131nad\u0131r","datePublished":"2025-07-22T18:49:04+00:00","mainEntityOfPage":{"@id":"https:\/\/kibrisdakik.com\/?p=86843"},"wordCount":527,"commentCount":0,"image":{"@id":"https:\/\/kibrisdakik.com\/?p=86843#primaryimage"},"thumbnailUrl":"https:\/\/kibrisdakik.com\/wp-content\/uploads\/2025\/07\/1751281790017Tufan-Erhurman--740x417.jpg","articleSection":["K\u0131br\u0131s","Man\u015fet"],"inLanguage":"tr","potentialAction":[{"@type":"CommentAction","name":"Comment","target":["https:\/\/kibrisdakik.com\/?p=86843#respond"]}]},{"@type":"WebPage","@id":"https:\/\/kibrisdakik.com\/?p=86843","url":"https:\/\/kibrisdakik.com\/?p=86843","name":"Erh\u00fcrman:Diyalog hem K\u0131br\u0131sl\u0131 T\u00fcrklerin hem T\u00fcrkiye\u2019nin \u00e7\u0131kar\u0131nad\u0131r -","isPartOf":{"@id":"https:\/\/kibrisdakik.com\/#website"},"primaryImageOfPage":{"@id":"https:\/\/kibrisdakik.com\/?p=86843#primaryimage"},"image":{"@id":"https:\/\/kibrisdakik.com\/?p=86843#primaryimage"},"thumbnailUrl":"https:\/\/kibrisdakik.com\/wp-content\/uploads\/2025\/07\/1751281790017Tufan-Erhurman--740x417.jpg","datePublished":"2025-07-22T18:49:04+00:00","author":{"@id":"https:\/\/kibrisdakik.com\/#\/schema\/person\/9cd9d437bbb44f72b73ba127e06d8e79"},"breadcrumb":{"@id":"https:\/\/kibrisdakik.com\/?p=86843#breadcrumb"},"inLanguage":"tr","potentialAction":[{"@type":"ReadAction","target":["https:\/\/kibrisdakik.com\/?p=86843"]}]},{"@type":"ImageObject","inLanguage":"tr","@id":"https:\/\/kibrisdakik.com\/?p=86843#primaryimage","url":"https:\/\/kibrisdakik.com\/wp-content\/uploads\/2025\/07\/1751281790017Tufan-Erhurman--740x417.jpg","contentUrl":"https:\/\/kibrisdakik.com\/wp-content\/uploads\/2025\/07\/1751281790017Tufan-Erhurman--740x417.jpg","width":926,"height":417},{"@type":"BreadcrumbList","@id":"https:\/\/kibrisdakik.com\/?p=86843#breadcrumb","itemListElement":[{"@type":"ListItem","position":1,"name":"Home","item":"https:\/\/kibrisdakik.com\/"},{"@type":"ListItem","position":2,"name":"Erh\u00fcrman:Diyalog hem K\u0131br\u0131sl\u0131 T\u00fcrklerin hem T\u00fcrkiye\u2019nin \u00e7\u0131kar\u0131nad\u0131r"}]},{"@type":"WebSite","@id":"https:\/\/kibrisdakik.com\/#website","url":"https:\/\/kibrisdakik.com\/","name":"","description":"Tam vaktinde haber","potentialAction":[{"@type":"SearchAction","target":{"@type":"EntryPoint","urlTemplate":"https:\/\/kibrisdakik.com\/?s={search_term_string}"},"query-input":{"@type":"PropertyValueSpecification","valueRequired":true,"valueName":"search_term_string"}}],"inLanguage":"tr"},{"@type":"Person","@id":"https:\/\/kibrisdakik.com\/#\/schema\/person\/9cd9d437bbb44f72b73ba127e06d8e79","name":"admin","image":{"@type":"ImageObject","inLanguage":"tr","@id":"https:\/\/secure.gravatar.com\/avatar\/ccc17943b9d660506c869530f897617f7cb1c21a4bf30023f252596d83e1f007?s=96&d=mm&r=g","url":"https:\/\/secure.gravatar.com\/avatar\/ccc17943b9d660506c869530f897617f7cb1c21a4bf30023f252596d83e1f007?s=96&d=mm&r=g","contentUrl":"https:\/\/secure.gravatar.com\/avatar\/ccc17943b9d660506c869530f897617f7cb1c21a4bf30023f252596d83e1f007?s=96&d=mm&r=g","caption":"admin"},"sameAs":["https:\/\/kibrisdakik.com"],"url":"https:\/\/kibrisdakik.com\/?author=1"}]}},"_links":{"self":[{"href":"https:\/\/kibrisdakik.com\/index.php?rest_route=\/wp\/v2\/posts\/86843","targetHints":{"allow":["GET"]}}],"collection":[{"href":"https:\/\/kibrisdakik.com\/index.php?rest_route=\/wp\/v2\/posts"}],"about":[{"href":"https:\/\/kibrisdakik.com\/index.php?rest_route=\/wp\/v2\/types\/post"}],"author":[{"embeddable":true,"href":"https:\/\/kibrisdakik.com\/index.php?rest_route=\/wp\/v2\/users\/1"}],"replies":[{"embeddable":true,"href":"https:\/\/kibrisdakik.com\/index.php?rest_route=%2Fwp%2Fv2%2Fcomments&post=86843"}],"version-history":[{"count":0,"href":"https:\/\/kibrisdakik.com\/index.php?rest_route=\/wp\/v2\/posts\/86843\/revisions"}],"wp:featuredmedia":[{"embeddable":true,"href":"https:\/\/kibrisdakik.com\/index.php?rest_route=\/wp\/v2\/media\/86844"}],"wp:attachment":[{"href":"https:\/\/kibrisdakik.com\/index.php?rest_route=%2Fwp%2Fv2%2Fmedia&parent=86843"}],"wp:term":[{"taxonomy":"category","embeddable":true,"href":"https:\/\/kibrisdakik.com\/index.php?rest_route=%2Fwp%2Fv2%2Fcategories&post=86843"},{"taxonomy":"post_tag","embeddable":true,"href":"https:\/\/kibrisdakik.com\/index.php?rest_route=%2Fwp%2Fv2%2Ftags&post=86843"}],"curies":[{"name":"wp","href":"https:\/\/api.w.org\/{rel}","templated":true}]}}