{"id":86899,"date":"2025-07-23T22:23:03","date_gmt":"2025-07-23T19:23:03","guid":{"rendered":"https:\/\/kibrisdakik.com\/index.php\/2025\/07\/23\/cumhurbaskani-tatar-eskisehirde-meydana-gelen-yanginla-ilgili-taziye-mesaji-yayimladi\/"},"modified":"2025-07-23T22:23:03","modified_gmt":"2025-07-23T19:23:03","slug":"cumhurbaskani-tatar-eskisehirde-meydana-gelen-yanginla-ilgili-taziye-mesaji-yayimladi","status":"publish","type":"post","link":"https:\/\/kibrisdakik.com\/?p=86899","title":{"rendered":"Cumhurba\u015fkan\u0131  Tatar, Eski\u015fehir\u2019de meydana gelen yang\u0131nla ilgili taziye mesaj\u0131 yay\u0131mlad\u0131"},"content":{"rendered":"<p> <br \/>\n<\/p>\n<div>\n<div class=\"mariselle-image-container center\">\n                                            <\/div>\n<p>Cumhurba\u015fkan\u0131 Ersin Tatar, T\u00fcrkiye\u2019nin Eski\u015fehir ilinde meydana gelen yang\u0131nla ilgili taziye mesaj\u0131 yay\u0131mlad\u0131.<\/p>\n<p>Cumhurba\u015fkan\u0131 Tatar yaz\u0131l\u0131 mesaj\u0131nda \u015fu ifadelere yer verdi:<\/p>\n<p>\u201cEski\u015fehir\u2019de meydana gelen orman yang\u0131n\u0131na m\u00fcdahale ederken hayat\u0131n\u0131 kaybeden orman i\u015f\u00e7ilerimize Allah\u2019tan rahmet, kederli ailelerine ve milletimize ba\u015fsa\u011fl\u0131\u011f\u0131 diliyorum. <\/p>\n<p>Bu vesileyle, her alanda oldu\u011fu gibi orman yang\u0131nlar\u0131yla m\u00fccadele konusunda da Anavatan T\u00fcrkiye ile tam bir dayan\u0131\u015fma i\u00e7inde oldu\u011fumuzu vurguluyorum. <\/p>\n<p>\u0130nan\u0131yorum ki T\u00fcrkiye, mevsim ve iklim \u015fartlar\u0131 nedeniyle yayg\u0131nla\u015fan bu afetlerle m\u00fccadeleyi k\u0131sa s\u00fcrede ba\u015far\u0131yla sonu\u00e7land\u0131racakt\u0131r.\u201d<\/p>\n<\/p><\/div>\n<p><script async\n                    defer\n                    crossorigin=\"anonymous\"\n                    src=\"https:\/\/connect.facebook.net\/tr_TR\/sdk.js#xfbml=1&#038;version=v3.3\"\n            ><\/script><br \/>\n<br \/><br \/>\n<br \/><a href=\"[kibrisdakik.com]\n<\/p>\n","protected":false},"excerpt":{"rendered":"<p>Cumhurba\u015fkan\u0131 Ersin Tatar, T\u00fcrkiye\u2019nin Eski\u015fehir ilinde meydana gelen yang\u0131nla ilgili taziye mesaj\u0131 yay\u0131mlad\u0131. Cumhurba\u015fkan\u0131 Tatar yaz\u0131l\u0131 mesaj\u0131nda \u015fu ifadelere yer verdi: \u201cEski\u015fehir\u2019de meydana gelen orman yang\u0131n\u0131na m\u00fcdahale ederken hayat\u0131n\u0131 kaybeden orman i\u015f\u00e7ilerimize Allah\u2019tan rahmet, kederli ailelerine ve milletimize ba\u015fsa\u011fl\u0131\u011f\u0131 diliyorum. Bu vesileyle, her alanda oldu\u011fu gibi orman yang\u0131nlar\u0131yla m\u00fccadele konusunda da Anavatan T\u00fcrkiye ile tam<\/p>\n","protected":false},"author":1,"featured_media":86900,"comment_status":"open","ping_status":"open","sticky":false,"template":"","format":"standard","meta":{"footnotes":""},"categories":[81,101],"tags":[],"class_list":["post-86899","post","type-post","status-publish","format-standard","has-post-thumbnail","hentry","category-kibris","category-manset"],"yoast_head":"<!-- This site is optimized with the Yoast SEO plugin v27.5 - https:\/\/yoast.com\/product\/yoast-seo-wordpress\/ -->\n<title>Cumhurba\u015fkan\u0131 Tatar, Eski\u015fehir\u2019de meydana gelen yang\u0131nla ilgili taziye mesaj\u0131 yay\u0131mlad\u0131 -<\/title>\n<meta name=\"robots\" content=\"index, follow, max-snippet:-1, max-image-preview:large, max-video-preview:-1\" \/>\n<link rel=\"canonical\" href=\"https:\/\/kibrisdakik.com\/?p=86899\" \/>\n<meta property=\"og:locale\" content=\"tr_TR\" \/>\n<meta property=\"og:type\" content=\"article\" \/>\n<meta property=\"og:title\" content=\"Cumhurba\u015fkan\u0131 Tatar, Eski\u015fehir\u2019de meydana gelen yang\u0131nla ilgili taziye mesaj\u0131 yay\u0131mlad\u0131 -\" \/>\n<meta property=\"og:description\" content=\"Cumhurba\u015fkan\u0131 Ersin Tatar, T\u00fcrkiye\u2019nin Eski\u015fehir ilinde meydana gelen yang\u0131nla ilgili taziye mesaj\u0131 yay\u0131mlad\u0131. Cumhurba\u015fkan\u0131 Tatar yaz\u0131l\u0131 mesaj\u0131nda \u015fu ifadelere yer verdi: \u201cEski\u015fehir\u2019de meydana gelen orman yang\u0131n\u0131na m\u00fcdahale ederken hayat\u0131n\u0131 kaybeden orman i\u015f\u00e7ilerimize Allah\u2019tan rahmet, kederli ailelerine ve milletimize ba\u015fsa\u011fl\u0131\u011f\u0131 diliyorum. Bu vesileyle, her alanda oldu\u011fu gibi orman yang\u0131nlar\u0131yla m\u00fccadele konusunda da Anavatan T\u00fcrkiye ile tam\" \/>\n<meta property=\"og:url\" content=\"https:\/\/kibrisdakik.com\/?p=86899\" \/>\n<meta property=\"article:published_time\" content=\"2025-07-23T19:23:03+00:00\" \/>\n<meta property=\"og:image\" content=\"https:\/\/kibrisdakik.com\/wp-content\/uploads\/2025\/07\/ersin-tatar-YAZI-YAZARKEN-1536x900-1-696x408-1-1-1.jpeg\" \/>\n\t<meta property=\"og:image:width\" content=\"696\" \/>\n\t<meta property=\"og:image:height\" content=\"408\" \/>\n\t<meta property=\"og:image:type\" content=\"image\/jpeg\" \/>\n<meta name=\"author\" content=\"admin\" \/>\n<meta name=\"twitter:card\" content=\"summary_large_image\" \/>\n<meta name=\"twitter:label1\" content=\"Yazan:\" \/>\n\t<meta name=\"twitter:data1\" content=\"admin\" \/>\n\t<meta name=\"twitter:label2\" content=\"Tahmini okuma s\u00fcresi\" \/>\n\t<meta name=\"twitter:data2\" content=\"1 dakika\" \/>\n<script type=\"application\/ld+json\" class=\"yoast-schema-graph\">{\"@context\":\"https:\\\/\\\/schema.org\",\"@graph\":[{\"@type\":\"Article\",\"@id\":\"https:\\\/\\\/kibrisdakik.com\\\/?p=86899#article\",\"isPartOf\":{\"@id\":\"https:\\\/\\\/kibrisdakik.com\\\/?p=86899\"},\"author\":{\"name\":\"admin\",\"@id\":\"https:\\\/\\\/kibrisdakik.com\\\/#\\\/schema\\\/person\\\/9cd9d437bbb44f72b73ba127e06d8e79\"},\"headline\":\"Cumhurba\u015fkan\u0131 Tatar, Eski\u015fehir\u2019de meydana gelen yang\u0131nla ilgili taziye mesaj\u0131 yay\u0131mlad\u0131\",\"datePublished\":\"2025-07-23T19:23:03+00:00\",\"mainEntityOfPage\":{\"@id\":\"https:\\\/\\\/kibrisdakik.com\\\/?p=86899\"},\"wordCount\":132,\"commentCount\":0,\"image\":{\"@id\":\"https:\\\/\\\/kibrisdakik.com\\\/?p=86899#primaryimage\"},\"thumbnailUrl\":\"https:\\\/\\\/kibrisdakik.com\\\/wp-content\\\/uploads\\\/2025\\\/07\\\/ersin-tatar-YAZI-YAZARKEN-1536x900-1-696x408-1-1-1.jpeg\",\"articleSection\":[\"K\u0131br\u0131s\",\"Man\u015fet\"],\"inLanguage\":\"tr\",\"potentialAction\":[{\"@type\":\"CommentAction\",\"name\":\"Comment\",\"target\":[\"https:\\\/\\\/kibrisdakik.com\\\/?p=86899#respond\"]}]},{\"@type\":\"WebPage\",\"@id\":\"https:\\\/\\\/kibrisdakik.com\\\/?p=86899\",\"url\":\"https:\\\/\\\/kibrisdakik.com\\\/?p=86899\",\"name\":\"Cumhurba\u015fkan\u0131 Tatar, Eski\u015fehir\u2019de meydana gelen yang\u0131nla ilgili taziye mesaj\u0131 yay\u0131mlad\u0131 -\",\"isPartOf\":{\"@id\":\"https:\\\/\\\/kibrisdakik.com\\\/#website\"},\"primaryImageOfPage\":{\"@id\":\"https:\\\/\\\/kibrisdakik.com\\\/?p=86899#primaryimage\"},\"image\":{\"@id\":\"https:\\\/\\\/kibrisdakik.com\\\/?p=86899#primaryimage\"},\"thumbnailUrl\":\"https:\\\/\\\/kibrisdakik.com\\\/wp-content\\\/uploads\\\/2025\\\/07\\\/ersin-tatar-YAZI-YAZARKEN-1536x900-1-696x408-1-1-1.jpeg\",\"datePublished\":\"2025-07-23T19:23:03+00:00\",\"author\":{\"@id\":\"https:\\\/\\\/kibrisdakik.com\\\/#\\\/schema\\\/person\\\/9cd9d437bbb44f72b73ba127e06d8e79\"},\"breadcrumb\":{\"@id\":\"https:\\\/\\\/kibrisdakik.com\\\/?p=86899#breadcrumb\"},\"inLanguage\":\"tr\",\"potentialAction\":[{\"@type\":\"ReadAction\",\"target\":[\"https:\\\/\\\/kibrisdakik.com\\\/?p=86899\"]}]},{\"@type\":\"ImageObject\",\"inLanguage\":\"tr\",\"@id\":\"https:\\\/\\\/kibrisdakik.com\\\/?p=86899#primaryimage\",\"url\":\"https:\\\/\\\/kibrisdakik.com\\\/wp-content\\\/uploads\\\/2025\\\/07\\\/ersin-tatar-YAZI-YAZARKEN-1536x900-1-696x408-1-1-1.jpeg\",\"contentUrl\":\"https:\\\/\\\/kibrisdakik.com\\\/wp-content\\\/uploads\\\/2025\\\/07\\\/ersin-tatar-YAZI-YAZARKEN-1536x900-1-696x408-1-1-1.jpeg\",\"width\":696,\"height\":408},{\"@type\":\"BreadcrumbList\",\"@id\":\"https:\\\/\\\/kibrisdakik.com\\\/?p=86899#breadcrumb\",\"itemListElement\":[{\"@type\":\"ListItem\",\"position\":1,\"name\":\"Home\",\"item\":\"https:\\\/\\\/kibrisdakik.com\\\/\"},{\"@type\":\"ListItem\",\"position\":2,\"name\":\"Cumhurba\u015fkan\u0131 Tatar, Eski\u015fehir\u2019de meydana gelen yang\u0131nla ilgili taziye mesaj\u0131 yay\u0131mlad\u0131\"}]},{\"@type\":\"WebSite\",\"@id\":\"https:\\\/\\\/kibrisdakik.com\\\/#website\",\"url\":\"https:\\\/\\\/kibrisdakik.com\\\/\",\"name\":\"\",\"description\":\"Tam vaktinde haber\",\"potentialAction\":[{\"@type\":\"SearchAction\",\"target\":{\"@type\":\"EntryPoint\",\"urlTemplate\":\"https:\\\/\\\/kibrisdakik.com\\\/?s={search_term_string}\"},\"query-input\":{\"@type\":\"PropertyValueSpecification\",\"valueRequired\":true,\"valueName\":\"search_term_string\"}}],\"inLanguage\":\"tr\"},{\"@type\":\"Person\",\"@id\":\"https:\\\/\\\/kibrisdakik.com\\\/#\\\/schema\\\/person\\\/9cd9d437bbb44f72b73ba127e06d8e79\",\"name\":\"admin\",\"image\":{\"@type\":\"ImageObject\",\"inLanguage\":\"tr\",\"@id\":\"https:\\\/\\\/secure.gravatar.com\\\/avatar\\\/ccc17943b9d660506c869530f897617f7cb1c21a4bf30023f252596d83e1f007?s=96&d=mm&r=g\",\"url\":\"https:\\\/\\\/secure.gravatar.com\\\/avatar\\\/ccc17943b9d660506c869530f897617f7cb1c21a4bf30023f252596d83e1f007?s=96&d=mm&r=g\",\"contentUrl\":\"https:\\\/\\\/secure.gravatar.com\\\/avatar\\\/ccc17943b9d660506c869530f897617f7cb1c21a4bf30023f252596d83e1f007?s=96&d=mm&r=g\",\"caption\":\"admin\"},\"sameAs\":[\"https:\\\/\\\/kibrisdakik.com\"],\"url\":\"https:\\\/\\\/kibrisdakik.com\\\/?author=1\"}]}<\/script>\n<!-- \/ Yoast SEO plugin. -->","yoast_head_json":{"title":"Cumhurba\u015fkan\u0131 Tatar, Eski\u015fehir\u2019de meydana gelen yang\u0131nla ilgili taziye mesaj\u0131 yay\u0131mlad\u0131 -","robots":{"index":"index","follow":"follow","max-snippet":"max-snippet:-1","max-image-preview":"max-image-preview:large","max-video-preview":"max-video-preview:-1"},"canonical":"https:\/\/kibrisdakik.com\/?p=86899","og_locale":"tr_TR","og_type":"article","og_title":"Cumhurba\u015fkan\u0131 Tatar, Eski\u015fehir\u2019de meydana gelen yang\u0131nla ilgili taziye mesaj\u0131 yay\u0131mlad\u0131 -","og_description":"Cumhurba\u015fkan\u0131 Ersin Tatar, T\u00fcrkiye\u2019nin Eski\u015fehir ilinde meydana gelen yang\u0131nla ilgili taziye mesaj\u0131 yay\u0131mlad\u0131. Cumhurba\u015fkan\u0131 Tatar yaz\u0131l\u0131 mesaj\u0131nda \u015fu ifadelere yer verdi: \u201cEski\u015fehir\u2019de meydana gelen orman yang\u0131n\u0131na m\u00fcdahale ederken hayat\u0131n\u0131 kaybeden orman i\u015f\u00e7ilerimize Allah\u2019tan rahmet, kederli ailelerine ve milletimize ba\u015fsa\u011fl\u0131\u011f\u0131 diliyorum. Bu vesileyle, her alanda oldu\u011fu gibi orman yang\u0131nlar\u0131yla m\u00fccadele konusunda da Anavatan T\u00fcrkiye ile tam","og_url":"https:\/\/kibrisdakik.com\/?p=86899","article_published_time":"2025-07-23T19:23:03+00:00","og_image":[{"width":696,"height":408,"url":"https:\/\/kibrisdakik.com\/wp-content\/uploads\/2025\/07\/ersin-tatar-YAZI-YAZARKEN-1536x900-1-696x408-1-1-1.jpeg","type":"image\/jpeg"}],"author":"admin","twitter_card":"summary_large_image","twitter_misc":{"Yazan:":"admin","Tahmini okuma s\u00fcresi":"1 dakika"},"schema":{"@context":"https:\/\/schema.org","@graph":[{"@type":"Article","@id":"https:\/\/kibrisdakik.com\/?p=86899#article","isPartOf":{"@id":"https:\/\/kibrisdakik.com\/?p=86899"},"author":{"name":"admin","@id":"https:\/\/kibrisdakik.com\/#\/schema\/person\/9cd9d437bbb44f72b73ba127e06d8e79"},"headline":"Cumhurba\u015fkan\u0131 Tatar, Eski\u015fehir\u2019de meydana gelen yang\u0131nla ilgili taziye mesaj\u0131 yay\u0131mlad\u0131","datePublished":"2025-07-23T19:23:03+00:00","mainEntityOfPage":{"@id":"https:\/\/kibrisdakik.com\/?p=86899"},"wordCount":132,"commentCount":0,"image":{"@id":"https:\/\/kibrisdakik.com\/?p=86899#primaryimage"},"thumbnailUrl":"https:\/\/kibrisdakik.com\/wp-content\/uploads\/2025\/07\/ersin-tatar-YAZI-YAZARKEN-1536x900-1-696x408-1-1-1.jpeg","articleSection":["K\u0131br\u0131s","Man\u015fet"],"inLanguage":"tr","potentialAction":[{"@type":"CommentAction","name":"Comment","target":["https:\/\/kibrisdakik.com\/?p=86899#respond"]}]},{"@type":"WebPage","@id":"https:\/\/kibrisdakik.com\/?p=86899","url":"https:\/\/kibrisdakik.com\/?p=86899","name":"Cumhurba\u015fkan\u0131 Tatar, Eski\u015fehir\u2019de meydana gelen yang\u0131nla ilgili taziye mesaj\u0131 yay\u0131mlad\u0131 -","isPartOf":{"@id":"https:\/\/kibrisdakik.com\/#website"},"primaryImageOfPage":{"@id":"https:\/\/kibrisdakik.com\/?p=86899#primaryimage"},"image":{"@id":"https:\/\/kibrisdakik.com\/?p=86899#primaryimage"},"thumbnailUrl":"https:\/\/kibrisdakik.com\/wp-content\/uploads\/2025\/07\/ersin-tatar-YAZI-YAZARKEN-1536x900-1-696x408-1-1-1.jpeg","datePublished":"2025-07-23T19:23:03+00:00","author":{"@id":"https:\/\/kibrisdakik.com\/#\/schema\/person\/9cd9d437bbb44f72b73ba127e06d8e79"},"breadcrumb":{"@id":"https:\/\/kibrisdakik.com\/?p=86899#breadcrumb"},"inLanguage":"tr","potentialAction":[{"@type":"ReadAction","target":["https:\/\/kibrisdakik.com\/?p=86899"]}]},{"@type":"ImageObject","inLanguage":"tr","@id":"https:\/\/kibrisdakik.com\/?p=86899#primaryimage","url":"https:\/\/kibrisdakik.com\/wp-content\/uploads\/2025\/07\/ersin-tatar-YAZI-YAZARKEN-1536x900-1-696x408-1-1-1.jpeg","contentUrl":"https:\/\/kibrisdakik.com\/wp-content\/uploads\/2025\/07\/ersin-tatar-YAZI-YAZARKEN-1536x900-1-696x408-1-1-1.jpeg","width":696,"height":408},{"@type":"BreadcrumbList","@id":"https:\/\/kibrisdakik.com\/?p=86899#breadcrumb","itemListElement":[{"@type":"ListItem","position":1,"name":"Home","item":"https:\/\/kibrisdakik.com\/"},{"@type":"ListItem","position":2,"name":"Cumhurba\u015fkan\u0131 Tatar, Eski\u015fehir\u2019de meydana gelen yang\u0131nla ilgili taziye mesaj\u0131 yay\u0131mlad\u0131"}]},{"@type":"WebSite","@id":"https:\/\/kibrisdakik.com\/#website","url":"https:\/\/kibrisdakik.com\/","name":"","description":"Tam vaktinde haber","potentialAction":[{"@type":"SearchAction","target":{"@type":"EntryPoint","urlTemplate":"https:\/\/kibrisdakik.com\/?s={search_term_string}"},"query-input":{"@type":"PropertyValueSpecification","valueRequired":true,"valueName":"search_term_string"}}],"inLanguage":"tr"},{"@type":"Person","@id":"https:\/\/kibrisdakik.com\/#\/schema\/person\/9cd9d437bbb44f72b73ba127e06d8e79","name":"admin","image":{"@type":"ImageObject","inLanguage":"tr","@id":"https:\/\/secure.gravatar.com\/avatar\/ccc17943b9d660506c869530f897617f7cb1c21a4bf30023f252596d83e1f007?s=96&d=mm&r=g","url":"https:\/\/secure.gravatar.com\/avatar\/ccc17943b9d660506c869530f897617f7cb1c21a4bf30023f252596d83e1f007?s=96&d=mm&r=g","contentUrl":"https:\/\/secure.gravatar.com\/avatar\/ccc17943b9d660506c869530f897617f7cb1c21a4bf30023f252596d83e1f007?s=96&d=mm&r=g","caption":"admin"},"sameAs":["https:\/\/kibrisdakik.com"],"url":"https:\/\/kibrisdakik.com\/?author=1"}]}},"_links":{"self":[{"href":"https:\/\/kibrisdakik.com\/index.php?rest_route=\/wp\/v2\/posts\/86899","targetHints":{"allow":["GET"]}}],"collection":[{"href":"https:\/\/kibrisdakik.com\/index.php?rest_route=\/wp\/v2\/posts"}],"about":[{"href":"https:\/\/kibrisdakik.com\/index.php?rest_route=\/wp\/v2\/types\/post"}],"author":[{"embeddable":true,"href":"https:\/\/kibrisdakik.com\/index.php?rest_route=\/wp\/v2\/users\/1"}],"replies":[{"embeddable":true,"href":"https:\/\/kibrisdakik.com\/index.php?rest_route=%2Fwp%2Fv2%2Fcomments&post=86899"}],"version-history":[{"count":0,"href":"https:\/\/kibrisdakik.com\/index.php?rest_route=\/wp\/v2\/posts\/86899\/revisions"}],"wp:featuredmedia":[{"embeddable":true,"href":"https:\/\/kibrisdakik.com\/index.php?rest_route=\/wp\/v2\/media\/86900"}],"wp:attachment":[{"href":"https:\/\/kibrisdakik.com\/index.php?rest_route=%2Fwp%2Fv2%2Fmedia&parent=86899"}],"wp:term":[{"taxonomy":"category","embeddable":true,"href":"https:\/\/kibrisdakik.com\/index.php?rest_route=%2Fwp%2Fv2%2Fcategories&post=86899"},{"taxonomy":"post_tag","embeddable":true,"href":"https:\/\/kibrisdakik.com\/index.php?rest_route=%2Fwp%2Fv2%2Ftags&post=86899"}],"curies":[{"name":"wp","href":"https:\/\/api.w.org\/{rel}","templated":true}]}}