{"id":86901,"date":"2025-07-23T22:45:03","date_gmt":"2025-07-23T19:45:03","guid":{"rendered":"https:\/\/kibrisdakik.com\/index.php\/2025\/07\/23\/ozturkler-eskisehirdeki-orman-yangini-sehitleri-icin-taziye-mesaji-yayimladilimasoldaki-yangini-da-uzuntuyle-takip-ettiklerini-soyledi\/"},"modified":"2025-07-23T22:45:03","modified_gmt":"2025-07-23T19:45:03","slug":"ozturkler-eskisehirdeki-orman-yangini-sehitleri-icin-taziye-mesaji-yayimladilimasoldaki-yangini-da-uzuntuyle-takip-ettiklerini-soyledi","status":"publish","type":"post","link":"https:\/\/kibrisdakik.com\/?p=86901","title":{"rendered":"\u00d6zt\u00fcrkler Eski\u015fehir\u2019deki orman yang\u0131n\u0131 \u015fehitleri i\u00e7in taziye mesaj\u0131 yay\u0131mlad\u0131,Limasol\u2019daki yang\u0131n\u0131 da \u00fcz\u00fcnt\u00fcyle takip ettiklerini s\u00f6yledi"},"content":{"rendered":"<p> <br \/>\n<\/p>\n<div>\n<div class=\"mariselle-image-container center\">\n                                            <\/div>\n<p>Cumhuriyet Meclisi Ba\u015fkan\u0131 Ziya \u00d6zt\u00fcrkler, Anavatan T\u00fcrkiye\u2019de ve G\u00fcney K\u0131br\u0131s\u2019ta etkili olan orman yang\u0131nlar\u0131n\u0131n b\u00fcy\u00fcmesi \u00fczerine yaz\u0131l\u0131 bir a\u00e7\u0131klamada bulundu. <\/p>\n<p>\u00d6zt\u00fcrkler, T\u00fcrkiye\u2019de \u00f6zellikle Eski\u015fehir\u2019in Seyitgazi il\u00e7esinde ba\u015flay\u0131p Afyonkarahisar\u2019\u0131n \u0130hsaniye il\u00e7esine s\u0131\u00e7rayan yang\u0131n\u0131n \u015fiddetle devam etti\u011fini belirtti.<\/p>\n<p>Yang\u0131na m\u00fcdahale s\u0131ras\u0131nda alevlerin aras\u0131nda kalan 10 i\u015f\u00e7i ve AKUT g\u00f6n\u00fcll\u00fcs\u00fcn\u00fcn \u015fehit oldu\u011funu \u00fcz\u00fcnt\u00fcyle \u00f6\u011frendi\u011fini dile getiren \u00d6zt\u00fcrkler, \u201cHayatlar\u0131n\u0131 kaybeden t\u00fcm kahramanlara Allah\u2019tan rahmet diliyorum. T\u00fcrkiye\u2019nin ac\u0131s\u0131n\u0131 kalpten payla\u015f\u0131yor, milletimize ba\u015fsa\u011fl\u0131\u011f\u0131 ve ge\u00e7mi\u015f olsun dileklerimi iletiyorum\u201d ifadelerini kulland\u0131.<\/p>\n<p><strong>G\u00dcNEY KIBRIS\u2019TAK\u0130 YANGINI \u00dcZ\u00dcNT\u00dcYLE TAK\u0130P ED\u0130YORUZ<\/strong><\/p>\n<p>Cumhuriyet Meclisi Ba\u015fkan\u0131 Ziya \u00d6zt\u00fcrkler, Limasol\u2019un da\u011fl\u0131k b\u00f6lgelerinde s\u00fcren ve hen\u00fcz kontrol alt\u0131na al\u0131namayan yang\u0131n\u0131 da \u00fcz\u00fcnt\u00fcyle takip ettiklerini belirtti. <\/p>\n<p>S\u00f6z konusu yang\u0131n sebebiyle 11 k\u00f6y\u00fcn tahliye edildi\u011fini ve bir vatanda\u015f\u0131n yaraland\u0131\u011f\u0131n\u0131 hat\u0131rlatan Ba\u015fkan, b\u00f6lge sakinlerine ge\u00e7mi\u015f olsun dileklerini iletti.<\/p>\n<p>\u00d6zt\u00fcrkler, yang\u0131nlar\u0131n daha fazla yay\u0131lmadan kontrol alt\u0131na al\u0131nabilmesi i\u00e7in i\u015f birli\u011fi \u00e7a\u011fr\u0131s\u0131nda bulunarak G\u00fcney K\u0131br\u0131s\u2019\u0131n Cumhurba\u015fkan\u0131 Ersin Tatar\u2019\u0131n yard\u0131m teklifine olumlu yan\u0131t vermesini istedi.<\/p>\n<p>\u00d6zt\u00fcrkler, yang\u0131nlar\u0131n daha fazla yay\u0131lmadan kontrol alt\u0131na al\u0131nabilmesi i\u00e7in i\u015f birli\u011fi \u00e7a\u011fr\u0131s\u0131nda bulunarak, Cumhurba\u015fkan\u0131 Ersin Tatar\u2019\u0131n G\u00fcney K\u0131br\u0131s\u2019a yard\u0131m teklifinde bulunmas\u0131n\u0131 \u00f6nemli bir ad\u0131m olarak de\u011ferlendirdi. G\u00fcney K\u0131br\u0131s\u2019\u0131n bu teklife olumlu yan\u0131t vermesini beklediklerini ifade etti.<\/p>\n<p>\u00d6zt\u00fcrkler \u201cB\u00f6ylesi ola\u011fan\u00fcst\u00fc durumlarda dayan\u0131\u015fma ve h\u0131zl\u0131 ileti\u015fim hayati rol oynamaktad\u0131r\u201d dedi.<\/p>\n<p>Ziya \u00d6zt\u00fcrkler, her iki b\u00f6lgede de yang\u0131nla m\u00fccadele eden ekiplerin \u00fcst\u00fcn gayretini takdir etti\u011fini ifade ederek, bir an \u00f6nce yang\u0131nlar\u0131n tamamen s\u00f6nd\u00fcr\u00fclmesini temenni etti.<\/p>\n<\/p><\/div>\n<p><script async\n                    defer\n                    crossorigin=\"anonymous\"\n                    src=\"https:\/\/connect.facebook.net\/tr_TR\/sdk.js#xfbml=1&#038;version=v3.3\"\n            ><\/script><br \/>\n<br \/><br \/>\n<br \/><a href=\"[kibrisdakik.com]\n<\/p>\n","protected":false},"excerpt":{"rendered":"<p>Cumhuriyet Meclisi Ba\u015fkan\u0131 Ziya \u00d6zt\u00fcrkler, Anavatan T\u00fcrkiye\u2019de ve G\u00fcney K\u0131br\u0131s\u2019ta etkili olan orman yang\u0131nlar\u0131n\u0131n b\u00fcy\u00fcmesi \u00fczerine yaz\u0131l\u0131 bir a\u00e7\u0131klamada bulundu. \u00d6zt\u00fcrkler, T\u00fcrkiye\u2019de \u00f6zellikle Eski\u015fehir\u2019in Seyitgazi il\u00e7esinde ba\u015flay\u0131p Afyonkarahisar\u2019\u0131n \u0130hsaniye il\u00e7esine s\u0131\u00e7rayan yang\u0131n\u0131n \u015fiddetle devam etti\u011fini belirtti. Yang\u0131na m\u00fcdahale s\u0131ras\u0131nda alevlerin aras\u0131nda kalan 10 i\u015f\u00e7i ve AKUT g\u00f6n\u00fcll\u00fcs\u00fcn\u00fcn \u015fehit oldu\u011funu \u00fcz\u00fcnt\u00fcyle \u00f6\u011frendi\u011fini dile getiren \u00d6zt\u00fcrkler, \u201cHayatlar\u0131n\u0131<\/p>\n","protected":false},"author":1,"featured_media":86902,"comment_status":"open","ping_status":"open","sticky":false,"template":"","format":"standard","meta":{"footnotes":""},"categories":[81,101],"tags":[],"class_list":["post-86901","post","type-post","status-publish","format-standard","has-post-thumbnail","hentry","category-kibris","category-manset"],"yoast_head":"<!-- This site is optimized with the Yoast SEO plugin v27.5 - https:\/\/yoast.com\/product\/yoast-seo-wordpress\/ -->\n<title>\u00d6zt\u00fcrkler Eski\u015fehir\u2019deki orman yang\u0131n\u0131 \u015fehitleri i\u00e7in taziye mesaj\u0131 yay\u0131mlad\u0131,Limasol\u2019daki yang\u0131n\u0131 da \u00fcz\u00fcnt\u00fcyle takip ettiklerini s\u00f6yledi -<\/title>\n<meta name=\"robots\" content=\"index, follow, max-snippet:-1, max-image-preview:large, max-video-preview:-1\" \/>\n<link rel=\"canonical\" href=\"https:\/\/kibrisdakik.com\/?p=86901\" \/>\n<meta property=\"og:locale\" content=\"tr_TR\" \/>\n<meta property=\"og:type\" content=\"article\" \/>\n<meta property=\"og:title\" content=\"\u00d6zt\u00fcrkler Eski\u015fehir\u2019deki orman yang\u0131n\u0131 \u015fehitleri i\u00e7in taziye mesaj\u0131 yay\u0131mlad\u0131,Limasol\u2019daki yang\u0131n\u0131 da \u00fcz\u00fcnt\u00fcyle takip ettiklerini s\u00f6yledi -\" \/>\n<meta property=\"og:description\" content=\"Cumhuriyet Meclisi Ba\u015fkan\u0131 Ziya \u00d6zt\u00fcrkler, Anavatan T\u00fcrkiye\u2019de ve G\u00fcney K\u0131br\u0131s\u2019ta etkili olan orman yang\u0131nlar\u0131n\u0131n b\u00fcy\u00fcmesi \u00fczerine yaz\u0131l\u0131 bir a\u00e7\u0131klamada bulundu. \u00d6zt\u00fcrkler, T\u00fcrkiye\u2019de \u00f6zellikle Eski\u015fehir\u2019in Seyitgazi il\u00e7esinde ba\u015flay\u0131p Afyonkarahisar\u2019\u0131n \u0130hsaniye il\u00e7esine s\u0131\u00e7rayan yang\u0131n\u0131n \u015fiddetle devam etti\u011fini belirtti. Yang\u0131na m\u00fcdahale s\u0131ras\u0131nda alevlerin aras\u0131nda kalan 10 i\u015f\u00e7i ve AKUT g\u00f6n\u00fcll\u00fcs\u00fcn\u00fcn \u015fehit oldu\u011funu \u00fcz\u00fcnt\u00fcyle \u00f6\u011frendi\u011fini dile getiren \u00d6zt\u00fcrkler, \u201cHayatlar\u0131n\u0131\" \/>\n<meta property=\"og:url\" content=\"https:\/\/kibrisdakik.com\/?p=86901\" \/>\n<meta property=\"article:published_time\" content=\"2025-07-23T19:45:03+00:00\" \/>\n<meta property=\"og:image\" content=\"https:\/\/kibrisdakik.com\/wp-content\/uploads\/2025\/07\/1753299930_ziyaaaaaaaaaaaaaaaatma-740x420.jpg\" \/>\n\t<meta property=\"og:image:width\" content=\"1600\" \/>\n\t<meta property=\"og:image:height\" content=\"1066\" \/>\n\t<meta property=\"og:image:type\" content=\"image\/jpeg\" \/>\n<meta name=\"author\" content=\"admin\" \/>\n<meta name=\"twitter:card\" content=\"summary_large_image\" \/>\n<meta name=\"twitter:label1\" content=\"Yazan:\" \/>\n\t<meta name=\"twitter:data1\" content=\"admin\" \/>\n\t<meta name=\"twitter:label2\" content=\"Tahmini okuma s\u00fcresi\" \/>\n\t<meta name=\"twitter:data2\" content=\"2 dakika\" \/>\n<script type=\"application\/ld+json\" class=\"yoast-schema-graph\">{\"@context\":\"https:\\\/\\\/schema.org\",\"@graph\":[{\"@type\":\"Article\",\"@id\":\"https:\\\/\\\/kibrisdakik.com\\\/?p=86901#article\",\"isPartOf\":{\"@id\":\"https:\\\/\\\/kibrisdakik.com\\\/?p=86901\"},\"author\":{\"name\":\"admin\",\"@id\":\"https:\\\/\\\/kibrisdakik.com\\\/#\\\/schema\\\/person\\\/9cd9d437bbb44f72b73ba127e06d8e79\"},\"headline\":\"\u00d6zt\u00fcrkler Eski\u015fehir\u2019deki orman yang\u0131n\u0131 \u015fehitleri i\u00e7in taziye mesaj\u0131 yay\u0131mlad\u0131,Limasol\u2019daki yang\u0131n\u0131 da \u00fcz\u00fcnt\u00fcyle takip ettiklerini s\u00f6yledi\",\"datePublished\":\"2025-07-23T19:45:03+00:00\",\"mainEntityOfPage\":{\"@id\":\"https:\\\/\\\/kibrisdakik.com\\\/?p=86901\"},\"wordCount\":393,\"commentCount\":0,\"image\":{\"@id\":\"https:\\\/\\\/kibrisdakik.com\\\/?p=86901#primaryimage\"},\"thumbnailUrl\":\"https:\\\/\\\/kibrisdakik.com\\\/wp-content\\\/uploads\\\/2025\\\/07\\\/1753299930_ziyaaaaaaaaaaaaaaaatma-740x420.jpg\",\"articleSection\":[\"K\u0131br\u0131s\",\"Man\u015fet\"],\"inLanguage\":\"tr\",\"potentialAction\":[{\"@type\":\"CommentAction\",\"name\":\"Comment\",\"target\":[\"https:\\\/\\\/kibrisdakik.com\\\/?p=86901#respond\"]}]},{\"@type\":\"WebPage\",\"@id\":\"https:\\\/\\\/kibrisdakik.com\\\/?p=86901\",\"url\":\"https:\\\/\\\/kibrisdakik.com\\\/?p=86901\",\"name\":\"\u00d6zt\u00fcrkler Eski\u015fehir\u2019deki orman yang\u0131n\u0131 \u015fehitleri i\u00e7in taziye mesaj\u0131 yay\u0131mlad\u0131,Limasol\u2019daki yang\u0131n\u0131 da \u00fcz\u00fcnt\u00fcyle takip ettiklerini s\u00f6yledi -\",\"isPartOf\":{\"@id\":\"https:\\\/\\\/kibrisdakik.com\\\/#website\"},\"primaryImageOfPage\":{\"@id\":\"https:\\\/\\\/kibrisdakik.com\\\/?p=86901#primaryimage\"},\"image\":{\"@id\":\"https:\\\/\\\/kibrisdakik.com\\\/?p=86901#primaryimage\"},\"thumbnailUrl\":\"https:\\\/\\\/kibrisdakik.com\\\/wp-content\\\/uploads\\\/2025\\\/07\\\/1753299930_ziyaaaaaaaaaaaaaaaatma-740x420.jpg\",\"datePublished\":\"2025-07-23T19:45:03+00:00\",\"author\":{\"@id\":\"https:\\\/\\\/kibrisdakik.com\\\/#\\\/schema\\\/person\\\/9cd9d437bbb44f72b73ba127e06d8e79\"},\"breadcrumb\":{\"@id\":\"https:\\\/\\\/kibrisdakik.com\\\/?p=86901#breadcrumb\"},\"inLanguage\":\"tr\",\"potentialAction\":[{\"@type\":\"ReadAction\",\"target\":[\"https:\\\/\\\/kibrisdakik.com\\\/?p=86901\"]}]},{\"@type\":\"ImageObject\",\"inLanguage\":\"tr\",\"@id\":\"https:\\\/\\\/kibrisdakik.com\\\/?p=86901#primaryimage\",\"url\":\"https:\\\/\\\/kibrisdakik.com\\\/wp-content\\\/uploads\\\/2025\\\/07\\\/1753299930_ziyaaaaaaaaaaaaaaaatma-740x420.jpg\",\"contentUrl\":\"https:\\\/\\\/kibrisdakik.com\\\/wp-content\\\/uploads\\\/2025\\\/07\\\/1753299930_ziyaaaaaaaaaaaaaaaatma-740x420.jpg\",\"width\":1600,\"height\":1066},{\"@type\":\"BreadcrumbList\",\"@id\":\"https:\\\/\\\/kibrisdakik.com\\\/?p=86901#breadcrumb\",\"itemListElement\":[{\"@type\":\"ListItem\",\"position\":1,\"name\":\"Home\",\"item\":\"https:\\\/\\\/kibrisdakik.com\\\/\"},{\"@type\":\"ListItem\",\"position\":2,\"name\":\"\u00d6zt\u00fcrkler Eski\u015fehir\u2019deki orman yang\u0131n\u0131 \u015fehitleri i\u00e7in taziye mesaj\u0131 yay\u0131mlad\u0131,Limasol\u2019daki yang\u0131n\u0131 da \u00fcz\u00fcnt\u00fcyle takip ettiklerini s\u00f6yledi\"}]},{\"@type\":\"WebSite\",\"@id\":\"https:\\\/\\\/kibrisdakik.com\\\/#website\",\"url\":\"https:\\\/\\\/kibrisdakik.com\\\/\",\"name\":\"\",\"description\":\"Tam vaktinde haber\",\"potentialAction\":[{\"@type\":\"SearchAction\",\"target\":{\"@type\":\"EntryPoint\",\"urlTemplate\":\"https:\\\/\\\/kibrisdakik.com\\\/?s={search_term_string}\"},\"query-input\":{\"@type\":\"PropertyValueSpecification\",\"valueRequired\":true,\"valueName\":\"search_term_string\"}}],\"inLanguage\":\"tr\"},{\"@type\":\"Person\",\"@id\":\"https:\\\/\\\/kibrisdakik.com\\\/#\\\/schema\\\/person\\\/9cd9d437bbb44f72b73ba127e06d8e79\",\"name\":\"admin\",\"image\":{\"@type\":\"ImageObject\",\"inLanguage\":\"tr\",\"@id\":\"https:\\\/\\\/secure.gravatar.com\\\/avatar\\\/ccc17943b9d660506c869530f897617f7cb1c21a4bf30023f252596d83e1f007?s=96&d=mm&r=g\",\"url\":\"https:\\\/\\\/secure.gravatar.com\\\/avatar\\\/ccc17943b9d660506c869530f897617f7cb1c21a4bf30023f252596d83e1f007?s=96&d=mm&r=g\",\"contentUrl\":\"https:\\\/\\\/secure.gravatar.com\\\/avatar\\\/ccc17943b9d660506c869530f897617f7cb1c21a4bf30023f252596d83e1f007?s=96&d=mm&r=g\",\"caption\":\"admin\"},\"sameAs\":[\"https:\\\/\\\/kibrisdakik.com\"],\"url\":\"https:\\\/\\\/kibrisdakik.com\\\/?author=1\"}]}<\/script>\n<!-- \/ Yoast SEO plugin. -->","yoast_head_json":{"title":"\u00d6zt\u00fcrkler Eski\u015fehir\u2019deki orman yang\u0131n\u0131 \u015fehitleri i\u00e7in taziye mesaj\u0131 yay\u0131mlad\u0131,Limasol\u2019daki yang\u0131n\u0131 da \u00fcz\u00fcnt\u00fcyle takip ettiklerini s\u00f6yledi -","robots":{"index":"index","follow":"follow","max-snippet":"max-snippet:-1","max-image-preview":"max-image-preview:large","max-video-preview":"max-video-preview:-1"},"canonical":"https:\/\/kibrisdakik.com\/?p=86901","og_locale":"tr_TR","og_type":"article","og_title":"\u00d6zt\u00fcrkler Eski\u015fehir\u2019deki orman yang\u0131n\u0131 \u015fehitleri i\u00e7in taziye mesaj\u0131 yay\u0131mlad\u0131,Limasol\u2019daki yang\u0131n\u0131 da \u00fcz\u00fcnt\u00fcyle takip ettiklerini s\u00f6yledi -","og_description":"Cumhuriyet Meclisi Ba\u015fkan\u0131 Ziya \u00d6zt\u00fcrkler, Anavatan T\u00fcrkiye\u2019de ve G\u00fcney K\u0131br\u0131s\u2019ta etkili olan orman yang\u0131nlar\u0131n\u0131n b\u00fcy\u00fcmesi \u00fczerine yaz\u0131l\u0131 bir a\u00e7\u0131klamada bulundu. \u00d6zt\u00fcrkler, T\u00fcrkiye\u2019de \u00f6zellikle Eski\u015fehir\u2019in Seyitgazi il\u00e7esinde ba\u015flay\u0131p Afyonkarahisar\u2019\u0131n \u0130hsaniye il\u00e7esine s\u0131\u00e7rayan yang\u0131n\u0131n \u015fiddetle devam etti\u011fini belirtti. Yang\u0131na m\u00fcdahale s\u0131ras\u0131nda alevlerin aras\u0131nda kalan 10 i\u015f\u00e7i ve AKUT g\u00f6n\u00fcll\u00fcs\u00fcn\u00fcn \u015fehit oldu\u011funu \u00fcz\u00fcnt\u00fcyle \u00f6\u011frendi\u011fini dile getiren \u00d6zt\u00fcrkler, \u201cHayatlar\u0131n\u0131","og_url":"https:\/\/kibrisdakik.com\/?p=86901","article_published_time":"2025-07-23T19:45:03+00:00","og_image":[{"width":1600,"height":1066,"url":"https:\/\/kibrisdakik.com\/wp-content\/uploads\/2025\/07\/1753299930_ziyaaaaaaaaaaaaaaaatma-740x420.jpg","type":"image\/jpeg"}],"author":"admin","twitter_card":"summary_large_image","twitter_misc":{"Yazan:":"admin","Tahmini okuma s\u00fcresi":"2 dakika"},"schema":{"@context":"https:\/\/schema.org","@graph":[{"@type":"Article","@id":"https:\/\/kibrisdakik.com\/?p=86901#article","isPartOf":{"@id":"https:\/\/kibrisdakik.com\/?p=86901"},"author":{"name":"admin","@id":"https:\/\/kibrisdakik.com\/#\/schema\/person\/9cd9d437bbb44f72b73ba127e06d8e79"},"headline":"\u00d6zt\u00fcrkler Eski\u015fehir\u2019deki orman yang\u0131n\u0131 \u015fehitleri i\u00e7in taziye mesaj\u0131 yay\u0131mlad\u0131,Limasol\u2019daki yang\u0131n\u0131 da \u00fcz\u00fcnt\u00fcyle takip ettiklerini s\u00f6yledi","datePublished":"2025-07-23T19:45:03+00:00","mainEntityOfPage":{"@id":"https:\/\/kibrisdakik.com\/?p=86901"},"wordCount":393,"commentCount":0,"image":{"@id":"https:\/\/kibrisdakik.com\/?p=86901#primaryimage"},"thumbnailUrl":"https:\/\/kibrisdakik.com\/wp-content\/uploads\/2025\/07\/1753299930_ziyaaaaaaaaaaaaaaaatma-740x420.jpg","articleSection":["K\u0131br\u0131s","Man\u015fet"],"inLanguage":"tr","potentialAction":[{"@type":"CommentAction","name":"Comment","target":["https:\/\/kibrisdakik.com\/?p=86901#respond"]}]},{"@type":"WebPage","@id":"https:\/\/kibrisdakik.com\/?p=86901","url":"https:\/\/kibrisdakik.com\/?p=86901","name":"\u00d6zt\u00fcrkler Eski\u015fehir\u2019deki orman yang\u0131n\u0131 \u015fehitleri i\u00e7in taziye mesaj\u0131 yay\u0131mlad\u0131,Limasol\u2019daki yang\u0131n\u0131 da \u00fcz\u00fcnt\u00fcyle takip ettiklerini s\u00f6yledi -","isPartOf":{"@id":"https:\/\/kibrisdakik.com\/#website"},"primaryImageOfPage":{"@id":"https:\/\/kibrisdakik.com\/?p=86901#primaryimage"},"image":{"@id":"https:\/\/kibrisdakik.com\/?p=86901#primaryimage"},"thumbnailUrl":"https:\/\/kibrisdakik.com\/wp-content\/uploads\/2025\/07\/1753299930_ziyaaaaaaaaaaaaaaaatma-740x420.jpg","datePublished":"2025-07-23T19:45:03+00:00","author":{"@id":"https:\/\/kibrisdakik.com\/#\/schema\/person\/9cd9d437bbb44f72b73ba127e06d8e79"},"breadcrumb":{"@id":"https:\/\/kibrisdakik.com\/?p=86901#breadcrumb"},"inLanguage":"tr","potentialAction":[{"@type":"ReadAction","target":["https:\/\/kibrisdakik.com\/?p=86901"]}]},{"@type":"ImageObject","inLanguage":"tr","@id":"https:\/\/kibrisdakik.com\/?p=86901#primaryimage","url":"https:\/\/kibrisdakik.com\/wp-content\/uploads\/2025\/07\/1753299930_ziyaaaaaaaaaaaaaaaatma-740x420.jpg","contentUrl":"https:\/\/kibrisdakik.com\/wp-content\/uploads\/2025\/07\/1753299930_ziyaaaaaaaaaaaaaaaatma-740x420.jpg","width":1600,"height":1066},{"@type":"BreadcrumbList","@id":"https:\/\/kibrisdakik.com\/?p=86901#breadcrumb","itemListElement":[{"@type":"ListItem","position":1,"name":"Home","item":"https:\/\/kibrisdakik.com\/"},{"@type":"ListItem","position":2,"name":"\u00d6zt\u00fcrkler Eski\u015fehir\u2019deki orman yang\u0131n\u0131 \u015fehitleri i\u00e7in taziye mesaj\u0131 yay\u0131mlad\u0131,Limasol\u2019daki yang\u0131n\u0131 da \u00fcz\u00fcnt\u00fcyle takip ettiklerini s\u00f6yledi"}]},{"@type":"WebSite","@id":"https:\/\/kibrisdakik.com\/#website","url":"https:\/\/kibrisdakik.com\/","name":"","description":"Tam vaktinde haber","potentialAction":[{"@type":"SearchAction","target":{"@type":"EntryPoint","urlTemplate":"https:\/\/kibrisdakik.com\/?s={search_term_string}"},"query-input":{"@type":"PropertyValueSpecification","valueRequired":true,"valueName":"search_term_string"}}],"inLanguage":"tr"},{"@type":"Person","@id":"https:\/\/kibrisdakik.com\/#\/schema\/person\/9cd9d437bbb44f72b73ba127e06d8e79","name":"admin","image":{"@type":"ImageObject","inLanguage":"tr","@id":"https:\/\/secure.gravatar.com\/avatar\/ccc17943b9d660506c869530f897617f7cb1c21a4bf30023f252596d83e1f007?s=96&d=mm&r=g","url":"https:\/\/secure.gravatar.com\/avatar\/ccc17943b9d660506c869530f897617f7cb1c21a4bf30023f252596d83e1f007?s=96&d=mm&r=g","contentUrl":"https:\/\/secure.gravatar.com\/avatar\/ccc17943b9d660506c869530f897617f7cb1c21a4bf30023f252596d83e1f007?s=96&d=mm&r=g","caption":"admin"},"sameAs":["https:\/\/kibrisdakik.com"],"url":"https:\/\/kibrisdakik.com\/?author=1"}]}},"_links":{"self":[{"href":"https:\/\/kibrisdakik.com\/index.php?rest_route=\/wp\/v2\/posts\/86901","targetHints":{"allow":["GET"]}}],"collection":[{"href":"https:\/\/kibrisdakik.com\/index.php?rest_route=\/wp\/v2\/posts"}],"about":[{"href":"https:\/\/kibrisdakik.com\/index.php?rest_route=\/wp\/v2\/types\/post"}],"author":[{"embeddable":true,"href":"https:\/\/kibrisdakik.com\/index.php?rest_route=\/wp\/v2\/users\/1"}],"replies":[{"embeddable":true,"href":"https:\/\/kibrisdakik.com\/index.php?rest_route=%2Fwp%2Fv2%2Fcomments&post=86901"}],"version-history":[{"count":0,"href":"https:\/\/kibrisdakik.com\/index.php?rest_route=\/wp\/v2\/posts\/86901\/revisions"}],"wp:featuredmedia":[{"embeddable":true,"href":"https:\/\/kibrisdakik.com\/index.php?rest_route=\/wp\/v2\/media\/86902"}],"wp:attachment":[{"href":"https:\/\/kibrisdakik.com\/index.php?rest_route=%2Fwp%2Fv2%2Fmedia&parent=86901"}],"wp:term":[{"taxonomy":"category","embeddable":true,"href":"https:\/\/kibrisdakik.com\/index.php?rest_route=%2Fwp%2Fv2%2Fcategories&post=86901"},{"taxonomy":"post_tag","embeddable":true,"href":"https:\/\/kibrisdakik.com\/index.php?rest_route=%2Fwp%2Fv2%2Ftags&post=86901"}],"curies":[{"name":"wp","href":"https:\/\/api.w.org\/{rel}","templated":true}]}}