{"id":86907,"date":"2025-07-24T07:44:02","date_gmt":"2025-07-24T04:44:02","guid":{"rendered":"https:\/\/kibrisdakik.com\/index.php\/2025\/07\/24\/basbakanlik-afetlerle-ortak-mucadele-tum-insanligin-ortak-sorumlulugudur\/"},"modified":"2025-07-24T07:44:02","modified_gmt":"2025-07-24T04:44:02","slug":"basbakanlik-afetlerle-ortak-mucadele-tum-insanligin-ortak-sorumlulugudur","status":"publish","type":"post","link":"https:\/\/kibrisdakik.com\/?p=86907","title":{"rendered":"Ba\u015fbakanl\u0131k: Afetlerle ortak m\u00fccadele, t\u00fcm insanl\u0131\u011f\u0131n ortak sorumlulu\u011fudur"},"content":{"rendered":"<p> <br \/>\n<\/p>\n<div>\n<div class=\"mariselle-image-container center\">\n                                            <\/div>\n<p>Ba\u015fbakanl\u0131k taraf\u0131ndan G\u00fcney K\u0131br\u0131s\u2019ta s\u00fcren yang\u0131nla ilgili ge\u00e7mi\u015f olsun mesaj\u0131 yay\u0131mland\u0131.<\/p>\n<p>Ba\u015fbakanl\u0131k taraf\u0131ndan yay\u0131mlanan mesajda G\u00fcney K\u0131br\u0131s\u2019ta ba\u015flayan ve halen kontrol alt\u0131na al\u0131namayan orman yang\u0131n\u0131 nedeniyle duyulan \u00fcz\u00fcnt\u00fc ifade edilerek, yang\u0131ndan etkilenen b\u00f6lge halk\u0131na ge\u00e7mi\u015f olsun dilekleri iletildi.<\/p>\n<p>\tMesajda, \u201cB\u00f6ylesi felaketler, co\u011frafi s\u0131n\u0131r tan\u0131mayan, do\u011frudan insan hayat\u0131n\u0131 ve \u00e7evreyi tehdit eden ola\u011fan\u00fcst\u00fc durumlard\u0131r. Nerede ya\u015fan\u0131rsa ya\u015fans\u0131n, insani ve \u00e7evresel boyutu a\u011f\u0131r afetlerle ortak m\u00fccadele etmek, t\u00fcm insanl\u0131\u011f\u0131n ortak sorumlulu\u011fudur.Bu \u00e7er\u00e7evede, Kuzey K\u0131br\u0131s T\u00fcrk Cumhuriyeti Ba\u015fbakanl\u0131\u011f\u0131 Afet ve Acil Durum Komitesi, konuyu ivedilikle ele alm\u0131\u015f ve Kuzey K\u0131br\u0131s T\u00fcrk Cumhuriyeti Devleti kurumlar\u0131 yang\u0131n\u0131n s\u00f6nd\u00fcr\u00fclmesine katk\u0131 sa\u011flamak amac\u0131yla G\u00fcney K\u0131br\u0131s Rum Y\u00f6netimi\u2019ne resmi yard\u0131m teklifinde bulunmu\u015ftur.S\u00f6z konusu teklifimize ili\u015fkin hen\u00fcz taraf\u0131m\u0131za bir yan\u0131t ula\u015fmam\u0131\u015f olmakla birlikte, insani dayan\u0131\u015fma \u00e7a\u011fr\u0131m\u0131z ge\u00e7erlili\u011fini korumaktad\u0131r.Yang\u0131n\u0131n en k\u0131sa s\u00fcrede kontrol alt\u0131na al\u0131nmas\u0131n\u0131 ve daha fazla can ya da mal kayb\u0131 ya\u015fanmamas\u0131n\u0131 temenni ediyor; b\u00f6lgedeki t\u00fcm g\u00f6revlilere kolayl\u0131klar diliyoruz\u201d ifadelerine yer verildi.<\/p>\n<\/p><\/div>\n<p><script async\n                    defer\n                    crossorigin=\"anonymous\"\n                    src=\"https:\/\/connect.facebook.net\/tr_TR\/sdk.js#xfbml=1&#038;version=v3.3\"\n            ><\/script><br \/>\n<br \/><br \/>\n<br \/><a href=\"[kibrisdakik.com]\n<\/p>\n","protected":false},"excerpt":{"rendered":"<p>Ba\u015fbakanl\u0131k taraf\u0131ndan G\u00fcney K\u0131br\u0131s\u2019ta s\u00fcren yang\u0131nla ilgili ge\u00e7mi\u015f olsun mesaj\u0131 yay\u0131mland\u0131. Ba\u015fbakanl\u0131k taraf\u0131ndan yay\u0131mlanan mesajda G\u00fcney K\u0131br\u0131s\u2019ta ba\u015flayan ve halen kontrol alt\u0131na al\u0131namayan orman yang\u0131n\u0131 nedeniyle duyulan \u00fcz\u00fcnt\u00fc ifade edilerek, yang\u0131ndan etkilenen b\u00f6lge halk\u0131na ge\u00e7mi\u015f olsun dilekleri iletildi. Mesajda, \u201cB\u00f6ylesi felaketler, co\u011frafi s\u0131n\u0131r tan\u0131mayan, do\u011frudan insan hayat\u0131n\u0131 ve \u00e7evreyi tehdit eden ola\u011fan\u00fcst\u00fc durumlard\u0131r. Nerede ya\u015fan\u0131rsa<\/p>\n","protected":false},"author":1,"featured_media":86908,"comment_status":"open","ping_status":"open","sticky":false,"template":"","format":"standard","meta":{"footnotes":""},"categories":[81,101],"tags":[],"class_list":["post-86907","post","type-post","status-publish","format-standard","has-post-thumbnail","hentry","category-kibris","category-manset"],"yoast_head":"<!-- This site is optimized with the Yoast SEO plugin v27.5 - https:\/\/yoast.com\/product\/yoast-seo-wordpress\/ -->\n<title>Ba\u015fbakanl\u0131k: Afetlerle ortak m\u00fccadele, t\u00fcm insanl\u0131\u011f\u0131n ortak sorumlulu\u011fudur -<\/title>\n<meta name=\"robots\" content=\"index, follow, max-snippet:-1, max-image-preview:large, max-video-preview:-1\" \/>\n<link rel=\"canonical\" href=\"https:\/\/kibrisdakik.com\/?p=86907\" \/>\n<meta property=\"og:locale\" content=\"tr_TR\" \/>\n<meta property=\"og:type\" content=\"article\" \/>\n<meta property=\"og:title\" content=\"Ba\u015fbakanl\u0131k: Afetlerle ortak m\u00fccadele, t\u00fcm insanl\u0131\u011f\u0131n ortak sorumlulu\u011fudur -\" \/>\n<meta property=\"og:description\" content=\"Ba\u015fbakanl\u0131k taraf\u0131ndan G\u00fcney K\u0131br\u0131s\u2019ta s\u00fcren yang\u0131nla ilgili ge\u00e7mi\u015f olsun mesaj\u0131 yay\u0131mland\u0131. Ba\u015fbakanl\u0131k taraf\u0131ndan yay\u0131mlanan mesajda G\u00fcney K\u0131br\u0131s\u2019ta ba\u015flayan ve halen kontrol alt\u0131na al\u0131namayan orman yang\u0131n\u0131 nedeniyle duyulan \u00fcz\u00fcnt\u00fc ifade edilerek, yang\u0131ndan etkilenen b\u00f6lge halk\u0131na ge\u00e7mi\u015f olsun dilekleri iletildi. Mesajda, \u201cB\u00f6ylesi felaketler, co\u011frafi s\u0131n\u0131r tan\u0131mayan, do\u011frudan insan hayat\u0131n\u0131 ve \u00e7evreyi tehdit eden ola\u011fan\u00fcst\u00fc durumlard\u0131r. Nerede ya\u015fan\u0131rsa\" \/>\n<meta property=\"og:url\" content=\"https:\/\/kibrisdakik.com\/?p=86907\" \/>\n<meta property=\"article:published_time\" content=\"2025-07-24T04:44:02+00:00\" \/>\n<meta property=\"og:image\" content=\"https:\/\/kibrisdakik.com\/wp-content\/uploads\/2025\/07\/basbakanlik-1-740x420.jpg\" \/>\n\t<meta property=\"og:image:width\" content=\"800\" \/>\n\t<meta property=\"og:image:height\" content=\"600\" \/>\n\t<meta property=\"og:image:type\" content=\"image\/jpeg\" \/>\n<meta name=\"author\" content=\"admin\" \/>\n<meta name=\"twitter:card\" content=\"summary_large_image\" \/>\n<meta name=\"twitter:label1\" content=\"Yazan:\" \/>\n\t<meta name=\"twitter:data1\" content=\"admin\" \/>\n\t<meta name=\"twitter:label2\" content=\"Tahmini okuma s\u00fcresi\" \/>\n\t<meta name=\"twitter:data2\" content=\"1 dakika\" \/>\n<script type=\"application\/ld+json\" class=\"yoast-schema-graph\">{\"@context\":\"https:\\\/\\\/schema.org\",\"@graph\":[{\"@type\":\"Article\",\"@id\":\"https:\\\/\\\/kibrisdakik.com\\\/?p=86907#article\",\"isPartOf\":{\"@id\":\"https:\\\/\\\/kibrisdakik.com\\\/?p=86907\"},\"author\":{\"name\":\"admin\",\"@id\":\"https:\\\/\\\/kibrisdakik.com\\\/#\\\/schema\\\/person\\\/9cd9d437bbb44f72b73ba127e06d8e79\"},\"headline\":\"Ba\u015fbakanl\u0131k: Afetlerle ortak m\u00fccadele, t\u00fcm insanl\u0131\u011f\u0131n ortak sorumlulu\u011fudur\",\"datePublished\":\"2025-07-24T04:44:02+00:00\",\"mainEntityOfPage\":{\"@id\":\"https:\\\/\\\/kibrisdakik.com\\\/?p=86907\"},\"wordCount\":259,\"commentCount\":0,\"image\":{\"@id\":\"https:\\\/\\\/kibrisdakik.com\\\/?p=86907#primaryimage\"},\"thumbnailUrl\":\"https:\\\/\\\/kibrisdakik.com\\\/wp-content\\\/uploads\\\/2025\\\/07\\\/basbakanlik-1-740x420.jpg\",\"articleSection\":[\"K\u0131br\u0131s\",\"Man\u015fet\"],\"inLanguage\":\"tr\",\"potentialAction\":[{\"@type\":\"CommentAction\",\"name\":\"Comment\",\"target\":[\"https:\\\/\\\/kibrisdakik.com\\\/?p=86907#respond\"]}]},{\"@type\":\"WebPage\",\"@id\":\"https:\\\/\\\/kibrisdakik.com\\\/?p=86907\",\"url\":\"https:\\\/\\\/kibrisdakik.com\\\/?p=86907\",\"name\":\"Ba\u015fbakanl\u0131k: Afetlerle ortak m\u00fccadele, t\u00fcm insanl\u0131\u011f\u0131n ortak sorumlulu\u011fudur -\",\"isPartOf\":{\"@id\":\"https:\\\/\\\/kibrisdakik.com\\\/#website\"},\"primaryImageOfPage\":{\"@id\":\"https:\\\/\\\/kibrisdakik.com\\\/?p=86907#primaryimage\"},\"image\":{\"@id\":\"https:\\\/\\\/kibrisdakik.com\\\/?p=86907#primaryimage\"},\"thumbnailUrl\":\"https:\\\/\\\/kibrisdakik.com\\\/wp-content\\\/uploads\\\/2025\\\/07\\\/basbakanlik-1-740x420.jpg\",\"datePublished\":\"2025-07-24T04:44:02+00:00\",\"author\":{\"@id\":\"https:\\\/\\\/kibrisdakik.com\\\/#\\\/schema\\\/person\\\/9cd9d437bbb44f72b73ba127e06d8e79\"},\"breadcrumb\":{\"@id\":\"https:\\\/\\\/kibrisdakik.com\\\/?p=86907#breadcrumb\"},\"inLanguage\":\"tr\",\"potentialAction\":[{\"@type\":\"ReadAction\",\"target\":[\"https:\\\/\\\/kibrisdakik.com\\\/?p=86907\"]}]},{\"@type\":\"ImageObject\",\"inLanguage\":\"tr\",\"@id\":\"https:\\\/\\\/kibrisdakik.com\\\/?p=86907#primaryimage\",\"url\":\"https:\\\/\\\/kibrisdakik.com\\\/wp-content\\\/uploads\\\/2025\\\/07\\\/basbakanlik-1-740x420.jpg\",\"contentUrl\":\"https:\\\/\\\/kibrisdakik.com\\\/wp-content\\\/uploads\\\/2025\\\/07\\\/basbakanlik-1-740x420.jpg\",\"width\":800,\"height\":600},{\"@type\":\"BreadcrumbList\",\"@id\":\"https:\\\/\\\/kibrisdakik.com\\\/?p=86907#breadcrumb\",\"itemListElement\":[{\"@type\":\"ListItem\",\"position\":1,\"name\":\"Home\",\"item\":\"https:\\\/\\\/kibrisdakik.com\\\/\"},{\"@type\":\"ListItem\",\"position\":2,\"name\":\"Ba\u015fbakanl\u0131k: Afetlerle ortak m\u00fccadele, t\u00fcm insanl\u0131\u011f\u0131n ortak sorumlulu\u011fudur\"}]},{\"@type\":\"WebSite\",\"@id\":\"https:\\\/\\\/kibrisdakik.com\\\/#website\",\"url\":\"https:\\\/\\\/kibrisdakik.com\\\/\",\"name\":\"\",\"description\":\"Tam vaktinde haber\",\"potentialAction\":[{\"@type\":\"SearchAction\",\"target\":{\"@type\":\"EntryPoint\",\"urlTemplate\":\"https:\\\/\\\/kibrisdakik.com\\\/?s={search_term_string}\"},\"query-input\":{\"@type\":\"PropertyValueSpecification\",\"valueRequired\":true,\"valueName\":\"search_term_string\"}}],\"inLanguage\":\"tr\"},{\"@type\":\"Person\",\"@id\":\"https:\\\/\\\/kibrisdakik.com\\\/#\\\/schema\\\/person\\\/9cd9d437bbb44f72b73ba127e06d8e79\",\"name\":\"admin\",\"image\":{\"@type\":\"ImageObject\",\"inLanguage\":\"tr\",\"@id\":\"https:\\\/\\\/secure.gravatar.com\\\/avatar\\\/ccc17943b9d660506c869530f897617f7cb1c21a4bf30023f252596d83e1f007?s=96&d=mm&r=g\",\"url\":\"https:\\\/\\\/secure.gravatar.com\\\/avatar\\\/ccc17943b9d660506c869530f897617f7cb1c21a4bf30023f252596d83e1f007?s=96&d=mm&r=g\",\"contentUrl\":\"https:\\\/\\\/secure.gravatar.com\\\/avatar\\\/ccc17943b9d660506c869530f897617f7cb1c21a4bf30023f252596d83e1f007?s=96&d=mm&r=g\",\"caption\":\"admin\"},\"sameAs\":[\"https:\\\/\\\/kibrisdakik.com\"],\"url\":\"https:\\\/\\\/kibrisdakik.com\\\/?author=1\"}]}<\/script>\n<!-- \/ Yoast SEO plugin. -->","yoast_head_json":{"title":"Ba\u015fbakanl\u0131k: Afetlerle ortak m\u00fccadele, t\u00fcm insanl\u0131\u011f\u0131n ortak sorumlulu\u011fudur -","robots":{"index":"index","follow":"follow","max-snippet":"max-snippet:-1","max-image-preview":"max-image-preview:large","max-video-preview":"max-video-preview:-1"},"canonical":"https:\/\/kibrisdakik.com\/?p=86907","og_locale":"tr_TR","og_type":"article","og_title":"Ba\u015fbakanl\u0131k: Afetlerle ortak m\u00fccadele, t\u00fcm insanl\u0131\u011f\u0131n ortak sorumlulu\u011fudur -","og_description":"Ba\u015fbakanl\u0131k taraf\u0131ndan G\u00fcney K\u0131br\u0131s\u2019ta s\u00fcren yang\u0131nla ilgili ge\u00e7mi\u015f olsun mesaj\u0131 yay\u0131mland\u0131. Ba\u015fbakanl\u0131k taraf\u0131ndan yay\u0131mlanan mesajda G\u00fcney K\u0131br\u0131s\u2019ta ba\u015flayan ve halen kontrol alt\u0131na al\u0131namayan orman yang\u0131n\u0131 nedeniyle duyulan \u00fcz\u00fcnt\u00fc ifade edilerek, yang\u0131ndan etkilenen b\u00f6lge halk\u0131na ge\u00e7mi\u015f olsun dilekleri iletildi. Mesajda, \u201cB\u00f6ylesi felaketler, co\u011frafi s\u0131n\u0131r tan\u0131mayan, do\u011frudan insan hayat\u0131n\u0131 ve \u00e7evreyi tehdit eden ola\u011fan\u00fcst\u00fc durumlard\u0131r. Nerede ya\u015fan\u0131rsa","og_url":"https:\/\/kibrisdakik.com\/?p=86907","article_published_time":"2025-07-24T04:44:02+00:00","og_image":[{"width":800,"height":600,"url":"https:\/\/kibrisdakik.com\/wp-content\/uploads\/2025\/07\/basbakanlik-1-740x420.jpg","type":"image\/jpeg"}],"author":"admin","twitter_card":"summary_large_image","twitter_misc":{"Yazan:":"admin","Tahmini okuma s\u00fcresi":"1 dakika"},"schema":{"@context":"https:\/\/schema.org","@graph":[{"@type":"Article","@id":"https:\/\/kibrisdakik.com\/?p=86907#article","isPartOf":{"@id":"https:\/\/kibrisdakik.com\/?p=86907"},"author":{"name":"admin","@id":"https:\/\/kibrisdakik.com\/#\/schema\/person\/9cd9d437bbb44f72b73ba127e06d8e79"},"headline":"Ba\u015fbakanl\u0131k: Afetlerle ortak m\u00fccadele, t\u00fcm insanl\u0131\u011f\u0131n ortak sorumlulu\u011fudur","datePublished":"2025-07-24T04:44:02+00:00","mainEntityOfPage":{"@id":"https:\/\/kibrisdakik.com\/?p=86907"},"wordCount":259,"commentCount":0,"image":{"@id":"https:\/\/kibrisdakik.com\/?p=86907#primaryimage"},"thumbnailUrl":"https:\/\/kibrisdakik.com\/wp-content\/uploads\/2025\/07\/basbakanlik-1-740x420.jpg","articleSection":["K\u0131br\u0131s","Man\u015fet"],"inLanguage":"tr","potentialAction":[{"@type":"CommentAction","name":"Comment","target":["https:\/\/kibrisdakik.com\/?p=86907#respond"]}]},{"@type":"WebPage","@id":"https:\/\/kibrisdakik.com\/?p=86907","url":"https:\/\/kibrisdakik.com\/?p=86907","name":"Ba\u015fbakanl\u0131k: Afetlerle ortak m\u00fccadele, t\u00fcm insanl\u0131\u011f\u0131n ortak sorumlulu\u011fudur -","isPartOf":{"@id":"https:\/\/kibrisdakik.com\/#website"},"primaryImageOfPage":{"@id":"https:\/\/kibrisdakik.com\/?p=86907#primaryimage"},"image":{"@id":"https:\/\/kibrisdakik.com\/?p=86907#primaryimage"},"thumbnailUrl":"https:\/\/kibrisdakik.com\/wp-content\/uploads\/2025\/07\/basbakanlik-1-740x420.jpg","datePublished":"2025-07-24T04:44:02+00:00","author":{"@id":"https:\/\/kibrisdakik.com\/#\/schema\/person\/9cd9d437bbb44f72b73ba127e06d8e79"},"breadcrumb":{"@id":"https:\/\/kibrisdakik.com\/?p=86907#breadcrumb"},"inLanguage":"tr","potentialAction":[{"@type":"ReadAction","target":["https:\/\/kibrisdakik.com\/?p=86907"]}]},{"@type":"ImageObject","inLanguage":"tr","@id":"https:\/\/kibrisdakik.com\/?p=86907#primaryimage","url":"https:\/\/kibrisdakik.com\/wp-content\/uploads\/2025\/07\/basbakanlik-1-740x420.jpg","contentUrl":"https:\/\/kibrisdakik.com\/wp-content\/uploads\/2025\/07\/basbakanlik-1-740x420.jpg","width":800,"height":600},{"@type":"BreadcrumbList","@id":"https:\/\/kibrisdakik.com\/?p=86907#breadcrumb","itemListElement":[{"@type":"ListItem","position":1,"name":"Home","item":"https:\/\/kibrisdakik.com\/"},{"@type":"ListItem","position":2,"name":"Ba\u015fbakanl\u0131k: Afetlerle ortak m\u00fccadele, t\u00fcm insanl\u0131\u011f\u0131n ortak sorumlulu\u011fudur"}]},{"@type":"WebSite","@id":"https:\/\/kibrisdakik.com\/#website","url":"https:\/\/kibrisdakik.com\/","name":"","description":"Tam vaktinde haber","potentialAction":[{"@type":"SearchAction","target":{"@type":"EntryPoint","urlTemplate":"https:\/\/kibrisdakik.com\/?s={search_term_string}"},"query-input":{"@type":"PropertyValueSpecification","valueRequired":true,"valueName":"search_term_string"}}],"inLanguage":"tr"},{"@type":"Person","@id":"https:\/\/kibrisdakik.com\/#\/schema\/person\/9cd9d437bbb44f72b73ba127e06d8e79","name":"admin","image":{"@type":"ImageObject","inLanguage":"tr","@id":"https:\/\/secure.gravatar.com\/avatar\/ccc17943b9d660506c869530f897617f7cb1c21a4bf30023f252596d83e1f007?s=96&d=mm&r=g","url":"https:\/\/secure.gravatar.com\/avatar\/ccc17943b9d660506c869530f897617f7cb1c21a4bf30023f252596d83e1f007?s=96&d=mm&r=g","contentUrl":"https:\/\/secure.gravatar.com\/avatar\/ccc17943b9d660506c869530f897617f7cb1c21a4bf30023f252596d83e1f007?s=96&d=mm&r=g","caption":"admin"},"sameAs":["https:\/\/kibrisdakik.com"],"url":"https:\/\/kibrisdakik.com\/?author=1"}]}},"_links":{"self":[{"href":"https:\/\/kibrisdakik.com\/index.php?rest_route=\/wp\/v2\/posts\/86907","targetHints":{"allow":["GET"]}}],"collection":[{"href":"https:\/\/kibrisdakik.com\/index.php?rest_route=\/wp\/v2\/posts"}],"about":[{"href":"https:\/\/kibrisdakik.com\/index.php?rest_route=\/wp\/v2\/types\/post"}],"author":[{"embeddable":true,"href":"https:\/\/kibrisdakik.com\/index.php?rest_route=\/wp\/v2\/users\/1"}],"replies":[{"embeddable":true,"href":"https:\/\/kibrisdakik.com\/index.php?rest_route=%2Fwp%2Fv2%2Fcomments&post=86907"}],"version-history":[{"count":0,"href":"https:\/\/kibrisdakik.com\/index.php?rest_route=\/wp\/v2\/posts\/86907\/revisions"}],"wp:featuredmedia":[{"embeddable":true,"href":"https:\/\/kibrisdakik.com\/index.php?rest_route=\/wp\/v2\/media\/86908"}],"wp:attachment":[{"href":"https:\/\/kibrisdakik.com\/index.php?rest_route=%2Fwp%2Fv2%2Fmedia&parent=86907"}],"wp:term":[{"taxonomy":"category","embeddable":true,"href":"https:\/\/kibrisdakik.com\/index.php?rest_route=%2Fwp%2Fv2%2Fcategories&post=86907"},{"taxonomy":"post_tag","embeddable":true,"href":"https:\/\/kibrisdakik.com\/index.php?rest_route=%2Fwp%2Fv2%2Ftags&post=86907"}],"curies":[{"name":"wp","href":"https:\/\/api.w.org\/{rel}","templated":true}]}}