{"id":86941,"date":"2025-07-24T17:38:05","date_gmt":"2025-07-24T14:38:05","guid":{"rendered":"https:\/\/kibrisdakik.com\/index.php\/2025\/07\/24\/erhurman-tmt-mucahitler-dernegini-ziyaret-etti\/"},"modified":"2025-07-24T17:38:05","modified_gmt":"2025-07-24T14:38:05","slug":"erhurman-tmt-mucahitler-dernegini-ziyaret-etti","status":"publish","type":"post","link":"https:\/\/kibrisdakik.com\/?p=86941","title":{"rendered":"Erh\u00fcrman, TMT M\u00fccahitler Derne\u011fi\u2019ni ziyaret etti"},"content":{"rendered":"<p> <br \/>\n<\/p>\n<div>\n<div class=\"mariselle-image-container center\">\n                                            <\/div>\n<p>Anamuhalefet Cumhuriyet\u00e7i T\u00fcrk Partisi\u2019nin (CTP) Cumhurba\u015fkan\u0131 aday\u0131 CTP Genel Ba\u015fkan\u0131 Tufan Erh\u00fcrman, K\u0131br\u0131s TMT M\u00fccahitler Derne\u011fi\u2019ni ziyaret etti.<\/p>\n<p> K\u0131br\u0131s TMT M\u00fccahitler Derne\u011fi Genel Ba\u015fkan\u0131 Celal Bayar ve y\u00f6netim kurulu \u00fcyelerinin haz\u0131r bulundu\u011fu ziyarette, Erh\u00fcrman\u2019a, CTP Milletvekili Filiz Besim e\u015flik etti.<\/p>\n<p>-Erh\u00fcrman: \u201cK\u0131br\u0131sl\u0131 T\u00fcrkler 1978\u2019den beridir varolu\u015f m\u00fccadelesi veriyor\u201d<\/p>\n<p>CTP Genel Ba\u015fkan\u0131 Tufan Erh\u00fcrman ziyarette yapt\u0131\u011f\u0131 konu\u015fmada, K\u0131br\u0131sl\u0131 T\u00fcrklerin 1978\u2019den beridir verdi\u011fi varolu\u015f m\u00fccadelesinin \u015fekil de\u011fi\u015ftirerek devam etti\u011fini s\u00f6yledi. 1963 ve 1974 y\u0131llar\u0131n\u0131n K\u0131br\u0131sl\u0131 T\u00fcrklerin varolu\u015f m\u00fccadelesindeki en s\u0131k\u0131nt\u0131l\u0131 d\u00f6nem oldu\u011funu kaydeden Erh\u00fcrman, varolu\u015fa ili\u015fkin meselelerin sadece askeri meseleler olmad\u0131\u011f\u0131n\u0131 ifade etti.<\/p>\n<p>\u201cEkonomi \u00f6nemli \u00f6l\u00e7\u00fcde G\u00fcney K\u0131br\u0131s\u2019a kayd\u0131. N\u00fcfus yap\u0131m\u0131zda ciddi bir s\u0131k\u0131nt\u0131 var. M\u00fclkiyet d\u00fczeninde tart\u0131\u015fmal\u0131 konumday\u0131z\u201d diyen Erh\u00fcrman, davalar konusunda \u00fc\u00e7 y\u0131l boyunca uyar\u0131lar yapt\u0131klar\u0131n\u0131 ancak dikkate al\u0131nmad\u0131\u011f\u0131n\u0131 savundu. Erh\u00fcrman, \u201cYabanc\u0131lara m\u00fclk sat\u0131\u015f\u0131 yap\u0131lmamal\u0131d\u0131r\u201d diye bir g\u00f6r\u00fc\u015fleri olmad\u0131\u011f\u0131n\u0131 ancak m\u00fclk sat\u0131\u015f\u0131n\u0131n d\u00fczg\u00fcn bir zemine oturtulmas\u0131 gerekti\u011fini s\u00f6yledi. Kamu y\u00f6netiminin d\u00fczg\u00fcn yap\u0131lmad\u0131\u011f\u0131n\u0131 iddia eden Erh\u00fcrman, b\u00fcrokraside, e\u011fitimde ve sa\u011fl\u0131kta 80\u2019li y\u0131llar\u0131n bile gerisine d\u00fc\u015f\u00fcld\u00fc\u011f\u00fc bir d\u00f6nemlerde ya\u015fand\u0131\u011f\u0131n\u0131 kaydetti.<\/p>\n<p>Yeni neslin, yurt d\u0131\u015f\u0131nda okumaya ve oraya yerle\u015fmeye te\u015fvik edildi\u011fini \u00f6ne s\u00fcren Erh\u00fcrman, \u201cBiz bu topraklara t\u0131rnaklar\u0131m\u0131z\u0131 ge\u00e7irdik. \u00c7ocuklar\u0131m\u0131z\u0131n da bu topraklara t\u0131rnaklar\u0131n\u0131 ge\u00e7irmesini istiyoruz. Dolay\u0131s\u0131yla insan onuruna yara\u015f\u0131r bir hayat s\u00fcrecekleri ve burada ya\u015famay\u0131 tercih edecekleri bir \u00fclkeyi onlara sunmak hepimizin boynunun borcudur. Bu sizin verdi\u011finiz varolu\u015f m\u00fccadelesinin bug\u00fcn bi\u00e7im de\u011fi\u015ftirmi\u015f halidir.\u201d dedi. Tufan Erh\u00fcrman, as\u0131l meselenin, 1960 K\u0131br\u0131s Cumhuriyeti\u2019nde de tescil edilen e\u015fit uluslararas\u0131 stat\u00fc hakk\u0131 ve bunun realiteye kavu\u015fmas\u0131 oldu\u011funu s\u00f6yledi. <\/p>\n<p>K\u0131br\u0131s Rum taraf\u0131n\u0131n, T\u00fcrkiye Cumhuriyeti ile askeri denge olu\u015fturma \u00e7abas\u0131yla Amerika Birle\u015fik Devletleri, \u0130srail, Fransa ve daha bir\u00e7ok \u00fclke ile \u00e7e\u015fitli anla\u015fmalar imzalad\u0131\u011f\u0131n\u0131 kaydeden Erh\u00fcrman, askeri, g\u00fcvenlik, ticaret yollar\u0131, deniz alanlar\u0131 konular\u0131nda yap\u0131lan bu anla\u015fmalar\u0131, fiilen egemenlik kullanarak, sanki adada hi\u00e7 yokmu\u015f gibi K\u0131br\u0131sl\u0131 T\u00fcrklerin iradesi d\u0131\u015f\u0131nda ger\u00e7ekle\u015fti\u011fini belirtti.<\/p>\n<p>Erh\u00fcrman, \u201c\u00c7ocuklar\u0131m\u0131za nas\u0131l bir \u00fclke b\u0131rakmal\u0131y\u0131z konusunda fikir ayr\u0131l\u0131\u011f\u0131m\u0131z yoktur. Bunun modeli, y\u00f6ntemi ne olmal\u0131d\u0131r; hangi y\u00f6ntem bizi bu ama\u00e7lara daha kolay g\u00f6t\u00fcr\u00fcr konular\u0131n\u0131 da \u00f6zg\u00fcrce tart\u0131\u015fabilecek durumday\u0131z\u201d diyerek, ziyaret i\u00e7in TMT M\u00fccahitler Derne\u011fi\u2019ne te\u015fekk\u00fcr etti.<\/p>\n<p>-Bayar: \u201cRum taraf\u0131, T\u00fcrkiye\u2019nin ve T\u00fcrk taraf\u0131n\u0131n zay\u0131f bir an\u0131n\u0131 bekliyor\u201d<\/p>\n<p>TMT M\u00fccahitler Derne\u011fi Ba\u015fkan\u0131 Celal Bayar da yakla\u015fan Cumhurba\u015fkanl\u0131\u011f\u0131 se\u00e7iminde Erh\u00fcrman\u2019a ba\u015far\u0131lar dileyerek, derne\u011fin amac\u0131n\u0131n asl\u0131nda TMT ruhunu g\u00fc\u00e7l\u00fc tutmak oldu\u011funu s\u00f6yledi. Rum taraf\u0131n\u0131n ENOS\u0130S davas\u0131ndan vazge\u00e7medi\u011fini, a\u015f\u0131r\u0131 derecede silahlanmas\u0131n\u0131n da bunu g\u00f6sterdi\u011fini vurgulayan Erh\u00fcrman, Rum taraf\u0131n\u0131n T\u00fcrkiye\u2019nin ve T\u00fcrk taraf\u0131n\u0131n zay\u0131f bir an\u0131n\u0131 bekledi\u011fini belirtti.<\/p>\n<p>K\u0131br\u0131sl\u0131 T\u00fcrklerin politikaya erken girdi\u011fini ve ya\u015fanan sorunlar\u0131n bundan kaynakland\u0131\u011f\u0131n\u0131 kaydeden Bayar, \u201cCumhurba\u015fkan\u0131 Ersin Tatar\u2019\u0131n y\u00fcr\u00fctt\u00fc\u011f\u00fc egemen e\u015fit iki devlet temelindeki \u00e7\u00f6z\u00fcm\u00fc politikas\u0131 2004 Annan Plan\u0131\u2019ndan sonra \u00f6nerilmeliydi\u201d dedi.<\/p>\n<p>Celal Bayar, Rum taraf\u0131n\u0131n, K\u0131br\u0131sl\u0131 T\u00fcrkleri az\u0131nl\u0131k durumuna d\u00fc\u015f\u00fcrmek niyetinin apa\u00e7\u0131k ortada oldu\u011funu s\u00f6yleyerek, \u201cBu devleti savunmaktan ba\u015fka \u00e7aremiz yok. Biz dernek olarak devletimizden, anavatandan, T\u00fcrk askerinin bu adada bulunmas\u0131ndan ve K\u0131br\u0131s milli davam\u0131z\u0131n, e\u015fit egemen iki devlet temelinde \u00e7\u00f6z\u00fclmesinden yanay\u0131z\u201d \u015feklinde konu\u015ftu.<\/p>\n<\/p><\/div>\n<p><script async\n                    defer\n                    crossorigin=\"anonymous\"\n                    src=\"https:\/\/connect.facebook.net\/tr_TR\/sdk.js#xfbml=1&#038;version=v3.3\"\n            ><\/script><br \/>\n<br \/><br \/>\n<br \/><a href=\"[kibrisdakik.com]\n<\/p>\n","protected":false},"excerpt":{"rendered":"<p>Anamuhalefet Cumhuriyet\u00e7i T\u00fcrk Partisi\u2019nin (CTP) Cumhurba\u015fkan\u0131 aday\u0131 CTP Genel Ba\u015fkan\u0131 Tufan Erh\u00fcrman, K\u0131br\u0131s TMT M\u00fccahitler Derne\u011fi\u2019ni ziyaret etti. K\u0131br\u0131s TMT M\u00fccahitler Derne\u011fi Genel Ba\u015fkan\u0131 Celal Bayar ve y\u00f6netim kurulu \u00fcyelerinin haz\u0131r bulundu\u011fu ziyarette, Erh\u00fcrman\u2019a, CTP Milletvekili Filiz Besim e\u015flik etti. -Erh\u00fcrman: \u201cK\u0131br\u0131sl\u0131 T\u00fcrkler 1978\u2019den beridir varolu\u015f m\u00fccadelesi veriyor\u201d CTP Genel Ba\u015fkan\u0131 Tufan Erh\u00fcrman ziyarette yapt\u0131\u011f\u0131<\/p>\n","protected":false},"author":1,"featured_media":86942,"comment_status":"open","ping_status":"open","sticky":false,"template":"","format":"standard","meta":{"footnotes":""},"categories":[81,101],"tags":[],"class_list":["post-86941","post","type-post","status-publish","format-standard","has-post-thumbnail","hentry","category-kibris","category-manset"],"yoast_head":"<!-- This site is optimized with the Yoast SEO plugin v27.4 - https:\/\/yoast.com\/product\/yoast-seo-wordpress\/ -->\n<title>Erh\u00fcrman, TMT M\u00fccahitler Derne\u011fi\u2019ni ziyaret etti -<\/title>\n<meta name=\"robots\" content=\"index, follow, max-snippet:-1, max-image-preview:large, max-video-preview:-1\" \/>\n<link rel=\"canonical\" href=\"https:\/\/kibrisdakik.com\/?p=86941\" \/>\n<meta property=\"og:locale\" content=\"tr_TR\" \/>\n<meta property=\"og:type\" content=\"article\" \/>\n<meta property=\"og:title\" content=\"Erh\u00fcrman, TMT M\u00fccahitler Derne\u011fi\u2019ni ziyaret etti -\" \/>\n<meta property=\"og:description\" content=\"Anamuhalefet Cumhuriyet\u00e7i T\u00fcrk Partisi\u2019nin (CTP) Cumhurba\u015fkan\u0131 aday\u0131 CTP Genel Ba\u015fkan\u0131 Tufan Erh\u00fcrman, K\u0131br\u0131s TMT M\u00fccahitler Derne\u011fi\u2019ni ziyaret etti. K\u0131br\u0131s TMT M\u00fccahitler Derne\u011fi Genel Ba\u015fkan\u0131 Celal Bayar ve y\u00f6netim kurulu \u00fcyelerinin haz\u0131r bulundu\u011fu ziyarette, Erh\u00fcrman\u2019a, CTP Milletvekili Filiz Besim e\u015flik etti. -Erh\u00fcrman: \u201cK\u0131br\u0131sl\u0131 T\u00fcrkler 1978\u2019den beridir varolu\u015f m\u00fccadelesi veriyor\u201d CTP Genel Ba\u015fkan\u0131 Tufan Erh\u00fcrman ziyarette yapt\u0131\u011f\u0131\" \/>\n<meta property=\"og:url\" content=\"https:\/\/kibrisdakik.com\/?p=86941\" \/>\n<meta property=\"article:published_time\" content=\"2025-07-24T14:38:05+00:00\" \/>\n<meta property=\"og:image\" content=\"https:\/\/kibrisdakik.com\/wp-content\/uploads\/2025\/07\/qlwjdla-740x420.jpeg\" \/>\n\t<meta property=\"og:image:width\" content=\"2048\" \/>\n\t<meta property=\"og:image:height\" content=\"1536\" \/>\n\t<meta property=\"og:image:type\" content=\"image\/jpeg\" \/>\n<meta name=\"author\" content=\"admin\" \/>\n<meta name=\"twitter:card\" content=\"summary_large_image\" \/>\n<meta name=\"twitter:label1\" content=\"Yazan:\" \/>\n\t<meta name=\"twitter:data1\" content=\"admin\" \/>\n\t<meta name=\"twitter:label2\" content=\"Tahmini okuma s\u00fcresi\" \/>\n\t<meta name=\"twitter:data2\" content=\"4 dakika\" \/>\n<script type=\"application\/ld+json\" class=\"yoast-schema-graph\">{\"@context\":\"https:\\\/\\\/schema.org\",\"@graph\":[{\"@type\":\"Article\",\"@id\":\"https:\\\/\\\/kibrisdakik.com\\\/?p=86941#article\",\"isPartOf\":{\"@id\":\"https:\\\/\\\/kibrisdakik.com\\\/?p=86941\"},\"author\":{\"name\":\"admin\",\"@id\":\"https:\\\/\\\/kibrisdakik.com\\\/#\\\/schema\\\/person\\\/9cd9d437bbb44f72b73ba127e06d8e79\"},\"headline\":\"Erh\u00fcrman, TMT M\u00fccahitler Derne\u011fi\u2019ni ziyaret etti\",\"datePublished\":\"2025-07-24T14:38:05+00:00\",\"mainEntityOfPage\":{\"@id\":\"https:\\\/\\\/kibrisdakik.com\\\/?p=86941\"},\"wordCount\":731,\"commentCount\":0,\"image\":{\"@id\":\"https:\\\/\\\/kibrisdakik.com\\\/?p=86941#primaryimage\"},\"thumbnailUrl\":\"https:\\\/\\\/kibrisdakik.com\\\/wp-content\\\/uploads\\\/2025\\\/07\\\/qlwjdla-740x420.jpeg\",\"articleSection\":[\"K\u0131br\u0131s\",\"Man\u015fet\"],\"inLanguage\":\"tr\",\"potentialAction\":[{\"@type\":\"CommentAction\",\"name\":\"Comment\",\"target\":[\"https:\\\/\\\/kibrisdakik.com\\\/?p=86941#respond\"]}]},{\"@type\":\"WebPage\",\"@id\":\"https:\\\/\\\/kibrisdakik.com\\\/?p=86941\",\"url\":\"https:\\\/\\\/kibrisdakik.com\\\/?p=86941\",\"name\":\"Erh\u00fcrman, TMT M\u00fccahitler Derne\u011fi\u2019ni ziyaret etti -\",\"isPartOf\":{\"@id\":\"https:\\\/\\\/kibrisdakik.com\\\/#website\"},\"primaryImageOfPage\":{\"@id\":\"https:\\\/\\\/kibrisdakik.com\\\/?p=86941#primaryimage\"},\"image\":{\"@id\":\"https:\\\/\\\/kibrisdakik.com\\\/?p=86941#primaryimage\"},\"thumbnailUrl\":\"https:\\\/\\\/kibrisdakik.com\\\/wp-content\\\/uploads\\\/2025\\\/07\\\/qlwjdla-740x420.jpeg\",\"datePublished\":\"2025-07-24T14:38:05+00:00\",\"author\":{\"@id\":\"https:\\\/\\\/kibrisdakik.com\\\/#\\\/schema\\\/person\\\/9cd9d437bbb44f72b73ba127e06d8e79\"},\"breadcrumb\":{\"@id\":\"https:\\\/\\\/kibrisdakik.com\\\/?p=86941#breadcrumb\"},\"inLanguage\":\"tr\",\"potentialAction\":[{\"@type\":\"ReadAction\",\"target\":[\"https:\\\/\\\/kibrisdakik.com\\\/?p=86941\"]}]},{\"@type\":\"ImageObject\",\"inLanguage\":\"tr\",\"@id\":\"https:\\\/\\\/kibrisdakik.com\\\/?p=86941#primaryimage\",\"url\":\"https:\\\/\\\/kibrisdakik.com\\\/wp-content\\\/uploads\\\/2025\\\/07\\\/qlwjdla-740x420.jpeg\",\"contentUrl\":\"https:\\\/\\\/kibrisdakik.com\\\/wp-content\\\/uploads\\\/2025\\\/07\\\/qlwjdla-740x420.jpeg\",\"width\":2048,\"height\":1536},{\"@type\":\"BreadcrumbList\",\"@id\":\"https:\\\/\\\/kibrisdakik.com\\\/?p=86941#breadcrumb\",\"itemListElement\":[{\"@type\":\"ListItem\",\"position\":1,\"name\":\"Home\",\"item\":\"https:\\\/\\\/kibrisdakik.com\\\/\"},{\"@type\":\"ListItem\",\"position\":2,\"name\":\"Erh\u00fcrman, TMT M\u00fccahitler Derne\u011fi\u2019ni ziyaret etti\"}]},{\"@type\":\"WebSite\",\"@id\":\"https:\\\/\\\/kibrisdakik.com\\\/#website\",\"url\":\"https:\\\/\\\/kibrisdakik.com\\\/\",\"name\":\"\",\"description\":\"Tam vaktinde haber\",\"potentialAction\":[{\"@type\":\"SearchAction\",\"target\":{\"@type\":\"EntryPoint\",\"urlTemplate\":\"https:\\\/\\\/kibrisdakik.com\\\/?s={search_term_string}\"},\"query-input\":{\"@type\":\"PropertyValueSpecification\",\"valueRequired\":true,\"valueName\":\"search_term_string\"}}],\"inLanguage\":\"tr\"},{\"@type\":\"Person\",\"@id\":\"https:\\\/\\\/kibrisdakik.com\\\/#\\\/schema\\\/person\\\/9cd9d437bbb44f72b73ba127e06d8e79\",\"name\":\"admin\",\"image\":{\"@type\":\"ImageObject\",\"inLanguage\":\"tr\",\"@id\":\"https:\\\/\\\/secure.gravatar.com\\\/avatar\\\/ccc17943b9d660506c869530f897617f7cb1c21a4bf30023f252596d83e1f007?s=96&d=mm&r=g\",\"url\":\"https:\\\/\\\/secure.gravatar.com\\\/avatar\\\/ccc17943b9d660506c869530f897617f7cb1c21a4bf30023f252596d83e1f007?s=96&d=mm&r=g\",\"contentUrl\":\"https:\\\/\\\/secure.gravatar.com\\\/avatar\\\/ccc17943b9d660506c869530f897617f7cb1c21a4bf30023f252596d83e1f007?s=96&d=mm&r=g\",\"caption\":\"admin\"},\"sameAs\":[\"https:\\\/\\\/kibrisdakik.com\"],\"url\":\"https:\\\/\\\/kibrisdakik.com\\\/?author=1\"}]}<\/script>\n<!-- \/ Yoast SEO plugin. -->","yoast_head_json":{"title":"Erh\u00fcrman, TMT M\u00fccahitler Derne\u011fi\u2019ni ziyaret etti -","robots":{"index":"index","follow":"follow","max-snippet":"max-snippet:-1","max-image-preview":"max-image-preview:large","max-video-preview":"max-video-preview:-1"},"canonical":"https:\/\/kibrisdakik.com\/?p=86941","og_locale":"tr_TR","og_type":"article","og_title":"Erh\u00fcrman, TMT M\u00fccahitler Derne\u011fi\u2019ni ziyaret etti -","og_description":"Anamuhalefet Cumhuriyet\u00e7i T\u00fcrk Partisi\u2019nin (CTP) Cumhurba\u015fkan\u0131 aday\u0131 CTP Genel Ba\u015fkan\u0131 Tufan Erh\u00fcrman, K\u0131br\u0131s TMT M\u00fccahitler Derne\u011fi\u2019ni ziyaret etti. K\u0131br\u0131s TMT M\u00fccahitler Derne\u011fi Genel Ba\u015fkan\u0131 Celal Bayar ve y\u00f6netim kurulu \u00fcyelerinin haz\u0131r bulundu\u011fu ziyarette, Erh\u00fcrman\u2019a, CTP Milletvekili Filiz Besim e\u015flik etti. -Erh\u00fcrman: \u201cK\u0131br\u0131sl\u0131 T\u00fcrkler 1978\u2019den beridir varolu\u015f m\u00fccadelesi veriyor\u201d CTP Genel Ba\u015fkan\u0131 Tufan Erh\u00fcrman ziyarette yapt\u0131\u011f\u0131","og_url":"https:\/\/kibrisdakik.com\/?p=86941","article_published_time":"2025-07-24T14:38:05+00:00","og_image":[{"width":2048,"height":1536,"url":"https:\/\/kibrisdakik.com\/wp-content\/uploads\/2025\/07\/qlwjdla-740x420.jpeg","type":"image\/jpeg"}],"author":"admin","twitter_card":"summary_large_image","twitter_misc":{"Yazan:":"admin","Tahmini okuma s\u00fcresi":"4 dakika"},"schema":{"@context":"https:\/\/schema.org","@graph":[{"@type":"Article","@id":"https:\/\/kibrisdakik.com\/?p=86941#article","isPartOf":{"@id":"https:\/\/kibrisdakik.com\/?p=86941"},"author":{"name":"admin","@id":"https:\/\/kibrisdakik.com\/#\/schema\/person\/9cd9d437bbb44f72b73ba127e06d8e79"},"headline":"Erh\u00fcrman, TMT M\u00fccahitler Derne\u011fi\u2019ni ziyaret etti","datePublished":"2025-07-24T14:38:05+00:00","mainEntityOfPage":{"@id":"https:\/\/kibrisdakik.com\/?p=86941"},"wordCount":731,"commentCount":0,"image":{"@id":"https:\/\/kibrisdakik.com\/?p=86941#primaryimage"},"thumbnailUrl":"https:\/\/kibrisdakik.com\/wp-content\/uploads\/2025\/07\/qlwjdla-740x420.jpeg","articleSection":["K\u0131br\u0131s","Man\u015fet"],"inLanguage":"tr","potentialAction":[{"@type":"CommentAction","name":"Comment","target":["https:\/\/kibrisdakik.com\/?p=86941#respond"]}]},{"@type":"WebPage","@id":"https:\/\/kibrisdakik.com\/?p=86941","url":"https:\/\/kibrisdakik.com\/?p=86941","name":"Erh\u00fcrman, TMT M\u00fccahitler Derne\u011fi\u2019ni ziyaret etti -","isPartOf":{"@id":"https:\/\/kibrisdakik.com\/#website"},"primaryImageOfPage":{"@id":"https:\/\/kibrisdakik.com\/?p=86941#primaryimage"},"image":{"@id":"https:\/\/kibrisdakik.com\/?p=86941#primaryimage"},"thumbnailUrl":"https:\/\/kibrisdakik.com\/wp-content\/uploads\/2025\/07\/qlwjdla-740x420.jpeg","datePublished":"2025-07-24T14:38:05+00:00","author":{"@id":"https:\/\/kibrisdakik.com\/#\/schema\/person\/9cd9d437bbb44f72b73ba127e06d8e79"},"breadcrumb":{"@id":"https:\/\/kibrisdakik.com\/?p=86941#breadcrumb"},"inLanguage":"tr","potentialAction":[{"@type":"ReadAction","target":["https:\/\/kibrisdakik.com\/?p=86941"]}]},{"@type":"ImageObject","inLanguage":"tr","@id":"https:\/\/kibrisdakik.com\/?p=86941#primaryimage","url":"https:\/\/kibrisdakik.com\/wp-content\/uploads\/2025\/07\/qlwjdla-740x420.jpeg","contentUrl":"https:\/\/kibrisdakik.com\/wp-content\/uploads\/2025\/07\/qlwjdla-740x420.jpeg","width":2048,"height":1536},{"@type":"BreadcrumbList","@id":"https:\/\/kibrisdakik.com\/?p=86941#breadcrumb","itemListElement":[{"@type":"ListItem","position":1,"name":"Home","item":"https:\/\/kibrisdakik.com\/"},{"@type":"ListItem","position":2,"name":"Erh\u00fcrman, TMT M\u00fccahitler Derne\u011fi\u2019ni ziyaret etti"}]},{"@type":"WebSite","@id":"https:\/\/kibrisdakik.com\/#website","url":"https:\/\/kibrisdakik.com\/","name":"","description":"Tam vaktinde haber","potentialAction":[{"@type":"SearchAction","target":{"@type":"EntryPoint","urlTemplate":"https:\/\/kibrisdakik.com\/?s={search_term_string}"},"query-input":{"@type":"PropertyValueSpecification","valueRequired":true,"valueName":"search_term_string"}}],"inLanguage":"tr"},{"@type":"Person","@id":"https:\/\/kibrisdakik.com\/#\/schema\/person\/9cd9d437bbb44f72b73ba127e06d8e79","name":"admin","image":{"@type":"ImageObject","inLanguage":"tr","@id":"https:\/\/secure.gravatar.com\/avatar\/ccc17943b9d660506c869530f897617f7cb1c21a4bf30023f252596d83e1f007?s=96&d=mm&r=g","url":"https:\/\/secure.gravatar.com\/avatar\/ccc17943b9d660506c869530f897617f7cb1c21a4bf30023f252596d83e1f007?s=96&d=mm&r=g","contentUrl":"https:\/\/secure.gravatar.com\/avatar\/ccc17943b9d660506c869530f897617f7cb1c21a4bf30023f252596d83e1f007?s=96&d=mm&r=g","caption":"admin"},"sameAs":["https:\/\/kibrisdakik.com"],"url":"https:\/\/kibrisdakik.com\/?author=1"}]}},"_links":{"self":[{"href":"https:\/\/kibrisdakik.com\/index.php?rest_route=\/wp\/v2\/posts\/86941","targetHints":{"allow":["GET"]}}],"collection":[{"href":"https:\/\/kibrisdakik.com\/index.php?rest_route=\/wp\/v2\/posts"}],"about":[{"href":"https:\/\/kibrisdakik.com\/index.php?rest_route=\/wp\/v2\/types\/post"}],"author":[{"embeddable":true,"href":"https:\/\/kibrisdakik.com\/index.php?rest_route=\/wp\/v2\/users\/1"}],"replies":[{"embeddable":true,"href":"https:\/\/kibrisdakik.com\/index.php?rest_route=%2Fwp%2Fv2%2Fcomments&post=86941"}],"version-history":[{"count":0,"href":"https:\/\/kibrisdakik.com\/index.php?rest_route=\/wp\/v2\/posts\/86941\/revisions"}],"wp:featuredmedia":[{"embeddable":true,"href":"https:\/\/kibrisdakik.com\/index.php?rest_route=\/wp\/v2\/media\/86942"}],"wp:attachment":[{"href":"https:\/\/kibrisdakik.com\/index.php?rest_route=%2Fwp%2Fv2%2Fmedia&parent=86941"}],"wp:term":[{"taxonomy":"category","embeddable":true,"href":"https:\/\/kibrisdakik.com\/index.php?rest_route=%2Fwp%2Fv2%2Fcategories&post=86941"},{"taxonomy":"post_tag","embeddable":true,"href":"https:\/\/kibrisdakik.com\/index.php?rest_route=%2Fwp%2Fv2%2Ftags&post=86941"}],"curies":[{"name":"wp","href":"https:\/\/api.w.org\/{rel}","templated":true}]}}