{"id":86945,"date":"2025-07-24T18:22:11","date_gmt":"2025-07-24T15:22:11","guid":{"rendered":"https:\/\/kibrisdakik.com\/index.php\/2025\/07\/24\/cumhurbaskani-tatar-izmir-baskonsolosluguna-atanan-mustafa-davulcuyu-kabul-etti\/"},"modified":"2025-07-24T18:22:11","modified_gmt":"2025-07-24T15:22:11","slug":"cumhurbaskani-tatar-izmir-baskonsolosluguna-atanan-mustafa-davulcuyu-kabul-etti","status":"publish","type":"post","link":"https:\/\/kibrisdakik.com\/?p=86945","title":{"rendered":"Cumhurba\u015fkan\u0131 Tatar, \u0130zmir Ba\u015fkonsoloslu\u011funa atanan Mustafa Davulcu\u2019yu kabul etti"},"content":{"rendered":"<p> <br \/>\n<\/p>\n<div>\n<div class=\"mariselle-image-container center\">\n                                            <\/div>\n<p>Cumhurba\u015fkan\u0131 Ersin Tatar, \u0130zmir Ba\u015fkonsoloslu\u011fu g\u00f6revine atanan Mustafa Davulcu\u2019yu kabul ederek, yeni g\u00f6revinde ba\u015far\u0131lar diledi.<\/p>\n<p>Cumhurba\u015fkan\u0131 Tatar, \u0130zmir\u2019in \u00f6nemli bir \u015fehir oldu\u011funu ve \u0130zmir\u2019de \u00f6zellikle \u00f6\u011frenim g\u00f6ren pek \u00e7ok K\u0131br\u0131sl\u0131 T\u00fcrk\u00fcn bulundu\u011funu belirtti. <\/p>\n<p>Cumhurba\u015fkan\u0131 Tatar, yeni g\u00f6revinde Davulcu\u2019ya ba\u015far\u0131lar diledi.<\/p>\n<p>Davulcu da yapt\u0131\u011f\u0131 konu\u015fmada, \u0130zmir Ba\u015fkonsolosu g\u00f6revi boyunca bilgi birikimini ve tecr\u00fcbesini \u0130zmir\u2019de ya\u015fayan vatanda\u015flar\u0131m\u0131z\u0131n ya\u015famlar\u0131n\u0131 kolayla\u015ft\u0131rmak i\u00e7in ortaya koyaca\u011f\u0131n\u0131 belirtti. Anavatan T\u00fcrkiye ili\u015fkileri en iyi \u015fekilde geli\u015ftirecek \u00e7al\u0131\u015fmalar\u0131 y\u00fcr\u00fctmek i\u00e7in \u00e7aba ortaya koyaca\u011f\u0131n\u0131 dile getiren Davulcu, Cumhurba\u015fkan\u0131 Tatar\u2019\u0131n yap\u0131labilecekler konusundaki isti\u015farelerinin \u00f6nemli oldu\u011funu dile getirdi.<\/p>\n<\/p><\/div>\n<p><script async\n                    defer\n                    crossorigin=\"anonymous\"\n                    src=\"https:\/\/connect.facebook.net\/tr_TR\/sdk.js#xfbml=1&#038;version=v3.3\"\n            ><\/script><br \/>\n<br \/><br \/>\n<br \/><a href=\"[kibrisdakik.com]\n<\/p>\n","protected":false},"excerpt":{"rendered":"<p>Cumhurba\u015fkan\u0131 Ersin Tatar, \u0130zmir Ba\u015fkonsoloslu\u011fu g\u00f6revine atanan Mustafa Davulcu\u2019yu kabul ederek, yeni g\u00f6revinde ba\u015far\u0131lar diledi. Cumhurba\u015fkan\u0131 Tatar, \u0130zmir\u2019in \u00f6nemli bir \u015fehir oldu\u011funu ve \u0130zmir\u2019de \u00f6zellikle \u00f6\u011frenim g\u00f6ren pek \u00e7ok K\u0131br\u0131sl\u0131 T\u00fcrk\u00fcn bulundu\u011funu belirtti. Cumhurba\u015fkan\u0131 Tatar, yeni g\u00f6revinde Davulcu\u2019ya ba\u015far\u0131lar diledi. Davulcu da yapt\u0131\u011f\u0131 konu\u015fmada, \u0130zmir Ba\u015fkonsolosu g\u00f6revi boyunca bilgi birikimini ve tecr\u00fcbesini \u0130zmir\u2019de ya\u015fayan vatanda\u015flar\u0131m\u0131z\u0131n<\/p>\n","protected":false},"author":1,"featured_media":86946,"comment_status":"open","ping_status":"open","sticky":false,"template":"","format":"standard","meta":{"footnotes":""},"categories":[81,101],"tags":[],"class_list":["post-86945","post","type-post","status-publish","format-standard","has-post-thumbnail","hentry","category-kibris","category-manset"],"yoast_head":"<!-- This site is optimized with the Yoast SEO plugin v27.4 - https:\/\/yoast.com\/product\/yoast-seo-wordpress\/ -->\n<title>Cumhurba\u015fkan\u0131 Tatar, \u0130zmir Ba\u015fkonsoloslu\u011funa atanan Mustafa Davulcu\u2019yu kabul etti -<\/title>\n<meta name=\"robots\" content=\"index, follow, max-snippet:-1, max-image-preview:large, max-video-preview:-1\" \/>\n<link rel=\"canonical\" href=\"https:\/\/kibrisdakik.com\/?p=86945\" \/>\n<meta property=\"og:locale\" content=\"tr_TR\" \/>\n<meta property=\"og:type\" content=\"article\" \/>\n<meta property=\"og:title\" content=\"Cumhurba\u015fkan\u0131 Tatar, \u0130zmir Ba\u015fkonsoloslu\u011funa atanan Mustafa Davulcu\u2019yu kabul etti -\" \/>\n<meta property=\"og:description\" content=\"Cumhurba\u015fkan\u0131 Ersin Tatar, \u0130zmir Ba\u015fkonsoloslu\u011fu g\u00f6revine atanan Mustafa Davulcu\u2019yu kabul ederek, yeni g\u00f6revinde ba\u015far\u0131lar diledi. Cumhurba\u015fkan\u0131 Tatar, \u0130zmir\u2019in \u00f6nemli bir \u015fehir oldu\u011funu ve \u0130zmir\u2019de \u00f6zellikle \u00f6\u011frenim g\u00f6ren pek \u00e7ok K\u0131br\u0131sl\u0131 T\u00fcrk\u00fcn bulundu\u011funu belirtti. Cumhurba\u015fkan\u0131 Tatar, yeni g\u00f6revinde Davulcu\u2019ya ba\u015far\u0131lar diledi. Davulcu da yapt\u0131\u011f\u0131 konu\u015fmada, \u0130zmir Ba\u015fkonsolosu g\u00f6revi boyunca bilgi birikimini ve tecr\u00fcbesini \u0130zmir\u2019de ya\u015fayan vatanda\u015flar\u0131m\u0131z\u0131n\" \/>\n<meta property=\"og:url\" content=\"https:\/\/kibrisdakik.com\/?p=86945\" \/>\n<meta property=\"article:published_time\" content=\"2025-07-24T15:22:11+00:00\" \/>\n<meta property=\"og:image\" content=\"https:\/\/kibrisdakik.com\/wp-content\/uploads\/2025\/07\/da-740x420.jpg\" \/>\n\t<meta property=\"og:image:width\" content=\"1706\" \/>\n\t<meta property=\"og:image:height\" content=\"1068\" \/>\n\t<meta property=\"og:image:type\" content=\"image\/jpeg\" \/>\n<meta name=\"author\" content=\"admin\" \/>\n<meta name=\"twitter:card\" content=\"summary_large_image\" \/>\n<meta name=\"twitter:label1\" content=\"Yazan:\" \/>\n\t<meta name=\"twitter:data1\" content=\"admin\" \/>\n\t<meta name=\"twitter:label2\" content=\"Tahmini okuma s\u00fcresi\" \/>\n\t<meta name=\"twitter:data2\" content=\"1 dakika\" \/>\n<script type=\"application\/ld+json\" class=\"yoast-schema-graph\">{\"@context\":\"https:\\\/\\\/schema.org\",\"@graph\":[{\"@type\":\"Article\",\"@id\":\"https:\\\/\\\/kibrisdakik.com\\\/?p=86945#article\",\"isPartOf\":{\"@id\":\"https:\\\/\\\/kibrisdakik.com\\\/?p=86945\"},\"author\":{\"name\":\"admin\",\"@id\":\"https:\\\/\\\/kibrisdakik.com\\\/#\\\/schema\\\/person\\\/9cd9d437bbb44f72b73ba127e06d8e79\"},\"headline\":\"Cumhurba\u015fkan\u0131 Tatar, \u0130zmir Ba\u015fkonsoloslu\u011funa atanan Mustafa Davulcu\u2019yu kabul etti\",\"datePublished\":\"2025-07-24T15:22:11+00:00\",\"mainEntityOfPage\":{\"@id\":\"https:\\\/\\\/kibrisdakik.com\\\/?p=86945\"},\"wordCount\":153,\"commentCount\":0,\"image\":{\"@id\":\"https:\\\/\\\/kibrisdakik.com\\\/?p=86945#primaryimage\"},\"thumbnailUrl\":\"https:\\\/\\\/kibrisdakik.com\\\/wp-content\\\/uploads\\\/2025\\\/07\\\/da-740x420.jpg\",\"articleSection\":[\"K\u0131br\u0131s\",\"Man\u015fet\"],\"inLanguage\":\"tr\",\"potentialAction\":[{\"@type\":\"CommentAction\",\"name\":\"Comment\",\"target\":[\"https:\\\/\\\/kibrisdakik.com\\\/?p=86945#respond\"]}]},{\"@type\":\"WebPage\",\"@id\":\"https:\\\/\\\/kibrisdakik.com\\\/?p=86945\",\"url\":\"https:\\\/\\\/kibrisdakik.com\\\/?p=86945\",\"name\":\"Cumhurba\u015fkan\u0131 Tatar, \u0130zmir Ba\u015fkonsoloslu\u011funa atanan Mustafa Davulcu\u2019yu kabul etti -\",\"isPartOf\":{\"@id\":\"https:\\\/\\\/kibrisdakik.com\\\/#website\"},\"primaryImageOfPage\":{\"@id\":\"https:\\\/\\\/kibrisdakik.com\\\/?p=86945#primaryimage\"},\"image\":{\"@id\":\"https:\\\/\\\/kibrisdakik.com\\\/?p=86945#primaryimage\"},\"thumbnailUrl\":\"https:\\\/\\\/kibrisdakik.com\\\/wp-content\\\/uploads\\\/2025\\\/07\\\/da-740x420.jpg\",\"datePublished\":\"2025-07-24T15:22:11+00:00\",\"author\":{\"@id\":\"https:\\\/\\\/kibrisdakik.com\\\/#\\\/schema\\\/person\\\/9cd9d437bbb44f72b73ba127e06d8e79\"},\"breadcrumb\":{\"@id\":\"https:\\\/\\\/kibrisdakik.com\\\/?p=86945#breadcrumb\"},\"inLanguage\":\"tr\",\"potentialAction\":[{\"@type\":\"ReadAction\",\"target\":[\"https:\\\/\\\/kibrisdakik.com\\\/?p=86945\"]}]},{\"@type\":\"ImageObject\",\"inLanguage\":\"tr\",\"@id\":\"https:\\\/\\\/kibrisdakik.com\\\/?p=86945#primaryimage\",\"url\":\"https:\\\/\\\/kibrisdakik.com\\\/wp-content\\\/uploads\\\/2025\\\/07\\\/da-740x420.jpg\",\"contentUrl\":\"https:\\\/\\\/kibrisdakik.com\\\/wp-content\\\/uploads\\\/2025\\\/07\\\/da-740x420.jpg\",\"width\":1706,\"height\":1068},{\"@type\":\"BreadcrumbList\",\"@id\":\"https:\\\/\\\/kibrisdakik.com\\\/?p=86945#breadcrumb\",\"itemListElement\":[{\"@type\":\"ListItem\",\"position\":1,\"name\":\"Home\",\"item\":\"https:\\\/\\\/kibrisdakik.com\\\/\"},{\"@type\":\"ListItem\",\"position\":2,\"name\":\"Cumhurba\u015fkan\u0131 Tatar, \u0130zmir Ba\u015fkonsoloslu\u011funa atanan Mustafa Davulcu\u2019yu kabul etti\"}]},{\"@type\":\"WebSite\",\"@id\":\"https:\\\/\\\/kibrisdakik.com\\\/#website\",\"url\":\"https:\\\/\\\/kibrisdakik.com\\\/\",\"name\":\"\",\"description\":\"Tam vaktinde haber\",\"potentialAction\":[{\"@type\":\"SearchAction\",\"target\":{\"@type\":\"EntryPoint\",\"urlTemplate\":\"https:\\\/\\\/kibrisdakik.com\\\/?s={search_term_string}\"},\"query-input\":{\"@type\":\"PropertyValueSpecification\",\"valueRequired\":true,\"valueName\":\"search_term_string\"}}],\"inLanguage\":\"tr\"},{\"@type\":\"Person\",\"@id\":\"https:\\\/\\\/kibrisdakik.com\\\/#\\\/schema\\\/person\\\/9cd9d437bbb44f72b73ba127e06d8e79\",\"name\":\"admin\",\"image\":{\"@type\":\"ImageObject\",\"inLanguage\":\"tr\",\"@id\":\"https:\\\/\\\/secure.gravatar.com\\\/avatar\\\/ccc17943b9d660506c869530f897617f7cb1c21a4bf30023f252596d83e1f007?s=96&d=mm&r=g\",\"url\":\"https:\\\/\\\/secure.gravatar.com\\\/avatar\\\/ccc17943b9d660506c869530f897617f7cb1c21a4bf30023f252596d83e1f007?s=96&d=mm&r=g\",\"contentUrl\":\"https:\\\/\\\/secure.gravatar.com\\\/avatar\\\/ccc17943b9d660506c869530f897617f7cb1c21a4bf30023f252596d83e1f007?s=96&d=mm&r=g\",\"caption\":\"admin\"},\"sameAs\":[\"https:\\\/\\\/kibrisdakik.com\"],\"url\":\"https:\\\/\\\/kibrisdakik.com\\\/?author=1\"}]}<\/script>\n<!-- \/ Yoast SEO plugin. -->","yoast_head_json":{"title":"Cumhurba\u015fkan\u0131 Tatar, \u0130zmir Ba\u015fkonsoloslu\u011funa atanan Mustafa Davulcu\u2019yu kabul etti -","robots":{"index":"index","follow":"follow","max-snippet":"max-snippet:-1","max-image-preview":"max-image-preview:large","max-video-preview":"max-video-preview:-1"},"canonical":"https:\/\/kibrisdakik.com\/?p=86945","og_locale":"tr_TR","og_type":"article","og_title":"Cumhurba\u015fkan\u0131 Tatar, \u0130zmir Ba\u015fkonsoloslu\u011funa atanan Mustafa Davulcu\u2019yu kabul etti -","og_description":"Cumhurba\u015fkan\u0131 Ersin Tatar, \u0130zmir Ba\u015fkonsoloslu\u011fu g\u00f6revine atanan Mustafa Davulcu\u2019yu kabul ederek, yeni g\u00f6revinde ba\u015far\u0131lar diledi. Cumhurba\u015fkan\u0131 Tatar, \u0130zmir\u2019in \u00f6nemli bir \u015fehir oldu\u011funu ve \u0130zmir\u2019de \u00f6zellikle \u00f6\u011frenim g\u00f6ren pek \u00e7ok K\u0131br\u0131sl\u0131 T\u00fcrk\u00fcn bulundu\u011funu belirtti. Cumhurba\u015fkan\u0131 Tatar, yeni g\u00f6revinde Davulcu\u2019ya ba\u015far\u0131lar diledi. Davulcu da yapt\u0131\u011f\u0131 konu\u015fmada, \u0130zmir Ba\u015fkonsolosu g\u00f6revi boyunca bilgi birikimini ve tecr\u00fcbesini \u0130zmir\u2019de ya\u015fayan vatanda\u015flar\u0131m\u0131z\u0131n","og_url":"https:\/\/kibrisdakik.com\/?p=86945","article_published_time":"2025-07-24T15:22:11+00:00","og_image":[{"width":1706,"height":1068,"url":"https:\/\/kibrisdakik.com\/wp-content\/uploads\/2025\/07\/da-740x420.jpg","type":"image\/jpeg"}],"author":"admin","twitter_card":"summary_large_image","twitter_misc":{"Yazan:":"admin","Tahmini okuma s\u00fcresi":"1 dakika"},"schema":{"@context":"https:\/\/schema.org","@graph":[{"@type":"Article","@id":"https:\/\/kibrisdakik.com\/?p=86945#article","isPartOf":{"@id":"https:\/\/kibrisdakik.com\/?p=86945"},"author":{"name":"admin","@id":"https:\/\/kibrisdakik.com\/#\/schema\/person\/9cd9d437bbb44f72b73ba127e06d8e79"},"headline":"Cumhurba\u015fkan\u0131 Tatar, \u0130zmir Ba\u015fkonsoloslu\u011funa atanan Mustafa Davulcu\u2019yu kabul etti","datePublished":"2025-07-24T15:22:11+00:00","mainEntityOfPage":{"@id":"https:\/\/kibrisdakik.com\/?p=86945"},"wordCount":153,"commentCount":0,"image":{"@id":"https:\/\/kibrisdakik.com\/?p=86945#primaryimage"},"thumbnailUrl":"https:\/\/kibrisdakik.com\/wp-content\/uploads\/2025\/07\/da-740x420.jpg","articleSection":["K\u0131br\u0131s","Man\u015fet"],"inLanguage":"tr","potentialAction":[{"@type":"CommentAction","name":"Comment","target":["https:\/\/kibrisdakik.com\/?p=86945#respond"]}]},{"@type":"WebPage","@id":"https:\/\/kibrisdakik.com\/?p=86945","url":"https:\/\/kibrisdakik.com\/?p=86945","name":"Cumhurba\u015fkan\u0131 Tatar, \u0130zmir Ba\u015fkonsoloslu\u011funa atanan Mustafa Davulcu\u2019yu kabul etti -","isPartOf":{"@id":"https:\/\/kibrisdakik.com\/#website"},"primaryImageOfPage":{"@id":"https:\/\/kibrisdakik.com\/?p=86945#primaryimage"},"image":{"@id":"https:\/\/kibrisdakik.com\/?p=86945#primaryimage"},"thumbnailUrl":"https:\/\/kibrisdakik.com\/wp-content\/uploads\/2025\/07\/da-740x420.jpg","datePublished":"2025-07-24T15:22:11+00:00","author":{"@id":"https:\/\/kibrisdakik.com\/#\/schema\/person\/9cd9d437bbb44f72b73ba127e06d8e79"},"breadcrumb":{"@id":"https:\/\/kibrisdakik.com\/?p=86945#breadcrumb"},"inLanguage":"tr","potentialAction":[{"@type":"ReadAction","target":["https:\/\/kibrisdakik.com\/?p=86945"]}]},{"@type":"ImageObject","inLanguage":"tr","@id":"https:\/\/kibrisdakik.com\/?p=86945#primaryimage","url":"https:\/\/kibrisdakik.com\/wp-content\/uploads\/2025\/07\/da-740x420.jpg","contentUrl":"https:\/\/kibrisdakik.com\/wp-content\/uploads\/2025\/07\/da-740x420.jpg","width":1706,"height":1068},{"@type":"BreadcrumbList","@id":"https:\/\/kibrisdakik.com\/?p=86945#breadcrumb","itemListElement":[{"@type":"ListItem","position":1,"name":"Home","item":"https:\/\/kibrisdakik.com\/"},{"@type":"ListItem","position":2,"name":"Cumhurba\u015fkan\u0131 Tatar, \u0130zmir Ba\u015fkonsoloslu\u011funa atanan Mustafa Davulcu\u2019yu kabul etti"}]},{"@type":"WebSite","@id":"https:\/\/kibrisdakik.com\/#website","url":"https:\/\/kibrisdakik.com\/","name":"","description":"Tam vaktinde haber","potentialAction":[{"@type":"SearchAction","target":{"@type":"EntryPoint","urlTemplate":"https:\/\/kibrisdakik.com\/?s={search_term_string}"},"query-input":{"@type":"PropertyValueSpecification","valueRequired":true,"valueName":"search_term_string"}}],"inLanguage":"tr"},{"@type":"Person","@id":"https:\/\/kibrisdakik.com\/#\/schema\/person\/9cd9d437bbb44f72b73ba127e06d8e79","name":"admin","image":{"@type":"ImageObject","inLanguage":"tr","@id":"https:\/\/secure.gravatar.com\/avatar\/ccc17943b9d660506c869530f897617f7cb1c21a4bf30023f252596d83e1f007?s=96&d=mm&r=g","url":"https:\/\/secure.gravatar.com\/avatar\/ccc17943b9d660506c869530f897617f7cb1c21a4bf30023f252596d83e1f007?s=96&d=mm&r=g","contentUrl":"https:\/\/secure.gravatar.com\/avatar\/ccc17943b9d660506c869530f897617f7cb1c21a4bf30023f252596d83e1f007?s=96&d=mm&r=g","caption":"admin"},"sameAs":["https:\/\/kibrisdakik.com"],"url":"https:\/\/kibrisdakik.com\/?author=1"}]}},"_links":{"self":[{"href":"https:\/\/kibrisdakik.com\/index.php?rest_route=\/wp\/v2\/posts\/86945","targetHints":{"allow":["GET"]}}],"collection":[{"href":"https:\/\/kibrisdakik.com\/index.php?rest_route=\/wp\/v2\/posts"}],"about":[{"href":"https:\/\/kibrisdakik.com\/index.php?rest_route=\/wp\/v2\/types\/post"}],"author":[{"embeddable":true,"href":"https:\/\/kibrisdakik.com\/index.php?rest_route=\/wp\/v2\/users\/1"}],"replies":[{"embeddable":true,"href":"https:\/\/kibrisdakik.com\/index.php?rest_route=%2Fwp%2Fv2%2Fcomments&post=86945"}],"version-history":[{"count":0,"href":"https:\/\/kibrisdakik.com\/index.php?rest_route=\/wp\/v2\/posts\/86945\/revisions"}],"wp:featuredmedia":[{"embeddable":true,"href":"https:\/\/kibrisdakik.com\/index.php?rest_route=\/wp\/v2\/media\/86946"}],"wp:attachment":[{"href":"https:\/\/kibrisdakik.com\/index.php?rest_route=%2Fwp%2Fv2%2Fmedia&parent=86945"}],"wp:term":[{"taxonomy":"category","embeddable":true,"href":"https:\/\/kibrisdakik.com\/index.php?rest_route=%2Fwp%2Fv2%2Fcategories&post=86945"},{"taxonomy":"post_tag","embeddable":true,"href":"https:\/\/kibrisdakik.com\/index.php?rest_route=%2Fwp%2Fv2%2Ftags&post=86945"}],"curies":[{"name":"wp","href":"https:\/\/api.w.org\/{rel}","templated":true}]}}