{"id":86957,"date":"2025-07-25T07:56:09","date_gmt":"2025-07-25T04:56:09","guid":{"rendered":"https:\/\/kibrisdakik.com\/index.php\/2025\/07\/25\/erhurman-limasolda-yangin-bolgesinde-incelemelerde-bulundu\/"},"modified":"2025-07-25T07:56:09","modified_gmt":"2025-07-25T04:56:09","slug":"erhurman-limasolda-yangin-bolgesinde-incelemelerde-bulundu","status":"publish","type":"post","link":"https:\/\/kibrisdakik.com\/?p=86957","title":{"rendered":"Erh\u00fcrman, Limasol\u2019da yang\u0131n b\u00f6lgesinde incelemelerde bulundu"},"content":{"rendered":"<p> <br \/>\n<\/p>\n<div>\n<div class=\"mariselle-image-container center\">\n                                            <\/div>\n<p>Cumhuriyet\u00e7i T\u00fcrk Partisi Genel Ba\u015fkan\u0131 Tufan Erh\u00fcrman, Limasol\u2019da yang\u0131n b\u00f6lgesinden incelemelerde bulundu.<\/p>\n<p>Burada yapt\u0131\u011f\u0131 a\u00e7\u0131klamada,ge\u00e7mi\u015f olsun dileklerini ileten Erh\u00fcrman, istenmesi halinde Cumhuriyet\u00e7i T\u00fcrk Partili belediyelerin yard\u0131ma haz\u0131r oldu\u011funu vurgulad\u0131.<\/p>\n<div class=\"mariselle-image-container center\">\n                <img loading=\"lazy\" decoding=\"async\" width=\"1600\" height=\"1067\" class=\"lazy-image\" alt=\"\" sizes=\"auto, (max-width: 1600px) 100vw, 1600px\" src=\"https:\/\/brtk.net\/wp-content\/uploads\/2025\/07\/25\/WhatsApp-Gorsel-2025-07-25-saat-07.45.24_74e84bee.jpg?ver=0f736776013952c0a139d94035c32ffa\" srcset=\"https:\/\/brtk.net\/wp-content\/uploads\/2025\/07\/25\/WhatsApp-Gorsel-2025-07-25-saat-07.45.24_74e84bee.jpg?ver=0f736776013952c0a139d94035c32ffa 1600w, https:\/\/brtk.net\/wp-content\/uploads\/2025\/07\/25\/WhatsApp-Gorsel-2025-07-25-saat-07.45.24_74e84bee-300x200.jpg?ver=0f736776013952c0a139d94035c32ffa 300w, https:\/\/brtk.net\/wp-content\/uploads\/2025\/07\/25\/WhatsApp-Gorsel-2025-07-25-saat-07.45.24_74e84bee-1024x683.jpg?ver=0f736776013952c0a139d94035c32ffa 1024w, https:\/\/brtk.net\/wp-content\/uploads\/2025\/07\/25\/WhatsApp-Gorsel-2025-07-25-saat-07.45.24_74e84bee-768x512.jpg?ver=0f736776013952c0a139d94035c32ffa 768w, https:\/\/brtk.net\/wp-content\/uploads\/2025\/07\/25\/WhatsApp-Gorsel-2025-07-25-saat-07.45.24_74e84bee-1536x1024.jpg?ver=b6ba1423214d8e8ae454821ea7370787 1536w\"\/>                            <\/div>\n<p>Erh\u00fcrman, \u00e7evrenin kuzey veya g\u00fcney ayr\u0131m\u0131 yapmad\u0131\u011f\u0131n\u0131, aday\u0131 yeniden ye\u015fillendirmek i\u00e7in dayan\u0131\u015fmaya haz\u0131r olduklar\u0131n\u0131 belirterek, \u201cG\u00f6rd\u00fc\u011f\u00fcm\u00fcz manzara hepimizin y\u00fcreklerini burktu\u201d dedi. <\/p>\n<p>Tufan Erh\u00fcrman koordinasyon merkezinde, Rum \u0130\u00e7i\u015fleri Bakan\u0131, baz\u0131 K\u0131br\u0131sl\u0131 Rum milletvekilleri, itfaiye ve belediye yetkilileriyle g\u00f6r\u00fc\u015ferek bilgi ald\u0131, ge\u00e7mi\u015f olsun dileklerini iletti.<\/p>\n<\/p><\/div>\n<p><script async\n                    defer\n                    crossorigin=\"anonymous\"\n                    src=\"https:\/\/connect.facebook.net\/tr_TR\/sdk.js#xfbml=1&#038;version=v3.3\"\n            ><\/script><br \/>\n<br \/><br \/>\n<br \/><a href=\"[kibrisdakik.com]\n<\/p>\n","protected":false},"excerpt":{"rendered":"<p>Cumhuriyet\u00e7i T\u00fcrk Partisi Genel Ba\u015fkan\u0131 Tufan Erh\u00fcrman, Limasol\u2019da yang\u0131n b\u00f6lgesinden incelemelerde bulundu. Burada yapt\u0131\u011f\u0131 a\u00e7\u0131klamada,ge\u00e7mi\u015f olsun dileklerini ileten Erh\u00fcrman, istenmesi halinde Cumhuriyet\u00e7i T\u00fcrk Partili belediyelerin yard\u0131ma haz\u0131r oldu\u011funu vurgulad\u0131. Erh\u00fcrman, \u00e7evrenin kuzey veya g\u00fcney ayr\u0131m\u0131 yapmad\u0131\u011f\u0131n\u0131, aday\u0131 yeniden ye\u015fillendirmek i\u00e7in dayan\u0131\u015fmaya haz\u0131r olduklar\u0131n\u0131 belirterek, \u201cG\u00f6rd\u00fc\u011f\u00fcm\u00fcz manzara hepimizin y\u00fcreklerini burktu\u201d dedi. Tufan Erh\u00fcrman koordinasyon merkezinde, Rum<\/p>\n","protected":false},"author":1,"featured_media":86958,"comment_status":"open","ping_status":"open","sticky":false,"template":"","format":"standard","meta":{"footnotes":""},"categories":[81,101],"tags":[],"class_list":["post-86957","post","type-post","status-publish","format-standard","has-post-thumbnail","hentry","category-kibris","category-manset"],"yoast_head":"<!-- This site is optimized with the Yoast SEO plugin v27.5 - https:\/\/yoast.com\/product\/yoast-seo-wordpress\/ -->\n<title>Erh\u00fcrman, Limasol\u2019da yang\u0131n b\u00f6lgesinde incelemelerde bulundu -<\/title>\n<meta name=\"robots\" content=\"index, follow, max-snippet:-1, max-image-preview:large, max-video-preview:-1\" \/>\n<link rel=\"canonical\" href=\"https:\/\/kibrisdakik.com\/?p=86957\" \/>\n<meta property=\"og:locale\" content=\"tr_TR\" \/>\n<meta property=\"og:type\" content=\"article\" \/>\n<meta property=\"og:title\" content=\"Erh\u00fcrman, Limasol\u2019da yang\u0131n b\u00f6lgesinde incelemelerde bulundu -\" \/>\n<meta property=\"og:description\" content=\"Cumhuriyet\u00e7i T\u00fcrk Partisi Genel Ba\u015fkan\u0131 Tufan Erh\u00fcrman, Limasol\u2019da yang\u0131n b\u00f6lgesinden incelemelerde bulundu. Burada yapt\u0131\u011f\u0131 a\u00e7\u0131klamada,ge\u00e7mi\u015f olsun dileklerini ileten Erh\u00fcrman, istenmesi halinde Cumhuriyet\u00e7i T\u00fcrk Partili belediyelerin yard\u0131ma haz\u0131r oldu\u011funu vurgulad\u0131. Erh\u00fcrman, \u00e7evrenin kuzey veya g\u00fcney ayr\u0131m\u0131 yapmad\u0131\u011f\u0131n\u0131, aday\u0131 yeniden ye\u015fillendirmek i\u00e7in dayan\u0131\u015fmaya haz\u0131r olduklar\u0131n\u0131 belirterek, \u201cG\u00f6rd\u00fc\u011f\u00fcm\u00fcz manzara hepimizin y\u00fcreklerini burktu\u201d dedi. Tufan Erh\u00fcrman koordinasyon merkezinde, Rum\" \/>\n<meta property=\"og:url\" content=\"https:\/\/kibrisdakik.com\/?p=86957\" \/>\n<meta property=\"article:published_time\" content=\"2025-07-25T04:56:09+00:00\" \/>\n<meta property=\"og:image\" content=\"https:\/\/kibrisdakik.com\/wp-content\/uploads\/2025\/07\/WhatsApp-Gorsel-2025-07-25-saat-07.46.03_47f904ab-740x420.jpg\" \/>\n\t<meta property=\"og:image:width\" content=\"1600\" \/>\n\t<meta property=\"og:image:height\" content=\"1067\" \/>\n\t<meta property=\"og:image:type\" content=\"image\/jpeg\" \/>\n<meta name=\"author\" content=\"admin\" \/>\n<meta name=\"twitter:card\" content=\"summary_large_image\" \/>\n<meta name=\"twitter:label1\" content=\"Yazan:\" \/>\n\t<meta name=\"twitter:data1\" content=\"admin\" \/>\n\t<meta name=\"twitter:label2\" content=\"Tahmini okuma s\u00fcresi\" \/>\n\t<meta name=\"twitter:data2\" content=\"1 dakika\" \/>\n<script type=\"application\/ld+json\" class=\"yoast-schema-graph\">{\"@context\":\"https:\\\/\\\/schema.org\",\"@graph\":[{\"@type\":\"Article\",\"@id\":\"https:\\\/\\\/kibrisdakik.com\\\/?p=86957#article\",\"isPartOf\":{\"@id\":\"https:\\\/\\\/kibrisdakik.com\\\/?p=86957\"},\"author\":{\"name\":\"admin\",\"@id\":\"https:\\\/\\\/kibrisdakik.com\\\/#\\\/schema\\\/person\\\/9cd9d437bbb44f72b73ba127e06d8e79\"},\"headline\":\"Erh\u00fcrman, Limasol\u2019da yang\u0131n b\u00f6lgesinde incelemelerde bulundu\",\"datePublished\":\"2025-07-25T04:56:09+00:00\",\"mainEntityOfPage\":{\"@id\":\"https:\\\/\\\/kibrisdakik.com\\\/?p=86957\"},\"wordCount\":120,\"commentCount\":0,\"image\":{\"@id\":\"https:\\\/\\\/kibrisdakik.com\\\/?p=86957#primaryimage\"},\"thumbnailUrl\":\"https:\\\/\\\/kibrisdakik.com\\\/wp-content\\\/uploads\\\/2025\\\/07\\\/WhatsApp-Gorsel-2025-07-25-saat-07.46.03_47f904ab-740x420.jpg\",\"articleSection\":[\"K\u0131br\u0131s\",\"Man\u015fet\"],\"inLanguage\":\"tr\",\"potentialAction\":[{\"@type\":\"CommentAction\",\"name\":\"Comment\",\"target\":[\"https:\\\/\\\/kibrisdakik.com\\\/?p=86957#respond\"]}]},{\"@type\":\"WebPage\",\"@id\":\"https:\\\/\\\/kibrisdakik.com\\\/?p=86957\",\"url\":\"https:\\\/\\\/kibrisdakik.com\\\/?p=86957\",\"name\":\"Erh\u00fcrman, Limasol\u2019da yang\u0131n b\u00f6lgesinde incelemelerde bulundu -\",\"isPartOf\":{\"@id\":\"https:\\\/\\\/kibrisdakik.com\\\/#website\"},\"primaryImageOfPage\":{\"@id\":\"https:\\\/\\\/kibrisdakik.com\\\/?p=86957#primaryimage\"},\"image\":{\"@id\":\"https:\\\/\\\/kibrisdakik.com\\\/?p=86957#primaryimage\"},\"thumbnailUrl\":\"https:\\\/\\\/kibrisdakik.com\\\/wp-content\\\/uploads\\\/2025\\\/07\\\/WhatsApp-Gorsel-2025-07-25-saat-07.46.03_47f904ab-740x420.jpg\",\"datePublished\":\"2025-07-25T04:56:09+00:00\",\"author\":{\"@id\":\"https:\\\/\\\/kibrisdakik.com\\\/#\\\/schema\\\/person\\\/9cd9d437bbb44f72b73ba127e06d8e79\"},\"breadcrumb\":{\"@id\":\"https:\\\/\\\/kibrisdakik.com\\\/?p=86957#breadcrumb\"},\"inLanguage\":\"tr\",\"potentialAction\":[{\"@type\":\"ReadAction\",\"target\":[\"https:\\\/\\\/kibrisdakik.com\\\/?p=86957\"]}]},{\"@type\":\"ImageObject\",\"inLanguage\":\"tr\",\"@id\":\"https:\\\/\\\/kibrisdakik.com\\\/?p=86957#primaryimage\",\"url\":\"https:\\\/\\\/kibrisdakik.com\\\/wp-content\\\/uploads\\\/2025\\\/07\\\/WhatsApp-Gorsel-2025-07-25-saat-07.46.03_47f904ab-740x420.jpg\",\"contentUrl\":\"https:\\\/\\\/kibrisdakik.com\\\/wp-content\\\/uploads\\\/2025\\\/07\\\/WhatsApp-Gorsel-2025-07-25-saat-07.46.03_47f904ab-740x420.jpg\",\"width\":1600,\"height\":1067},{\"@type\":\"BreadcrumbList\",\"@id\":\"https:\\\/\\\/kibrisdakik.com\\\/?p=86957#breadcrumb\",\"itemListElement\":[{\"@type\":\"ListItem\",\"position\":1,\"name\":\"Home\",\"item\":\"https:\\\/\\\/kibrisdakik.com\\\/\"},{\"@type\":\"ListItem\",\"position\":2,\"name\":\"Erh\u00fcrman, Limasol\u2019da yang\u0131n b\u00f6lgesinde incelemelerde bulundu\"}]},{\"@type\":\"WebSite\",\"@id\":\"https:\\\/\\\/kibrisdakik.com\\\/#website\",\"url\":\"https:\\\/\\\/kibrisdakik.com\\\/\",\"name\":\"\",\"description\":\"Tam vaktinde haber\",\"potentialAction\":[{\"@type\":\"SearchAction\",\"target\":{\"@type\":\"EntryPoint\",\"urlTemplate\":\"https:\\\/\\\/kibrisdakik.com\\\/?s={search_term_string}\"},\"query-input\":{\"@type\":\"PropertyValueSpecification\",\"valueRequired\":true,\"valueName\":\"search_term_string\"}}],\"inLanguage\":\"tr\"},{\"@type\":\"Person\",\"@id\":\"https:\\\/\\\/kibrisdakik.com\\\/#\\\/schema\\\/person\\\/9cd9d437bbb44f72b73ba127e06d8e79\",\"name\":\"admin\",\"image\":{\"@type\":\"ImageObject\",\"inLanguage\":\"tr\",\"@id\":\"https:\\\/\\\/secure.gravatar.com\\\/avatar\\\/ccc17943b9d660506c869530f897617f7cb1c21a4bf30023f252596d83e1f007?s=96&d=mm&r=g\",\"url\":\"https:\\\/\\\/secure.gravatar.com\\\/avatar\\\/ccc17943b9d660506c869530f897617f7cb1c21a4bf30023f252596d83e1f007?s=96&d=mm&r=g\",\"contentUrl\":\"https:\\\/\\\/secure.gravatar.com\\\/avatar\\\/ccc17943b9d660506c869530f897617f7cb1c21a4bf30023f252596d83e1f007?s=96&d=mm&r=g\",\"caption\":\"admin\"},\"sameAs\":[\"https:\\\/\\\/kibrisdakik.com\"],\"url\":\"https:\\\/\\\/kibrisdakik.com\\\/?author=1\"}]}<\/script>\n<!-- \/ Yoast SEO plugin. -->","yoast_head_json":{"title":"Erh\u00fcrman, Limasol\u2019da yang\u0131n b\u00f6lgesinde incelemelerde bulundu -","robots":{"index":"index","follow":"follow","max-snippet":"max-snippet:-1","max-image-preview":"max-image-preview:large","max-video-preview":"max-video-preview:-1"},"canonical":"https:\/\/kibrisdakik.com\/?p=86957","og_locale":"tr_TR","og_type":"article","og_title":"Erh\u00fcrman, Limasol\u2019da yang\u0131n b\u00f6lgesinde incelemelerde bulundu -","og_description":"Cumhuriyet\u00e7i T\u00fcrk Partisi Genel Ba\u015fkan\u0131 Tufan Erh\u00fcrman, Limasol\u2019da yang\u0131n b\u00f6lgesinden incelemelerde bulundu. Burada yapt\u0131\u011f\u0131 a\u00e7\u0131klamada,ge\u00e7mi\u015f olsun dileklerini ileten Erh\u00fcrman, istenmesi halinde Cumhuriyet\u00e7i T\u00fcrk Partili belediyelerin yard\u0131ma haz\u0131r oldu\u011funu vurgulad\u0131. Erh\u00fcrman, \u00e7evrenin kuzey veya g\u00fcney ayr\u0131m\u0131 yapmad\u0131\u011f\u0131n\u0131, aday\u0131 yeniden ye\u015fillendirmek i\u00e7in dayan\u0131\u015fmaya haz\u0131r olduklar\u0131n\u0131 belirterek, \u201cG\u00f6rd\u00fc\u011f\u00fcm\u00fcz manzara hepimizin y\u00fcreklerini burktu\u201d dedi. Tufan Erh\u00fcrman koordinasyon merkezinde, Rum","og_url":"https:\/\/kibrisdakik.com\/?p=86957","article_published_time":"2025-07-25T04:56:09+00:00","og_image":[{"width":1600,"height":1067,"url":"https:\/\/kibrisdakik.com\/wp-content\/uploads\/2025\/07\/WhatsApp-Gorsel-2025-07-25-saat-07.46.03_47f904ab-740x420.jpg","type":"image\/jpeg"}],"author":"admin","twitter_card":"summary_large_image","twitter_misc":{"Yazan:":"admin","Tahmini okuma s\u00fcresi":"1 dakika"},"schema":{"@context":"https:\/\/schema.org","@graph":[{"@type":"Article","@id":"https:\/\/kibrisdakik.com\/?p=86957#article","isPartOf":{"@id":"https:\/\/kibrisdakik.com\/?p=86957"},"author":{"name":"admin","@id":"https:\/\/kibrisdakik.com\/#\/schema\/person\/9cd9d437bbb44f72b73ba127e06d8e79"},"headline":"Erh\u00fcrman, Limasol\u2019da yang\u0131n b\u00f6lgesinde incelemelerde bulundu","datePublished":"2025-07-25T04:56:09+00:00","mainEntityOfPage":{"@id":"https:\/\/kibrisdakik.com\/?p=86957"},"wordCount":120,"commentCount":0,"image":{"@id":"https:\/\/kibrisdakik.com\/?p=86957#primaryimage"},"thumbnailUrl":"https:\/\/kibrisdakik.com\/wp-content\/uploads\/2025\/07\/WhatsApp-Gorsel-2025-07-25-saat-07.46.03_47f904ab-740x420.jpg","articleSection":["K\u0131br\u0131s","Man\u015fet"],"inLanguage":"tr","potentialAction":[{"@type":"CommentAction","name":"Comment","target":["https:\/\/kibrisdakik.com\/?p=86957#respond"]}]},{"@type":"WebPage","@id":"https:\/\/kibrisdakik.com\/?p=86957","url":"https:\/\/kibrisdakik.com\/?p=86957","name":"Erh\u00fcrman, Limasol\u2019da yang\u0131n b\u00f6lgesinde incelemelerde bulundu -","isPartOf":{"@id":"https:\/\/kibrisdakik.com\/#website"},"primaryImageOfPage":{"@id":"https:\/\/kibrisdakik.com\/?p=86957#primaryimage"},"image":{"@id":"https:\/\/kibrisdakik.com\/?p=86957#primaryimage"},"thumbnailUrl":"https:\/\/kibrisdakik.com\/wp-content\/uploads\/2025\/07\/WhatsApp-Gorsel-2025-07-25-saat-07.46.03_47f904ab-740x420.jpg","datePublished":"2025-07-25T04:56:09+00:00","author":{"@id":"https:\/\/kibrisdakik.com\/#\/schema\/person\/9cd9d437bbb44f72b73ba127e06d8e79"},"breadcrumb":{"@id":"https:\/\/kibrisdakik.com\/?p=86957#breadcrumb"},"inLanguage":"tr","potentialAction":[{"@type":"ReadAction","target":["https:\/\/kibrisdakik.com\/?p=86957"]}]},{"@type":"ImageObject","inLanguage":"tr","@id":"https:\/\/kibrisdakik.com\/?p=86957#primaryimage","url":"https:\/\/kibrisdakik.com\/wp-content\/uploads\/2025\/07\/WhatsApp-Gorsel-2025-07-25-saat-07.46.03_47f904ab-740x420.jpg","contentUrl":"https:\/\/kibrisdakik.com\/wp-content\/uploads\/2025\/07\/WhatsApp-Gorsel-2025-07-25-saat-07.46.03_47f904ab-740x420.jpg","width":1600,"height":1067},{"@type":"BreadcrumbList","@id":"https:\/\/kibrisdakik.com\/?p=86957#breadcrumb","itemListElement":[{"@type":"ListItem","position":1,"name":"Home","item":"https:\/\/kibrisdakik.com\/"},{"@type":"ListItem","position":2,"name":"Erh\u00fcrman, Limasol\u2019da yang\u0131n b\u00f6lgesinde incelemelerde bulundu"}]},{"@type":"WebSite","@id":"https:\/\/kibrisdakik.com\/#website","url":"https:\/\/kibrisdakik.com\/","name":"","description":"Tam vaktinde haber","potentialAction":[{"@type":"SearchAction","target":{"@type":"EntryPoint","urlTemplate":"https:\/\/kibrisdakik.com\/?s={search_term_string}"},"query-input":{"@type":"PropertyValueSpecification","valueRequired":true,"valueName":"search_term_string"}}],"inLanguage":"tr"},{"@type":"Person","@id":"https:\/\/kibrisdakik.com\/#\/schema\/person\/9cd9d437bbb44f72b73ba127e06d8e79","name":"admin","image":{"@type":"ImageObject","inLanguage":"tr","@id":"https:\/\/secure.gravatar.com\/avatar\/ccc17943b9d660506c869530f897617f7cb1c21a4bf30023f252596d83e1f007?s=96&d=mm&r=g","url":"https:\/\/secure.gravatar.com\/avatar\/ccc17943b9d660506c869530f897617f7cb1c21a4bf30023f252596d83e1f007?s=96&d=mm&r=g","contentUrl":"https:\/\/secure.gravatar.com\/avatar\/ccc17943b9d660506c869530f897617f7cb1c21a4bf30023f252596d83e1f007?s=96&d=mm&r=g","caption":"admin"},"sameAs":["https:\/\/kibrisdakik.com"],"url":"https:\/\/kibrisdakik.com\/?author=1"}]}},"_links":{"self":[{"href":"https:\/\/kibrisdakik.com\/index.php?rest_route=\/wp\/v2\/posts\/86957","targetHints":{"allow":["GET"]}}],"collection":[{"href":"https:\/\/kibrisdakik.com\/index.php?rest_route=\/wp\/v2\/posts"}],"about":[{"href":"https:\/\/kibrisdakik.com\/index.php?rest_route=\/wp\/v2\/types\/post"}],"author":[{"embeddable":true,"href":"https:\/\/kibrisdakik.com\/index.php?rest_route=\/wp\/v2\/users\/1"}],"replies":[{"embeddable":true,"href":"https:\/\/kibrisdakik.com\/index.php?rest_route=%2Fwp%2Fv2%2Fcomments&post=86957"}],"version-history":[{"count":0,"href":"https:\/\/kibrisdakik.com\/index.php?rest_route=\/wp\/v2\/posts\/86957\/revisions"}],"wp:featuredmedia":[{"embeddable":true,"href":"https:\/\/kibrisdakik.com\/index.php?rest_route=\/wp\/v2\/media\/86958"}],"wp:attachment":[{"href":"https:\/\/kibrisdakik.com\/index.php?rest_route=%2Fwp%2Fv2%2Fmedia&parent=86957"}],"wp:term":[{"taxonomy":"category","embeddable":true,"href":"https:\/\/kibrisdakik.com\/index.php?rest_route=%2Fwp%2Fv2%2Fcategories&post=86957"},{"taxonomy":"post_tag","embeddable":true,"href":"https:\/\/kibrisdakik.com\/index.php?rest_route=%2Fwp%2Fv2%2Ftags&post=86957"}],"curies":[{"name":"wp","href":"https:\/\/api.w.org\/{rel}","templated":true}]}}