{"id":86967,"date":"2025-07-25T10:08:03","date_gmt":"2025-07-25T07:08:03","guid":{"rendered":"https:\/\/kibrisdakik.com\/index.php\/2025\/07\/25\/cavusoglu-azerbaycanli-mevkidasi-emrullayev-ile-bir-araya-geldi\/"},"modified":"2025-07-25T10:08:03","modified_gmt":"2025-07-25T07:08:03","slug":"cavusoglu-azerbaycanli-mevkidasi-emrullayev-ile-bir-araya-geldi","status":"publish","type":"post","link":"https:\/\/kibrisdakik.com\/?p=86967","title":{"rendered":"\u00c7avu\u015fo\u011flu, Azerbaycanl\u0131 mevkida\u015f\u0131 Emrullayev ile bir araya geldi"},"content":{"rendered":"<p> <br \/>\n<\/p>\n<div>\n<div class=\"mariselle-image-container center\">\n                                            <\/div>\n<p>Milli E\u011fitim Bakan\u0131 Naz\u0131m \u00c7avu\u015fo\u011flu Azerbaycan\u2019\u0131n ba\u015fkenti Bak\u00fc\u2019 de temaslarda bulunuyor.<\/p>\n<p>Bakan \u00c7avu\u015fo\u011flu\u2019na temaslar\u0131nda Do\u011fu Akdeniz \u00dcniversitesi (DA\u00dc) Rekt\u00f6r\u00fc Prof. Dr. Hasan K\u0131l\u0131\u00e7, Lefke Avrupa \u00dcniversitesi (LA\u00dc) Rekt\u00f6r\u00fc Prof. Dr. Mehmet Ali Y\u00fckselen ve Milli E\u011fitim Bakanl\u0131\u011f\u0131 Y\u00fcksek\u00f6\u011frenim ve D\u0131\u015f \u0130li\u015fkiler Dairesi M\u00fcd\u00fcr\u00fc Beh\u00e7et \u00c7elebi e\u015flik etti. Bak\u00fc temaslar\u0131 boyunca KKTC Bak\u00fc Temsilcisi B\u00fcy\u00fckel\u00e7i Ufuk Turganer ile M\u00fc\u015favir Ula\u015f K\u0131v\u0131lc\u0131m da heyette yer ald\u0131.<\/p>\n<div class=\"mariselle-image-container center\">\n                <img loading=\"lazy\" decoding=\"async\" width=\"1200\" height=\"1600\" class=\"lazy-image\" alt=\"\" sizes=\"auto, (max-width: 1200px) 100vw, 1200px\" src=\"https:\/\/brtk.net\/wp-content\/uploads\/2025\/07\/25\/5-anit.jpeg?ver=b3e6eb21766bf4e26ed7977e37c1b8e3\" srcset=\"https:\/\/brtk.net\/wp-content\/uploads\/2025\/07\/25\/5-anit.jpeg?ver=b3e6eb21766bf4e26ed7977e37c1b8e3 1200w, https:\/\/brtk.net\/wp-content\/uploads\/2025\/07\/25\/5-anit-225x300.jpeg?ver=a55cbcf1e6bd15f59a4a8c954a968d7c 225w, https:\/\/brtk.net\/wp-content\/uploads\/2025\/07\/25\/5-anit-768x1024.jpeg?ver=a55cbcf1e6bd15f59a4a8c954a968d7c 768w, https:\/\/brtk.net\/wp-content\/uploads\/2025\/07\/25\/5-anit-1152x1536.jpeg?ver=ca5e584d87028c2b9bc7fa6ea98c1383 1152w\"\/>                            <\/div>\n<p>Bakan \u00c7avu\u015fo\u011flu Bak\u00fc\u2019deki temaslar\u0131na ilk olarak Azerbaycan\u2019\u0131n merhum Cumhurba\u015fkan\u0131 Haydar Aliyev\u2019in an\u0131t mezar\u0131, \u015eehitler H\u0131yaban\u0131\u2019n\u0131 ve T\u00fcrk \u015eehitli\u011fi\u2019ni ziyaret ederek \u00e7i\u00e7ek b\u0131rakt\u0131.<\/p>\n<p>Bakan \u00c7avu\u015fo\u011flu ard\u0131ndan Azerbaycan Bilim ve E\u011fitim Bakan\u0131 Emin Emrullayev ile bir araya gelerek Bakanl\u0131kta heyetler aras\u0131 g\u00f6r\u00fc\u015fme ger\u00e7ekle\u015ftirdi. G\u00f6r\u00fc\u015fmede, KKTC \u00fcniversitelerine Azerbaycan\u2019dan \u00f6\u011frenci getirilmesi, \u00fcniversiteler aras\u0131 i\u015fbirli\u011finin art\u0131r\u0131lmas\u0131, ortak programlar a\u00e7\u0131lmas\u0131, akademisyen i\u015fbirli\u011fi ve de\u011fi\u015fimi gibi konular ele al\u0131nd\u0131.<\/p>\n<p>Heyetler aras\u0131 g\u00f6r\u00fc\u015fmede konu\u015fan Bakan \u00c7avu\u015fo\u011flu, Azerbaycan halk\u0131n\u0131n karde\u015f halk oldu\u011funu vurgulayarak, ziyaretin amac\u0131n\u0131n iki \u00fclke aras\u0131ndaki ili\u015fkileri geli\u015ftirmek ve Azerbaycanl\u0131 gen\u00e7lerle KKTC\u2019li gen\u00e7leri bulu\u015fturmak oldu\u011funu ifade etti. <\/p>\n<p><strong>-\u00c7avu\u015fo\u011flu: \u201cBak\u00fc\u2019ye bir e\u011fitim ata\u015fesi g\u00f6ndermeyi planl\u0131yoruz\u201d<\/strong><\/p>\n<p>\u201cBir millet \u00fc\u00e7 devlet\u201d olgusunun alt\u0131n\u0131 doldurmak i\u00e7in geldiklerini s\u00f6yleyen Bakan \u00c7avu\u015fo\u011flu, bu ba\u011flamda, gen\u00e7lerimiz ve onlar\u0131n e\u011fitimi i\u00e7in neler yapabilece\u011fimizi konu\u015fmak ve i\u015fbirli\u011fimizi peki\u015ftirmek amac\u0131yla ziyaretimizi ger\u00e7ekle\u015ftirdik\u201d ifadelerini kulland\u0131.<br \/>Azerbaycan ile e\u011fitim alan\u0131ndaki yak\u0131nla\u015fmay\u0131 desteklediklerinin alt\u0131n\u0131 \u00e7izen Bakan \u00c7avu\u015fo\u011flu, bu nedenle en k\u0131sa zamanda Bak\u00fc\u2019ye bir e\u011fitim ata\u015fesi g\u00f6ndermeyi planl\u0131yoruz.\u201d dedi.<br \/>\u00dcniversiteler aras\u0131 yak\u0131nla\u015fmay\u0131 sa\u011flamak amac\u0131yla akademisyen de\u011fi\u015fimini desteklediklerini belirten \u00c7avu\u015fo\u011flu, y\u00fcksek\u00f6\u011fretim temaslar\u0131n\u0131 g\u00fc\u00e7lendirmek ad\u0131na DA\u00dc ve LA\u00dc rekt\u00f6rleri ile birlikte temaslar\u0131n\u0131 ger\u00e7ekle\u015ftirdiklerine dikkati \u00e7ekti. <\/p>\n<div class=\"mariselle-image-container center\">\n                <img loading=\"lazy\" decoding=\"async\" width=\"1600\" height=\"1066\" class=\"lazy-image\" alt=\"\" sizes=\"auto, (max-width: 1600px) 100vw, 1600px\" src=\"https:\/\/brtk.net\/wp-content\/uploads\/2025\/07\/25\/3.jpeg?ver=5b7ea79e90080053e48b8707ab8eb89c\" srcset=\"https:\/\/brtk.net\/wp-content\/uploads\/2025\/07\/25\/3.jpeg?ver=5b7ea79e90080053e48b8707ab8eb89c 1600w, https:\/\/brtk.net\/wp-content\/uploads\/2025\/07\/25\/3-300x200.jpeg?ver=5b7ea79e90080053e48b8707ab8eb89c 300w, https:\/\/brtk.net\/wp-content\/uploads\/2025\/07\/25\/3-1024x682.jpeg?ver=1ce75ed0ef332d6378d0d23b13e02d6b 1024w, https:\/\/brtk.net\/wp-content\/uploads\/2025\/07\/25\/3-768x512.jpeg?ver=1ce75ed0ef332d6378d0d23b13e02d6b 768w, https:\/\/brtk.net\/wp-content\/uploads\/2025\/07\/25\/3-1536x1023.jpeg?ver=4b9a4c89b66ab821e982ab0823f8d4f4 1536w\"\/>                            <\/div>\n<p>\u00c7avu\u015fo\u011flu, rekt\u00f6rlerin de Azerbaycanl\u0131 gen\u00e7lerin KKTC\u2019de e\u011fitim almalar\u0131na katk\u0131 koymak ve burslu \u00f6\u011frenci okutmak ad\u0131na s\u00fcrece destek vermeye haz\u0131r olduklar\u0131n\u0131 vurgulayarak, \u201cMilli E\u011fitim Bakanl\u0131\u011f\u0131 olarak bizler de burs imkanlar\u0131 yarataca\u011f\u0131z. \u00dcniversitelerimizin y\u00fcksek\u00f6\u011fretimde \u00e7ekim merkezi olmas\u0131 i\u00e7in \u00e7al\u0131\u015f\u0131yoruz.\u201d ifadelerini kulland\u0131.<br \/>T\u00fcrk d\u00fcnyas\u0131 aras\u0131ndaki yak\u0131nla\u015fma ve i\u015f birli\u011fi g\u00fc\u00e7lendik\u00e7e, T\u00fcrk devletlerinin de g\u00fcc\u00fcn\u00fcn artaca\u011f\u0131n\u0131 ve d\u00fcnyan\u0131n en b\u00fcy\u00fck ve en g\u00fc\u00e7l\u00fc birli\u011fini olu\u015fturaca\u011f\u0131n\u0131 s\u00f6yleyen Bakan \u00c7avu\u015fo\u011flu \u201cBiz T\u00fcrk devletleri ile ili\u015fkilerimizi en \u00fcst noktaya ta\u015f\u0131makta kararl\u0131y\u0131z. \u00c7al\u0131\u015fmalar\u0131m\u0131z\u0131 bu do\u011frultuda yap\u0131yoruz. Sizleri de KKTC\u2019ye ye davet ediyoruz. Bizlere g\u00f6stermi\u015f oldu\u011funuz misafirperverlik i\u00e7in \u00e7ok te\u015fekk\u00fcr ederim.\u201d diye konu\u015ftu.<\/p>\n<p><strong>-Emrullayev: \u201c\u0130\u015f birli\u011fi i\u00e7in destek olmaya haz\u0131r\u0131z\u201d<\/strong><\/p>\n<p>Azerbacan Bilim ve E\u011fitim Bakan\u0131 Emin Emrullayev ise ziyaretten duydu\u011fu memnuniyeti dile getirerek \u201cSizi ve heyetinizi bakanl\u0131\u011f\u0131m\u0131zda a\u011f\u0131rlamak bizleri mutlu etmi\u015ftir. Biz de i\u015f birli\u011fi \u00e7al\u0131\u015fmalar\u0131na destek olmaya haz\u0131r\u0131z.\u201d dedi.<\/p>\n<p>DA\u00dc Rekt\u00f6r\u00fc Prof. Dr. Hasan K\u0131l\u0131\u00e7 da, ikili ili\u015fkilerin geli\u015ftirilmesi a\u00e7\u0131s\u0131ndan ortak hareket edilmesinin \u00f6nemine dikkat \u00e7ekerek, \u00f6\u011frenci hareketlili\u011fi konusunda iki bakan\u0131n giri\u015fimlerini destekleyeceklerini ifade etti.<br \/>LA\u00dc Rekt\u00f6r\u00fc Prof. Dr. Mehmet Ali Y\u00fckselen ise Bakan Emrullayev\u2019e desteklerinden ve kabul\u00fcnden dolay\u0131 te\u015fekk\u00fcr ederek, Azerbaycanl\u0131 \u00f6\u011frencileri \u00fcniversitelerinde a\u011f\u0131rlamaktan memnuniyet duyacaklar\u0131n\u0131 dile getirdi.<br \/>G\u00f6r\u00fc\u015fmenin ard\u0131ndan Bakan Emrullayev, Bakan \u00c7avu\u015fo\u011flu\u2019nu onuruna verdi\u011fi \u00f6\u011fle yeme\u011finde a\u011f\u0131rlad\u0131.<\/p>\n<p><strong>\u2013 KKTC Bak\u00fc Temsilcili\u011fine ziyaret<\/strong><\/p>\n<p>Milli E\u011fitim Bakan\u0131 Naz\u0131m \u00c7avu\u015fo\u011flu, Azerbaycan ziyareti kapsam\u0131nda KKTC Bak\u00fc Temsilcili\u011fi\u2019ni de ziyaret etti.<br \/>Bakan \u00c7avu\u015fo\u011flu, ziyaret s\u0131ras\u0131nda KKTC Bak\u00fc Temsilcisi B\u00fcy\u00fckel\u00e7i Ufuk Turganer ile bir araya gelerek, \u00e7al\u0131\u015fmalar hakk\u0131nda bilgi ald\u0131.<\/p>\n<p>Azerbaycan temaslar\u0131 s\u00fcresince g\u00f6sterilen yak\u0131n ilgi ve destek i\u00e7in te\u015fekk\u00fcrlerini ileten Bakan \u00c7avu\u015fo\u011flu, temsilcilik personeline de \u00e7al\u0131\u015fmalar\u0131nda kolayl\u0131klar diledi.<\/p>\n<p><strong>-Bakan \u00c7avu\u015fo\u011flu, Azerbaycan bas\u0131n\u0131na deme\u00e7 verdi<\/strong><\/p>\n<p>Bakan \u00c7avu\u015fo\u011flu, Azerbaycan da bas\u0131n mensuplar\u0131yla da bir araya gelerek deme\u00e7 verdi. DA\u00dc Rekt\u00f6r\u00fc K\u0131l\u0131\u00e7 ve LA\u00dc Rekt\u00f6r\u00fc Y\u00fckselen de bas\u0131na m\u00fclakatlar vererek KKTC y\u00fcksek \u00f6\u011frenimine ili\u015fkin sorular\u0131 yan\u0131tlad\u0131.<\/p>\n<\/p><\/div>\n<p><script async\n                    defer\n                    crossorigin=\"anonymous\"\n                    src=\"https:\/\/connect.facebook.net\/tr_TR\/sdk.js#xfbml=1&#038;version=v3.3\"\n            ><\/script><br \/>\n<br \/><br \/>\n<br \/><a href=\"[kibrisdakik.com]\n<\/p>\n","protected":false},"excerpt":{"rendered":"<p>Milli E\u011fitim Bakan\u0131 Naz\u0131m \u00c7avu\u015fo\u011flu Azerbaycan\u2019\u0131n ba\u015fkenti Bak\u00fc\u2019 de temaslarda bulunuyor. Bakan \u00c7avu\u015fo\u011flu\u2019na temaslar\u0131nda Do\u011fu Akdeniz \u00dcniversitesi (DA\u00dc) Rekt\u00f6r\u00fc Prof. Dr. Hasan K\u0131l\u0131\u00e7, Lefke Avrupa \u00dcniversitesi (LA\u00dc) Rekt\u00f6r\u00fc Prof. Dr. Mehmet Ali Y\u00fckselen ve Milli E\u011fitim Bakanl\u0131\u011f\u0131 Y\u00fcksek\u00f6\u011frenim ve D\u0131\u015f \u0130li\u015fkiler Dairesi M\u00fcd\u00fcr\u00fc Beh\u00e7et \u00c7elebi e\u015flik etti. Bak\u00fc temaslar\u0131 boyunca KKTC Bak\u00fc Temsilcisi B\u00fcy\u00fckel\u00e7i Ufuk<\/p>\n","protected":false},"author":1,"featured_media":86968,"comment_status":"open","ping_status":"open","sticky":false,"template":"","format":"standard","meta":{"footnotes":""},"categories":[81,101],"tags":[],"class_list":["post-86967","post","type-post","status-publish","format-standard","has-post-thumbnail","hentry","category-kibris","category-manset"],"yoast_head":"<!-- This site is optimized with the Yoast SEO plugin v27.5 - https:\/\/yoast.com\/product\/yoast-seo-wordpress\/ -->\n<title>\u00c7avu\u015fo\u011flu, Azerbaycanl\u0131 mevkida\u015f\u0131 Emrullayev ile bir araya geldi -<\/title>\n<meta name=\"robots\" content=\"index, follow, max-snippet:-1, max-image-preview:large, max-video-preview:-1\" \/>\n<link rel=\"canonical\" href=\"https:\/\/kibrisdakik.com\/?p=86967\" \/>\n<meta property=\"og:locale\" content=\"tr_TR\" \/>\n<meta property=\"og:type\" content=\"article\" \/>\n<meta property=\"og:title\" content=\"\u00c7avu\u015fo\u011flu, Azerbaycanl\u0131 mevkida\u015f\u0131 Emrullayev ile bir araya geldi -\" \/>\n<meta property=\"og:description\" content=\"Milli E\u011fitim Bakan\u0131 Naz\u0131m \u00c7avu\u015fo\u011flu Azerbaycan\u2019\u0131n ba\u015fkenti Bak\u00fc\u2019 de temaslarda bulunuyor. Bakan \u00c7avu\u015fo\u011flu\u2019na temaslar\u0131nda Do\u011fu Akdeniz \u00dcniversitesi (DA\u00dc) Rekt\u00f6r\u00fc Prof. Dr. Hasan K\u0131l\u0131\u00e7, Lefke Avrupa \u00dcniversitesi (LA\u00dc) Rekt\u00f6r\u00fc Prof. Dr. Mehmet Ali Y\u00fckselen ve Milli E\u011fitim Bakanl\u0131\u011f\u0131 Y\u00fcksek\u00f6\u011frenim ve D\u0131\u015f \u0130li\u015fkiler Dairesi M\u00fcd\u00fcr\u00fc Beh\u00e7et \u00c7elebi e\u015flik etti. Bak\u00fc temaslar\u0131 boyunca KKTC Bak\u00fc Temsilcisi B\u00fcy\u00fckel\u00e7i Ufuk\" \/>\n<meta property=\"og:url\" content=\"https:\/\/kibrisdakik.com\/?p=86967\" \/>\n<meta property=\"article:published_time\" content=\"2025-07-25T07:08:03+00:00\" \/>\n<meta property=\"og:image\" content=\"https:\/\/kibrisdakik.com\/wp-content\/uploads\/2025\/07\/3-740x420.jpeg\" \/>\n\t<meta property=\"og:image:width\" content=\"1600\" \/>\n\t<meta property=\"og:image:height\" content=\"1066\" \/>\n\t<meta property=\"og:image:type\" content=\"image\/jpeg\" \/>\n<meta name=\"author\" content=\"admin\" \/>\n<meta name=\"twitter:card\" content=\"summary_large_image\" \/>\n<meta name=\"twitter:label1\" content=\"Yazan:\" \/>\n\t<meta name=\"twitter:data1\" content=\"admin\" \/>\n\t<meta name=\"twitter:label2\" content=\"Tahmini okuma s\u00fcresi\" \/>\n\t<meta name=\"twitter:data2\" content=\"4 dakika\" \/>\n<script type=\"application\/ld+json\" class=\"yoast-schema-graph\">{\"@context\":\"https:\\\/\\\/schema.org\",\"@graph\":[{\"@type\":\"Article\",\"@id\":\"https:\\\/\\\/kibrisdakik.com\\\/?p=86967#article\",\"isPartOf\":{\"@id\":\"https:\\\/\\\/kibrisdakik.com\\\/?p=86967\"},\"author\":{\"name\":\"admin\",\"@id\":\"https:\\\/\\\/kibrisdakik.com\\\/#\\\/schema\\\/person\\\/9cd9d437bbb44f72b73ba127e06d8e79\"},\"headline\":\"\u00c7avu\u015fo\u011flu, Azerbaycanl\u0131 mevkida\u015f\u0131 Emrullayev ile bir araya geldi\",\"datePublished\":\"2025-07-25T07:08:03+00:00\",\"mainEntityOfPage\":{\"@id\":\"https:\\\/\\\/kibrisdakik.com\\\/?p=86967\"},\"wordCount\":814,\"commentCount\":0,\"image\":{\"@id\":\"https:\\\/\\\/kibrisdakik.com\\\/?p=86967#primaryimage\"},\"thumbnailUrl\":\"https:\\\/\\\/kibrisdakik.com\\\/wp-content\\\/uploads\\\/2025\\\/07\\\/3-740x420.jpeg\",\"articleSection\":[\"K\u0131br\u0131s\",\"Man\u015fet\"],\"inLanguage\":\"tr\",\"potentialAction\":[{\"@type\":\"CommentAction\",\"name\":\"Comment\",\"target\":[\"https:\\\/\\\/kibrisdakik.com\\\/?p=86967#respond\"]}]},{\"@type\":\"WebPage\",\"@id\":\"https:\\\/\\\/kibrisdakik.com\\\/?p=86967\",\"url\":\"https:\\\/\\\/kibrisdakik.com\\\/?p=86967\",\"name\":\"\u00c7avu\u015fo\u011flu, Azerbaycanl\u0131 mevkida\u015f\u0131 Emrullayev ile bir araya geldi -\",\"isPartOf\":{\"@id\":\"https:\\\/\\\/kibrisdakik.com\\\/#website\"},\"primaryImageOfPage\":{\"@id\":\"https:\\\/\\\/kibrisdakik.com\\\/?p=86967#primaryimage\"},\"image\":{\"@id\":\"https:\\\/\\\/kibrisdakik.com\\\/?p=86967#primaryimage\"},\"thumbnailUrl\":\"https:\\\/\\\/kibrisdakik.com\\\/wp-content\\\/uploads\\\/2025\\\/07\\\/3-740x420.jpeg\",\"datePublished\":\"2025-07-25T07:08:03+00:00\",\"author\":{\"@id\":\"https:\\\/\\\/kibrisdakik.com\\\/#\\\/schema\\\/person\\\/9cd9d437bbb44f72b73ba127e06d8e79\"},\"breadcrumb\":{\"@id\":\"https:\\\/\\\/kibrisdakik.com\\\/?p=86967#breadcrumb\"},\"inLanguage\":\"tr\",\"potentialAction\":[{\"@type\":\"ReadAction\",\"target\":[\"https:\\\/\\\/kibrisdakik.com\\\/?p=86967\"]}]},{\"@type\":\"ImageObject\",\"inLanguage\":\"tr\",\"@id\":\"https:\\\/\\\/kibrisdakik.com\\\/?p=86967#primaryimage\",\"url\":\"https:\\\/\\\/kibrisdakik.com\\\/wp-content\\\/uploads\\\/2025\\\/07\\\/3-740x420.jpeg\",\"contentUrl\":\"https:\\\/\\\/kibrisdakik.com\\\/wp-content\\\/uploads\\\/2025\\\/07\\\/3-740x420.jpeg\",\"width\":1600,\"height\":1066},{\"@type\":\"BreadcrumbList\",\"@id\":\"https:\\\/\\\/kibrisdakik.com\\\/?p=86967#breadcrumb\",\"itemListElement\":[{\"@type\":\"ListItem\",\"position\":1,\"name\":\"Home\",\"item\":\"https:\\\/\\\/kibrisdakik.com\\\/\"},{\"@type\":\"ListItem\",\"position\":2,\"name\":\"\u00c7avu\u015fo\u011flu, Azerbaycanl\u0131 mevkida\u015f\u0131 Emrullayev ile bir araya geldi\"}]},{\"@type\":\"WebSite\",\"@id\":\"https:\\\/\\\/kibrisdakik.com\\\/#website\",\"url\":\"https:\\\/\\\/kibrisdakik.com\\\/\",\"name\":\"\",\"description\":\"Tam vaktinde haber\",\"potentialAction\":[{\"@type\":\"SearchAction\",\"target\":{\"@type\":\"EntryPoint\",\"urlTemplate\":\"https:\\\/\\\/kibrisdakik.com\\\/?s={search_term_string}\"},\"query-input\":{\"@type\":\"PropertyValueSpecification\",\"valueRequired\":true,\"valueName\":\"search_term_string\"}}],\"inLanguage\":\"tr\"},{\"@type\":\"Person\",\"@id\":\"https:\\\/\\\/kibrisdakik.com\\\/#\\\/schema\\\/person\\\/9cd9d437bbb44f72b73ba127e06d8e79\",\"name\":\"admin\",\"image\":{\"@type\":\"ImageObject\",\"inLanguage\":\"tr\",\"@id\":\"https:\\\/\\\/secure.gravatar.com\\\/avatar\\\/ccc17943b9d660506c869530f897617f7cb1c21a4bf30023f252596d83e1f007?s=96&d=mm&r=g\",\"url\":\"https:\\\/\\\/secure.gravatar.com\\\/avatar\\\/ccc17943b9d660506c869530f897617f7cb1c21a4bf30023f252596d83e1f007?s=96&d=mm&r=g\",\"contentUrl\":\"https:\\\/\\\/secure.gravatar.com\\\/avatar\\\/ccc17943b9d660506c869530f897617f7cb1c21a4bf30023f252596d83e1f007?s=96&d=mm&r=g\",\"caption\":\"admin\"},\"sameAs\":[\"https:\\\/\\\/kibrisdakik.com\"],\"url\":\"https:\\\/\\\/kibrisdakik.com\\\/?author=1\"}]}<\/script>\n<!-- \/ Yoast SEO plugin. -->","yoast_head_json":{"title":"\u00c7avu\u015fo\u011flu, Azerbaycanl\u0131 mevkida\u015f\u0131 Emrullayev ile bir araya geldi -","robots":{"index":"index","follow":"follow","max-snippet":"max-snippet:-1","max-image-preview":"max-image-preview:large","max-video-preview":"max-video-preview:-1"},"canonical":"https:\/\/kibrisdakik.com\/?p=86967","og_locale":"tr_TR","og_type":"article","og_title":"\u00c7avu\u015fo\u011flu, Azerbaycanl\u0131 mevkida\u015f\u0131 Emrullayev ile bir araya geldi -","og_description":"Milli E\u011fitim Bakan\u0131 Naz\u0131m \u00c7avu\u015fo\u011flu Azerbaycan\u2019\u0131n ba\u015fkenti Bak\u00fc\u2019 de temaslarda bulunuyor. Bakan \u00c7avu\u015fo\u011flu\u2019na temaslar\u0131nda Do\u011fu Akdeniz \u00dcniversitesi (DA\u00dc) Rekt\u00f6r\u00fc Prof. Dr. Hasan K\u0131l\u0131\u00e7, Lefke Avrupa \u00dcniversitesi (LA\u00dc) Rekt\u00f6r\u00fc Prof. Dr. Mehmet Ali Y\u00fckselen ve Milli E\u011fitim Bakanl\u0131\u011f\u0131 Y\u00fcksek\u00f6\u011frenim ve D\u0131\u015f \u0130li\u015fkiler Dairesi M\u00fcd\u00fcr\u00fc Beh\u00e7et \u00c7elebi e\u015flik etti. Bak\u00fc temaslar\u0131 boyunca KKTC Bak\u00fc Temsilcisi B\u00fcy\u00fckel\u00e7i Ufuk","og_url":"https:\/\/kibrisdakik.com\/?p=86967","article_published_time":"2025-07-25T07:08:03+00:00","og_image":[{"width":1600,"height":1066,"url":"https:\/\/kibrisdakik.com\/wp-content\/uploads\/2025\/07\/3-740x420.jpeg","type":"image\/jpeg"}],"author":"admin","twitter_card":"summary_large_image","twitter_misc":{"Yazan:":"admin","Tahmini okuma s\u00fcresi":"4 dakika"},"schema":{"@context":"https:\/\/schema.org","@graph":[{"@type":"Article","@id":"https:\/\/kibrisdakik.com\/?p=86967#article","isPartOf":{"@id":"https:\/\/kibrisdakik.com\/?p=86967"},"author":{"name":"admin","@id":"https:\/\/kibrisdakik.com\/#\/schema\/person\/9cd9d437bbb44f72b73ba127e06d8e79"},"headline":"\u00c7avu\u015fo\u011flu, Azerbaycanl\u0131 mevkida\u015f\u0131 Emrullayev ile bir araya geldi","datePublished":"2025-07-25T07:08:03+00:00","mainEntityOfPage":{"@id":"https:\/\/kibrisdakik.com\/?p=86967"},"wordCount":814,"commentCount":0,"image":{"@id":"https:\/\/kibrisdakik.com\/?p=86967#primaryimage"},"thumbnailUrl":"https:\/\/kibrisdakik.com\/wp-content\/uploads\/2025\/07\/3-740x420.jpeg","articleSection":["K\u0131br\u0131s","Man\u015fet"],"inLanguage":"tr","potentialAction":[{"@type":"CommentAction","name":"Comment","target":["https:\/\/kibrisdakik.com\/?p=86967#respond"]}]},{"@type":"WebPage","@id":"https:\/\/kibrisdakik.com\/?p=86967","url":"https:\/\/kibrisdakik.com\/?p=86967","name":"\u00c7avu\u015fo\u011flu, Azerbaycanl\u0131 mevkida\u015f\u0131 Emrullayev ile bir araya geldi -","isPartOf":{"@id":"https:\/\/kibrisdakik.com\/#website"},"primaryImageOfPage":{"@id":"https:\/\/kibrisdakik.com\/?p=86967#primaryimage"},"image":{"@id":"https:\/\/kibrisdakik.com\/?p=86967#primaryimage"},"thumbnailUrl":"https:\/\/kibrisdakik.com\/wp-content\/uploads\/2025\/07\/3-740x420.jpeg","datePublished":"2025-07-25T07:08:03+00:00","author":{"@id":"https:\/\/kibrisdakik.com\/#\/schema\/person\/9cd9d437bbb44f72b73ba127e06d8e79"},"breadcrumb":{"@id":"https:\/\/kibrisdakik.com\/?p=86967#breadcrumb"},"inLanguage":"tr","potentialAction":[{"@type":"ReadAction","target":["https:\/\/kibrisdakik.com\/?p=86967"]}]},{"@type":"ImageObject","inLanguage":"tr","@id":"https:\/\/kibrisdakik.com\/?p=86967#primaryimage","url":"https:\/\/kibrisdakik.com\/wp-content\/uploads\/2025\/07\/3-740x420.jpeg","contentUrl":"https:\/\/kibrisdakik.com\/wp-content\/uploads\/2025\/07\/3-740x420.jpeg","width":1600,"height":1066},{"@type":"BreadcrumbList","@id":"https:\/\/kibrisdakik.com\/?p=86967#breadcrumb","itemListElement":[{"@type":"ListItem","position":1,"name":"Home","item":"https:\/\/kibrisdakik.com\/"},{"@type":"ListItem","position":2,"name":"\u00c7avu\u015fo\u011flu, Azerbaycanl\u0131 mevkida\u015f\u0131 Emrullayev ile bir araya geldi"}]},{"@type":"WebSite","@id":"https:\/\/kibrisdakik.com\/#website","url":"https:\/\/kibrisdakik.com\/","name":"","description":"Tam vaktinde haber","potentialAction":[{"@type":"SearchAction","target":{"@type":"EntryPoint","urlTemplate":"https:\/\/kibrisdakik.com\/?s={search_term_string}"},"query-input":{"@type":"PropertyValueSpecification","valueRequired":true,"valueName":"search_term_string"}}],"inLanguage":"tr"},{"@type":"Person","@id":"https:\/\/kibrisdakik.com\/#\/schema\/person\/9cd9d437bbb44f72b73ba127e06d8e79","name":"admin","image":{"@type":"ImageObject","inLanguage":"tr","@id":"https:\/\/secure.gravatar.com\/avatar\/ccc17943b9d660506c869530f897617f7cb1c21a4bf30023f252596d83e1f007?s=96&d=mm&r=g","url":"https:\/\/secure.gravatar.com\/avatar\/ccc17943b9d660506c869530f897617f7cb1c21a4bf30023f252596d83e1f007?s=96&d=mm&r=g","contentUrl":"https:\/\/secure.gravatar.com\/avatar\/ccc17943b9d660506c869530f897617f7cb1c21a4bf30023f252596d83e1f007?s=96&d=mm&r=g","caption":"admin"},"sameAs":["https:\/\/kibrisdakik.com"],"url":"https:\/\/kibrisdakik.com\/?author=1"}]}},"_links":{"self":[{"href":"https:\/\/kibrisdakik.com\/index.php?rest_route=\/wp\/v2\/posts\/86967","targetHints":{"allow":["GET"]}}],"collection":[{"href":"https:\/\/kibrisdakik.com\/index.php?rest_route=\/wp\/v2\/posts"}],"about":[{"href":"https:\/\/kibrisdakik.com\/index.php?rest_route=\/wp\/v2\/types\/post"}],"author":[{"embeddable":true,"href":"https:\/\/kibrisdakik.com\/index.php?rest_route=\/wp\/v2\/users\/1"}],"replies":[{"embeddable":true,"href":"https:\/\/kibrisdakik.com\/index.php?rest_route=%2Fwp%2Fv2%2Fcomments&post=86967"}],"version-history":[{"count":0,"href":"https:\/\/kibrisdakik.com\/index.php?rest_route=\/wp\/v2\/posts\/86967\/revisions"}],"wp:featuredmedia":[{"embeddable":true,"href":"https:\/\/kibrisdakik.com\/index.php?rest_route=\/wp\/v2\/media\/86968"}],"wp:attachment":[{"href":"https:\/\/kibrisdakik.com\/index.php?rest_route=%2Fwp%2Fv2%2Fmedia&parent=86967"}],"wp:term":[{"taxonomy":"category","embeddable":true,"href":"https:\/\/kibrisdakik.com\/index.php?rest_route=%2Fwp%2Fv2%2Fcategories&post=86967"},{"taxonomy":"post_tag","embeddable":true,"href":"https:\/\/kibrisdakik.com\/index.php?rest_route=%2Fwp%2Fv2%2Ftags&post=86967"}],"curies":[{"name":"wp","href":"https:\/\/api.w.org\/{rel}","templated":true}]}}