{"id":86981,"date":"2025-07-25T12:31:04","date_gmt":"2025-07-25T09:31:04","guid":{"rendered":"https:\/\/kibrisdakik.com\/index.php\/2025\/07\/25\/sosyal-yardim-otomasyon-sistemi-personele-tanitildi\/"},"modified":"2025-07-25T12:31:04","modified_gmt":"2025-07-25T09:31:04","slug":"sosyal-yardim-otomasyon-sistemi-personele-tanitildi","status":"publish","type":"post","link":"https:\/\/kibrisdakik.com\/?p=86981","title":{"rendered":"Sosyal yard\u0131m otomasyon sistemi personele tan\u0131t\u0131ld\u0131"},"content":{"rendered":"<p> <br \/>\n<\/p>\n<div>\n<div class=\"mariselle-image-container center\">\n                                            <\/div>\n<p>Cumhurba\u015fkanl\u0131\u011f\u0131 Beyaz Salon\u2019da, Sosyal Hizmetler Dairesi personeline y\u00f6nelik olarak Sosyal Yard\u0131m Otomasyon Sistemi hakk\u0131nda hizmet i\u00e7i e\u011fitim program\u0131 d\u00fczenlendi. Hayata ge\u00e7irilen  otomasyon sistemi ile,  Daire taraf\u0131ndan al\u0131nan  sosyal yard\u0131m ba\u015fvurular\u0131 daha h\u0131zl\u0131, etkin ve \u015feffaf bir \u015fekilde y\u00fcr\u00fct\u00fclecek. <\/p>\n<p>\u00c7al\u0131\u015fma ve Sosyal G\u00fcvenlik Bakanl\u0131\u011f\u0131 Bilgi \u0130\u015flem Sorumlusu Ahmet H\u0131zl\u0131 taraf\u0131ndan verilen e\u011fitime,  \u00c7al\u0131\u015fma ve Sosyal G\u00fcvenlik Bakan\u0131 Sad\u0131k Gardiyano\u011flu ile Sosyal Hizmetler Dairesi M\u00fcd\u00fcr\u00fc Alev Ecevit de kat\u0131ld\u0131.<\/p>\n<p>\u00c7al\u0131\u015fma ve Sosyal G\u00fcvenlik Bakan\u0131 Sad\u0131k Gardiyano\u011flu  yapt\u0131\u011f\u0131 konu\u015fmada, Sosyal Hizmetler Dairesi\u2019nde uzun y\u0131llard\u0131r ihtiya\u00e7 duyulan otomasyon sisteminin ilk kez hayata ge\u00e7irildi\u011fini vurgulayarak, bu \u00f6nemli ad\u0131m\u0131n sosyal yard\u0131m hizmetlerinde verimlili\u011fi art\u0131raca\u011f\u0131n\u0131 ifade etti.<\/p>\n<p> Gardiyano\u011flu, \u201cBu sistem, hem vatanda\u015f\u0131m\u0131za ula\u015fmada h\u0131z kazand\u0131racak hem de kaynaklar\u0131n daha do\u011fru kullan\u0131lmas\u0131n\u0131 sa\u011flayacak\u201d dedi.<\/p>\n<p>E\u011fitimde, yeni otomasyon sisteminin i\u015fleyi\u015fi, kullan\u0131c\u0131 aray\u00fcz\u00fc ve ba\u015fvuru s\u00fcre\u00e7lerine getirdi\u011fi yenilikler hakk\u0131nda detayl\u0131 bir sunum yap\u0131ld\u0131.<\/p>\n<\/p><\/div>\n<p><script async\n                    defer\n                    crossorigin=\"anonymous\"\n                    src=\"https:\/\/connect.facebook.net\/tr_TR\/sdk.js#xfbml=1&#038;version=v3.3\"\n            ><\/script><br \/>\n<br \/><br \/>\n<br \/><a href=\"[kibrisdakik.com]\n<\/p>\n","protected":false},"excerpt":{"rendered":"<p>Cumhurba\u015fkanl\u0131\u011f\u0131 Beyaz Salon\u2019da, Sosyal Hizmetler Dairesi personeline y\u00f6nelik olarak Sosyal Yard\u0131m Otomasyon Sistemi hakk\u0131nda hizmet i\u00e7i e\u011fitim program\u0131 d\u00fczenlendi. Hayata ge\u00e7irilen otomasyon sistemi ile, Daire taraf\u0131ndan al\u0131nan sosyal yard\u0131m ba\u015fvurular\u0131 daha h\u0131zl\u0131, etkin ve \u015feffaf bir \u015fekilde y\u00fcr\u00fct\u00fclecek. \u00c7al\u0131\u015fma ve Sosyal G\u00fcvenlik Bakanl\u0131\u011f\u0131 Bilgi \u0130\u015flem Sorumlusu Ahmet H\u0131zl\u0131 taraf\u0131ndan verilen e\u011fitime, \u00c7al\u0131\u015fma ve Sosyal G\u00fcvenlik<\/p>\n","protected":false},"author":1,"featured_media":86982,"comment_status":"open","ping_status":"open","sticky":false,"template":"","format":"standard","meta":{"footnotes":""},"categories":[81,101],"tags":[],"class_list":["post-86981","post","type-post","status-publish","format-standard","has-post-thumbnail","hentry","category-kibris","category-manset"],"yoast_head":"<!-- This site is optimized with the Yoast SEO plugin v27.5 - https:\/\/yoast.com\/product\/yoast-seo-wordpress\/ -->\n<title>Sosyal yard\u0131m otomasyon sistemi personele tan\u0131t\u0131ld\u0131 -<\/title>\n<meta name=\"robots\" content=\"index, follow, max-snippet:-1, max-image-preview:large, max-video-preview:-1\" \/>\n<link rel=\"canonical\" href=\"https:\/\/kibrisdakik.com\/?p=86981\" \/>\n<meta property=\"og:locale\" content=\"tr_TR\" \/>\n<meta property=\"og:type\" content=\"article\" \/>\n<meta property=\"og:title\" content=\"Sosyal yard\u0131m otomasyon sistemi personele tan\u0131t\u0131ld\u0131 -\" \/>\n<meta property=\"og:description\" content=\"Cumhurba\u015fkanl\u0131\u011f\u0131 Beyaz Salon\u2019da, Sosyal Hizmetler Dairesi personeline y\u00f6nelik olarak Sosyal Yard\u0131m Otomasyon Sistemi hakk\u0131nda hizmet i\u00e7i e\u011fitim program\u0131 d\u00fczenlendi. Hayata ge\u00e7irilen otomasyon sistemi ile, Daire taraf\u0131ndan al\u0131nan sosyal yard\u0131m ba\u015fvurular\u0131 daha h\u0131zl\u0131, etkin ve \u015feffaf bir \u015fekilde y\u00fcr\u00fct\u00fclecek. \u00c7al\u0131\u015fma ve Sosyal G\u00fcvenlik Bakanl\u0131\u011f\u0131 Bilgi \u0130\u015flem Sorumlusu Ahmet H\u0131zl\u0131 taraf\u0131ndan verilen e\u011fitime, \u00c7al\u0131\u015fma ve Sosyal G\u00fcvenlik\" \/>\n<meta property=\"og:url\" content=\"https:\/\/kibrisdakik.com\/?p=86981\" \/>\n<meta property=\"article:published_time\" content=\"2025-07-25T09:31:04+00:00\" \/>\n<meta property=\"og:image\" content=\"https:\/\/kibrisdakik.com\/wp-content\/uploads\/2025\/07\/8808-740x420.jpg\" \/>\n\t<meta property=\"og:image:width\" content=\"1430\" \/>\n\t<meta property=\"og:image:height\" content=\"566\" \/>\n\t<meta property=\"og:image:type\" content=\"image\/jpeg\" \/>\n<meta name=\"author\" content=\"admin\" \/>\n<meta name=\"twitter:card\" content=\"summary_large_image\" \/>\n<meta name=\"twitter:label1\" content=\"Yazan:\" \/>\n\t<meta name=\"twitter:data1\" content=\"admin\" \/>\n\t<meta name=\"twitter:label2\" content=\"Tahmini okuma s\u00fcresi\" \/>\n\t<meta name=\"twitter:data2\" content=\"1 dakika\" \/>\n<script type=\"application\/ld+json\" class=\"yoast-schema-graph\">{\"@context\":\"https:\\\/\\\/schema.org\",\"@graph\":[{\"@type\":\"Article\",\"@id\":\"https:\\\/\\\/kibrisdakik.com\\\/?p=86981#article\",\"isPartOf\":{\"@id\":\"https:\\\/\\\/kibrisdakik.com\\\/?p=86981\"},\"author\":{\"name\":\"admin\",\"@id\":\"https:\\\/\\\/kibrisdakik.com\\\/#\\\/schema\\\/person\\\/9cd9d437bbb44f72b73ba127e06d8e79\"},\"headline\":\"Sosyal yard\u0131m otomasyon sistemi personele tan\u0131t\u0131ld\u0131\",\"datePublished\":\"2025-07-25T09:31:04+00:00\",\"mainEntityOfPage\":{\"@id\":\"https:\\\/\\\/kibrisdakik.com\\\/?p=86981\"},\"wordCount\":211,\"commentCount\":0,\"image\":{\"@id\":\"https:\\\/\\\/kibrisdakik.com\\\/?p=86981#primaryimage\"},\"thumbnailUrl\":\"https:\\\/\\\/kibrisdakik.com\\\/wp-content\\\/uploads\\\/2025\\\/07\\\/8808-740x420.jpg\",\"articleSection\":[\"K\u0131br\u0131s\",\"Man\u015fet\"],\"inLanguage\":\"tr\",\"potentialAction\":[{\"@type\":\"CommentAction\",\"name\":\"Comment\",\"target\":[\"https:\\\/\\\/kibrisdakik.com\\\/?p=86981#respond\"]}]},{\"@type\":\"WebPage\",\"@id\":\"https:\\\/\\\/kibrisdakik.com\\\/?p=86981\",\"url\":\"https:\\\/\\\/kibrisdakik.com\\\/?p=86981\",\"name\":\"Sosyal yard\u0131m otomasyon sistemi personele tan\u0131t\u0131ld\u0131 -\",\"isPartOf\":{\"@id\":\"https:\\\/\\\/kibrisdakik.com\\\/#website\"},\"primaryImageOfPage\":{\"@id\":\"https:\\\/\\\/kibrisdakik.com\\\/?p=86981#primaryimage\"},\"image\":{\"@id\":\"https:\\\/\\\/kibrisdakik.com\\\/?p=86981#primaryimage\"},\"thumbnailUrl\":\"https:\\\/\\\/kibrisdakik.com\\\/wp-content\\\/uploads\\\/2025\\\/07\\\/8808-740x420.jpg\",\"datePublished\":\"2025-07-25T09:31:04+00:00\",\"author\":{\"@id\":\"https:\\\/\\\/kibrisdakik.com\\\/#\\\/schema\\\/person\\\/9cd9d437bbb44f72b73ba127e06d8e79\"},\"breadcrumb\":{\"@id\":\"https:\\\/\\\/kibrisdakik.com\\\/?p=86981#breadcrumb\"},\"inLanguage\":\"tr\",\"potentialAction\":[{\"@type\":\"ReadAction\",\"target\":[\"https:\\\/\\\/kibrisdakik.com\\\/?p=86981\"]}]},{\"@type\":\"ImageObject\",\"inLanguage\":\"tr\",\"@id\":\"https:\\\/\\\/kibrisdakik.com\\\/?p=86981#primaryimage\",\"url\":\"https:\\\/\\\/kibrisdakik.com\\\/wp-content\\\/uploads\\\/2025\\\/07\\\/8808-740x420.jpg\",\"contentUrl\":\"https:\\\/\\\/kibrisdakik.com\\\/wp-content\\\/uploads\\\/2025\\\/07\\\/8808-740x420.jpg\",\"width\":1430,\"height\":566},{\"@type\":\"BreadcrumbList\",\"@id\":\"https:\\\/\\\/kibrisdakik.com\\\/?p=86981#breadcrumb\",\"itemListElement\":[{\"@type\":\"ListItem\",\"position\":1,\"name\":\"Home\",\"item\":\"https:\\\/\\\/kibrisdakik.com\\\/\"},{\"@type\":\"ListItem\",\"position\":2,\"name\":\"Sosyal yard\u0131m otomasyon sistemi personele tan\u0131t\u0131ld\u0131\"}]},{\"@type\":\"WebSite\",\"@id\":\"https:\\\/\\\/kibrisdakik.com\\\/#website\",\"url\":\"https:\\\/\\\/kibrisdakik.com\\\/\",\"name\":\"\",\"description\":\"Tam vaktinde haber\",\"potentialAction\":[{\"@type\":\"SearchAction\",\"target\":{\"@type\":\"EntryPoint\",\"urlTemplate\":\"https:\\\/\\\/kibrisdakik.com\\\/?s={search_term_string}\"},\"query-input\":{\"@type\":\"PropertyValueSpecification\",\"valueRequired\":true,\"valueName\":\"search_term_string\"}}],\"inLanguage\":\"tr\"},{\"@type\":\"Person\",\"@id\":\"https:\\\/\\\/kibrisdakik.com\\\/#\\\/schema\\\/person\\\/9cd9d437bbb44f72b73ba127e06d8e79\",\"name\":\"admin\",\"image\":{\"@type\":\"ImageObject\",\"inLanguage\":\"tr\",\"@id\":\"https:\\\/\\\/secure.gravatar.com\\\/avatar\\\/ccc17943b9d660506c869530f897617f7cb1c21a4bf30023f252596d83e1f007?s=96&d=mm&r=g\",\"url\":\"https:\\\/\\\/secure.gravatar.com\\\/avatar\\\/ccc17943b9d660506c869530f897617f7cb1c21a4bf30023f252596d83e1f007?s=96&d=mm&r=g\",\"contentUrl\":\"https:\\\/\\\/secure.gravatar.com\\\/avatar\\\/ccc17943b9d660506c869530f897617f7cb1c21a4bf30023f252596d83e1f007?s=96&d=mm&r=g\",\"caption\":\"admin\"},\"sameAs\":[\"https:\\\/\\\/kibrisdakik.com\"],\"url\":\"https:\\\/\\\/kibrisdakik.com\\\/?author=1\"}]}<\/script>\n<!-- \/ Yoast SEO plugin. -->","yoast_head_json":{"title":"Sosyal yard\u0131m otomasyon sistemi personele tan\u0131t\u0131ld\u0131 -","robots":{"index":"index","follow":"follow","max-snippet":"max-snippet:-1","max-image-preview":"max-image-preview:large","max-video-preview":"max-video-preview:-1"},"canonical":"https:\/\/kibrisdakik.com\/?p=86981","og_locale":"tr_TR","og_type":"article","og_title":"Sosyal yard\u0131m otomasyon sistemi personele tan\u0131t\u0131ld\u0131 -","og_description":"Cumhurba\u015fkanl\u0131\u011f\u0131 Beyaz Salon\u2019da, Sosyal Hizmetler Dairesi personeline y\u00f6nelik olarak Sosyal Yard\u0131m Otomasyon Sistemi hakk\u0131nda hizmet i\u00e7i e\u011fitim program\u0131 d\u00fczenlendi. Hayata ge\u00e7irilen otomasyon sistemi ile, Daire taraf\u0131ndan al\u0131nan sosyal yard\u0131m ba\u015fvurular\u0131 daha h\u0131zl\u0131, etkin ve \u015feffaf bir \u015fekilde y\u00fcr\u00fct\u00fclecek. \u00c7al\u0131\u015fma ve Sosyal G\u00fcvenlik Bakanl\u0131\u011f\u0131 Bilgi \u0130\u015flem Sorumlusu Ahmet H\u0131zl\u0131 taraf\u0131ndan verilen e\u011fitime, \u00c7al\u0131\u015fma ve Sosyal G\u00fcvenlik","og_url":"https:\/\/kibrisdakik.com\/?p=86981","article_published_time":"2025-07-25T09:31:04+00:00","og_image":[{"width":1430,"height":566,"url":"https:\/\/kibrisdakik.com\/wp-content\/uploads\/2025\/07\/8808-740x420.jpg","type":"image\/jpeg"}],"author":"admin","twitter_card":"summary_large_image","twitter_misc":{"Yazan:":"admin","Tahmini okuma s\u00fcresi":"1 dakika"},"schema":{"@context":"https:\/\/schema.org","@graph":[{"@type":"Article","@id":"https:\/\/kibrisdakik.com\/?p=86981#article","isPartOf":{"@id":"https:\/\/kibrisdakik.com\/?p=86981"},"author":{"name":"admin","@id":"https:\/\/kibrisdakik.com\/#\/schema\/person\/9cd9d437bbb44f72b73ba127e06d8e79"},"headline":"Sosyal yard\u0131m otomasyon sistemi personele tan\u0131t\u0131ld\u0131","datePublished":"2025-07-25T09:31:04+00:00","mainEntityOfPage":{"@id":"https:\/\/kibrisdakik.com\/?p=86981"},"wordCount":211,"commentCount":0,"image":{"@id":"https:\/\/kibrisdakik.com\/?p=86981#primaryimage"},"thumbnailUrl":"https:\/\/kibrisdakik.com\/wp-content\/uploads\/2025\/07\/8808-740x420.jpg","articleSection":["K\u0131br\u0131s","Man\u015fet"],"inLanguage":"tr","potentialAction":[{"@type":"CommentAction","name":"Comment","target":["https:\/\/kibrisdakik.com\/?p=86981#respond"]}]},{"@type":"WebPage","@id":"https:\/\/kibrisdakik.com\/?p=86981","url":"https:\/\/kibrisdakik.com\/?p=86981","name":"Sosyal yard\u0131m otomasyon sistemi personele tan\u0131t\u0131ld\u0131 -","isPartOf":{"@id":"https:\/\/kibrisdakik.com\/#website"},"primaryImageOfPage":{"@id":"https:\/\/kibrisdakik.com\/?p=86981#primaryimage"},"image":{"@id":"https:\/\/kibrisdakik.com\/?p=86981#primaryimage"},"thumbnailUrl":"https:\/\/kibrisdakik.com\/wp-content\/uploads\/2025\/07\/8808-740x420.jpg","datePublished":"2025-07-25T09:31:04+00:00","author":{"@id":"https:\/\/kibrisdakik.com\/#\/schema\/person\/9cd9d437bbb44f72b73ba127e06d8e79"},"breadcrumb":{"@id":"https:\/\/kibrisdakik.com\/?p=86981#breadcrumb"},"inLanguage":"tr","potentialAction":[{"@type":"ReadAction","target":["https:\/\/kibrisdakik.com\/?p=86981"]}]},{"@type":"ImageObject","inLanguage":"tr","@id":"https:\/\/kibrisdakik.com\/?p=86981#primaryimage","url":"https:\/\/kibrisdakik.com\/wp-content\/uploads\/2025\/07\/8808-740x420.jpg","contentUrl":"https:\/\/kibrisdakik.com\/wp-content\/uploads\/2025\/07\/8808-740x420.jpg","width":1430,"height":566},{"@type":"BreadcrumbList","@id":"https:\/\/kibrisdakik.com\/?p=86981#breadcrumb","itemListElement":[{"@type":"ListItem","position":1,"name":"Home","item":"https:\/\/kibrisdakik.com\/"},{"@type":"ListItem","position":2,"name":"Sosyal yard\u0131m otomasyon sistemi personele tan\u0131t\u0131ld\u0131"}]},{"@type":"WebSite","@id":"https:\/\/kibrisdakik.com\/#website","url":"https:\/\/kibrisdakik.com\/","name":"","description":"Tam vaktinde haber","potentialAction":[{"@type":"SearchAction","target":{"@type":"EntryPoint","urlTemplate":"https:\/\/kibrisdakik.com\/?s={search_term_string}"},"query-input":{"@type":"PropertyValueSpecification","valueRequired":true,"valueName":"search_term_string"}}],"inLanguage":"tr"},{"@type":"Person","@id":"https:\/\/kibrisdakik.com\/#\/schema\/person\/9cd9d437bbb44f72b73ba127e06d8e79","name":"admin","image":{"@type":"ImageObject","inLanguage":"tr","@id":"https:\/\/secure.gravatar.com\/avatar\/ccc17943b9d660506c869530f897617f7cb1c21a4bf30023f252596d83e1f007?s=96&d=mm&r=g","url":"https:\/\/secure.gravatar.com\/avatar\/ccc17943b9d660506c869530f897617f7cb1c21a4bf30023f252596d83e1f007?s=96&d=mm&r=g","contentUrl":"https:\/\/secure.gravatar.com\/avatar\/ccc17943b9d660506c869530f897617f7cb1c21a4bf30023f252596d83e1f007?s=96&d=mm&r=g","caption":"admin"},"sameAs":["https:\/\/kibrisdakik.com"],"url":"https:\/\/kibrisdakik.com\/?author=1"}]}},"_links":{"self":[{"href":"https:\/\/kibrisdakik.com\/index.php?rest_route=\/wp\/v2\/posts\/86981","targetHints":{"allow":["GET"]}}],"collection":[{"href":"https:\/\/kibrisdakik.com\/index.php?rest_route=\/wp\/v2\/posts"}],"about":[{"href":"https:\/\/kibrisdakik.com\/index.php?rest_route=\/wp\/v2\/types\/post"}],"author":[{"embeddable":true,"href":"https:\/\/kibrisdakik.com\/index.php?rest_route=\/wp\/v2\/users\/1"}],"replies":[{"embeddable":true,"href":"https:\/\/kibrisdakik.com\/index.php?rest_route=%2Fwp%2Fv2%2Fcomments&post=86981"}],"version-history":[{"count":0,"href":"https:\/\/kibrisdakik.com\/index.php?rest_route=\/wp\/v2\/posts\/86981\/revisions"}],"wp:featuredmedia":[{"embeddable":true,"href":"https:\/\/kibrisdakik.com\/index.php?rest_route=\/wp\/v2\/media\/86982"}],"wp:attachment":[{"href":"https:\/\/kibrisdakik.com\/index.php?rest_route=%2Fwp%2Fv2%2Fmedia&parent=86981"}],"wp:term":[{"taxonomy":"category","embeddable":true,"href":"https:\/\/kibrisdakik.com\/index.php?rest_route=%2Fwp%2Fv2%2Fcategories&post=86981"},{"taxonomy":"post_tag","embeddable":true,"href":"https:\/\/kibrisdakik.com\/index.php?rest_route=%2Fwp%2Fv2%2Ftags&post=86981"}],"curies":[{"name":"wp","href":"https:\/\/api.w.org\/{rel}","templated":true}]}}