{"id":86985,"date":"2025-07-25T12:53:02","date_gmt":"2025-07-25T09:53:02","guid":{"rendered":"https:\/\/kibrisdakik.com\/index.php\/2025\/07\/25\/basbakan-ustel-taspinar-sehitlerini-andi-2\/"},"modified":"2025-07-25T12:53:02","modified_gmt":"2025-07-25T09:53:02","slug":"basbakan-ustel-taspinar-sehitlerini-andi-2","status":"publish","type":"post","link":"https:\/\/kibrisdakik.com\/?p=86985","title":{"rendered":"Ba\u015fbakan \u00dcstel, Ta\u015fp\u0131nar \u015fehitlerini and\u0131"},"content":{"rendered":"<p> <br \/>\n<\/p>\n<div>\n<div class=\"mariselle-image-container center\">\n                                            <\/div>\n<p>Ba\u015fbakan \u00dcnal \u00dcstel, Ta\u015fp\u0131nar \u015fehitlerini minnetle and\u0131.<\/p>\n<p>Ba\u015fbakanl\u0131k\u2019tan yap\u0131lan a\u00e7\u0131klamaya g\u00f6re \u00dcstel, yay\u0131mlad\u0131\u011f\u0131 mesajda,\u20191964\u20131974 y\u0131llar\u0131 aras\u0131nda ya\u015fanan Milli M\u00fccadele d\u00f6neminde, Rum sald\u0131r\u0131lar\u0131na kar\u015f\u0131 Ta\u015fp\u0131nar K\u00f6y\u00fc\u2019n\u00fcn savunulmas\u0131 s\u0131ras\u0131nda \u015fehit d\u00fc\u015fen 12 kahraman evlad\u0131m\u0131z\u0131 rahmet, minnet ve \u015f\u00fckranla an\u0131yoruz.<\/p>\n<p>Vatan\u0131n b\u00f6l\u00fcnmez b\u00fct\u00fcnl\u00fc\u011f\u00fc ve Ay Y\u0131ld\u0131zl\u0131 bayra\u011f\u0131m\u0131z\u0131n \u00f6zg\u00fcrce dalgalanmas\u0131 u\u011fruna canlar\u0131n\u0131 feda eden aziz \u015fehitlerimiz, bizlere bu topraklarda onurlu bir gelecek b\u0131rakm\u0131\u015f; ayn\u0131 zamanda bayra\u011f\u0131m\u0131za, devletimize ve egemenli\u011fimize sahip \u00e7\u0131kma sorumlulu\u011funu da emanet etmi\u015ftir.<\/p>\n<p>Ta\u015fp\u0131nar\u2019da destans\u0131 bir direni\u015fin simgesi olan \u015fehitlerimiz, K\u0131br\u0131s T\u00fcrk halk\u0131n\u0131n ba\u011f\u0131ms\u0131zl\u0131k ve varolu\u015f iradesinin en k\u0131ymetli temsilcileridir.<br \/>Bu vesileyle, Ta\u015fp\u0131nar \u015eehitlerimizi bir kez daha rahmetle, minnetle ve sonsuz \u015f\u00fckranla an\u0131yor; aziz hat\u0131ralar\u0131 \u00f6n\u00fcnde sayg\u0131yla e\u011filiyoruz.\u2019 dedi<\/p>\n<\/p><\/div>\n<p><script async\n                    defer\n                    crossorigin=\"anonymous\"\n                    src=\"https:\/\/connect.facebook.net\/tr_TR\/sdk.js#xfbml=1&#038;version=v3.3\"\n            ><\/script><br \/>\n<br \/><br \/>\n<br \/><a href=\"[kibrisdakik.com]\n<\/p>\n","protected":false},"excerpt":{"rendered":"<p>Ba\u015fbakan \u00dcnal \u00dcstel, Ta\u015fp\u0131nar \u015fehitlerini minnetle and\u0131. Ba\u015fbakanl\u0131k\u2019tan yap\u0131lan a\u00e7\u0131klamaya g\u00f6re \u00dcstel, yay\u0131mlad\u0131\u011f\u0131 mesajda,\u20191964\u20131974 y\u0131llar\u0131 aras\u0131nda ya\u015fanan Milli M\u00fccadele d\u00f6neminde, Rum sald\u0131r\u0131lar\u0131na kar\u015f\u0131 Ta\u015fp\u0131nar K\u00f6y\u00fc\u2019n\u00fcn savunulmas\u0131 s\u0131ras\u0131nda \u015fehit d\u00fc\u015fen 12 kahraman evlad\u0131m\u0131z\u0131 rahmet, minnet ve \u015f\u00fckranla an\u0131yoruz. Vatan\u0131n b\u00f6l\u00fcnmez b\u00fct\u00fcnl\u00fc\u011f\u00fc ve Ay Y\u0131ld\u0131zl\u0131 bayra\u011f\u0131m\u0131z\u0131n \u00f6zg\u00fcrce dalgalanmas\u0131 u\u011fruna canlar\u0131n\u0131 feda eden aziz \u015fehitlerimiz, bizlere bu topraklarda<\/p>\n","protected":false},"author":1,"featured_media":86986,"comment_status":"open","ping_status":"open","sticky":false,"template":"","format":"standard","meta":{"footnotes":""},"categories":[81,101],"tags":[],"class_list":["post-86985","post","type-post","status-publish","format-standard","has-post-thumbnail","hentry","category-kibris","category-manset"],"yoast_head":"<!-- This site is optimized with the Yoast SEO plugin v27.4 - https:\/\/yoast.com\/product\/yoast-seo-wordpress\/ -->\n<title>Ba\u015fbakan \u00dcstel, Ta\u015fp\u0131nar \u015fehitlerini and\u0131 -<\/title>\n<meta name=\"robots\" content=\"index, follow, max-snippet:-1, max-image-preview:large, max-video-preview:-1\" \/>\n<link rel=\"canonical\" href=\"https:\/\/kibrisdakik.com\/?p=86985\" \/>\n<meta property=\"og:locale\" content=\"tr_TR\" \/>\n<meta property=\"og:type\" content=\"article\" \/>\n<meta property=\"og:title\" content=\"Ba\u015fbakan \u00dcstel, Ta\u015fp\u0131nar \u015fehitlerini and\u0131 -\" \/>\n<meta property=\"og:description\" content=\"Ba\u015fbakan \u00dcnal \u00dcstel, Ta\u015fp\u0131nar \u015fehitlerini minnetle and\u0131. Ba\u015fbakanl\u0131k\u2019tan yap\u0131lan a\u00e7\u0131klamaya g\u00f6re \u00dcstel, yay\u0131mlad\u0131\u011f\u0131 mesajda,\u20191964\u20131974 y\u0131llar\u0131 aras\u0131nda ya\u015fanan Milli M\u00fccadele d\u00f6neminde, Rum sald\u0131r\u0131lar\u0131na kar\u015f\u0131 Ta\u015fp\u0131nar K\u00f6y\u00fc\u2019n\u00fcn savunulmas\u0131 s\u0131ras\u0131nda \u015fehit d\u00fc\u015fen 12 kahraman evlad\u0131m\u0131z\u0131 rahmet, minnet ve \u015f\u00fckranla an\u0131yoruz. Vatan\u0131n b\u00f6l\u00fcnmez b\u00fct\u00fcnl\u00fc\u011f\u00fc ve Ay Y\u0131ld\u0131zl\u0131 bayra\u011f\u0131m\u0131z\u0131n \u00f6zg\u00fcrce dalgalanmas\u0131 u\u011fruna canlar\u0131n\u0131 feda eden aziz \u015fehitlerimiz, bizlere bu topraklarda\" \/>\n<meta property=\"og:url\" content=\"https:\/\/kibrisdakik.com\/?p=86985\" \/>\n<meta property=\"article:published_time\" content=\"2025-07-25T09:53:02+00:00\" \/>\n<meta property=\"og:image\" content=\"https:\/\/kibrisdakik.com\/wp-content\/uploads\/2025\/07\/llskslk-740x406.jpg\" \/>\n\t<meta property=\"og:image:width\" content=\"953\" \/>\n\t<meta property=\"og:image:height\" content=\"406\" \/>\n\t<meta property=\"og:image:type\" content=\"image\/jpeg\" \/>\n<meta name=\"author\" content=\"admin\" \/>\n<meta name=\"twitter:card\" content=\"summary_large_image\" \/>\n<meta name=\"twitter:label1\" content=\"Yazan:\" \/>\n\t<meta name=\"twitter:data1\" content=\"admin\" \/>\n\t<meta name=\"twitter:label2\" content=\"Tahmini okuma s\u00fcresi\" \/>\n\t<meta name=\"twitter:data2\" content=\"1 dakika\" \/>\n<script type=\"application\/ld+json\" class=\"yoast-schema-graph\">{\"@context\":\"https:\\\/\\\/schema.org\",\"@graph\":[{\"@type\":\"Article\",\"@id\":\"https:\\\/\\\/kibrisdakik.com\\\/?p=86985#article\",\"isPartOf\":{\"@id\":\"https:\\\/\\\/kibrisdakik.com\\\/?p=86985\"},\"author\":{\"name\":\"admin\",\"@id\":\"https:\\\/\\\/kibrisdakik.com\\\/#\\\/schema\\\/person\\\/9cd9d437bbb44f72b73ba127e06d8e79\"},\"headline\":\"Ba\u015fbakan \u00dcstel, Ta\u015fp\u0131nar \u015fehitlerini and\u0131\",\"datePublished\":\"2025-07-25T09:53:02+00:00\",\"mainEntityOfPage\":{\"@id\":\"https:\\\/\\\/kibrisdakik.com\\\/?p=86985\"},\"wordCount\":184,\"commentCount\":0,\"image\":{\"@id\":\"https:\\\/\\\/kibrisdakik.com\\\/?p=86985#primaryimage\"},\"thumbnailUrl\":\"https:\\\/\\\/kibrisdakik.com\\\/wp-content\\\/uploads\\\/2025\\\/07\\\/llskslk-740x406.jpg\",\"articleSection\":[\"K\u0131br\u0131s\",\"Man\u015fet\"],\"inLanguage\":\"tr\",\"potentialAction\":[{\"@type\":\"CommentAction\",\"name\":\"Comment\",\"target\":[\"https:\\\/\\\/kibrisdakik.com\\\/?p=86985#respond\"]}]},{\"@type\":\"WebPage\",\"@id\":\"https:\\\/\\\/kibrisdakik.com\\\/?p=86985\",\"url\":\"https:\\\/\\\/kibrisdakik.com\\\/?p=86985\",\"name\":\"Ba\u015fbakan \u00dcstel, Ta\u015fp\u0131nar \u015fehitlerini and\u0131 -\",\"isPartOf\":{\"@id\":\"https:\\\/\\\/kibrisdakik.com\\\/#website\"},\"primaryImageOfPage\":{\"@id\":\"https:\\\/\\\/kibrisdakik.com\\\/?p=86985#primaryimage\"},\"image\":{\"@id\":\"https:\\\/\\\/kibrisdakik.com\\\/?p=86985#primaryimage\"},\"thumbnailUrl\":\"https:\\\/\\\/kibrisdakik.com\\\/wp-content\\\/uploads\\\/2025\\\/07\\\/llskslk-740x406.jpg\",\"datePublished\":\"2025-07-25T09:53:02+00:00\",\"author\":{\"@id\":\"https:\\\/\\\/kibrisdakik.com\\\/#\\\/schema\\\/person\\\/9cd9d437bbb44f72b73ba127e06d8e79\"},\"breadcrumb\":{\"@id\":\"https:\\\/\\\/kibrisdakik.com\\\/?p=86985#breadcrumb\"},\"inLanguage\":\"tr\",\"potentialAction\":[{\"@type\":\"ReadAction\",\"target\":[\"https:\\\/\\\/kibrisdakik.com\\\/?p=86985\"]}]},{\"@type\":\"ImageObject\",\"inLanguage\":\"tr\",\"@id\":\"https:\\\/\\\/kibrisdakik.com\\\/?p=86985#primaryimage\",\"url\":\"https:\\\/\\\/kibrisdakik.com\\\/wp-content\\\/uploads\\\/2025\\\/07\\\/llskslk-740x406.jpg\",\"contentUrl\":\"https:\\\/\\\/kibrisdakik.com\\\/wp-content\\\/uploads\\\/2025\\\/07\\\/llskslk-740x406.jpg\",\"width\":953,\"height\":406},{\"@type\":\"BreadcrumbList\",\"@id\":\"https:\\\/\\\/kibrisdakik.com\\\/?p=86985#breadcrumb\",\"itemListElement\":[{\"@type\":\"ListItem\",\"position\":1,\"name\":\"Home\",\"item\":\"https:\\\/\\\/kibrisdakik.com\\\/\"},{\"@type\":\"ListItem\",\"position\":2,\"name\":\"Ba\u015fbakan \u00dcstel, Ta\u015fp\u0131nar \u015fehitlerini and\u0131\"}]},{\"@type\":\"WebSite\",\"@id\":\"https:\\\/\\\/kibrisdakik.com\\\/#website\",\"url\":\"https:\\\/\\\/kibrisdakik.com\\\/\",\"name\":\"\",\"description\":\"Tam vaktinde haber\",\"potentialAction\":[{\"@type\":\"SearchAction\",\"target\":{\"@type\":\"EntryPoint\",\"urlTemplate\":\"https:\\\/\\\/kibrisdakik.com\\\/?s={search_term_string}\"},\"query-input\":{\"@type\":\"PropertyValueSpecification\",\"valueRequired\":true,\"valueName\":\"search_term_string\"}}],\"inLanguage\":\"tr\"},{\"@type\":\"Person\",\"@id\":\"https:\\\/\\\/kibrisdakik.com\\\/#\\\/schema\\\/person\\\/9cd9d437bbb44f72b73ba127e06d8e79\",\"name\":\"admin\",\"image\":{\"@type\":\"ImageObject\",\"inLanguage\":\"tr\",\"@id\":\"https:\\\/\\\/secure.gravatar.com\\\/avatar\\\/ccc17943b9d660506c869530f897617f7cb1c21a4bf30023f252596d83e1f007?s=96&d=mm&r=g\",\"url\":\"https:\\\/\\\/secure.gravatar.com\\\/avatar\\\/ccc17943b9d660506c869530f897617f7cb1c21a4bf30023f252596d83e1f007?s=96&d=mm&r=g\",\"contentUrl\":\"https:\\\/\\\/secure.gravatar.com\\\/avatar\\\/ccc17943b9d660506c869530f897617f7cb1c21a4bf30023f252596d83e1f007?s=96&d=mm&r=g\",\"caption\":\"admin\"},\"sameAs\":[\"https:\\\/\\\/kibrisdakik.com\"],\"url\":\"https:\\\/\\\/kibrisdakik.com\\\/?author=1\"}]}<\/script>\n<!-- \/ Yoast SEO plugin. -->","yoast_head_json":{"title":"Ba\u015fbakan \u00dcstel, Ta\u015fp\u0131nar \u015fehitlerini and\u0131 -","robots":{"index":"index","follow":"follow","max-snippet":"max-snippet:-1","max-image-preview":"max-image-preview:large","max-video-preview":"max-video-preview:-1"},"canonical":"https:\/\/kibrisdakik.com\/?p=86985","og_locale":"tr_TR","og_type":"article","og_title":"Ba\u015fbakan \u00dcstel, Ta\u015fp\u0131nar \u015fehitlerini and\u0131 -","og_description":"Ba\u015fbakan \u00dcnal \u00dcstel, Ta\u015fp\u0131nar \u015fehitlerini minnetle and\u0131. Ba\u015fbakanl\u0131k\u2019tan yap\u0131lan a\u00e7\u0131klamaya g\u00f6re \u00dcstel, yay\u0131mlad\u0131\u011f\u0131 mesajda,\u20191964\u20131974 y\u0131llar\u0131 aras\u0131nda ya\u015fanan Milli M\u00fccadele d\u00f6neminde, Rum sald\u0131r\u0131lar\u0131na kar\u015f\u0131 Ta\u015fp\u0131nar K\u00f6y\u00fc\u2019n\u00fcn savunulmas\u0131 s\u0131ras\u0131nda \u015fehit d\u00fc\u015fen 12 kahraman evlad\u0131m\u0131z\u0131 rahmet, minnet ve \u015f\u00fckranla an\u0131yoruz. Vatan\u0131n b\u00f6l\u00fcnmez b\u00fct\u00fcnl\u00fc\u011f\u00fc ve Ay Y\u0131ld\u0131zl\u0131 bayra\u011f\u0131m\u0131z\u0131n \u00f6zg\u00fcrce dalgalanmas\u0131 u\u011fruna canlar\u0131n\u0131 feda eden aziz \u015fehitlerimiz, bizlere bu topraklarda","og_url":"https:\/\/kibrisdakik.com\/?p=86985","article_published_time":"2025-07-25T09:53:02+00:00","og_image":[{"width":953,"height":406,"url":"https:\/\/kibrisdakik.com\/wp-content\/uploads\/2025\/07\/llskslk-740x406.jpg","type":"image\/jpeg"}],"author":"admin","twitter_card":"summary_large_image","twitter_misc":{"Yazan:":"admin","Tahmini okuma s\u00fcresi":"1 dakika"},"schema":{"@context":"https:\/\/schema.org","@graph":[{"@type":"Article","@id":"https:\/\/kibrisdakik.com\/?p=86985#article","isPartOf":{"@id":"https:\/\/kibrisdakik.com\/?p=86985"},"author":{"name":"admin","@id":"https:\/\/kibrisdakik.com\/#\/schema\/person\/9cd9d437bbb44f72b73ba127e06d8e79"},"headline":"Ba\u015fbakan \u00dcstel, Ta\u015fp\u0131nar \u015fehitlerini and\u0131","datePublished":"2025-07-25T09:53:02+00:00","mainEntityOfPage":{"@id":"https:\/\/kibrisdakik.com\/?p=86985"},"wordCount":184,"commentCount":0,"image":{"@id":"https:\/\/kibrisdakik.com\/?p=86985#primaryimage"},"thumbnailUrl":"https:\/\/kibrisdakik.com\/wp-content\/uploads\/2025\/07\/llskslk-740x406.jpg","articleSection":["K\u0131br\u0131s","Man\u015fet"],"inLanguage":"tr","potentialAction":[{"@type":"CommentAction","name":"Comment","target":["https:\/\/kibrisdakik.com\/?p=86985#respond"]}]},{"@type":"WebPage","@id":"https:\/\/kibrisdakik.com\/?p=86985","url":"https:\/\/kibrisdakik.com\/?p=86985","name":"Ba\u015fbakan \u00dcstel, Ta\u015fp\u0131nar \u015fehitlerini and\u0131 -","isPartOf":{"@id":"https:\/\/kibrisdakik.com\/#website"},"primaryImageOfPage":{"@id":"https:\/\/kibrisdakik.com\/?p=86985#primaryimage"},"image":{"@id":"https:\/\/kibrisdakik.com\/?p=86985#primaryimage"},"thumbnailUrl":"https:\/\/kibrisdakik.com\/wp-content\/uploads\/2025\/07\/llskslk-740x406.jpg","datePublished":"2025-07-25T09:53:02+00:00","author":{"@id":"https:\/\/kibrisdakik.com\/#\/schema\/person\/9cd9d437bbb44f72b73ba127e06d8e79"},"breadcrumb":{"@id":"https:\/\/kibrisdakik.com\/?p=86985#breadcrumb"},"inLanguage":"tr","potentialAction":[{"@type":"ReadAction","target":["https:\/\/kibrisdakik.com\/?p=86985"]}]},{"@type":"ImageObject","inLanguage":"tr","@id":"https:\/\/kibrisdakik.com\/?p=86985#primaryimage","url":"https:\/\/kibrisdakik.com\/wp-content\/uploads\/2025\/07\/llskslk-740x406.jpg","contentUrl":"https:\/\/kibrisdakik.com\/wp-content\/uploads\/2025\/07\/llskslk-740x406.jpg","width":953,"height":406},{"@type":"BreadcrumbList","@id":"https:\/\/kibrisdakik.com\/?p=86985#breadcrumb","itemListElement":[{"@type":"ListItem","position":1,"name":"Home","item":"https:\/\/kibrisdakik.com\/"},{"@type":"ListItem","position":2,"name":"Ba\u015fbakan \u00dcstel, Ta\u015fp\u0131nar \u015fehitlerini and\u0131"}]},{"@type":"WebSite","@id":"https:\/\/kibrisdakik.com\/#website","url":"https:\/\/kibrisdakik.com\/","name":"","description":"Tam vaktinde haber","potentialAction":[{"@type":"SearchAction","target":{"@type":"EntryPoint","urlTemplate":"https:\/\/kibrisdakik.com\/?s={search_term_string}"},"query-input":{"@type":"PropertyValueSpecification","valueRequired":true,"valueName":"search_term_string"}}],"inLanguage":"tr"},{"@type":"Person","@id":"https:\/\/kibrisdakik.com\/#\/schema\/person\/9cd9d437bbb44f72b73ba127e06d8e79","name":"admin","image":{"@type":"ImageObject","inLanguage":"tr","@id":"https:\/\/secure.gravatar.com\/avatar\/ccc17943b9d660506c869530f897617f7cb1c21a4bf30023f252596d83e1f007?s=96&d=mm&r=g","url":"https:\/\/secure.gravatar.com\/avatar\/ccc17943b9d660506c869530f897617f7cb1c21a4bf30023f252596d83e1f007?s=96&d=mm&r=g","contentUrl":"https:\/\/secure.gravatar.com\/avatar\/ccc17943b9d660506c869530f897617f7cb1c21a4bf30023f252596d83e1f007?s=96&d=mm&r=g","caption":"admin"},"sameAs":["https:\/\/kibrisdakik.com"],"url":"https:\/\/kibrisdakik.com\/?author=1"}]}},"_links":{"self":[{"href":"https:\/\/kibrisdakik.com\/index.php?rest_route=\/wp\/v2\/posts\/86985","targetHints":{"allow":["GET"]}}],"collection":[{"href":"https:\/\/kibrisdakik.com\/index.php?rest_route=\/wp\/v2\/posts"}],"about":[{"href":"https:\/\/kibrisdakik.com\/index.php?rest_route=\/wp\/v2\/types\/post"}],"author":[{"embeddable":true,"href":"https:\/\/kibrisdakik.com\/index.php?rest_route=\/wp\/v2\/users\/1"}],"replies":[{"embeddable":true,"href":"https:\/\/kibrisdakik.com\/index.php?rest_route=%2Fwp%2Fv2%2Fcomments&post=86985"}],"version-history":[{"count":0,"href":"https:\/\/kibrisdakik.com\/index.php?rest_route=\/wp\/v2\/posts\/86985\/revisions"}],"wp:featuredmedia":[{"embeddable":true,"href":"https:\/\/kibrisdakik.com\/index.php?rest_route=\/wp\/v2\/media\/86986"}],"wp:attachment":[{"href":"https:\/\/kibrisdakik.com\/index.php?rest_route=%2Fwp%2Fv2%2Fmedia&parent=86985"}],"wp:term":[{"taxonomy":"category","embeddable":true,"href":"https:\/\/kibrisdakik.com\/index.php?rest_route=%2Fwp%2Fv2%2Fcategories&post=86985"},{"taxonomy":"post_tag","embeddable":true,"href":"https:\/\/kibrisdakik.com\/index.php?rest_route=%2Fwp%2Fv2%2Ftags&post=86985"}],"curies":[{"name":"wp","href":"https:\/\/api.w.org\/{rel}","templated":true}]}}