{"id":86993,"date":"2025-07-25T15:05:09","date_gmt":"2025-07-25T12:05:09","guid":{"rendered":"https:\/\/kibrisdakik.com\/index.php\/2025\/07\/25\/ulucay-basketbol-federasyonu-heyetini-kabul-etti\/"},"modified":"2025-07-25T15:05:09","modified_gmt":"2025-07-25T12:05:09","slug":"ulucay-basketbol-federasyonu-heyetini-kabul-etti","status":"publish","type":"post","link":"https:\/\/kibrisdakik.com\/?p=86993","title":{"rendered":"Ulu\u00e7ay, Basketbol Federasyonu heyetini kabul etti"},"content":{"rendered":"<p> <br \/>\n<\/p>\n<div>\n<div class=\"mariselle-image-container none\">\n                                            <\/div>\n<p>Gazima\u011fusa Belediye Ba\u015fkan\u0131 S\u00fcleyman Ulu\u00e7ay, Basketbol Federasyonu Ba\u015fkan\u0131 Ertu\u011f Nas\u0131ro\u011flu ba\u015fkanl\u0131\u011f\u0131ndaki heyeti kabul etti.<\/p>\n<p>Gazima\u011fusa Belediyesi\u2019nden verilen bilgiye g\u00f6re, heyet \u00fcyeleri g\u00f6r\u00fc\u015fmede Belediyenin ula\u015f\u0131m ve saha kullan\u0131m\u0131 alan\u0131nda sa\u011flad\u0131\u011f\u0131 destekten dolay\u0131 Ulu\u00e7ay\u2019a te\u015fekk\u00fcr etti, Belediye\u2019nin yard\u0131mlar\u0131n\u0131n kul\u00fcplerin ba\u015far\u0131s\u0131nda \u00f6nemli pay\u0131 oldu\u011funu belirtti.<\/p>\n<p>\u00a0G\u00f6r\u00fc\u015fmede, b\u00f6lgede basketbolun geldi\u011fi yer, spora eri\u015fimin kolayla\u015ft\u0131r\u0131lmas\u0131 da konu\u015fuldu.<\/p>\n<p>\u00a0Heyette, Ada Spor ve Canbulat Spor kul\u00fcplerinden Ercan Beserler, \u00d6zge Garip ve Hasan Kasap da yer ald\u0131.<\/p>\n<p>\u00a0-Sokak Basketbolu Festivali<\/p>\n<p>\u00a0G\u00f6r\u00fc\u015fmede ayr\u0131ca sokak basketbolu festivali d\u00fczenlenmesinin ele al\u0131nd\u0131\u011f\u0131, festivalin, kentte spor k\u00fclt\u00fcr\u00fcn\u00fcn yayg\u0131nla\u015fmas\u0131na ve gen\u00e7lerin kat\u0131l\u0131m\u0131na b\u00fcy\u00fck katk\u0131 sunaca\u011f\u0131 belirtildi.<\/p>\n<\/p><\/div>\n<p><script async\n                    defer\n                    crossorigin=\"anonymous\"\n                    src=\"https:\/\/connect.facebook.net\/tr_TR\/sdk.js#xfbml=1&#038;version=v3.3\"\n            ><\/script><br \/>\n<br \/><br \/>\n<br \/><a href=\"[kibrisdakik.com]\n<\/p>\n","protected":false},"excerpt":{"rendered":"<p>Gazima\u011fusa Belediye Ba\u015fkan\u0131 S\u00fcleyman Ulu\u00e7ay, Basketbol Federasyonu Ba\u015fkan\u0131 Ertu\u011f Nas\u0131ro\u011flu ba\u015fkanl\u0131\u011f\u0131ndaki heyeti kabul etti. Gazima\u011fusa Belediyesi\u2019nden verilen bilgiye g\u00f6re, heyet \u00fcyeleri g\u00f6r\u00fc\u015fmede Belediyenin ula\u015f\u0131m ve saha kullan\u0131m\u0131 alan\u0131nda sa\u011flad\u0131\u011f\u0131 destekten dolay\u0131 Ulu\u00e7ay\u2019a te\u015fekk\u00fcr etti, Belediye\u2019nin yard\u0131mlar\u0131n\u0131n kul\u00fcplerin ba\u015far\u0131s\u0131nda \u00f6nemli pay\u0131 oldu\u011funu belirtti. \u00a0G\u00f6r\u00fc\u015fmede, b\u00f6lgede basketbolun geldi\u011fi yer, spora eri\u015fimin kolayla\u015ft\u0131r\u0131lmas\u0131 da konu\u015fuldu. \u00a0Heyette, Ada Spor<\/p>\n","protected":false},"author":1,"featured_media":86994,"comment_status":"open","ping_status":"open","sticky":false,"template":"","format":"standard","meta":{"footnotes":""},"categories":[81,101],"tags":[],"class_list":["post-86993","post","type-post","status-publish","format-standard","has-post-thumbnail","hentry","category-kibris","category-manset"],"yoast_head":"<!-- This site is optimized with the Yoast SEO plugin v27.5 - https:\/\/yoast.com\/product\/yoast-seo-wordpress\/ -->\n<title>Ulu\u00e7ay, Basketbol Federasyonu heyetini kabul etti -<\/title>\n<meta name=\"robots\" content=\"index, follow, max-snippet:-1, max-image-preview:large, max-video-preview:-1\" \/>\n<link rel=\"canonical\" href=\"https:\/\/kibrisdakik.com\/?p=86993\" \/>\n<meta property=\"og:locale\" content=\"tr_TR\" \/>\n<meta property=\"og:type\" content=\"article\" \/>\n<meta property=\"og:title\" content=\"Ulu\u00e7ay, Basketbol Federasyonu heyetini kabul etti -\" \/>\n<meta property=\"og:description\" content=\"Gazima\u011fusa Belediye Ba\u015fkan\u0131 S\u00fcleyman Ulu\u00e7ay, Basketbol Federasyonu Ba\u015fkan\u0131 Ertu\u011f Nas\u0131ro\u011flu ba\u015fkanl\u0131\u011f\u0131ndaki heyeti kabul etti. Gazima\u011fusa Belediyesi\u2019nden verilen bilgiye g\u00f6re, heyet \u00fcyeleri g\u00f6r\u00fc\u015fmede Belediyenin ula\u015f\u0131m ve saha kullan\u0131m\u0131 alan\u0131nda sa\u011flad\u0131\u011f\u0131 destekten dolay\u0131 Ulu\u00e7ay\u2019a te\u015fekk\u00fcr etti, Belediye\u2019nin yard\u0131mlar\u0131n\u0131n kul\u00fcplerin ba\u015far\u0131s\u0131nda \u00f6nemli pay\u0131 oldu\u011funu belirtti. \u00a0G\u00f6r\u00fc\u015fmede, b\u00f6lgede basketbolun geldi\u011fi yer, spora eri\u015fimin kolayla\u015ft\u0131r\u0131lmas\u0131 da konu\u015fuldu. \u00a0Heyette, Ada Spor\" \/>\n<meta property=\"og:url\" content=\"https:\/\/kibrisdakik.com\/?p=86993\" \/>\n<meta property=\"article:published_time\" content=\"2025-07-25T12:05:09+00:00\" \/>\n<meta property=\"og:image\" content=\"https:\/\/kibrisdakik.com\/wp-content\/uploads\/2025\/07\/GAZIMAGUSA-BASKETBOL-740x420.jpeg\" \/>\n\t<meta property=\"og:image:width\" content=\"927\" \/>\n\t<meta property=\"og:image:height\" content=\"436\" \/>\n\t<meta property=\"og:image:type\" content=\"image\/jpeg\" \/>\n<meta name=\"author\" content=\"admin\" \/>\n<meta name=\"twitter:card\" content=\"summary_large_image\" \/>\n<meta name=\"twitter:label1\" content=\"Yazan:\" \/>\n\t<meta name=\"twitter:data1\" content=\"admin\" \/>\n\t<meta name=\"twitter:label2\" content=\"Tahmini okuma s\u00fcresi\" \/>\n\t<meta name=\"twitter:data2\" content=\"1 dakika\" \/>\n<script type=\"application\/ld+json\" class=\"yoast-schema-graph\">{\"@context\":\"https:\\\/\\\/schema.org\",\"@graph\":[{\"@type\":\"Article\",\"@id\":\"https:\\\/\\\/kibrisdakik.com\\\/?p=86993#article\",\"isPartOf\":{\"@id\":\"https:\\\/\\\/kibrisdakik.com\\\/?p=86993\"},\"author\":{\"name\":\"admin\",\"@id\":\"https:\\\/\\\/kibrisdakik.com\\\/#\\\/schema\\\/person\\\/9cd9d437bbb44f72b73ba127e06d8e79\"},\"headline\":\"Ulu\u00e7ay, Basketbol Federasyonu heyetini kabul etti\",\"datePublished\":\"2025-07-25T12:05:09+00:00\",\"mainEntityOfPage\":{\"@id\":\"https:\\\/\\\/kibrisdakik.com\\\/?p=86993\"},\"wordCount\":160,\"commentCount\":0,\"image\":{\"@id\":\"https:\\\/\\\/kibrisdakik.com\\\/?p=86993#primaryimage\"},\"thumbnailUrl\":\"https:\\\/\\\/kibrisdakik.com\\\/wp-content\\\/uploads\\\/2025\\\/07\\\/GAZIMAGUSA-BASKETBOL-740x420.jpeg\",\"articleSection\":[\"K\u0131br\u0131s\",\"Man\u015fet\"],\"inLanguage\":\"tr\",\"potentialAction\":[{\"@type\":\"CommentAction\",\"name\":\"Comment\",\"target\":[\"https:\\\/\\\/kibrisdakik.com\\\/?p=86993#respond\"]}]},{\"@type\":\"WebPage\",\"@id\":\"https:\\\/\\\/kibrisdakik.com\\\/?p=86993\",\"url\":\"https:\\\/\\\/kibrisdakik.com\\\/?p=86993\",\"name\":\"Ulu\u00e7ay, Basketbol Federasyonu heyetini kabul etti -\",\"isPartOf\":{\"@id\":\"https:\\\/\\\/kibrisdakik.com\\\/#website\"},\"primaryImageOfPage\":{\"@id\":\"https:\\\/\\\/kibrisdakik.com\\\/?p=86993#primaryimage\"},\"image\":{\"@id\":\"https:\\\/\\\/kibrisdakik.com\\\/?p=86993#primaryimage\"},\"thumbnailUrl\":\"https:\\\/\\\/kibrisdakik.com\\\/wp-content\\\/uploads\\\/2025\\\/07\\\/GAZIMAGUSA-BASKETBOL-740x420.jpeg\",\"datePublished\":\"2025-07-25T12:05:09+00:00\",\"author\":{\"@id\":\"https:\\\/\\\/kibrisdakik.com\\\/#\\\/schema\\\/person\\\/9cd9d437bbb44f72b73ba127e06d8e79\"},\"breadcrumb\":{\"@id\":\"https:\\\/\\\/kibrisdakik.com\\\/?p=86993#breadcrumb\"},\"inLanguage\":\"tr\",\"potentialAction\":[{\"@type\":\"ReadAction\",\"target\":[\"https:\\\/\\\/kibrisdakik.com\\\/?p=86993\"]}]},{\"@type\":\"ImageObject\",\"inLanguage\":\"tr\",\"@id\":\"https:\\\/\\\/kibrisdakik.com\\\/?p=86993#primaryimage\",\"url\":\"https:\\\/\\\/kibrisdakik.com\\\/wp-content\\\/uploads\\\/2025\\\/07\\\/GAZIMAGUSA-BASKETBOL-740x420.jpeg\",\"contentUrl\":\"https:\\\/\\\/kibrisdakik.com\\\/wp-content\\\/uploads\\\/2025\\\/07\\\/GAZIMAGUSA-BASKETBOL-740x420.jpeg\",\"width\":927,\"height\":436},{\"@type\":\"BreadcrumbList\",\"@id\":\"https:\\\/\\\/kibrisdakik.com\\\/?p=86993#breadcrumb\",\"itemListElement\":[{\"@type\":\"ListItem\",\"position\":1,\"name\":\"Home\",\"item\":\"https:\\\/\\\/kibrisdakik.com\\\/\"},{\"@type\":\"ListItem\",\"position\":2,\"name\":\"Ulu\u00e7ay, Basketbol Federasyonu heyetini kabul etti\"}]},{\"@type\":\"WebSite\",\"@id\":\"https:\\\/\\\/kibrisdakik.com\\\/#website\",\"url\":\"https:\\\/\\\/kibrisdakik.com\\\/\",\"name\":\"\",\"description\":\"Tam vaktinde haber\",\"potentialAction\":[{\"@type\":\"SearchAction\",\"target\":{\"@type\":\"EntryPoint\",\"urlTemplate\":\"https:\\\/\\\/kibrisdakik.com\\\/?s={search_term_string}\"},\"query-input\":{\"@type\":\"PropertyValueSpecification\",\"valueRequired\":true,\"valueName\":\"search_term_string\"}}],\"inLanguage\":\"tr\"},{\"@type\":\"Person\",\"@id\":\"https:\\\/\\\/kibrisdakik.com\\\/#\\\/schema\\\/person\\\/9cd9d437bbb44f72b73ba127e06d8e79\",\"name\":\"admin\",\"image\":{\"@type\":\"ImageObject\",\"inLanguage\":\"tr\",\"@id\":\"https:\\\/\\\/secure.gravatar.com\\\/avatar\\\/ccc17943b9d660506c869530f897617f7cb1c21a4bf30023f252596d83e1f007?s=96&d=mm&r=g\",\"url\":\"https:\\\/\\\/secure.gravatar.com\\\/avatar\\\/ccc17943b9d660506c869530f897617f7cb1c21a4bf30023f252596d83e1f007?s=96&d=mm&r=g\",\"contentUrl\":\"https:\\\/\\\/secure.gravatar.com\\\/avatar\\\/ccc17943b9d660506c869530f897617f7cb1c21a4bf30023f252596d83e1f007?s=96&d=mm&r=g\",\"caption\":\"admin\"},\"sameAs\":[\"https:\\\/\\\/kibrisdakik.com\"],\"url\":\"https:\\\/\\\/kibrisdakik.com\\\/?author=1\"}]}<\/script>\n<!-- \/ Yoast SEO plugin. -->","yoast_head_json":{"title":"Ulu\u00e7ay, Basketbol Federasyonu heyetini kabul etti -","robots":{"index":"index","follow":"follow","max-snippet":"max-snippet:-1","max-image-preview":"max-image-preview:large","max-video-preview":"max-video-preview:-1"},"canonical":"https:\/\/kibrisdakik.com\/?p=86993","og_locale":"tr_TR","og_type":"article","og_title":"Ulu\u00e7ay, Basketbol Federasyonu heyetini kabul etti -","og_description":"Gazima\u011fusa Belediye Ba\u015fkan\u0131 S\u00fcleyman Ulu\u00e7ay, Basketbol Federasyonu Ba\u015fkan\u0131 Ertu\u011f Nas\u0131ro\u011flu ba\u015fkanl\u0131\u011f\u0131ndaki heyeti kabul etti. Gazima\u011fusa Belediyesi\u2019nden verilen bilgiye g\u00f6re, heyet \u00fcyeleri g\u00f6r\u00fc\u015fmede Belediyenin ula\u015f\u0131m ve saha kullan\u0131m\u0131 alan\u0131nda sa\u011flad\u0131\u011f\u0131 destekten dolay\u0131 Ulu\u00e7ay\u2019a te\u015fekk\u00fcr etti, Belediye\u2019nin yard\u0131mlar\u0131n\u0131n kul\u00fcplerin ba\u015far\u0131s\u0131nda \u00f6nemli pay\u0131 oldu\u011funu belirtti. \u00a0G\u00f6r\u00fc\u015fmede, b\u00f6lgede basketbolun geldi\u011fi yer, spora eri\u015fimin kolayla\u015ft\u0131r\u0131lmas\u0131 da konu\u015fuldu. \u00a0Heyette, Ada Spor","og_url":"https:\/\/kibrisdakik.com\/?p=86993","article_published_time":"2025-07-25T12:05:09+00:00","og_image":[{"width":927,"height":436,"url":"https:\/\/kibrisdakik.com\/wp-content\/uploads\/2025\/07\/GAZIMAGUSA-BASKETBOL-740x420.jpeg","type":"image\/jpeg"}],"author":"admin","twitter_card":"summary_large_image","twitter_misc":{"Yazan:":"admin","Tahmini okuma s\u00fcresi":"1 dakika"},"schema":{"@context":"https:\/\/schema.org","@graph":[{"@type":"Article","@id":"https:\/\/kibrisdakik.com\/?p=86993#article","isPartOf":{"@id":"https:\/\/kibrisdakik.com\/?p=86993"},"author":{"name":"admin","@id":"https:\/\/kibrisdakik.com\/#\/schema\/person\/9cd9d437bbb44f72b73ba127e06d8e79"},"headline":"Ulu\u00e7ay, Basketbol Federasyonu heyetini kabul etti","datePublished":"2025-07-25T12:05:09+00:00","mainEntityOfPage":{"@id":"https:\/\/kibrisdakik.com\/?p=86993"},"wordCount":160,"commentCount":0,"image":{"@id":"https:\/\/kibrisdakik.com\/?p=86993#primaryimage"},"thumbnailUrl":"https:\/\/kibrisdakik.com\/wp-content\/uploads\/2025\/07\/GAZIMAGUSA-BASKETBOL-740x420.jpeg","articleSection":["K\u0131br\u0131s","Man\u015fet"],"inLanguage":"tr","potentialAction":[{"@type":"CommentAction","name":"Comment","target":["https:\/\/kibrisdakik.com\/?p=86993#respond"]}]},{"@type":"WebPage","@id":"https:\/\/kibrisdakik.com\/?p=86993","url":"https:\/\/kibrisdakik.com\/?p=86993","name":"Ulu\u00e7ay, Basketbol Federasyonu heyetini kabul etti -","isPartOf":{"@id":"https:\/\/kibrisdakik.com\/#website"},"primaryImageOfPage":{"@id":"https:\/\/kibrisdakik.com\/?p=86993#primaryimage"},"image":{"@id":"https:\/\/kibrisdakik.com\/?p=86993#primaryimage"},"thumbnailUrl":"https:\/\/kibrisdakik.com\/wp-content\/uploads\/2025\/07\/GAZIMAGUSA-BASKETBOL-740x420.jpeg","datePublished":"2025-07-25T12:05:09+00:00","author":{"@id":"https:\/\/kibrisdakik.com\/#\/schema\/person\/9cd9d437bbb44f72b73ba127e06d8e79"},"breadcrumb":{"@id":"https:\/\/kibrisdakik.com\/?p=86993#breadcrumb"},"inLanguage":"tr","potentialAction":[{"@type":"ReadAction","target":["https:\/\/kibrisdakik.com\/?p=86993"]}]},{"@type":"ImageObject","inLanguage":"tr","@id":"https:\/\/kibrisdakik.com\/?p=86993#primaryimage","url":"https:\/\/kibrisdakik.com\/wp-content\/uploads\/2025\/07\/GAZIMAGUSA-BASKETBOL-740x420.jpeg","contentUrl":"https:\/\/kibrisdakik.com\/wp-content\/uploads\/2025\/07\/GAZIMAGUSA-BASKETBOL-740x420.jpeg","width":927,"height":436},{"@type":"BreadcrumbList","@id":"https:\/\/kibrisdakik.com\/?p=86993#breadcrumb","itemListElement":[{"@type":"ListItem","position":1,"name":"Home","item":"https:\/\/kibrisdakik.com\/"},{"@type":"ListItem","position":2,"name":"Ulu\u00e7ay, Basketbol Federasyonu heyetini kabul etti"}]},{"@type":"WebSite","@id":"https:\/\/kibrisdakik.com\/#website","url":"https:\/\/kibrisdakik.com\/","name":"","description":"Tam vaktinde haber","potentialAction":[{"@type":"SearchAction","target":{"@type":"EntryPoint","urlTemplate":"https:\/\/kibrisdakik.com\/?s={search_term_string}"},"query-input":{"@type":"PropertyValueSpecification","valueRequired":true,"valueName":"search_term_string"}}],"inLanguage":"tr"},{"@type":"Person","@id":"https:\/\/kibrisdakik.com\/#\/schema\/person\/9cd9d437bbb44f72b73ba127e06d8e79","name":"admin","image":{"@type":"ImageObject","inLanguage":"tr","@id":"https:\/\/secure.gravatar.com\/avatar\/ccc17943b9d660506c869530f897617f7cb1c21a4bf30023f252596d83e1f007?s=96&d=mm&r=g","url":"https:\/\/secure.gravatar.com\/avatar\/ccc17943b9d660506c869530f897617f7cb1c21a4bf30023f252596d83e1f007?s=96&d=mm&r=g","contentUrl":"https:\/\/secure.gravatar.com\/avatar\/ccc17943b9d660506c869530f897617f7cb1c21a4bf30023f252596d83e1f007?s=96&d=mm&r=g","caption":"admin"},"sameAs":["https:\/\/kibrisdakik.com"],"url":"https:\/\/kibrisdakik.com\/?author=1"}]}},"_links":{"self":[{"href":"https:\/\/kibrisdakik.com\/index.php?rest_route=\/wp\/v2\/posts\/86993","targetHints":{"allow":["GET"]}}],"collection":[{"href":"https:\/\/kibrisdakik.com\/index.php?rest_route=\/wp\/v2\/posts"}],"about":[{"href":"https:\/\/kibrisdakik.com\/index.php?rest_route=\/wp\/v2\/types\/post"}],"author":[{"embeddable":true,"href":"https:\/\/kibrisdakik.com\/index.php?rest_route=\/wp\/v2\/users\/1"}],"replies":[{"embeddable":true,"href":"https:\/\/kibrisdakik.com\/index.php?rest_route=%2Fwp%2Fv2%2Fcomments&post=86993"}],"version-history":[{"count":0,"href":"https:\/\/kibrisdakik.com\/index.php?rest_route=\/wp\/v2\/posts\/86993\/revisions"}],"wp:featuredmedia":[{"embeddable":true,"href":"https:\/\/kibrisdakik.com\/index.php?rest_route=\/wp\/v2\/media\/86994"}],"wp:attachment":[{"href":"https:\/\/kibrisdakik.com\/index.php?rest_route=%2Fwp%2Fv2%2Fmedia&parent=86993"}],"wp:term":[{"taxonomy":"category","embeddable":true,"href":"https:\/\/kibrisdakik.com\/index.php?rest_route=%2Fwp%2Fv2%2Fcategories&post=86993"},{"taxonomy":"post_tag","embeddable":true,"href":"https:\/\/kibrisdakik.com\/index.php?rest_route=%2Fwp%2Fv2%2Ftags&post=86993"}],"curies":[{"name":"wp","href":"https:\/\/api.w.org\/{rel}","templated":true}]}}