{"id":87003,"date":"2025-07-25T16:00:08","date_gmt":"2025-07-25T13:00:08","guid":{"rendered":"https:\/\/kibrisdakik.com\/index.php\/2025\/07\/25\/esentepe-karaagac-bolgesindeki-yangin-kontrol-altina-alindi-sogutma-calismalari-basladi\/"},"modified":"2025-07-25T16:00:08","modified_gmt":"2025-07-25T13:00:08","slug":"esentepe-karaagac-bolgesindeki-yangin-kontrol-altina-alindi-sogutma-calismalari-basladi","status":"publish","type":"post","link":"https:\/\/kibrisdakik.com\/?p=87003","title":{"rendered":"Esentepe-Karaa\u011fa\u00e7 b\u00f6lgesindeki yang\u0131n kontrol alt\u0131na al\u0131nd\u0131, so\u011futma \u00e7al\u0131\u015fmalar\u0131 ba\u015flad\u0131"},"content":{"rendered":"<p> <br \/>\n<\/p>\n<div>\n<div class=\"mariselle-image-container center\">\n                                            <\/div>\n<p>Polis Bas\u0131n Subayl\u0131\u011f\u0131\u2019ndan verilen bilgiye g\u00f6re saat 14:20 s\u0131ralar\u0131nda, Esentepe \u2013 Karaa\u011fa\u00e7 k\u00f6yleri aras\u0131ndaki Cennet Vadisi Mevkiinde yang\u0131n meydana geldi. Yang\u0131na Polis \u0130tfaiye, Orman Dairesi, Sivil Savunma, \u00c7atalk\u00f6y \u2013 Esentepe Belediyesi personeli ekipleri ile b\u00f6lge halk\u0131 ayr\u0131ca Belediyeye ait i\u015f makineleri ile m\u00fcdahale edildi.<\/p>\n<div class=\"mariselle-image-container center\">\n                <img loading=\"lazy\" decoding=\"async\" width=\"2040\" height=\"1530\" class=\"lazy-image\" alt=\"\" sizes=\"auto, (max-width: 2040px) 100vw, 2040px\" src=\"https:\/\/brtk.net\/wp-content\/uploads\/2025\/07\/25\/1753447297930yangin-esentepe-4.jpg?ver=0ca3aa2d5143afce948a2b8a3d73d037\" srcset=\"https:\/\/brtk.net\/wp-content\/uploads\/2025\/07\/25\/1753447297930yangin-esentepe-4.jpg?ver=0ca3aa2d5143afce948a2b8a3d73d037 2040w, https:\/\/brtk.net\/wp-content\/uploads\/2025\/07\/25\/1753447297930yangin-esentepe-4-300x225.jpg?ver=0ca3aa2d5143afce948a2b8a3d73d037 300w, https:\/\/brtk.net\/wp-content\/uploads\/2025\/07\/25\/1753447297930yangin-esentepe-4-1024x768.jpg?ver=4f3b7f58219ed551dddbe1f2e6a3d6c1 1024w, https:\/\/brtk.net\/wp-content\/uploads\/2025\/07\/25\/1753447297930yangin-esentepe-4-768x576.jpg?ver=4f3b7f58219ed551dddbe1f2e6a3d6c1 768w, https:\/\/brtk.net\/wp-content\/uploads\/2025\/07\/25\/1753447297930yangin-esentepe-4-1536x1152.jpg?ver=d1dabe9a5f039ee4dc4c9682e016468d 1536w\"\/>                            <\/div>\n<p>Yang\u0131n\u0131n \u00e7evre emniyeti sa\u011flanarak kontrol alt\u0131na al\u0131nm\u0131\u015ft\u0131r. So\u011futma \u00e7al\u0131\u015fmalar\u0131 s\u00fcr\u00fcyor. Yang\u0131n sonucu yakla\u015f\u0131k 10 d\u00f6n\u00fcml\u00fck alan i\u00e7erisinde bulunan \u00e7am ve harnup a\u011fa\u00e7lar\u0131 ile maki bitki \u00f6rt\u00fcs\u00fc yand\u0131. Polisin olayla ilgili soru\u015fturmas\u0131 devam ediyor.<\/p>\n<\/p><\/div>\n<p><script async\n                    defer\n                    crossorigin=\"anonymous\"\n                    src=\"https:\/\/connect.facebook.net\/tr_TR\/sdk.js#xfbml=1&#038;version=v3.3\"\n            ><\/script><br \/>\n<br \/><br \/>\n<br \/><a href=\"[kibrisdakik.com]\n<\/p>\n","protected":false},"excerpt":{"rendered":"<p>Polis Bas\u0131n Subayl\u0131\u011f\u0131\u2019ndan verilen bilgiye g\u00f6re saat 14:20 s\u0131ralar\u0131nda, Esentepe \u2013 Karaa\u011fa\u00e7 k\u00f6yleri aras\u0131ndaki Cennet Vadisi Mevkiinde yang\u0131n meydana geldi. Yang\u0131na Polis \u0130tfaiye, Orman Dairesi, Sivil Savunma, \u00c7atalk\u00f6y \u2013 Esentepe Belediyesi personeli ekipleri ile b\u00f6lge halk\u0131 ayr\u0131ca Belediyeye ait i\u015f makineleri ile m\u00fcdahale edildi. Yang\u0131n\u0131n \u00e7evre emniyeti sa\u011flanarak kontrol alt\u0131na al\u0131nm\u0131\u015ft\u0131r. So\u011futma \u00e7al\u0131\u015fmalar\u0131 s\u00fcr\u00fcyor. Yang\u0131n<\/p>\n","protected":false},"author":1,"featured_media":87004,"comment_status":"open","ping_status":"open","sticky":false,"template":"","format":"standard","meta":{"footnotes":""},"categories":[81,101],"tags":[],"class_list":["post-87003","post","type-post","status-publish","format-standard","has-post-thumbnail","hentry","category-kibris","category-manset"],"yoast_head":"<!-- This site is optimized with the Yoast SEO plugin v27.4 - https:\/\/yoast.com\/product\/yoast-seo-wordpress\/ -->\n<title>Esentepe-Karaa\u011fa\u00e7 b\u00f6lgesindeki yang\u0131n kontrol alt\u0131na al\u0131nd\u0131, so\u011futma \u00e7al\u0131\u015fmalar\u0131 ba\u015flad\u0131 -<\/title>\n<meta name=\"robots\" content=\"index, follow, max-snippet:-1, max-image-preview:large, max-video-preview:-1\" \/>\n<link rel=\"canonical\" href=\"https:\/\/kibrisdakik.com\/?p=87003\" \/>\n<meta property=\"og:locale\" content=\"tr_TR\" \/>\n<meta property=\"og:type\" content=\"article\" \/>\n<meta property=\"og:title\" content=\"Esentepe-Karaa\u011fa\u00e7 b\u00f6lgesindeki yang\u0131n kontrol alt\u0131na al\u0131nd\u0131, so\u011futma \u00e7al\u0131\u015fmalar\u0131 ba\u015flad\u0131 -\" \/>\n<meta property=\"og:description\" content=\"Polis Bas\u0131n Subayl\u0131\u011f\u0131\u2019ndan verilen bilgiye g\u00f6re saat 14:20 s\u0131ralar\u0131nda, Esentepe \u2013 Karaa\u011fa\u00e7 k\u00f6yleri aras\u0131ndaki Cennet Vadisi Mevkiinde yang\u0131n meydana geldi. Yang\u0131na Polis \u0130tfaiye, Orman Dairesi, Sivil Savunma, \u00c7atalk\u00f6y \u2013 Esentepe Belediyesi personeli ekipleri ile b\u00f6lge halk\u0131 ayr\u0131ca Belediyeye ait i\u015f makineleri ile m\u00fcdahale edildi. Yang\u0131n\u0131n \u00e7evre emniyeti sa\u011flanarak kontrol alt\u0131na al\u0131nm\u0131\u015ft\u0131r. So\u011futma \u00e7al\u0131\u015fmalar\u0131 s\u00fcr\u00fcyor. Yang\u0131n\" \/>\n<meta property=\"og:url\" content=\"https:\/\/kibrisdakik.com\/?p=87003\" \/>\n<meta property=\"article:published_time\" content=\"2025-07-25T13:00:08+00:00\" \/>\n<meta property=\"og:image\" content=\"https:\/\/kibrisdakik.com\/wp-content\/uploads\/2025\/07\/1753447297930yangin-esentepe-3-740x420.jpg\" \/>\n\t<meta property=\"og:image:width\" content=\"2040\" \/>\n\t<meta property=\"og:image:height\" content=\"1530\" \/>\n\t<meta property=\"og:image:type\" content=\"image\/jpeg\" \/>\n<meta name=\"author\" content=\"admin\" \/>\n<meta name=\"twitter:card\" content=\"summary_large_image\" \/>\n<meta name=\"twitter:label1\" content=\"Yazan:\" \/>\n\t<meta name=\"twitter:data1\" content=\"admin\" \/>\n\t<meta name=\"twitter:label2\" content=\"Tahmini okuma s\u00fcresi\" \/>\n\t<meta name=\"twitter:data2\" content=\"1 dakika\" \/>\n<script type=\"application\/ld+json\" class=\"yoast-schema-graph\">{\"@context\":\"https:\\\/\\\/schema.org\",\"@graph\":[{\"@type\":\"Article\",\"@id\":\"https:\\\/\\\/kibrisdakik.com\\\/?p=87003#article\",\"isPartOf\":{\"@id\":\"https:\\\/\\\/kibrisdakik.com\\\/?p=87003\"},\"author\":{\"name\":\"admin\",\"@id\":\"https:\\\/\\\/kibrisdakik.com\\\/#\\\/schema\\\/person\\\/9cd9d437bbb44f72b73ba127e06d8e79\"},\"headline\":\"Esentepe-Karaa\u011fa\u00e7 b\u00f6lgesindeki yang\u0131n kontrol alt\u0131na al\u0131nd\u0131, so\u011futma \u00e7al\u0131\u015fmalar\u0131 ba\u015flad\u0131\",\"datePublished\":\"2025-07-25T13:00:08+00:00\",\"mainEntityOfPage\":{\"@id\":\"https:\\\/\\\/kibrisdakik.com\\\/?p=87003\"},\"wordCount\":127,\"commentCount\":0,\"image\":{\"@id\":\"https:\\\/\\\/kibrisdakik.com\\\/?p=87003#primaryimage\"},\"thumbnailUrl\":\"https:\\\/\\\/kibrisdakik.com\\\/wp-content\\\/uploads\\\/2025\\\/07\\\/1753447297930yangin-esentepe-3-740x420.jpg\",\"articleSection\":[\"K\u0131br\u0131s\",\"Man\u015fet\"],\"inLanguage\":\"tr\",\"potentialAction\":[{\"@type\":\"CommentAction\",\"name\":\"Comment\",\"target\":[\"https:\\\/\\\/kibrisdakik.com\\\/?p=87003#respond\"]}]},{\"@type\":\"WebPage\",\"@id\":\"https:\\\/\\\/kibrisdakik.com\\\/?p=87003\",\"url\":\"https:\\\/\\\/kibrisdakik.com\\\/?p=87003\",\"name\":\"Esentepe-Karaa\u011fa\u00e7 b\u00f6lgesindeki yang\u0131n kontrol alt\u0131na al\u0131nd\u0131, so\u011futma \u00e7al\u0131\u015fmalar\u0131 ba\u015flad\u0131 -\",\"isPartOf\":{\"@id\":\"https:\\\/\\\/kibrisdakik.com\\\/#website\"},\"primaryImageOfPage\":{\"@id\":\"https:\\\/\\\/kibrisdakik.com\\\/?p=87003#primaryimage\"},\"image\":{\"@id\":\"https:\\\/\\\/kibrisdakik.com\\\/?p=87003#primaryimage\"},\"thumbnailUrl\":\"https:\\\/\\\/kibrisdakik.com\\\/wp-content\\\/uploads\\\/2025\\\/07\\\/1753447297930yangin-esentepe-3-740x420.jpg\",\"datePublished\":\"2025-07-25T13:00:08+00:00\",\"author\":{\"@id\":\"https:\\\/\\\/kibrisdakik.com\\\/#\\\/schema\\\/person\\\/9cd9d437bbb44f72b73ba127e06d8e79\"},\"breadcrumb\":{\"@id\":\"https:\\\/\\\/kibrisdakik.com\\\/?p=87003#breadcrumb\"},\"inLanguage\":\"tr\",\"potentialAction\":[{\"@type\":\"ReadAction\",\"target\":[\"https:\\\/\\\/kibrisdakik.com\\\/?p=87003\"]}]},{\"@type\":\"ImageObject\",\"inLanguage\":\"tr\",\"@id\":\"https:\\\/\\\/kibrisdakik.com\\\/?p=87003#primaryimage\",\"url\":\"https:\\\/\\\/kibrisdakik.com\\\/wp-content\\\/uploads\\\/2025\\\/07\\\/1753447297930yangin-esentepe-3-740x420.jpg\",\"contentUrl\":\"https:\\\/\\\/kibrisdakik.com\\\/wp-content\\\/uploads\\\/2025\\\/07\\\/1753447297930yangin-esentepe-3-740x420.jpg\",\"width\":2040,\"height\":1530},{\"@type\":\"BreadcrumbList\",\"@id\":\"https:\\\/\\\/kibrisdakik.com\\\/?p=87003#breadcrumb\",\"itemListElement\":[{\"@type\":\"ListItem\",\"position\":1,\"name\":\"Home\",\"item\":\"https:\\\/\\\/kibrisdakik.com\\\/\"},{\"@type\":\"ListItem\",\"position\":2,\"name\":\"Esentepe-Karaa\u011fa\u00e7 b\u00f6lgesindeki yang\u0131n kontrol alt\u0131na al\u0131nd\u0131, so\u011futma \u00e7al\u0131\u015fmalar\u0131 ba\u015flad\u0131\"}]},{\"@type\":\"WebSite\",\"@id\":\"https:\\\/\\\/kibrisdakik.com\\\/#website\",\"url\":\"https:\\\/\\\/kibrisdakik.com\\\/\",\"name\":\"\",\"description\":\"Tam vaktinde haber\",\"potentialAction\":[{\"@type\":\"SearchAction\",\"target\":{\"@type\":\"EntryPoint\",\"urlTemplate\":\"https:\\\/\\\/kibrisdakik.com\\\/?s={search_term_string}\"},\"query-input\":{\"@type\":\"PropertyValueSpecification\",\"valueRequired\":true,\"valueName\":\"search_term_string\"}}],\"inLanguage\":\"tr\"},{\"@type\":\"Person\",\"@id\":\"https:\\\/\\\/kibrisdakik.com\\\/#\\\/schema\\\/person\\\/9cd9d437bbb44f72b73ba127e06d8e79\",\"name\":\"admin\",\"image\":{\"@type\":\"ImageObject\",\"inLanguage\":\"tr\",\"@id\":\"https:\\\/\\\/secure.gravatar.com\\\/avatar\\\/ccc17943b9d660506c869530f897617f7cb1c21a4bf30023f252596d83e1f007?s=96&d=mm&r=g\",\"url\":\"https:\\\/\\\/secure.gravatar.com\\\/avatar\\\/ccc17943b9d660506c869530f897617f7cb1c21a4bf30023f252596d83e1f007?s=96&d=mm&r=g\",\"contentUrl\":\"https:\\\/\\\/secure.gravatar.com\\\/avatar\\\/ccc17943b9d660506c869530f897617f7cb1c21a4bf30023f252596d83e1f007?s=96&d=mm&r=g\",\"caption\":\"admin\"},\"sameAs\":[\"https:\\\/\\\/kibrisdakik.com\"],\"url\":\"https:\\\/\\\/kibrisdakik.com\\\/?author=1\"}]}<\/script>\n<!-- \/ Yoast SEO plugin. -->","yoast_head_json":{"title":"Esentepe-Karaa\u011fa\u00e7 b\u00f6lgesindeki yang\u0131n kontrol alt\u0131na al\u0131nd\u0131, so\u011futma \u00e7al\u0131\u015fmalar\u0131 ba\u015flad\u0131 -","robots":{"index":"index","follow":"follow","max-snippet":"max-snippet:-1","max-image-preview":"max-image-preview:large","max-video-preview":"max-video-preview:-1"},"canonical":"https:\/\/kibrisdakik.com\/?p=87003","og_locale":"tr_TR","og_type":"article","og_title":"Esentepe-Karaa\u011fa\u00e7 b\u00f6lgesindeki yang\u0131n kontrol alt\u0131na al\u0131nd\u0131, so\u011futma \u00e7al\u0131\u015fmalar\u0131 ba\u015flad\u0131 -","og_description":"Polis Bas\u0131n Subayl\u0131\u011f\u0131\u2019ndan verilen bilgiye g\u00f6re saat 14:20 s\u0131ralar\u0131nda, Esentepe \u2013 Karaa\u011fa\u00e7 k\u00f6yleri aras\u0131ndaki Cennet Vadisi Mevkiinde yang\u0131n meydana geldi. Yang\u0131na Polis \u0130tfaiye, Orman Dairesi, Sivil Savunma, \u00c7atalk\u00f6y \u2013 Esentepe Belediyesi personeli ekipleri ile b\u00f6lge halk\u0131 ayr\u0131ca Belediyeye ait i\u015f makineleri ile m\u00fcdahale edildi. Yang\u0131n\u0131n \u00e7evre emniyeti sa\u011flanarak kontrol alt\u0131na al\u0131nm\u0131\u015ft\u0131r. So\u011futma \u00e7al\u0131\u015fmalar\u0131 s\u00fcr\u00fcyor. Yang\u0131n","og_url":"https:\/\/kibrisdakik.com\/?p=87003","article_published_time":"2025-07-25T13:00:08+00:00","og_image":[{"width":2040,"height":1530,"url":"https:\/\/kibrisdakik.com\/wp-content\/uploads\/2025\/07\/1753447297930yangin-esentepe-3-740x420.jpg","type":"image\/jpeg"}],"author":"admin","twitter_card":"summary_large_image","twitter_misc":{"Yazan:":"admin","Tahmini okuma s\u00fcresi":"1 dakika"},"schema":{"@context":"https:\/\/schema.org","@graph":[{"@type":"Article","@id":"https:\/\/kibrisdakik.com\/?p=87003#article","isPartOf":{"@id":"https:\/\/kibrisdakik.com\/?p=87003"},"author":{"name":"admin","@id":"https:\/\/kibrisdakik.com\/#\/schema\/person\/9cd9d437bbb44f72b73ba127e06d8e79"},"headline":"Esentepe-Karaa\u011fa\u00e7 b\u00f6lgesindeki yang\u0131n kontrol alt\u0131na al\u0131nd\u0131, so\u011futma \u00e7al\u0131\u015fmalar\u0131 ba\u015flad\u0131","datePublished":"2025-07-25T13:00:08+00:00","mainEntityOfPage":{"@id":"https:\/\/kibrisdakik.com\/?p=87003"},"wordCount":127,"commentCount":0,"image":{"@id":"https:\/\/kibrisdakik.com\/?p=87003#primaryimage"},"thumbnailUrl":"https:\/\/kibrisdakik.com\/wp-content\/uploads\/2025\/07\/1753447297930yangin-esentepe-3-740x420.jpg","articleSection":["K\u0131br\u0131s","Man\u015fet"],"inLanguage":"tr","potentialAction":[{"@type":"CommentAction","name":"Comment","target":["https:\/\/kibrisdakik.com\/?p=87003#respond"]}]},{"@type":"WebPage","@id":"https:\/\/kibrisdakik.com\/?p=87003","url":"https:\/\/kibrisdakik.com\/?p=87003","name":"Esentepe-Karaa\u011fa\u00e7 b\u00f6lgesindeki yang\u0131n kontrol alt\u0131na al\u0131nd\u0131, so\u011futma \u00e7al\u0131\u015fmalar\u0131 ba\u015flad\u0131 -","isPartOf":{"@id":"https:\/\/kibrisdakik.com\/#website"},"primaryImageOfPage":{"@id":"https:\/\/kibrisdakik.com\/?p=87003#primaryimage"},"image":{"@id":"https:\/\/kibrisdakik.com\/?p=87003#primaryimage"},"thumbnailUrl":"https:\/\/kibrisdakik.com\/wp-content\/uploads\/2025\/07\/1753447297930yangin-esentepe-3-740x420.jpg","datePublished":"2025-07-25T13:00:08+00:00","author":{"@id":"https:\/\/kibrisdakik.com\/#\/schema\/person\/9cd9d437bbb44f72b73ba127e06d8e79"},"breadcrumb":{"@id":"https:\/\/kibrisdakik.com\/?p=87003#breadcrumb"},"inLanguage":"tr","potentialAction":[{"@type":"ReadAction","target":["https:\/\/kibrisdakik.com\/?p=87003"]}]},{"@type":"ImageObject","inLanguage":"tr","@id":"https:\/\/kibrisdakik.com\/?p=87003#primaryimage","url":"https:\/\/kibrisdakik.com\/wp-content\/uploads\/2025\/07\/1753447297930yangin-esentepe-3-740x420.jpg","contentUrl":"https:\/\/kibrisdakik.com\/wp-content\/uploads\/2025\/07\/1753447297930yangin-esentepe-3-740x420.jpg","width":2040,"height":1530},{"@type":"BreadcrumbList","@id":"https:\/\/kibrisdakik.com\/?p=87003#breadcrumb","itemListElement":[{"@type":"ListItem","position":1,"name":"Home","item":"https:\/\/kibrisdakik.com\/"},{"@type":"ListItem","position":2,"name":"Esentepe-Karaa\u011fa\u00e7 b\u00f6lgesindeki yang\u0131n kontrol alt\u0131na al\u0131nd\u0131, so\u011futma \u00e7al\u0131\u015fmalar\u0131 ba\u015flad\u0131"}]},{"@type":"WebSite","@id":"https:\/\/kibrisdakik.com\/#website","url":"https:\/\/kibrisdakik.com\/","name":"","description":"Tam vaktinde haber","potentialAction":[{"@type":"SearchAction","target":{"@type":"EntryPoint","urlTemplate":"https:\/\/kibrisdakik.com\/?s={search_term_string}"},"query-input":{"@type":"PropertyValueSpecification","valueRequired":true,"valueName":"search_term_string"}}],"inLanguage":"tr"},{"@type":"Person","@id":"https:\/\/kibrisdakik.com\/#\/schema\/person\/9cd9d437bbb44f72b73ba127e06d8e79","name":"admin","image":{"@type":"ImageObject","inLanguage":"tr","@id":"https:\/\/secure.gravatar.com\/avatar\/ccc17943b9d660506c869530f897617f7cb1c21a4bf30023f252596d83e1f007?s=96&d=mm&r=g","url":"https:\/\/secure.gravatar.com\/avatar\/ccc17943b9d660506c869530f897617f7cb1c21a4bf30023f252596d83e1f007?s=96&d=mm&r=g","contentUrl":"https:\/\/secure.gravatar.com\/avatar\/ccc17943b9d660506c869530f897617f7cb1c21a4bf30023f252596d83e1f007?s=96&d=mm&r=g","caption":"admin"},"sameAs":["https:\/\/kibrisdakik.com"],"url":"https:\/\/kibrisdakik.com\/?author=1"}]}},"_links":{"self":[{"href":"https:\/\/kibrisdakik.com\/index.php?rest_route=\/wp\/v2\/posts\/87003","targetHints":{"allow":["GET"]}}],"collection":[{"href":"https:\/\/kibrisdakik.com\/index.php?rest_route=\/wp\/v2\/posts"}],"about":[{"href":"https:\/\/kibrisdakik.com\/index.php?rest_route=\/wp\/v2\/types\/post"}],"author":[{"embeddable":true,"href":"https:\/\/kibrisdakik.com\/index.php?rest_route=\/wp\/v2\/users\/1"}],"replies":[{"embeddable":true,"href":"https:\/\/kibrisdakik.com\/index.php?rest_route=%2Fwp%2Fv2%2Fcomments&post=87003"}],"version-history":[{"count":0,"href":"https:\/\/kibrisdakik.com\/index.php?rest_route=\/wp\/v2\/posts\/87003\/revisions"}],"wp:featuredmedia":[{"embeddable":true,"href":"https:\/\/kibrisdakik.com\/index.php?rest_route=\/wp\/v2\/media\/87004"}],"wp:attachment":[{"href":"https:\/\/kibrisdakik.com\/index.php?rest_route=%2Fwp%2Fv2%2Fmedia&parent=87003"}],"wp:term":[{"taxonomy":"category","embeddable":true,"href":"https:\/\/kibrisdakik.com\/index.php?rest_route=%2Fwp%2Fv2%2Fcategories&post=87003"},{"taxonomy":"post_tag","embeddable":true,"href":"https:\/\/kibrisdakik.com\/index.php?rest_route=%2Fwp%2Fv2%2Ftags&post=87003"}],"curies":[{"name":"wp","href":"https:\/\/api.w.org\/{rel}","templated":true}]}}