{"id":87007,"date":"2025-07-25T16:11:04","date_gmt":"2025-07-25T13:11:04","guid":{"rendered":"https:\/\/kibrisdakik.com\/index.php\/2025\/07\/25\/cumhurbaskani-ersin-tatarin-esi-sibel-tatar-lefkosadaki-kadin-derneklerine-ziyaretlerini-surduruyor\/"},"modified":"2025-07-25T16:11:04","modified_gmt":"2025-07-25T13:11:04","slug":"cumhurbaskani-ersin-tatarin-esi-sibel-tatar-lefkosadaki-kadin-derneklerine-ziyaretlerini-surduruyor","status":"publish","type":"post","link":"https:\/\/kibrisdakik.com\/?p=87007","title":{"rendered":"Cumhurba\u015fkan\u0131 Ersin Tatar\u2019\u0131n e\u015fi Sibel Tatar, Lefko\u015fa\u2019daki kad\u0131n derneklerine ziyaretlerini s\u00fcrd\u00fcr\u00fcyor"},"content":{"rendered":"<p> <br \/>\n<\/p>\n<div>\n<div class=\"mariselle-image-container center\">\n                                            <\/div>\n<p>Cumhurba\u015fkan\u0131 Ersin Tatar\u2019\u0131n e\u015fi Sibel Tatar, Kuzey K\u0131br\u0131s Kad\u0131n \u00d6rg\u00fctleri A\u011f\u0131\u2019na ba\u011fl\u0131 derneklere ba\u015flatt\u0131\u011f\u0131 ziyaretlerine devam ediyor.<\/p>\n<p>Tatar, ge\u00e7ti\u011fimiz g\u00fcnlerde \u0130\u015f Kad\u0131nlar\u0131 Derne\u011fi\u2019ni (\u0130KD) ziyaret etti.<\/p>\n<p>Derne\u011fin Lefko\u015fa\u2019daki binas\u0131nda ger\u00e7ekle\u015fen ziyarette, \u0130KD Y\u00f6netim Kurulu Ba\u015fkan\u0131 Bilen Say\u0131l\u0131 Bozk\u0131rl\u0131, \u0130KD\u2019nin ilk ba\u015fkan\u0131 \u015eenay Ekingen, kurucu \u00fcyeleri, mevcut y\u00f6netim kurulu ve dernek \u00fcyeleri haz\u0131r bulundu.<\/p>\n<p>G\u00f6r\u00fc\u015fmede, kad\u0131nlar\u0131n toplumsal ve ekonomik ya\u015famda daha g\u00fc\u00e7l\u00fc \u015fekilde yer almas\u0131 y\u00f6n\u00fcndeki ortak temenniler payla\u015f\u0131ld\u0131. \u00dclkedeki g\u00fcncel geli\u015fmeler, giri\u015fimcilik, kad\u0131n istihdam\u0131 ve sosyal sorumluluk projeleri gibi \u00f6nemli ba\u015fl\u0131klar da ele al\u0131nd\u0131.<\/p>\n<p>\u0130KD Y\u00f6netim Kurulu Ba\u015fkan\u0131 Bilen Say\u0131l\u0131 Bozk\u0131rl\u0131, kad\u0131nlar\u0131n sesine ve eme\u011fine de\u011fer veren bu t\u00fcr temaslar\u0131n, toplumsal dayan\u0131\u015fmay\u0131 ve kad\u0131nlar\u0131n g\u00fc\u00e7lenmesini destekleyici rol oynad\u0131\u011f\u0131n\u0131 belirterek, \u201cSibel Tatar\u2019a i\u00e7ten ilgileri, de\u011ferli vakitleri ve destekleyici yakla\u015f\u0131mlar\u0131 i\u00e7in en i\u00e7ten te\u015fekk\u00fcrlerimizi sunar\u0131z.\u201d dedi.<\/p>\n<p>Sibel Tatar, Lefko\u015fa\u2019daki kad\u0131n \u00f6rg\u00fctleri ziyaretleri kapsam\u0131nda bug\u00fcn Lefko\u015fa\u2019da bulunan K\u0131br\u0131s T\u00fcrk \u00dcniversiteli Kad\u0131nlar Derne\u011fi, K\u0131br\u0131s T\u00fcrk Kad\u0131nlar Birli\u011fi ve K\u0131br\u0131s Kad\u0131n Motosiklet S\u00fcr\u00fcc\u00fcleri Derne\u011fi ba\u015fkan ve y\u00f6netim kurulu \u00fcyelerini ziyaret etti.<\/p>\n<p>Sibel Tatar, ziyaretleri kapsam\u0131nda, ilk olarak K\u0131br\u0131s T\u00fcrk \u00dcniversiteli Kad\u0131nlar Derne\u011fi Ba\u015fkan\u0131 G\u00fclden Pl\u00fcmer K\u00fc\u00e7\u00fck ve y\u00f6netim kurulu \u00fcyeleri ile g\u00f6r\u00fc\u015ft\u00fc.<\/p>\n<p>\u0130kinci ziyaretini K\u0131br\u0131s T\u00fcrk Kad\u0131nlar Birli\u011fi Lefko\u015fa Merkezi\u2019ne ger\u00e7ekle\u015ftiren Sibel Tatar, K\u0131br\u0131s T\u00fcrk Kad\u0131nlar Birli\u011fi Genel Ba\u015fkan Halide Tunceri, K\u0131br\u0131s T\u00fcrk Kad\u0131nlar Birli\u011fi Lefko\u015fa \u015eubesi Ba\u015fkan\u0131 Tomris Mahirel ve y\u00f6netim kurulu \u00fcyeleriyle bir araya geldi.<\/p>\n<p>Sibel Tatar, ard\u0131ndan K\u0131br\u0131s Kad\u0131n Motosiklet S\u00fcr\u00fcc\u00fcleri Derne\u011fi Ba\u015fkan\u0131 Niyal \u00d6zt\u00fcrk ve y\u00f6netim kurulu \u00fcyeleri ile g\u00f6r\u00fc\u015ft\u00fc.<\/p>\n<p>Birlik ve derneklerin faaliyetleri hakk\u0131nda bilgi alan Sibel Tatar, y\u00fcr\u00fct\u00fclen projeler ve hayata ge\u00e7mesi planlanan projeler hakk\u0131nda g\u00f6r\u00fc\u015f al\u0131\u015fveri\u015finde bulundu.<\/p>\n<p>Sivil toplum \u00f6rg\u00fctlerinin destekleriyle toplum temelli sosyal projelerin \u00e7ok daha k\u0131sa s\u00fcrede hayat buldu\u011funa i\u015faret eden Sibel Tatar, \u00f6rg\u00fctlenmenin \u00f6nemine dikkat \u00e7ekti.<\/p>\n<p>Sibel Tatar\u2019\u0131n ziyaretinde kendisine K\u0131br\u0131s T\u00fcrk Kad\u0131nlar Birli\u011fi\u2019nin logosunun bulundu\u011fu \u015fal hediye edilirken, K\u0131br\u0131s Kad\u0131n Motosiklet S\u00fcr\u00fcc\u00fcleri Derne\u011fi taraf\u0131ndan da ziyaretin an\u0131s\u0131na plaket takdim edildi.<\/p>\n<p>Sibel Tatar\u2019a ziyaretlerinde Cumhurba\u015fkanl\u0131\u011f\u0131 Sosyal Politikalar Dan\u0131\u015fman\u0131 Aydan Ba\u015fkurt e\u015flik etti.<\/p>\n<\/p><\/div>\n<p><script async\n                    defer\n                    crossorigin=\"anonymous\"\n                    src=\"https:\/\/connect.facebook.net\/tr_TR\/sdk.js#xfbml=1&#038;version=v3.3\"\n            ><\/script><br \/>\n<br \/><br \/>\n<br \/><a href=\"[kibrisdakik.com]\n<\/p>\n","protected":false},"excerpt":{"rendered":"<p>Cumhurba\u015fkan\u0131 Ersin Tatar\u2019\u0131n e\u015fi Sibel Tatar, Kuzey K\u0131br\u0131s Kad\u0131n \u00d6rg\u00fctleri A\u011f\u0131\u2019na ba\u011fl\u0131 derneklere ba\u015flatt\u0131\u011f\u0131 ziyaretlerine devam ediyor. Tatar, ge\u00e7ti\u011fimiz g\u00fcnlerde \u0130\u015f Kad\u0131nlar\u0131 Derne\u011fi\u2019ni (\u0130KD) ziyaret etti. Derne\u011fin Lefko\u015fa\u2019daki binas\u0131nda ger\u00e7ekle\u015fen ziyarette, \u0130KD Y\u00f6netim Kurulu Ba\u015fkan\u0131 Bilen Say\u0131l\u0131 Bozk\u0131rl\u0131, \u0130KD\u2019nin ilk ba\u015fkan\u0131 \u015eenay Ekingen, kurucu \u00fcyeleri, mevcut y\u00f6netim kurulu ve dernek \u00fcyeleri haz\u0131r bulundu. G\u00f6r\u00fc\u015fmede, kad\u0131nlar\u0131n<\/p>\n","protected":false},"author":1,"featured_media":87008,"comment_status":"open","ping_status":"open","sticky":false,"template":"","format":"standard","meta":{"footnotes":""},"categories":[81,101],"tags":[],"class_list":["post-87007","post","type-post","status-publish","format-standard","has-post-thumbnail","hentry","category-kibris","category-manset"],"yoast_head":"<!-- This site is optimized with the Yoast SEO plugin v27.5 - https:\/\/yoast.com\/product\/yoast-seo-wordpress\/ -->\n<title>Cumhurba\u015fkan\u0131 Ersin Tatar\u2019\u0131n e\u015fi Sibel Tatar, Lefko\u015fa\u2019daki kad\u0131n derneklerine ziyaretlerini s\u00fcrd\u00fcr\u00fcyor -<\/title>\n<meta name=\"robots\" content=\"index, follow, max-snippet:-1, max-image-preview:large, max-video-preview:-1\" \/>\n<link rel=\"canonical\" href=\"https:\/\/kibrisdakik.com\/?p=87007\" \/>\n<meta property=\"og:locale\" content=\"tr_TR\" \/>\n<meta property=\"og:type\" content=\"article\" \/>\n<meta property=\"og:title\" content=\"Cumhurba\u015fkan\u0131 Ersin Tatar\u2019\u0131n e\u015fi Sibel Tatar, Lefko\u015fa\u2019daki kad\u0131n derneklerine ziyaretlerini s\u00fcrd\u00fcr\u00fcyor -\" \/>\n<meta property=\"og:description\" content=\"Cumhurba\u015fkan\u0131 Ersin Tatar\u2019\u0131n e\u015fi Sibel Tatar, Kuzey K\u0131br\u0131s Kad\u0131n \u00d6rg\u00fctleri A\u011f\u0131\u2019na ba\u011fl\u0131 derneklere ba\u015flatt\u0131\u011f\u0131 ziyaretlerine devam ediyor. Tatar, ge\u00e7ti\u011fimiz g\u00fcnlerde \u0130\u015f Kad\u0131nlar\u0131 Derne\u011fi\u2019ni (\u0130KD) ziyaret etti. Derne\u011fin Lefko\u015fa\u2019daki binas\u0131nda ger\u00e7ekle\u015fen ziyarette, \u0130KD Y\u00f6netim Kurulu Ba\u015fkan\u0131 Bilen Say\u0131l\u0131 Bozk\u0131rl\u0131, \u0130KD\u2019nin ilk ba\u015fkan\u0131 \u015eenay Ekingen, kurucu \u00fcyeleri, mevcut y\u00f6netim kurulu ve dernek \u00fcyeleri haz\u0131r bulundu. G\u00f6r\u00fc\u015fmede, kad\u0131nlar\u0131n\" \/>\n<meta property=\"og:url\" content=\"https:\/\/kibrisdakik.com\/?p=87007\" \/>\n<meta property=\"article:published_time\" content=\"2025-07-25T13:11:04+00:00\" \/>\n<meta property=\"og:image\" content=\"https:\/\/kibrisdakik.com\/wp-content\/uploads\/2025\/07\/797979ggg-740x420.jpg\" \/>\n\t<meta property=\"og:image:width\" content=\"2048\" \/>\n\t<meta property=\"og:image:height\" content=\"1364\" \/>\n\t<meta property=\"og:image:type\" content=\"image\/jpeg\" \/>\n<meta name=\"author\" content=\"admin\" \/>\n<meta name=\"twitter:card\" content=\"summary_large_image\" \/>\n<meta name=\"twitter:label1\" content=\"Yazan:\" \/>\n\t<meta name=\"twitter:data1\" content=\"admin\" \/>\n\t<meta name=\"twitter:label2\" content=\"Tahmini okuma s\u00fcresi\" \/>\n\t<meta name=\"twitter:data2\" content=\"2 dakika\" \/>\n<script type=\"application\/ld+json\" class=\"yoast-schema-graph\">{\"@context\":\"https:\\\/\\\/schema.org\",\"@graph\":[{\"@type\":\"Article\",\"@id\":\"https:\\\/\\\/kibrisdakik.com\\\/?p=87007#article\",\"isPartOf\":{\"@id\":\"https:\\\/\\\/kibrisdakik.com\\\/?p=87007\"},\"author\":{\"name\":\"admin\",\"@id\":\"https:\\\/\\\/kibrisdakik.com\\\/#\\\/schema\\\/person\\\/9cd9d437bbb44f72b73ba127e06d8e79\"},\"headline\":\"Cumhurba\u015fkan\u0131 Ersin Tatar\u2019\u0131n e\u015fi Sibel Tatar, Lefko\u015fa\u2019daki kad\u0131n derneklerine ziyaretlerini s\u00fcrd\u00fcr\u00fcyor\",\"datePublished\":\"2025-07-25T13:11:04+00:00\",\"mainEntityOfPage\":{\"@id\":\"https:\\\/\\\/kibrisdakik.com\\\/?p=87007\"},\"wordCount\":512,\"commentCount\":0,\"image\":{\"@id\":\"https:\\\/\\\/kibrisdakik.com\\\/?p=87007#primaryimage\"},\"thumbnailUrl\":\"https:\\\/\\\/kibrisdakik.com\\\/wp-content\\\/uploads\\\/2025\\\/07\\\/797979ggg-740x420.jpg\",\"articleSection\":[\"K\u0131br\u0131s\",\"Man\u015fet\"],\"inLanguage\":\"tr\",\"potentialAction\":[{\"@type\":\"CommentAction\",\"name\":\"Comment\",\"target\":[\"https:\\\/\\\/kibrisdakik.com\\\/?p=87007#respond\"]}]},{\"@type\":\"WebPage\",\"@id\":\"https:\\\/\\\/kibrisdakik.com\\\/?p=87007\",\"url\":\"https:\\\/\\\/kibrisdakik.com\\\/?p=87007\",\"name\":\"Cumhurba\u015fkan\u0131 Ersin Tatar\u2019\u0131n e\u015fi Sibel Tatar, Lefko\u015fa\u2019daki kad\u0131n derneklerine ziyaretlerini s\u00fcrd\u00fcr\u00fcyor -\",\"isPartOf\":{\"@id\":\"https:\\\/\\\/kibrisdakik.com\\\/#website\"},\"primaryImageOfPage\":{\"@id\":\"https:\\\/\\\/kibrisdakik.com\\\/?p=87007#primaryimage\"},\"image\":{\"@id\":\"https:\\\/\\\/kibrisdakik.com\\\/?p=87007#primaryimage\"},\"thumbnailUrl\":\"https:\\\/\\\/kibrisdakik.com\\\/wp-content\\\/uploads\\\/2025\\\/07\\\/797979ggg-740x420.jpg\",\"datePublished\":\"2025-07-25T13:11:04+00:00\",\"author\":{\"@id\":\"https:\\\/\\\/kibrisdakik.com\\\/#\\\/schema\\\/person\\\/9cd9d437bbb44f72b73ba127e06d8e79\"},\"breadcrumb\":{\"@id\":\"https:\\\/\\\/kibrisdakik.com\\\/?p=87007#breadcrumb\"},\"inLanguage\":\"tr\",\"potentialAction\":[{\"@type\":\"ReadAction\",\"target\":[\"https:\\\/\\\/kibrisdakik.com\\\/?p=87007\"]}]},{\"@type\":\"ImageObject\",\"inLanguage\":\"tr\",\"@id\":\"https:\\\/\\\/kibrisdakik.com\\\/?p=87007#primaryimage\",\"url\":\"https:\\\/\\\/kibrisdakik.com\\\/wp-content\\\/uploads\\\/2025\\\/07\\\/797979ggg-740x420.jpg\",\"contentUrl\":\"https:\\\/\\\/kibrisdakik.com\\\/wp-content\\\/uploads\\\/2025\\\/07\\\/797979ggg-740x420.jpg\",\"width\":2048,\"height\":1364},{\"@type\":\"BreadcrumbList\",\"@id\":\"https:\\\/\\\/kibrisdakik.com\\\/?p=87007#breadcrumb\",\"itemListElement\":[{\"@type\":\"ListItem\",\"position\":1,\"name\":\"Home\",\"item\":\"https:\\\/\\\/kibrisdakik.com\\\/\"},{\"@type\":\"ListItem\",\"position\":2,\"name\":\"Cumhurba\u015fkan\u0131 Ersin Tatar\u2019\u0131n e\u015fi Sibel Tatar, Lefko\u015fa\u2019daki kad\u0131n derneklerine ziyaretlerini s\u00fcrd\u00fcr\u00fcyor\"}]},{\"@type\":\"WebSite\",\"@id\":\"https:\\\/\\\/kibrisdakik.com\\\/#website\",\"url\":\"https:\\\/\\\/kibrisdakik.com\\\/\",\"name\":\"\",\"description\":\"Tam vaktinde haber\",\"potentialAction\":[{\"@type\":\"SearchAction\",\"target\":{\"@type\":\"EntryPoint\",\"urlTemplate\":\"https:\\\/\\\/kibrisdakik.com\\\/?s={search_term_string}\"},\"query-input\":{\"@type\":\"PropertyValueSpecification\",\"valueRequired\":true,\"valueName\":\"search_term_string\"}}],\"inLanguage\":\"tr\"},{\"@type\":\"Person\",\"@id\":\"https:\\\/\\\/kibrisdakik.com\\\/#\\\/schema\\\/person\\\/9cd9d437bbb44f72b73ba127e06d8e79\",\"name\":\"admin\",\"image\":{\"@type\":\"ImageObject\",\"inLanguage\":\"tr\",\"@id\":\"https:\\\/\\\/secure.gravatar.com\\\/avatar\\\/ccc17943b9d660506c869530f897617f7cb1c21a4bf30023f252596d83e1f007?s=96&d=mm&r=g\",\"url\":\"https:\\\/\\\/secure.gravatar.com\\\/avatar\\\/ccc17943b9d660506c869530f897617f7cb1c21a4bf30023f252596d83e1f007?s=96&d=mm&r=g\",\"contentUrl\":\"https:\\\/\\\/secure.gravatar.com\\\/avatar\\\/ccc17943b9d660506c869530f897617f7cb1c21a4bf30023f252596d83e1f007?s=96&d=mm&r=g\",\"caption\":\"admin\"},\"sameAs\":[\"https:\\\/\\\/kibrisdakik.com\"],\"url\":\"https:\\\/\\\/kibrisdakik.com\\\/?author=1\"}]}<\/script>\n<!-- \/ Yoast SEO plugin. -->","yoast_head_json":{"title":"Cumhurba\u015fkan\u0131 Ersin Tatar\u2019\u0131n e\u015fi Sibel Tatar, Lefko\u015fa\u2019daki kad\u0131n derneklerine ziyaretlerini s\u00fcrd\u00fcr\u00fcyor -","robots":{"index":"index","follow":"follow","max-snippet":"max-snippet:-1","max-image-preview":"max-image-preview:large","max-video-preview":"max-video-preview:-1"},"canonical":"https:\/\/kibrisdakik.com\/?p=87007","og_locale":"tr_TR","og_type":"article","og_title":"Cumhurba\u015fkan\u0131 Ersin Tatar\u2019\u0131n e\u015fi Sibel Tatar, Lefko\u015fa\u2019daki kad\u0131n derneklerine ziyaretlerini s\u00fcrd\u00fcr\u00fcyor -","og_description":"Cumhurba\u015fkan\u0131 Ersin Tatar\u2019\u0131n e\u015fi Sibel Tatar, Kuzey K\u0131br\u0131s Kad\u0131n \u00d6rg\u00fctleri A\u011f\u0131\u2019na ba\u011fl\u0131 derneklere ba\u015flatt\u0131\u011f\u0131 ziyaretlerine devam ediyor. Tatar, ge\u00e7ti\u011fimiz g\u00fcnlerde \u0130\u015f Kad\u0131nlar\u0131 Derne\u011fi\u2019ni (\u0130KD) ziyaret etti. Derne\u011fin Lefko\u015fa\u2019daki binas\u0131nda ger\u00e7ekle\u015fen ziyarette, \u0130KD Y\u00f6netim Kurulu Ba\u015fkan\u0131 Bilen Say\u0131l\u0131 Bozk\u0131rl\u0131, \u0130KD\u2019nin ilk ba\u015fkan\u0131 \u015eenay Ekingen, kurucu \u00fcyeleri, mevcut y\u00f6netim kurulu ve dernek \u00fcyeleri haz\u0131r bulundu. G\u00f6r\u00fc\u015fmede, kad\u0131nlar\u0131n","og_url":"https:\/\/kibrisdakik.com\/?p=87007","article_published_time":"2025-07-25T13:11:04+00:00","og_image":[{"width":2048,"height":1364,"url":"https:\/\/kibrisdakik.com\/wp-content\/uploads\/2025\/07\/797979ggg-740x420.jpg","type":"image\/jpeg"}],"author":"admin","twitter_card":"summary_large_image","twitter_misc":{"Yazan:":"admin","Tahmini okuma s\u00fcresi":"2 dakika"},"schema":{"@context":"https:\/\/schema.org","@graph":[{"@type":"Article","@id":"https:\/\/kibrisdakik.com\/?p=87007#article","isPartOf":{"@id":"https:\/\/kibrisdakik.com\/?p=87007"},"author":{"name":"admin","@id":"https:\/\/kibrisdakik.com\/#\/schema\/person\/9cd9d437bbb44f72b73ba127e06d8e79"},"headline":"Cumhurba\u015fkan\u0131 Ersin Tatar\u2019\u0131n e\u015fi Sibel Tatar, Lefko\u015fa\u2019daki kad\u0131n derneklerine ziyaretlerini s\u00fcrd\u00fcr\u00fcyor","datePublished":"2025-07-25T13:11:04+00:00","mainEntityOfPage":{"@id":"https:\/\/kibrisdakik.com\/?p=87007"},"wordCount":512,"commentCount":0,"image":{"@id":"https:\/\/kibrisdakik.com\/?p=87007#primaryimage"},"thumbnailUrl":"https:\/\/kibrisdakik.com\/wp-content\/uploads\/2025\/07\/797979ggg-740x420.jpg","articleSection":["K\u0131br\u0131s","Man\u015fet"],"inLanguage":"tr","potentialAction":[{"@type":"CommentAction","name":"Comment","target":["https:\/\/kibrisdakik.com\/?p=87007#respond"]}]},{"@type":"WebPage","@id":"https:\/\/kibrisdakik.com\/?p=87007","url":"https:\/\/kibrisdakik.com\/?p=87007","name":"Cumhurba\u015fkan\u0131 Ersin Tatar\u2019\u0131n e\u015fi Sibel Tatar, Lefko\u015fa\u2019daki kad\u0131n derneklerine ziyaretlerini s\u00fcrd\u00fcr\u00fcyor -","isPartOf":{"@id":"https:\/\/kibrisdakik.com\/#website"},"primaryImageOfPage":{"@id":"https:\/\/kibrisdakik.com\/?p=87007#primaryimage"},"image":{"@id":"https:\/\/kibrisdakik.com\/?p=87007#primaryimage"},"thumbnailUrl":"https:\/\/kibrisdakik.com\/wp-content\/uploads\/2025\/07\/797979ggg-740x420.jpg","datePublished":"2025-07-25T13:11:04+00:00","author":{"@id":"https:\/\/kibrisdakik.com\/#\/schema\/person\/9cd9d437bbb44f72b73ba127e06d8e79"},"breadcrumb":{"@id":"https:\/\/kibrisdakik.com\/?p=87007#breadcrumb"},"inLanguage":"tr","potentialAction":[{"@type":"ReadAction","target":["https:\/\/kibrisdakik.com\/?p=87007"]}]},{"@type":"ImageObject","inLanguage":"tr","@id":"https:\/\/kibrisdakik.com\/?p=87007#primaryimage","url":"https:\/\/kibrisdakik.com\/wp-content\/uploads\/2025\/07\/797979ggg-740x420.jpg","contentUrl":"https:\/\/kibrisdakik.com\/wp-content\/uploads\/2025\/07\/797979ggg-740x420.jpg","width":2048,"height":1364},{"@type":"BreadcrumbList","@id":"https:\/\/kibrisdakik.com\/?p=87007#breadcrumb","itemListElement":[{"@type":"ListItem","position":1,"name":"Home","item":"https:\/\/kibrisdakik.com\/"},{"@type":"ListItem","position":2,"name":"Cumhurba\u015fkan\u0131 Ersin Tatar\u2019\u0131n e\u015fi Sibel Tatar, Lefko\u015fa\u2019daki kad\u0131n derneklerine ziyaretlerini s\u00fcrd\u00fcr\u00fcyor"}]},{"@type":"WebSite","@id":"https:\/\/kibrisdakik.com\/#website","url":"https:\/\/kibrisdakik.com\/","name":"","description":"Tam vaktinde haber","potentialAction":[{"@type":"SearchAction","target":{"@type":"EntryPoint","urlTemplate":"https:\/\/kibrisdakik.com\/?s={search_term_string}"},"query-input":{"@type":"PropertyValueSpecification","valueRequired":true,"valueName":"search_term_string"}}],"inLanguage":"tr"},{"@type":"Person","@id":"https:\/\/kibrisdakik.com\/#\/schema\/person\/9cd9d437bbb44f72b73ba127e06d8e79","name":"admin","image":{"@type":"ImageObject","inLanguage":"tr","@id":"https:\/\/secure.gravatar.com\/avatar\/ccc17943b9d660506c869530f897617f7cb1c21a4bf30023f252596d83e1f007?s=96&d=mm&r=g","url":"https:\/\/secure.gravatar.com\/avatar\/ccc17943b9d660506c869530f897617f7cb1c21a4bf30023f252596d83e1f007?s=96&d=mm&r=g","contentUrl":"https:\/\/secure.gravatar.com\/avatar\/ccc17943b9d660506c869530f897617f7cb1c21a4bf30023f252596d83e1f007?s=96&d=mm&r=g","caption":"admin"},"sameAs":["https:\/\/kibrisdakik.com"],"url":"https:\/\/kibrisdakik.com\/?author=1"}]}},"_links":{"self":[{"href":"https:\/\/kibrisdakik.com\/index.php?rest_route=\/wp\/v2\/posts\/87007","targetHints":{"allow":["GET"]}}],"collection":[{"href":"https:\/\/kibrisdakik.com\/index.php?rest_route=\/wp\/v2\/posts"}],"about":[{"href":"https:\/\/kibrisdakik.com\/index.php?rest_route=\/wp\/v2\/types\/post"}],"author":[{"embeddable":true,"href":"https:\/\/kibrisdakik.com\/index.php?rest_route=\/wp\/v2\/users\/1"}],"replies":[{"embeddable":true,"href":"https:\/\/kibrisdakik.com\/index.php?rest_route=%2Fwp%2Fv2%2Fcomments&post=87007"}],"version-history":[{"count":0,"href":"https:\/\/kibrisdakik.com\/index.php?rest_route=\/wp\/v2\/posts\/87007\/revisions"}],"wp:featuredmedia":[{"embeddable":true,"href":"https:\/\/kibrisdakik.com\/index.php?rest_route=\/wp\/v2\/media\/87008"}],"wp:attachment":[{"href":"https:\/\/kibrisdakik.com\/index.php?rest_route=%2Fwp%2Fv2%2Fmedia&parent=87007"}],"wp:term":[{"taxonomy":"category","embeddable":true,"href":"https:\/\/kibrisdakik.com\/index.php?rest_route=%2Fwp%2Fv2%2Fcategories&post=87007"},{"taxonomy":"post_tag","embeddable":true,"href":"https:\/\/kibrisdakik.com\/index.php?rest_route=%2Fwp%2Fv2%2Ftags&post=87007"}],"curies":[{"name":"wp","href":"https:\/\/api.w.org\/{rel}","templated":true}]}}