{"id":87031,"date":"2025-07-25T22:47:14","date_gmt":"2025-07-25T19:47:14","guid":{"rendered":"https:\/\/kibrisdakik.com\/index.php\/2025\/07\/25\/cumhurbaskani-ersin-tatar-esentepe-karaagac-bolgesindeki-yangin-yerine-giderek-incelemelerde-bulundu\/"},"modified":"2025-07-25T22:47:14","modified_gmt":"2025-07-25T19:47:14","slug":"cumhurbaskani-ersin-tatar-esentepe-karaagac-bolgesindeki-yangin-yerine-giderek-incelemelerde-bulundu","status":"publish","type":"post","link":"https:\/\/kibrisdakik.com\/?p=87031","title":{"rendered":"Cumhurba\u015fkan\u0131 Ersin Tatar, Esentepe Karaa\u011fa\u00e7 B\u00f6lgesi\u2019ndeki yang\u0131n yerine giderek incelemelerde bulundu"},"content":{"rendered":"<p> <br \/>\n<\/p>\n<div>\n<div class=\"mariselle-image-container center\">\n                                            <\/div>\n<p>Cumhurba\u015fkan\u0131 Ersin Tatar, bug\u00fcn Esentepe Karaa\u011fa\u00e7 B\u00f6lgesi\u2019nde meydana gelen yang\u0131nla ilgili olay yerine giderek incelemelerde bulundu.<\/p>\n<p>Yang\u0131n s\u00f6nd\u00fcrme ve so\u011futma \u00e7al\u0131\u015fmalar\u0131n\u0131 yerinde izleyen Cumhurba\u015fkan\u0131 Tatar, konuyla ilgili yapt\u0131\u011f\u0131 a\u00e7\u0131klamada, ekiplerin \u00f6zverili ve etkin \u00e7al\u0131\u015fmalar\u0131 sonucu yang\u0131n\u0131n k\u0131sa s\u00fcrede kontrol alt\u0131na al\u0131narak, b\u00f6lgede so\u011futma \u00e7al\u0131\u015fmalar\u0131n\u0131n s\u00fcrd\u00fc\u011f\u00fcn\u00fc s\u00f6yledi.<\/p>\n<p>Yang\u0131ndan dolay\u0131 12 d\u00f6n\u00fcml\u00fck bir alan\u0131n etkilendi\u011fini, 80 \u00e7am a\u011fac\u0131, 53 harup a\u011fac\u0131 ve 10 zeytin a\u011fac\u0131n\u0131n tahrip oldu\u011funu belirten Cumhurba\u015fkan\u0131 Tatar, yang\u0131n\u0131n askeri birlikler, orman dairesi, itfaiye, Sivil Savunma Te\u015fkilat\u0131\u2019na ba\u011fl\u0131 ekipler, \u00c7atalk\u00f6y-Esentepe Belediyesi ve vatanda\u015flar\u0131n erken m\u00fcdahalesiyle s\u00f6nd\u00fcr\u00fcld\u00fc\u011f\u00fcn\u00fc dile getirdi.<\/p>\n<p>Cumhurba\u015fkan\u0131 Tatar, yang\u0131na zaman\u0131nda ve etkili bi\u00e7imde m\u00fcdahale eden t\u00fcm kamu kurumlar\u0131na, yerel y\u00f6netimlere ve katk\u0131 sa\u011flayan vatanda\u015flara te\u015fekk\u00fcr etti.<\/p>\n<p>B\u00f6lge halk\u0131na ge\u00e7mi\u015f olsun dileklerinde bulunan Cumhurba\u015fkan\u0131 Tatar, yaz ay\u0131nda meydana gelebilecek yang\u0131nlarla ilgili gerekli tedbirlerin al\u0131nmas\u0131 \u00e7a\u011fr\u0131s\u0131nda bulundu.<\/p>\n<\/p><\/div>\n<p><script async\n                    defer\n                    crossorigin=\"anonymous\"\n                    src=\"https:\/\/connect.facebook.net\/tr_TR\/sdk.js#xfbml=1&#038;version=v3.3\"\n            ><\/script><br \/>\n<br \/><br \/>\n<br \/><a href=\"[kibrisdakik.com]\n<\/p>\n","protected":false},"excerpt":{"rendered":"<p>Cumhurba\u015fkan\u0131 Ersin Tatar, bug\u00fcn Esentepe Karaa\u011fa\u00e7 B\u00f6lgesi\u2019nde meydana gelen yang\u0131nla ilgili olay yerine giderek incelemelerde bulundu. Yang\u0131n s\u00f6nd\u00fcrme ve so\u011futma \u00e7al\u0131\u015fmalar\u0131n\u0131 yerinde izleyen Cumhurba\u015fkan\u0131 Tatar, konuyla ilgili yapt\u0131\u011f\u0131 a\u00e7\u0131klamada, ekiplerin \u00f6zverili ve etkin \u00e7al\u0131\u015fmalar\u0131 sonucu yang\u0131n\u0131n k\u0131sa s\u00fcrede kontrol alt\u0131na al\u0131narak, b\u00f6lgede so\u011futma \u00e7al\u0131\u015fmalar\u0131n\u0131n s\u00fcrd\u00fc\u011f\u00fcn\u00fc s\u00f6yledi. Yang\u0131ndan dolay\u0131 12 d\u00f6n\u00fcml\u00fck bir alan\u0131n etkilendi\u011fini, 80 \u00e7am<\/p>\n","protected":false},"author":1,"featured_media":87032,"comment_status":"open","ping_status":"open","sticky":false,"template":"","format":"standard","meta":{"footnotes":""},"categories":[81,101],"tags":[],"class_list":["post-87031","post","type-post","status-publish","format-standard","has-post-thumbnail","hentry","category-kibris","category-manset"],"yoast_head":"<!-- This site is optimized with the Yoast SEO plugin v27.4 - https:\/\/yoast.com\/product\/yoast-seo-wordpress\/ -->\n<title>Cumhurba\u015fkan\u0131 Ersin Tatar, Esentepe Karaa\u011fa\u00e7 B\u00f6lgesi\u2019ndeki yang\u0131n yerine giderek incelemelerde bulundu -<\/title>\n<meta name=\"robots\" content=\"index, follow, max-snippet:-1, max-image-preview:large, max-video-preview:-1\" \/>\n<link rel=\"canonical\" href=\"https:\/\/kibrisdakik.com\/?p=87031\" \/>\n<meta property=\"og:locale\" content=\"tr_TR\" \/>\n<meta property=\"og:type\" content=\"article\" \/>\n<meta property=\"og:title\" content=\"Cumhurba\u015fkan\u0131 Ersin Tatar, Esentepe Karaa\u011fa\u00e7 B\u00f6lgesi\u2019ndeki yang\u0131n yerine giderek incelemelerde bulundu -\" \/>\n<meta property=\"og:description\" content=\"Cumhurba\u015fkan\u0131 Ersin Tatar, bug\u00fcn Esentepe Karaa\u011fa\u00e7 B\u00f6lgesi\u2019nde meydana gelen yang\u0131nla ilgili olay yerine giderek incelemelerde bulundu. Yang\u0131n s\u00f6nd\u00fcrme ve so\u011futma \u00e7al\u0131\u015fmalar\u0131n\u0131 yerinde izleyen Cumhurba\u015fkan\u0131 Tatar, konuyla ilgili yapt\u0131\u011f\u0131 a\u00e7\u0131klamada, ekiplerin \u00f6zverili ve etkin \u00e7al\u0131\u015fmalar\u0131 sonucu yang\u0131n\u0131n k\u0131sa s\u00fcrede kontrol alt\u0131na al\u0131narak, b\u00f6lgede so\u011futma \u00e7al\u0131\u015fmalar\u0131n\u0131n s\u00fcrd\u00fc\u011f\u00fcn\u00fc s\u00f6yledi. Yang\u0131ndan dolay\u0131 12 d\u00f6n\u00fcml\u00fck bir alan\u0131n etkilendi\u011fini, 80 \u00e7am\" \/>\n<meta property=\"og:url\" content=\"https:\/\/kibrisdakik.com\/?p=87031\" \/>\n<meta property=\"article:published_time\" content=\"2025-07-25T19:47:14+00:00\" \/>\n<meta property=\"og:image\" content=\"https:\/\/kibrisdakik.com\/wp-content\/uploads\/2025\/07\/FB_IMG_1753473748023-740x420.jpg\" \/>\n\t<meta property=\"og:image:width\" content=\"1080\" \/>\n\t<meta property=\"og:image:height\" content=\"720\" \/>\n\t<meta property=\"og:image:type\" content=\"image\/jpeg\" \/>\n<meta name=\"author\" content=\"admin\" \/>\n<meta name=\"twitter:card\" content=\"summary_large_image\" \/>\n<meta name=\"twitter:label1\" content=\"Yazan:\" \/>\n\t<meta name=\"twitter:data1\" content=\"admin\" \/>\n\t<meta name=\"twitter:label2\" content=\"Tahmini okuma s\u00fcresi\" \/>\n\t<meta name=\"twitter:data2\" content=\"1 dakika\" \/>\n<script type=\"application\/ld+json\" class=\"yoast-schema-graph\">{\"@context\":\"https:\\\/\\\/schema.org\",\"@graph\":[{\"@type\":\"Article\",\"@id\":\"https:\\\/\\\/kibrisdakik.com\\\/?p=87031#article\",\"isPartOf\":{\"@id\":\"https:\\\/\\\/kibrisdakik.com\\\/?p=87031\"},\"author\":{\"name\":\"admin\",\"@id\":\"https:\\\/\\\/kibrisdakik.com\\\/#\\\/schema\\\/person\\\/9cd9d437bbb44f72b73ba127e06d8e79\"},\"headline\":\"Cumhurba\u015fkan\u0131 Ersin Tatar, Esentepe Karaa\u011fa\u00e7 B\u00f6lgesi\u2019ndeki yang\u0131n yerine giderek incelemelerde bulundu\",\"datePublished\":\"2025-07-25T19:47:14+00:00\",\"mainEntityOfPage\":{\"@id\":\"https:\\\/\\\/kibrisdakik.com\\\/?p=87031\"},\"wordCount\":218,\"commentCount\":0,\"image\":{\"@id\":\"https:\\\/\\\/kibrisdakik.com\\\/?p=87031#primaryimage\"},\"thumbnailUrl\":\"https:\\\/\\\/kibrisdakik.com\\\/wp-content\\\/uploads\\\/2025\\\/07\\\/FB_IMG_1753473748023-740x420.jpg\",\"articleSection\":[\"K\u0131br\u0131s\",\"Man\u015fet\"],\"inLanguage\":\"tr\",\"potentialAction\":[{\"@type\":\"CommentAction\",\"name\":\"Comment\",\"target\":[\"https:\\\/\\\/kibrisdakik.com\\\/?p=87031#respond\"]}]},{\"@type\":\"WebPage\",\"@id\":\"https:\\\/\\\/kibrisdakik.com\\\/?p=87031\",\"url\":\"https:\\\/\\\/kibrisdakik.com\\\/?p=87031\",\"name\":\"Cumhurba\u015fkan\u0131 Ersin Tatar, Esentepe Karaa\u011fa\u00e7 B\u00f6lgesi\u2019ndeki yang\u0131n yerine giderek incelemelerde bulundu -\",\"isPartOf\":{\"@id\":\"https:\\\/\\\/kibrisdakik.com\\\/#website\"},\"primaryImageOfPage\":{\"@id\":\"https:\\\/\\\/kibrisdakik.com\\\/?p=87031#primaryimage\"},\"image\":{\"@id\":\"https:\\\/\\\/kibrisdakik.com\\\/?p=87031#primaryimage\"},\"thumbnailUrl\":\"https:\\\/\\\/kibrisdakik.com\\\/wp-content\\\/uploads\\\/2025\\\/07\\\/FB_IMG_1753473748023-740x420.jpg\",\"datePublished\":\"2025-07-25T19:47:14+00:00\",\"author\":{\"@id\":\"https:\\\/\\\/kibrisdakik.com\\\/#\\\/schema\\\/person\\\/9cd9d437bbb44f72b73ba127e06d8e79\"},\"breadcrumb\":{\"@id\":\"https:\\\/\\\/kibrisdakik.com\\\/?p=87031#breadcrumb\"},\"inLanguage\":\"tr\",\"potentialAction\":[{\"@type\":\"ReadAction\",\"target\":[\"https:\\\/\\\/kibrisdakik.com\\\/?p=87031\"]}]},{\"@type\":\"ImageObject\",\"inLanguage\":\"tr\",\"@id\":\"https:\\\/\\\/kibrisdakik.com\\\/?p=87031#primaryimage\",\"url\":\"https:\\\/\\\/kibrisdakik.com\\\/wp-content\\\/uploads\\\/2025\\\/07\\\/FB_IMG_1753473748023-740x420.jpg\",\"contentUrl\":\"https:\\\/\\\/kibrisdakik.com\\\/wp-content\\\/uploads\\\/2025\\\/07\\\/FB_IMG_1753473748023-740x420.jpg\",\"width\":1080,\"height\":720},{\"@type\":\"BreadcrumbList\",\"@id\":\"https:\\\/\\\/kibrisdakik.com\\\/?p=87031#breadcrumb\",\"itemListElement\":[{\"@type\":\"ListItem\",\"position\":1,\"name\":\"Home\",\"item\":\"https:\\\/\\\/kibrisdakik.com\\\/\"},{\"@type\":\"ListItem\",\"position\":2,\"name\":\"Cumhurba\u015fkan\u0131 Ersin Tatar, Esentepe Karaa\u011fa\u00e7 B\u00f6lgesi\u2019ndeki yang\u0131n yerine giderek incelemelerde bulundu\"}]},{\"@type\":\"WebSite\",\"@id\":\"https:\\\/\\\/kibrisdakik.com\\\/#website\",\"url\":\"https:\\\/\\\/kibrisdakik.com\\\/\",\"name\":\"\",\"description\":\"Tam vaktinde haber\",\"potentialAction\":[{\"@type\":\"SearchAction\",\"target\":{\"@type\":\"EntryPoint\",\"urlTemplate\":\"https:\\\/\\\/kibrisdakik.com\\\/?s={search_term_string}\"},\"query-input\":{\"@type\":\"PropertyValueSpecification\",\"valueRequired\":true,\"valueName\":\"search_term_string\"}}],\"inLanguage\":\"tr\"},{\"@type\":\"Person\",\"@id\":\"https:\\\/\\\/kibrisdakik.com\\\/#\\\/schema\\\/person\\\/9cd9d437bbb44f72b73ba127e06d8e79\",\"name\":\"admin\",\"image\":{\"@type\":\"ImageObject\",\"inLanguage\":\"tr\",\"@id\":\"https:\\\/\\\/secure.gravatar.com\\\/avatar\\\/ccc17943b9d660506c869530f897617f7cb1c21a4bf30023f252596d83e1f007?s=96&d=mm&r=g\",\"url\":\"https:\\\/\\\/secure.gravatar.com\\\/avatar\\\/ccc17943b9d660506c869530f897617f7cb1c21a4bf30023f252596d83e1f007?s=96&d=mm&r=g\",\"contentUrl\":\"https:\\\/\\\/secure.gravatar.com\\\/avatar\\\/ccc17943b9d660506c869530f897617f7cb1c21a4bf30023f252596d83e1f007?s=96&d=mm&r=g\",\"caption\":\"admin\"},\"sameAs\":[\"https:\\\/\\\/kibrisdakik.com\"],\"url\":\"https:\\\/\\\/kibrisdakik.com\\\/?author=1\"}]}<\/script>\n<!-- \/ Yoast SEO plugin. -->","yoast_head_json":{"title":"Cumhurba\u015fkan\u0131 Ersin Tatar, Esentepe Karaa\u011fa\u00e7 B\u00f6lgesi\u2019ndeki yang\u0131n yerine giderek incelemelerde bulundu -","robots":{"index":"index","follow":"follow","max-snippet":"max-snippet:-1","max-image-preview":"max-image-preview:large","max-video-preview":"max-video-preview:-1"},"canonical":"https:\/\/kibrisdakik.com\/?p=87031","og_locale":"tr_TR","og_type":"article","og_title":"Cumhurba\u015fkan\u0131 Ersin Tatar, Esentepe Karaa\u011fa\u00e7 B\u00f6lgesi\u2019ndeki yang\u0131n yerine giderek incelemelerde bulundu -","og_description":"Cumhurba\u015fkan\u0131 Ersin Tatar, bug\u00fcn Esentepe Karaa\u011fa\u00e7 B\u00f6lgesi\u2019nde meydana gelen yang\u0131nla ilgili olay yerine giderek incelemelerde bulundu. Yang\u0131n s\u00f6nd\u00fcrme ve so\u011futma \u00e7al\u0131\u015fmalar\u0131n\u0131 yerinde izleyen Cumhurba\u015fkan\u0131 Tatar, konuyla ilgili yapt\u0131\u011f\u0131 a\u00e7\u0131klamada, ekiplerin \u00f6zverili ve etkin \u00e7al\u0131\u015fmalar\u0131 sonucu yang\u0131n\u0131n k\u0131sa s\u00fcrede kontrol alt\u0131na al\u0131narak, b\u00f6lgede so\u011futma \u00e7al\u0131\u015fmalar\u0131n\u0131n s\u00fcrd\u00fc\u011f\u00fcn\u00fc s\u00f6yledi. Yang\u0131ndan dolay\u0131 12 d\u00f6n\u00fcml\u00fck bir alan\u0131n etkilendi\u011fini, 80 \u00e7am","og_url":"https:\/\/kibrisdakik.com\/?p=87031","article_published_time":"2025-07-25T19:47:14+00:00","og_image":[{"width":1080,"height":720,"url":"https:\/\/kibrisdakik.com\/wp-content\/uploads\/2025\/07\/FB_IMG_1753473748023-740x420.jpg","type":"image\/jpeg"}],"author":"admin","twitter_card":"summary_large_image","twitter_misc":{"Yazan:":"admin","Tahmini okuma s\u00fcresi":"1 dakika"},"schema":{"@context":"https:\/\/schema.org","@graph":[{"@type":"Article","@id":"https:\/\/kibrisdakik.com\/?p=87031#article","isPartOf":{"@id":"https:\/\/kibrisdakik.com\/?p=87031"},"author":{"name":"admin","@id":"https:\/\/kibrisdakik.com\/#\/schema\/person\/9cd9d437bbb44f72b73ba127e06d8e79"},"headline":"Cumhurba\u015fkan\u0131 Ersin Tatar, Esentepe Karaa\u011fa\u00e7 B\u00f6lgesi\u2019ndeki yang\u0131n yerine giderek incelemelerde bulundu","datePublished":"2025-07-25T19:47:14+00:00","mainEntityOfPage":{"@id":"https:\/\/kibrisdakik.com\/?p=87031"},"wordCount":218,"commentCount":0,"image":{"@id":"https:\/\/kibrisdakik.com\/?p=87031#primaryimage"},"thumbnailUrl":"https:\/\/kibrisdakik.com\/wp-content\/uploads\/2025\/07\/FB_IMG_1753473748023-740x420.jpg","articleSection":["K\u0131br\u0131s","Man\u015fet"],"inLanguage":"tr","potentialAction":[{"@type":"CommentAction","name":"Comment","target":["https:\/\/kibrisdakik.com\/?p=87031#respond"]}]},{"@type":"WebPage","@id":"https:\/\/kibrisdakik.com\/?p=87031","url":"https:\/\/kibrisdakik.com\/?p=87031","name":"Cumhurba\u015fkan\u0131 Ersin Tatar, Esentepe Karaa\u011fa\u00e7 B\u00f6lgesi\u2019ndeki yang\u0131n yerine giderek incelemelerde bulundu -","isPartOf":{"@id":"https:\/\/kibrisdakik.com\/#website"},"primaryImageOfPage":{"@id":"https:\/\/kibrisdakik.com\/?p=87031#primaryimage"},"image":{"@id":"https:\/\/kibrisdakik.com\/?p=87031#primaryimage"},"thumbnailUrl":"https:\/\/kibrisdakik.com\/wp-content\/uploads\/2025\/07\/FB_IMG_1753473748023-740x420.jpg","datePublished":"2025-07-25T19:47:14+00:00","author":{"@id":"https:\/\/kibrisdakik.com\/#\/schema\/person\/9cd9d437bbb44f72b73ba127e06d8e79"},"breadcrumb":{"@id":"https:\/\/kibrisdakik.com\/?p=87031#breadcrumb"},"inLanguage":"tr","potentialAction":[{"@type":"ReadAction","target":["https:\/\/kibrisdakik.com\/?p=87031"]}]},{"@type":"ImageObject","inLanguage":"tr","@id":"https:\/\/kibrisdakik.com\/?p=87031#primaryimage","url":"https:\/\/kibrisdakik.com\/wp-content\/uploads\/2025\/07\/FB_IMG_1753473748023-740x420.jpg","contentUrl":"https:\/\/kibrisdakik.com\/wp-content\/uploads\/2025\/07\/FB_IMG_1753473748023-740x420.jpg","width":1080,"height":720},{"@type":"BreadcrumbList","@id":"https:\/\/kibrisdakik.com\/?p=87031#breadcrumb","itemListElement":[{"@type":"ListItem","position":1,"name":"Home","item":"https:\/\/kibrisdakik.com\/"},{"@type":"ListItem","position":2,"name":"Cumhurba\u015fkan\u0131 Ersin Tatar, Esentepe Karaa\u011fa\u00e7 B\u00f6lgesi\u2019ndeki yang\u0131n yerine giderek incelemelerde bulundu"}]},{"@type":"WebSite","@id":"https:\/\/kibrisdakik.com\/#website","url":"https:\/\/kibrisdakik.com\/","name":"","description":"Tam vaktinde haber","potentialAction":[{"@type":"SearchAction","target":{"@type":"EntryPoint","urlTemplate":"https:\/\/kibrisdakik.com\/?s={search_term_string}"},"query-input":{"@type":"PropertyValueSpecification","valueRequired":true,"valueName":"search_term_string"}}],"inLanguage":"tr"},{"@type":"Person","@id":"https:\/\/kibrisdakik.com\/#\/schema\/person\/9cd9d437bbb44f72b73ba127e06d8e79","name":"admin","image":{"@type":"ImageObject","inLanguage":"tr","@id":"https:\/\/secure.gravatar.com\/avatar\/ccc17943b9d660506c869530f897617f7cb1c21a4bf30023f252596d83e1f007?s=96&d=mm&r=g","url":"https:\/\/secure.gravatar.com\/avatar\/ccc17943b9d660506c869530f897617f7cb1c21a4bf30023f252596d83e1f007?s=96&d=mm&r=g","contentUrl":"https:\/\/secure.gravatar.com\/avatar\/ccc17943b9d660506c869530f897617f7cb1c21a4bf30023f252596d83e1f007?s=96&d=mm&r=g","caption":"admin"},"sameAs":["https:\/\/kibrisdakik.com"],"url":"https:\/\/kibrisdakik.com\/?author=1"}]}},"_links":{"self":[{"href":"https:\/\/kibrisdakik.com\/index.php?rest_route=\/wp\/v2\/posts\/87031","targetHints":{"allow":["GET"]}}],"collection":[{"href":"https:\/\/kibrisdakik.com\/index.php?rest_route=\/wp\/v2\/posts"}],"about":[{"href":"https:\/\/kibrisdakik.com\/index.php?rest_route=\/wp\/v2\/types\/post"}],"author":[{"embeddable":true,"href":"https:\/\/kibrisdakik.com\/index.php?rest_route=\/wp\/v2\/users\/1"}],"replies":[{"embeddable":true,"href":"https:\/\/kibrisdakik.com\/index.php?rest_route=%2Fwp%2Fv2%2Fcomments&post=87031"}],"version-history":[{"count":0,"href":"https:\/\/kibrisdakik.com\/index.php?rest_route=\/wp\/v2\/posts\/87031\/revisions"}],"wp:featuredmedia":[{"embeddable":true,"href":"https:\/\/kibrisdakik.com\/index.php?rest_route=\/wp\/v2\/media\/87032"}],"wp:attachment":[{"href":"https:\/\/kibrisdakik.com\/index.php?rest_route=%2Fwp%2Fv2%2Fmedia&parent=87031"}],"wp:term":[{"taxonomy":"category","embeddable":true,"href":"https:\/\/kibrisdakik.com\/index.php?rest_route=%2Fwp%2Fv2%2Fcategories&post=87031"},{"taxonomy":"post_tag","embeddable":true,"href":"https:\/\/kibrisdakik.com\/index.php?rest_route=%2Fwp%2Fv2%2Ftags&post=87031"}],"curies":[{"name":"wp","href":"https:\/\/api.w.org\/{rel}","templated":true}]}}