{"id":87053,"date":"2025-07-26T21:31:13","date_gmt":"2025-07-26T18:31:13","guid":{"rendered":"https:\/\/kibrisdakik.com\/index.php\/2025\/07\/26\/cumhurbasani-tatar-kurucu-cumhurbaskani-denktasla-ilgili-asilsiz-iddialarin-yer-aldigi-kitabi-sert-sekilde-elestirdi\/"},"modified":"2025-07-26T21:31:13","modified_gmt":"2025-07-26T18:31:13","slug":"cumhurbasani-tatar-kurucu-cumhurbaskani-denktasla-ilgili-asilsiz-iddialarin-yer-aldigi-kitabi-sert-sekilde-elestirdi","status":"publish","type":"post","link":"https:\/\/kibrisdakik.com\/?p=87053","title":{"rendered":"Cumhurba\u015fan\u0131 Tatar, Kurucu Cumhurba\u015fkan\u0131 Denkta\u015f\u2019la ilgili as\u0131ls\u0131z iddialar\u0131n yer ald\u0131\u011f\u0131 kitab\u0131 sert \u015fekilde ele\u015ftirdi"},"content":{"rendered":"<p> <br \/>\n<\/p>\n<div>\n<div class=\"mariselle-image-container center\">\n                                            <\/div>\n<p>Cumhurba\u015fkan\u0131 Ersin Tatar, Kurucu Cumhurba\u015fkan\u0131 Rauf Raif Denkta\u015f ile ilgili as\u0131ls\u0131z iddialar\u0131n yer ald\u0131\u011f\u0131 kitapla ilgili sert ifadelerde bulundu.<\/p>\n<p>\u201cDevletimiz Kuzey K\u0131br\u0131s T\u00fcrk Cumhuriyeti\u2019nin kurucu Cumhurba\u015fkan\u0131, K\u0131br\u0131s T\u00fcrk Halk\u0131n\u0131n y\u00fcz y\u0131l\u0131 a\u015fan varolu\u015f m\u00fccadelesinin simge ismi, b\u00fcy\u00fck devlet ve halk adam\u0131, merhum Rauf Raif Denkta\u015f\u2019a kabul edilemeyecek bir \u00fcslupla sald\u0131ran s\u00f6zde kitap hakk\u0131nda bir K\u0131br\u0131s T\u00fcrk\u00fc olarak a\u00e7\u0131klama yapma gere\u011fi duyuyorum\u201d diyen Tatar, \u201cTarihi ki\u015filikleri ele\u015ftirmek ba\u015fka bir \u015feydir, as\u0131ls\u0131z iddialarla hakaret etmek, sa\u00e7ma sapan d\u00fc\u015f\u00fcncelerle kin ve nefret kusmak ba\u015fka bir \u015fey. Merhum Kurucu Cumhurba\u015fkan\u0131m\u0131z\u0131n aziz hat\u0131ras\u0131 hakk\u0131nda b\u00f6yle bir \u00fcslup asla kabul edilemez\u201d ifdelerini kulland\u0131.<\/p>\n<p>Cumhurba\u015fkan\u0131 Ersin Tatar a\u00e7\u0131klamas\u0131n\u0131 \u015f\u00f6yle s\u00fcrd\u00fcrd\u00fc:<\/p>\n<p>\u201cBu kitap b\u00fcy\u00fck m\u00fccadelelere sahne olan K\u0131br\u0131s T\u00fcrk tarihine ve bizlere onurlu bir isim ve bir devlet b\u0131rakan, bug\u00fcn de yolunda y\u00fcr\u00fcmeye devam etti\u011fimiz Kurucu Cumhurba\u015fkan\u0131m\u0131z Rauf Raif Denkta\u015f\u2019\u0131n tarihi ki\u015fili\u011fine ve ailesine kar\u015f\u0131 da aleni hakarettir. Bu duruma sessiz kalmak ne bizlere ne de tarihimize yak\u0131\u015fmayaca\u011f\u0131 gibi bu a\u00e7\u0131k densizli\u011fin ifade \u00f6zg\u00fcrl\u00fc\u011f\u00fcyle, ele\u015ftiriyle de hi\u00e7 bir ilgisi olamaz. Bu kitaba kar\u015f\u0131 duydu\u011fum \u00f6fkeyi kelimelerle anlatabilmem m\u00fcmk\u00fcn de\u011fildir. Bu pespayeli\u011fin s\u00f6zde yazar\u0131n\u0131 \u015fiddetle k\u0131n\u0131yorum. Merhum Kurucu Cumhurba\u015fkan\u0131m\u0131z, K\u0131br\u0131s T\u00fcrk halk\u0131n\u0131n kahraman \u00f6nderi Rauf Raif Denkta\u015f\u2019\u0131n aziz hat\u0131ras\u0131 \u00f6n\u00fcnde bir kez daha sayg\u0131yla e\u011filiyorum. Ruhu \u015fad, mekan\u0131 cennet olsun.\u201d<\/p>\n<\/p><\/div>\n<p><script async\n                    defer\n                    crossorigin=\"anonymous\"\n                    src=\"https:\/\/connect.facebook.net\/tr_TR\/sdk.js#xfbml=1&#038;version=v3.3\"\n            ><\/script><br \/>\n<br \/><br \/>\n<br \/><a href=\"[kibrisdakik.com]\n<\/p>\n","protected":false},"excerpt":{"rendered":"<p>Cumhurba\u015fkan\u0131 Ersin Tatar, Kurucu Cumhurba\u015fkan\u0131 Rauf Raif Denkta\u015f ile ilgili as\u0131ls\u0131z iddialar\u0131n yer ald\u0131\u011f\u0131 kitapla ilgili sert ifadelerde bulundu. \u201cDevletimiz Kuzey K\u0131br\u0131s T\u00fcrk Cumhuriyeti\u2019nin kurucu Cumhurba\u015fkan\u0131, K\u0131br\u0131s T\u00fcrk Halk\u0131n\u0131n y\u00fcz y\u0131l\u0131 a\u015fan varolu\u015f m\u00fccadelesinin simge ismi, b\u00fcy\u00fck devlet ve halk adam\u0131, merhum Rauf Raif Denkta\u015f\u2019a kabul edilemeyecek bir \u00fcslupla sald\u0131ran s\u00f6zde kitap hakk\u0131nda bir K\u0131br\u0131s<\/p>\n","protected":false},"author":1,"featured_media":87054,"comment_status":"open","ping_status":"open","sticky":false,"template":"","format":"standard","meta":{"footnotes":""},"categories":[81,101],"tags":[],"class_list":["post-87053","post","type-post","status-publish","format-standard","has-post-thumbnail","hentry","category-kibris","category-manset"],"yoast_head":"<!-- This site is optimized with the Yoast SEO plugin v27.4 - https:\/\/yoast.com\/product\/yoast-seo-wordpress\/ -->\n<title>Cumhurba\u015fan\u0131 Tatar, Kurucu Cumhurba\u015fkan\u0131 Denkta\u015f\u2019la ilgili as\u0131ls\u0131z iddialar\u0131n yer ald\u0131\u011f\u0131 kitab\u0131 sert \u015fekilde ele\u015ftirdi -<\/title>\n<meta name=\"robots\" content=\"index, follow, max-snippet:-1, max-image-preview:large, max-video-preview:-1\" \/>\n<link rel=\"canonical\" href=\"https:\/\/kibrisdakik.com\/?p=87053\" \/>\n<meta property=\"og:locale\" content=\"tr_TR\" \/>\n<meta property=\"og:type\" content=\"article\" \/>\n<meta property=\"og:title\" content=\"Cumhurba\u015fan\u0131 Tatar, Kurucu Cumhurba\u015fkan\u0131 Denkta\u015f\u2019la ilgili as\u0131ls\u0131z iddialar\u0131n yer ald\u0131\u011f\u0131 kitab\u0131 sert \u015fekilde ele\u015ftirdi -\" \/>\n<meta property=\"og:description\" content=\"Cumhurba\u015fkan\u0131 Ersin Tatar, Kurucu Cumhurba\u015fkan\u0131 Rauf Raif Denkta\u015f ile ilgili as\u0131ls\u0131z iddialar\u0131n yer ald\u0131\u011f\u0131 kitapla ilgili sert ifadelerde bulundu. \u201cDevletimiz Kuzey K\u0131br\u0131s T\u00fcrk Cumhuriyeti\u2019nin kurucu Cumhurba\u015fkan\u0131, K\u0131br\u0131s T\u00fcrk Halk\u0131n\u0131n y\u00fcz y\u0131l\u0131 a\u015fan varolu\u015f m\u00fccadelesinin simge ismi, b\u00fcy\u00fck devlet ve halk adam\u0131, merhum Rauf Raif Denkta\u015f\u2019a kabul edilemeyecek bir \u00fcslupla sald\u0131ran s\u00f6zde kitap hakk\u0131nda bir K\u0131br\u0131s\" \/>\n<meta property=\"og:url\" content=\"https:\/\/kibrisdakik.com\/?p=87053\" \/>\n<meta property=\"article:published_time\" content=\"2025-07-26T18:31:13+00:00\" \/>\n<meta property=\"og:image\" content=\"https:\/\/kibrisdakik.com\/wp-content\/uploads\/2025\/07\/1753538955201tatar-denktas-3.png\" \/>\n\t<meta property=\"og:image:width\" content=\"338\" \/>\n\t<meta property=\"og:image:height\" content=\"382\" \/>\n\t<meta property=\"og:image:type\" content=\"image\/png\" \/>\n<meta name=\"author\" content=\"admin\" \/>\n<meta name=\"twitter:card\" content=\"summary_large_image\" \/>\n<meta name=\"twitter:label1\" content=\"Yazan:\" \/>\n\t<meta name=\"twitter:data1\" content=\"admin\" \/>\n\t<meta name=\"twitter:label2\" content=\"Tahmini okuma s\u00fcresi\" \/>\n\t<meta name=\"twitter:data2\" content=\"1 dakika\" \/>\n<script type=\"application\/ld+json\" class=\"yoast-schema-graph\">{\"@context\":\"https:\\\/\\\/schema.org\",\"@graph\":[{\"@type\":\"Article\",\"@id\":\"https:\\\/\\\/kibrisdakik.com\\\/?p=87053#article\",\"isPartOf\":{\"@id\":\"https:\\\/\\\/kibrisdakik.com\\\/?p=87053\"},\"author\":{\"name\":\"admin\",\"@id\":\"https:\\\/\\\/kibrisdakik.com\\\/#\\\/schema\\\/person\\\/9cd9d437bbb44f72b73ba127e06d8e79\"},\"headline\":\"Cumhurba\u015fan\u0131 Tatar, Kurucu Cumhurba\u015fkan\u0131 Denkta\u015f\u2019la ilgili as\u0131ls\u0131z iddialar\u0131n yer ald\u0131\u011f\u0131 kitab\u0131 sert \u015fekilde ele\u015ftirdi\",\"datePublished\":\"2025-07-26T18:31:13+00:00\",\"mainEntityOfPage\":{\"@id\":\"https:\\\/\\\/kibrisdakik.com\\\/?p=87053\"},\"wordCount\":319,\"commentCount\":0,\"image\":{\"@id\":\"https:\\\/\\\/kibrisdakik.com\\\/?p=87053#primaryimage\"},\"thumbnailUrl\":\"https:\\\/\\\/kibrisdakik.com\\\/wp-content\\\/uploads\\\/2025\\\/07\\\/1753538955201tatar-denktas-3.png\",\"articleSection\":[\"K\u0131br\u0131s\",\"Man\u015fet\"],\"inLanguage\":\"tr\",\"potentialAction\":[{\"@type\":\"CommentAction\",\"name\":\"Comment\",\"target\":[\"https:\\\/\\\/kibrisdakik.com\\\/?p=87053#respond\"]}]},{\"@type\":\"WebPage\",\"@id\":\"https:\\\/\\\/kibrisdakik.com\\\/?p=87053\",\"url\":\"https:\\\/\\\/kibrisdakik.com\\\/?p=87053\",\"name\":\"Cumhurba\u015fan\u0131 Tatar, Kurucu Cumhurba\u015fkan\u0131 Denkta\u015f\u2019la ilgili as\u0131ls\u0131z iddialar\u0131n yer ald\u0131\u011f\u0131 kitab\u0131 sert \u015fekilde ele\u015ftirdi -\",\"isPartOf\":{\"@id\":\"https:\\\/\\\/kibrisdakik.com\\\/#website\"},\"primaryImageOfPage\":{\"@id\":\"https:\\\/\\\/kibrisdakik.com\\\/?p=87053#primaryimage\"},\"image\":{\"@id\":\"https:\\\/\\\/kibrisdakik.com\\\/?p=87053#primaryimage\"},\"thumbnailUrl\":\"https:\\\/\\\/kibrisdakik.com\\\/wp-content\\\/uploads\\\/2025\\\/07\\\/1753538955201tatar-denktas-3.png\",\"datePublished\":\"2025-07-26T18:31:13+00:00\",\"author\":{\"@id\":\"https:\\\/\\\/kibrisdakik.com\\\/#\\\/schema\\\/person\\\/9cd9d437bbb44f72b73ba127e06d8e79\"},\"breadcrumb\":{\"@id\":\"https:\\\/\\\/kibrisdakik.com\\\/?p=87053#breadcrumb\"},\"inLanguage\":\"tr\",\"potentialAction\":[{\"@type\":\"ReadAction\",\"target\":[\"https:\\\/\\\/kibrisdakik.com\\\/?p=87053\"]}]},{\"@type\":\"ImageObject\",\"inLanguage\":\"tr\",\"@id\":\"https:\\\/\\\/kibrisdakik.com\\\/?p=87053#primaryimage\",\"url\":\"https:\\\/\\\/kibrisdakik.com\\\/wp-content\\\/uploads\\\/2025\\\/07\\\/1753538955201tatar-denktas-3.png\",\"contentUrl\":\"https:\\\/\\\/kibrisdakik.com\\\/wp-content\\\/uploads\\\/2025\\\/07\\\/1753538955201tatar-denktas-3.png\",\"width\":338,\"height\":382},{\"@type\":\"BreadcrumbList\",\"@id\":\"https:\\\/\\\/kibrisdakik.com\\\/?p=87053#breadcrumb\",\"itemListElement\":[{\"@type\":\"ListItem\",\"position\":1,\"name\":\"Home\",\"item\":\"https:\\\/\\\/kibrisdakik.com\\\/\"},{\"@type\":\"ListItem\",\"position\":2,\"name\":\"Cumhurba\u015fan\u0131 Tatar, Kurucu Cumhurba\u015fkan\u0131 Denkta\u015f\u2019la ilgili as\u0131ls\u0131z iddialar\u0131n yer ald\u0131\u011f\u0131 kitab\u0131 sert \u015fekilde ele\u015ftirdi\"}]},{\"@type\":\"WebSite\",\"@id\":\"https:\\\/\\\/kibrisdakik.com\\\/#website\",\"url\":\"https:\\\/\\\/kibrisdakik.com\\\/\",\"name\":\"\",\"description\":\"Tam vaktinde haber\",\"potentialAction\":[{\"@type\":\"SearchAction\",\"target\":{\"@type\":\"EntryPoint\",\"urlTemplate\":\"https:\\\/\\\/kibrisdakik.com\\\/?s={search_term_string}\"},\"query-input\":{\"@type\":\"PropertyValueSpecification\",\"valueRequired\":true,\"valueName\":\"search_term_string\"}}],\"inLanguage\":\"tr\"},{\"@type\":\"Person\",\"@id\":\"https:\\\/\\\/kibrisdakik.com\\\/#\\\/schema\\\/person\\\/9cd9d437bbb44f72b73ba127e06d8e79\",\"name\":\"admin\",\"image\":{\"@type\":\"ImageObject\",\"inLanguage\":\"tr\",\"@id\":\"https:\\\/\\\/secure.gravatar.com\\\/avatar\\\/ccc17943b9d660506c869530f897617f7cb1c21a4bf30023f252596d83e1f007?s=96&d=mm&r=g\",\"url\":\"https:\\\/\\\/secure.gravatar.com\\\/avatar\\\/ccc17943b9d660506c869530f897617f7cb1c21a4bf30023f252596d83e1f007?s=96&d=mm&r=g\",\"contentUrl\":\"https:\\\/\\\/secure.gravatar.com\\\/avatar\\\/ccc17943b9d660506c869530f897617f7cb1c21a4bf30023f252596d83e1f007?s=96&d=mm&r=g\",\"caption\":\"admin\"},\"sameAs\":[\"https:\\\/\\\/kibrisdakik.com\"],\"url\":\"https:\\\/\\\/kibrisdakik.com\\\/?author=1\"}]}<\/script>\n<!-- \/ Yoast SEO plugin. -->","yoast_head_json":{"title":"Cumhurba\u015fan\u0131 Tatar, Kurucu Cumhurba\u015fkan\u0131 Denkta\u015f\u2019la ilgili as\u0131ls\u0131z iddialar\u0131n yer ald\u0131\u011f\u0131 kitab\u0131 sert \u015fekilde ele\u015ftirdi -","robots":{"index":"index","follow":"follow","max-snippet":"max-snippet:-1","max-image-preview":"max-image-preview:large","max-video-preview":"max-video-preview:-1"},"canonical":"https:\/\/kibrisdakik.com\/?p=87053","og_locale":"tr_TR","og_type":"article","og_title":"Cumhurba\u015fan\u0131 Tatar, Kurucu Cumhurba\u015fkan\u0131 Denkta\u015f\u2019la ilgili as\u0131ls\u0131z iddialar\u0131n yer ald\u0131\u011f\u0131 kitab\u0131 sert \u015fekilde ele\u015ftirdi -","og_description":"Cumhurba\u015fkan\u0131 Ersin Tatar, Kurucu Cumhurba\u015fkan\u0131 Rauf Raif Denkta\u015f ile ilgili as\u0131ls\u0131z iddialar\u0131n yer ald\u0131\u011f\u0131 kitapla ilgili sert ifadelerde bulundu. \u201cDevletimiz Kuzey K\u0131br\u0131s T\u00fcrk Cumhuriyeti\u2019nin kurucu Cumhurba\u015fkan\u0131, K\u0131br\u0131s T\u00fcrk Halk\u0131n\u0131n y\u00fcz y\u0131l\u0131 a\u015fan varolu\u015f m\u00fccadelesinin simge ismi, b\u00fcy\u00fck devlet ve halk adam\u0131, merhum Rauf Raif Denkta\u015f\u2019a kabul edilemeyecek bir \u00fcslupla sald\u0131ran s\u00f6zde kitap hakk\u0131nda bir K\u0131br\u0131s","og_url":"https:\/\/kibrisdakik.com\/?p=87053","article_published_time":"2025-07-26T18:31:13+00:00","og_image":[{"width":338,"height":382,"url":"https:\/\/kibrisdakik.com\/wp-content\/uploads\/2025\/07\/1753538955201tatar-denktas-3.png","type":"image\/png"}],"author":"admin","twitter_card":"summary_large_image","twitter_misc":{"Yazan:":"admin","Tahmini okuma s\u00fcresi":"1 dakika"},"schema":{"@context":"https:\/\/schema.org","@graph":[{"@type":"Article","@id":"https:\/\/kibrisdakik.com\/?p=87053#article","isPartOf":{"@id":"https:\/\/kibrisdakik.com\/?p=87053"},"author":{"name":"admin","@id":"https:\/\/kibrisdakik.com\/#\/schema\/person\/9cd9d437bbb44f72b73ba127e06d8e79"},"headline":"Cumhurba\u015fan\u0131 Tatar, Kurucu Cumhurba\u015fkan\u0131 Denkta\u015f\u2019la ilgili as\u0131ls\u0131z iddialar\u0131n yer ald\u0131\u011f\u0131 kitab\u0131 sert \u015fekilde ele\u015ftirdi","datePublished":"2025-07-26T18:31:13+00:00","mainEntityOfPage":{"@id":"https:\/\/kibrisdakik.com\/?p=87053"},"wordCount":319,"commentCount":0,"image":{"@id":"https:\/\/kibrisdakik.com\/?p=87053#primaryimage"},"thumbnailUrl":"https:\/\/kibrisdakik.com\/wp-content\/uploads\/2025\/07\/1753538955201tatar-denktas-3.png","articleSection":["K\u0131br\u0131s","Man\u015fet"],"inLanguage":"tr","potentialAction":[{"@type":"CommentAction","name":"Comment","target":["https:\/\/kibrisdakik.com\/?p=87053#respond"]}]},{"@type":"WebPage","@id":"https:\/\/kibrisdakik.com\/?p=87053","url":"https:\/\/kibrisdakik.com\/?p=87053","name":"Cumhurba\u015fan\u0131 Tatar, Kurucu Cumhurba\u015fkan\u0131 Denkta\u015f\u2019la ilgili as\u0131ls\u0131z iddialar\u0131n yer ald\u0131\u011f\u0131 kitab\u0131 sert \u015fekilde ele\u015ftirdi -","isPartOf":{"@id":"https:\/\/kibrisdakik.com\/#website"},"primaryImageOfPage":{"@id":"https:\/\/kibrisdakik.com\/?p=87053#primaryimage"},"image":{"@id":"https:\/\/kibrisdakik.com\/?p=87053#primaryimage"},"thumbnailUrl":"https:\/\/kibrisdakik.com\/wp-content\/uploads\/2025\/07\/1753538955201tatar-denktas-3.png","datePublished":"2025-07-26T18:31:13+00:00","author":{"@id":"https:\/\/kibrisdakik.com\/#\/schema\/person\/9cd9d437bbb44f72b73ba127e06d8e79"},"breadcrumb":{"@id":"https:\/\/kibrisdakik.com\/?p=87053#breadcrumb"},"inLanguage":"tr","potentialAction":[{"@type":"ReadAction","target":["https:\/\/kibrisdakik.com\/?p=87053"]}]},{"@type":"ImageObject","inLanguage":"tr","@id":"https:\/\/kibrisdakik.com\/?p=87053#primaryimage","url":"https:\/\/kibrisdakik.com\/wp-content\/uploads\/2025\/07\/1753538955201tatar-denktas-3.png","contentUrl":"https:\/\/kibrisdakik.com\/wp-content\/uploads\/2025\/07\/1753538955201tatar-denktas-3.png","width":338,"height":382},{"@type":"BreadcrumbList","@id":"https:\/\/kibrisdakik.com\/?p=87053#breadcrumb","itemListElement":[{"@type":"ListItem","position":1,"name":"Home","item":"https:\/\/kibrisdakik.com\/"},{"@type":"ListItem","position":2,"name":"Cumhurba\u015fan\u0131 Tatar, Kurucu Cumhurba\u015fkan\u0131 Denkta\u015f\u2019la ilgili as\u0131ls\u0131z iddialar\u0131n yer ald\u0131\u011f\u0131 kitab\u0131 sert \u015fekilde ele\u015ftirdi"}]},{"@type":"WebSite","@id":"https:\/\/kibrisdakik.com\/#website","url":"https:\/\/kibrisdakik.com\/","name":"","description":"Tam vaktinde haber","potentialAction":[{"@type":"SearchAction","target":{"@type":"EntryPoint","urlTemplate":"https:\/\/kibrisdakik.com\/?s={search_term_string}"},"query-input":{"@type":"PropertyValueSpecification","valueRequired":true,"valueName":"search_term_string"}}],"inLanguage":"tr"},{"@type":"Person","@id":"https:\/\/kibrisdakik.com\/#\/schema\/person\/9cd9d437bbb44f72b73ba127e06d8e79","name":"admin","image":{"@type":"ImageObject","inLanguage":"tr","@id":"https:\/\/secure.gravatar.com\/avatar\/ccc17943b9d660506c869530f897617f7cb1c21a4bf30023f252596d83e1f007?s=96&d=mm&r=g","url":"https:\/\/secure.gravatar.com\/avatar\/ccc17943b9d660506c869530f897617f7cb1c21a4bf30023f252596d83e1f007?s=96&d=mm&r=g","contentUrl":"https:\/\/secure.gravatar.com\/avatar\/ccc17943b9d660506c869530f897617f7cb1c21a4bf30023f252596d83e1f007?s=96&d=mm&r=g","caption":"admin"},"sameAs":["https:\/\/kibrisdakik.com"],"url":"https:\/\/kibrisdakik.com\/?author=1"}]}},"_links":{"self":[{"href":"https:\/\/kibrisdakik.com\/index.php?rest_route=\/wp\/v2\/posts\/87053","targetHints":{"allow":["GET"]}}],"collection":[{"href":"https:\/\/kibrisdakik.com\/index.php?rest_route=\/wp\/v2\/posts"}],"about":[{"href":"https:\/\/kibrisdakik.com\/index.php?rest_route=\/wp\/v2\/types\/post"}],"author":[{"embeddable":true,"href":"https:\/\/kibrisdakik.com\/index.php?rest_route=\/wp\/v2\/users\/1"}],"replies":[{"embeddable":true,"href":"https:\/\/kibrisdakik.com\/index.php?rest_route=%2Fwp%2Fv2%2Fcomments&post=87053"}],"version-history":[{"count":0,"href":"https:\/\/kibrisdakik.com\/index.php?rest_route=\/wp\/v2\/posts\/87053\/revisions"}],"wp:featuredmedia":[{"embeddable":true,"href":"https:\/\/kibrisdakik.com\/index.php?rest_route=\/wp\/v2\/media\/87054"}],"wp:attachment":[{"href":"https:\/\/kibrisdakik.com\/index.php?rest_route=%2Fwp%2Fv2%2Fmedia&parent=87053"}],"wp:term":[{"taxonomy":"category","embeddable":true,"href":"https:\/\/kibrisdakik.com\/index.php?rest_route=%2Fwp%2Fv2%2Fcategories&post=87053"},{"taxonomy":"post_tag","embeddable":true,"href":"https:\/\/kibrisdakik.com\/index.php?rest_route=%2Fwp%2Fv2%2Ftags&post=87053"}],"curies":[{"name":"wp","href":"https:\/\/api.w.org\/{rel}","templated":true}]}}