{"id":87083,"date":"2025-07-27T20:59:02","date_gmt":"2025-07-27T17:59:02","guid":{"rendered":"https:\/\/kibrisdakik.com\/index.php\/2025\/07\/27\/cavusoglu-azerbaycanda-kktc-universiteleri-mezunlariyla-bulustu\/"},"modified":"2025-07-27T20:59:02","modified_gmt":"2025-07-27T17:59:02","slug":"cavusoglu-azerbaycanda-kktc-universiteleri-mezunlariyla-bulustu","status":"publish","type":"post","link":"https:\/\/kibrisdakik.com\/?p=87083","title":{"rendered":"\u00c7avu\u015fo\u011flu, Azerbaycan\u2019da KKTC \u00fcniversiteleri mezunlar\u0131yla bulu\u015ftu"},"content":{"rendered":"<p> <br \/>\n<\/p>\n<div>\n<div class=\"mariselle-image-container none\">\n                                            <\/div>\n<p style=\"font-weight: 300;\"><span style=\"font-weight: 300 !important;\">Milli E\u011fitim Bakan\u0131 Naz\u0131m \u00c7avu\u015fo\u011flu, Azerbaycan\u2019da \u00e7e\u015fitli g\u00f6revlerde bulunan KKTC \u00fcniversiteleri mezunlar\u0131yla bir araya geldi.<\/span><\/p>\n<p style=\"font-weight: 300;\"><span style=\"font-weight: 300 !important;\">Bakanl\u0131ktan yap\u0131lan yaz\u0131l\u0131 a\u00e7\u0131klamaya g\u00f6re \u00c7avu\u015fo\u011flu, Azerbaycan temaslar\u0131 kapsam\u0131nda, hukuk, mimarl\u0131k, i\u015fletme ve ekonomi gibi b\u00f6l\u00fcmlerden mezun olup Azerbaycan\u2019da \u00e7e\u015fitli g\u00f6revlerde bulunan Azerbaycanl\u0131 mezunlarla bulu\u015ftu. \u00c7avu\u015fo\u011flu, iki \u00fclke aras\u0131ndaki i\u015f birli\u011finin \u00f6nemine dikkat \u00e7ekti.<\/span><\/p>\n<p style=\"font-weight: 300;\"><span style=\"font-weight: 300 !important;\">\u00c7avu\u015fo\u011flu, KKTC ile Azerbaycan aras\u0131ndaki ili\u015fkilerin daha da g\u00fc\u00e7lendirilmesi gerekti\u011fini ve bu ba\u011flamda \u00f6zellikle e\u011fitim alan\u0131ndaki temaslar\u0131n art\u0131r\u0131laca\u011f\u0131n\u0131 s\u00f6yledi.<\/span><\/p>\n<p style=\"font-weight: 300;\"><span style=\"font-weight: 300 !important;\">T\u00fcrk dili ve edebiyat\u0131 mezunu oldu\u011funu s\u00f6yleyen \u00c7avu\u015fo\u011flu, ge\u00e7mi\u015fte Kiril alfabesini \u00f6\u011frenerek Azerbaycan edebiyat\u0131na ait baz\u0131 eserleri okudu\u011funu belirtti.<\/span><\/p>\n<p style=\"font-weight: 300;\"><span style=\"font-weight: 300 !important;\">\u00c7avu\u015fo\u011flu, KKTC\u2019den mezun olan \u00f6\u011frencilere hitaben yapt\u0131\u011f\u0131 konu\u015fmada, \u201cAzerbaycan\u2019da kendimi evimde gibi hissediyorum. Azerbaycanl\u0131 soyda\u015flar\u0131m\u0131z\u0131 kendimizden ayr\u0131 g\u00f6rm\u00fcyoruz. KKTC\u2019de dostluklar, arkada\u015fl\u0131klar edindiniz. Sizler de KKTC\u2019ye geldi\u011finiz zaman kendinizi evinizde gibi hissedeceksiniz. Bu ba\u011flar\u0131 g\u00fc\u00e7lendirmek i\u00e7in \u00e7al\u0131\u015fmaya devam edece\u011fiz.\u201d ifadelerini kulland\u0131.<\/span><\/p>\n<p style=\"font-weight: 300;\"><span style=\"font-weight: 300 !important;\">Azerbaycan Bilim ve E\u011fitim Bakanl\u0131\u011f\u0131 ile yap\u0131lan g\u00f6r\u00fc\u015fmeler kapsam\u0131nda, Azerbaycanl\u0131 \u00f6\u011frencilerin KKTC\u2019de e\u011fitim almas\u0131n\u0131n \u00f6n\u00fcn\u00fc a\u00e7mak ad\u0131na \u201c\u00f6nemli ad\u0131mlar\u201d at\u0131ld\u0131\u011f\u0131n\u0131 a\u00e7\u0131klayan \u00c7avu\u015fo\u011flu, \u201cDo\u011fu Akdeniz \u00dcniversitesi 25, Lefke Avrupa \u00dcniversitesi 25, KKTC Milli E\u011fitim Bakanl\u0131\u011f\u0131 olarak 20 Azerbaycanl\u0131 \u00f6\u011frenciye burs verece\u011fiz\u201d dedi.<\/span><\/p>\n<p style=\"font-weight: 300;\"><span style=\"font-weight: 300 !important;\">\u00c7avu\u015fo\u011flu, Azerbaycan Bilim ve E\u011fitim Bakanl\u0131\u011f\u0131\u2019n\u0131n da kendi de\u011ferlendirmesinin ard\u0131ndan burs katk\u0131s\u0131nda bulunmas\u0131yla, toplamda yakla\u015f\u0131k 100 Azerbaycanl\u0131 \u00f6\u011frencinin burslu olarak KKTC\u2019de e\u011fitim g\u00f6rmesinin planland\u0131\u011f\u0131n\u0131 belirtti.<\/span><\/p>\n<p style=\"font-weight: 300;\"><span style=\"font-weight: 300 !important;\">KKTC \u00fcniversitelerinin Azerbaycan\u2019da daha g\u00f6r\u00fcn\u00fcr hale gelmesi i\u00e7in tan\u0131t\u0131m ofisleri a\u00e7\u0131ld\u0131\u011f\u0131n\u0131 a\u00e7\u0131klayan \u00c7avu\u015fo\u011flu, yap\u0131lan bu \u00e7al\u0131\u015fmalarla iki \u00fclke gen\u00e7li\u011fi aras\u0131nda yak\u0131nla\u015fmay\u0131 art\u0131rmay\u0131 hedeflediklerini s\u00f6yledi.<\/span><\/p>\n<p style=\"font-weight: 300;\"><span style=\"font-weight: 300 !important;\">Azerbaycan\u2019da g\u00f6rev yapan ba\u015far\u0131l\u0131 mezunlarla gurur duydu\u011funu belirten \u00c7avu\u015fo\u011flu, \u201cBuraya geli\u015fimizin sebebi birlikteli\u011fimizi yeniden hat\u0131rlamak ve T\u00fcrk yurdunu, T\u00fcrk milletini birlikte y\u00fcceltmek i\u00e7in burada oldu\u011fumuzu s\u00f6ylemektir\u201d ifadelerini kulland\u0131.<\/span><\/p>\n<p style=\"font-weight: 300;\"><span style=\"font-weight: 300 !important;\">\u201cGelece\u011fi birlikte \u015fekillendirmek i\u00e7in yola devam ediyoruz\u201d diyen \u00c7avu\u015fo\u011flu, KKTC ile Azerbaycan aras\u0131ndaki karde\u015flik k\u00f6pr\u00fclerinin e\u011fitim alan\u0131nda daha da peki\u015ftirilece\u011fini kaydetti.<\/span><\/p>\n<p style=\"font-weight: 300;\"><span style=\"font-weight: 300 !important;\">Bakan \u00c7avu\u015fo\u011flu\u2019na temaslar\u0131nda KKTC Bak\u00fc Temsilcisi B\u00fcy\u00fckel\u00e7i Ufuk Turganer, Milli E\u011fitim Bakanl\u0131\u011f\u0131 Y\u00fcksek\u00f6\u011frenim ve D\u0131\u015f \u0130li\u015fkiler Dairesi M\u00fcd\u00fcr\u00fc Beh\u00e7et \u00c7elebi, Do\u011fu Akdeniz \u00dcniversitesi (DA\u00dc) Rekt\u00f6r\u00fc Prof. Dr. Hasan K\u0131l\u0131\u00e7 ve\u00a0 Lefke Avrupa \u00dcniversitesi (LA\u00dc) Rekt\u00f6r\u00fc Prof. Dr. Mehmet Ali Y\u00fckselen e\u015flik etti.<\/span><\/p>\n<p>TAK\/BRT<\/p>\n<\/p><\/div>\n<p><script async\n                    defer\n                    crossorigin=\"anonymous\"\n                    src=\"https:\/\/connect.facebook.net\/tr_TR\/sdk.js#xfbml=1&#038;version=v3.3\"\n            ><\/script><br \/>\n<br \/><br \/>\n<br \/><a href=\"[kibrisdakik.com]\n<\/p>\n","protected":false},"excerpt":{"rendered":"<p>Milli E\u011fitim Bakan\u0131 Naz\u0131m \u00c7avu\u015fo\u011flu, Azerbaycan\u2019da \u00e7e\u015fitli g\u00f6revlerde bulunan KKTC \u00fcniversiteleri mezunlar\u0131yla bir araya geldi. Bakanl\u0131ktan yap\u0131lan yaz\u0131l\u0131 a\u00e7\u0131klamaya g\u00f6re \u00c7avu\u015fo\u011flu, Azerbaycan temaslar\u0131 kapsam\u0131nda, hukuk, mimarl\u0131k, i\u015fletme ve ekonomi gibi b\u00f6l\u00fcmlerden mezun olup Azerbaycan\u2019da \u00e7e\u015fitli g\u00f6revlerde bulunan Azerbaycanl\u0131 mezunlarla bulu\u015ftu. \u00c7avu\u015fo\u011flu, iki \u00fclke aras\u0131ndaki i\u015f birli\u011finin \u00f6nemine dikkat \u00e7ekti. \u00c7avu\u015fo\u011flu, KKTC ile Azerbaycan aras\u0131ndaki ili\u015fkilerin<\/p>\n","protected":false},"author":1,"featured_media":87084,"comment_status":"open","ping_status":"open","sticky":false,"template":"","format":"standard","meta":{"footnotes":""},"categories":[81,101],"tags":[],"class_list":["post-87083","post","type-post","status-publish","format-standard","has-post-thumbnail","hentry","category-kibris","category-manset"],"yoast_head":"<!-- This site is optimized with the Yoast SEO plugin v27.4 - https:\/\/yoast.com\/product\/yoast-seo-wordpress\/ -->\n<title>\u00c7avu\u015fo\u011flu, Azerbaycan\u2019da KKTC \u00fcniversiteleri mezunlar\u0131yla bulu\u015ftu -<\/title>\n<meta name=\"robots\" content=\"index, follow, max-snippet:-1, max-image-preview:large, max-video-preview:-1\" \/>\n<link rel=\"canonical\" href=\"https:\/\/kibrisdakik.com\/?p=87083\" \/>\n<meta property=\"og:locale\" content=\"tr_TR\" \/>\n<meta property=\"og:type\" content=\"article\" \/>\n<meta property=\"og:title\" content=\"\u00c7avu\u015fo\u011flu, Azerbaycan\u2019da KKTC \u00fcniversiteleri mezunlar\u0131yla bulu\u015ftu -\" \/>\n<meta property=\"og:description\" content=\"Milli E\u011fitim Bakan\u0131 Naz\u0131m \u00c7avu\u015fo\u011flu, Azerbaycan\u2019da \u00e7e\u015fitli g\u00f6revlerde bulunan KKTC \u00fcniversiteleri mezunlar\u0131yla bir araya geldi. Bakanl\u0131ktan yap\u0131lan yaz\u0131l\u0131 a\u00e7\u0131klamaya g\u00f6re \u00c7avu\u015fo\u011flu, Azerbaycan temaslar\u0131 kapsam\u0131nda, hukuk, mimarl\u0131k, i\u015fletme ve ekonomi gibi b\u00f6l\u00fcmlerden mezun olup Azerbaycan\u2019da \u00e7e\u015fitli g\u00f6revlerde bulunan Azerbaycanl\u0131 mezunlarla bulu\u015ftu. \u00c7avu\u015fo\u011flu, iki \u00fclke aras\u0131ndaki i\u015f birli\u011finin \u00f6nemine dikkat \u00e7ekti. \u00c7avu\u015fo\u011flu, KKTC ile Azerbaycan aras\u0131ndaki ili\u015fkilerin\" \/>\n<meta property=\"og:url\" content=\"https:\/\/kibrisdakik.com\/?p=87083\" \/>\n<meta property=\"article:published_time\" content=\"2025-07-27T17:59:02+00:00\" \/>\n<meta property=\"og:image\" content=\"https:\/\/kibrisdakik.com\/wp-content\/uploads\/2025\/07\/1753604632109e-Egitim-Bakani-Azerbaycan-mezunlar-1-740x420.jpg\" \/>\n\t<meta property=\"og:image:width\" content=\"929\" \/>\n\t<meta property=\"og:image:height\" content=\"433\" \/>\n\t<meta property=\"og:image:type\" content=\"image\/jpeg\" \/>\n<meta name=\"author\" content=\"admin\" \/>\n<meta name=\"twitter:card\" content=\"summary_large_image\" \/>\n<meta name=\"twitter:label1\" content=\"Yazan:\" \/>\n\t<meta name=\"twitter:data1\" content=\"admin\" \/>\n\t<meta name=\"twitter:label2\" content=\"Tahmini okuma s\u00fcresi\" \/>\n\t<meta name=\"twitter:data2\" content=\"2 dakika\" \/>\n<script type=\"application\/ld+json\" class=\"yoast-schema-graph\">{\"@context\":\"https:\\\/\\\/schema.org\",\"@graph\":[{\"@type\":\"Article\",\"@id\":\"https:\\\/\\\/kibrisdakik.com\\\/?p=87083#article\",\"isPartOf\":{\"@id\":\"https:\\\/\\\/kibrisdakik.com\\\/?p=87083\"},\"author\":{\"name\":\"admin\",\"@id\":\"https:\\\/\\\/kibrisdakik.com\\\/#\\\/schema\\\/person\\\/9cd9d437bbb44f72b73ba127e06d8e79\"},\"headline\":\"\u00c7avu\u015fo\u011flu, Azerbaycan\u2019da KKTC \u00fcniversiteleri mezunlar\u0131yla bulu\u015ftu\",\"datePublished\":\"2025-07-27T17:59:02+00:00\",\"mainEntityOfPage\":{\"@id\":\"https:\\\/\\\/kibrisdakik.com\\\/?p=87083\"},\"wordCount\":495,\"commentCount\":0,\"image\":{\"@id\":\"https:\\\/\\\/kibrisdakik.com\\\/?p=87083#primaryimage\"},\"thumbnailUrl\":\"https:\\\/\\\/kibrisdakik.com\\\/wp-content\\\/uploads\\\/2025\\\/07\\\/1753604632109e-Egitim-Bakani-Azerbaycan-mezunlar-1-740x420.jpg\",\"articleSection\":[\"K\u0131br\u0131s\",\"Man\u015fet\"],\"inLanguage\":\"tr\",\"potentialAction\":[{\"@type\":\"CommentAction\",\"name\":\"Comment\",\"target\":[\"https:\\\/\\\/kibrisdakik.com\\\/?p=87083#respond\"]}]},{\"@type\":\"WebPage\",\"@id\":\"https:\\\/\\\/kibrisdakik.com\\\/?p=87083\",\"url\":\"https:\\\/\\\/kibrisdakik.com\\\/?p=87083\",\"name\":\"\u00c7avu\u015fo\u011flu, Azerbaycan\u2019da KKTC \u00fcniversiteleri mezunlar\u0131yla bulu\u015ftu -\",\"isPartOf\":{\"@id\":\"https:\\\/\\\/kibrisdakik.com\\\/#website\"},\"primaryImageOfPage\":{\"@id\":\"https:\\\/\\\/kibrisdakik.com\\\/?p=87083#primaryimage\"},\"image\":{\"@id\":\"https:\\\/\\\/kibrisdakik.com\\\/?p=87083#primaryimage\"},\"thumbnailUrl\":\"https:\\\/\\\/kibrisdakik.com\\\/wp-content\\\/uploads\\\/2025\\\/07\\\/1753604632109e-Egitim-Bakani-Azerbaycan-mezunlar-1-740x420.jpg\",\"datePublished\":\"2025-07-27T17:59:02+00:00\",\"author\":{\"@id\":\"https:\\\/\\\/kibrisdakik.com\\\/#\\\/schema\\\/person\\\/9cd9d437bbb44f72b73ba127e06d8e79\"},\"breadcrumb\":{\"@id\":\"https:\\\/\\\/kibrisdakik.com\\\/?p=87083#breadcrumb\"},\"inLanguage\":\"tr\",\"potentialAction\":[{\"@type\":\"ReadAction\",\"target\":[\"https:\\\/\\\/kibrisdakik.com\\\/?p=87083\"]}]},{\"@type\":\"ImageObject\",\"inLanguage\":\"tr\",\"@id\":\"https:\\\/\\\/kibrisdakik.com\\\/?p=87083#primaryimage\",\"url\":\"https:\\\/\\\/kibrisdakik.com\\\/wp-content\\\/uploads\\\/2025\\\/07\\\/1753604632109e-Egitim-Bakani-Azerbaycan-mezunlar-1-740x420.jpg\",\"contentUrl\":\"https:\\\/\\\/kibrisdakik.com\\\/wp-content\\\/uploads\\\/2025\\\/07\\\/1753604632109e-Egitim-Bakani-Azerbaycan-mezunlar-1-740x420.jpg\",\"width\":929,\"height\":433},{\"@type\":\"BreadcrumbList\",\"@id\":\"https:\\\/\\\/kibrisdakik.com\\\/?p=87083#breadcrumb\",\"itemListElement\":[{\"@type\":\"ListItem\",\"position\":1,\"name\":\"Home\",\"item\":\"https:\\\/\\\/kibrisdakik.com\\\/\"},{\"@type\":\"ListItem\",\"position\":2,\"name\":\"\u00c7avu\u015fo\u011flu, Azerbaycan\u2019da KKTC \u00fcniversiteleri mezunlar\u0131yla bulu\u015ftu\"}]},{\"@type\":\"WebSite\",\"@id\":\"https:\\\/\\\/kibrisdakik.com\\\/#website\",\"url\":\"https:\\\/\\\/kibrisdakik.com\\\/\",\"name\":\"\",\"description\":\"Tam vaktinde haber\",\"potentialAction\":[{\"@type\":\"SearchAction\",\"target\":{\"@type\":\"EntryPoint\",\"urlTemplate\":\"https:\\\/\\\/kibrisdakik.com\\\/?s={search_term_string}\"},\"query-input\":{\"@type\":\"PropertyValueSpecification\",\"valueRequired\":true,\"valueName\":\"search_term_string\"}}],\"inLanguage\":\"tr\"},{\"@type\":\"Person\",\"@id\":\"https:\\\/\\\/kibrisdakik.com\\\/#\\\/schema\\\/person\\\/9cd9d437bbb44f72b73ba127e06d8e79\",\"name\":\"admin\",\"image\":{\"@type\":\"ImageObject\",\"inLanguage\":\"tr\",\"@id\":\"https:\\\/\\\/secure.gravatar.com\\\/avatar\\\/ccc17943b9d660506c869530f897617f7cb1c21a4bf30023f252596d83e1f007?s=96&d=mm&r=g\",\"url\":\"https:\\\/\\\/secure.gravatar.com\\\/avatar\\\/ccc17943b9d660506c869530f897617f7cb1c21a4bf30023f252596d83e1f007?s=96&d=mm&r=g\",\"contentUrl\":\"https:\\\/\\\/secure.gravatar.com\\\/avatar\\\/ccc17943b9d660506c869530f897617f7cb1c21a4bf30023f252596d83e1f007?s=96&d=mm&r=g\",\"caption\":\"admin\"},\"sameAs\":[\"https:\\\/\\\/kibrisdakik.com\"],\"url\":\"https:\\\/\\\/kibrisdakik.com\\\/?author=1\"}]}<\/script>\n<!-- \/ Yoast SEO plugin. -->","yoast_head_json":{"title":"\u00c7avu\u015fo\u011flu, Azerbaycan\u2019da KKTC \u00fcniversiteleri mezunlar\u0131yla bulu\u015ftu -","robots":{"index":"index","follow":"follow","max-snippet":"max-snippet:-1","max-image-preview":"max-image-preview:large","max-video-preview":"max-video-preview:-1"},"canonical":"https:\/\/kibrisdakik.com\/?p=87083","og_locale":"tr_TR","og_type":"article","og_title":"\u00c7avu\u015fo\u011flu, Azerbaycan\u2019da KKTC \u00fcniversiteleri mezunlar\u0131yla bulu\u015ftu -","og_description":"Milli E\u011fitim Bakan\u0131 Naz\u0131m \u00c7avu\u015fo\u011flu, Azerbaycan\u2019da \u00e7e\u015fitli g\u00f6revlerde bulunan KKTC \u00fcniversiteleri mezunlar\u0131yla bir araya geldi. Bakanl\u0131ktan yap\u0131lan yaz\u0131l\u0131 a\u00e7\u0131klamaya g\u00f6re \u00c7avu\u015fo\u011flu, Azerbaycan temaslar\u0131 kapsam\u0131nda, hukuk, mimarl\u0131k, i\u015fletme ve ekonomi gibi b\u00f6l\u00fcmlerden mezun olup Azerbaycan\u2019da \u00e7e\u015fitli g\u00f6revlerde bulunan Azerbaycanl\u0131 mezunlarla bulu\u015ftu. \u00c7avu\u015fo\u011flu, iki \u00fclke aras\u0131ndaki i\u015f birli\u011finin \u00f6nemine dikkat \u00e7ekti. \u00c7avu\u015fo\u011flu, KKTC ile Azerbaycan aras\u0131ndaki ili\u015fkilerin","og_url":"https:\/\/kibrisdakik.com\/?p=87083","article_published_time":"2025-07-27T17:59:02+00:00","og_image":[{"width":929,"height":433,"url":"https:\/\/kibrisdakik.com\/wp-content\/uploads\/2025\/07\/1753604632109e-Egitim-Bakani-Azerbaycan-mezunlar-1-740x420.jpg","type":"image\/jpeg"}],"author":"admin","twitter_card":"summary_large_image","twitter_misc":{"Yazan:":"admin","Tahmini okuma s\u00fcresi":"2 dakika"},"schema":{"@context":"https:\/\/schema.org","@graph":[{"@type":"Article","@id":"https:\/\/kibrisdakik.com\/?p=87083#article","isPartOf":{"@id":"https:\/\/kibrisdakik.com\/?p=87083"},"author":{"name":"admin","@id":"https:\/\/kibrisdakik.com\/#\/schema\/person\/9cd9d437bbb44f72b73ba127e06d8e79"},"headline":"\u00c7avu\u015fo\u011flu, Azerbaycan\u2019da KKTC \u00fcniversiteleri mezunlar\u0131yla bulu\u015ftu","datePublished":"2025-07-27T17:59:02+00:00","mainEntityOfPage":{"@id":"https:\/\/kibrisdakik.com\/?p=87083"},"wordCount":495,"commentCount":0,"image":{"@id":"https:\/\/kibrisdakik.com\/?p=87083#primaryimage"},"thumbnailUrl":"https:\/\/kibrisdakik.com\/wp-content\/uploads\/2025\/07\/1753604632109e-Egitim-Bakani-Azerbaycan-mezunlar-1-740x420.jpg","articleSection":["K\u0131br\u0131s","Man\u015fet"],"inLanguage":"tr","potentialAction":[{"@type":"CommentAction","name":"Comment","target":["https:\/\/kibrisdakik.com\/?p=87083#respond"]}]},{"@type":"WebPage","@id":"https:\/\/kibrisdakik.com\/?p=87083","url":"https:\/\/kibrisdakik.com\/?p=87083","name":"\u00c7avu\u015fo\u011flu, Azerbaycan\u2019da KKTC \u00fcniversiteleri mezunlar\u0131yla bulu\u015ftu -","isPartOf":{"@id":"https:\/\/kibrisdakik.com\/#website"},"primaryImageOfPage":{"@id":"https:\/\/kibrisdakik.com\/?p=87083#primaryimage"},"image":{"@id":"https:\/\/kibrisdakik.com\/?p=87083#primaryimage"},"thumbnailUrl":"https:\/\/kibrisdakik.com\/wp-content\/uploads\/2025\/07\/1753604632109e-Egitim-Bakani-Azerbaycan-mezunlar-1-740x420.jpg","datePublished":"2025-07-27T17:59:02+00:00","author":{"@id":"https:\/\/kibrisdakik.com\/#\/schema\/person\/9cd9d437bbb44f72b73ba127e06d8e79"},"breadcrumb":{"@id":"https:\/\/kibrisdakik.com\/?p=87083#breadcrumb"},"inLanguage":"tr","potentialAction":[{"@type":"ReadAction","target":["https:\/\/kibrisdakik.com\/?p=87083"]}]},{"@type":"ImageObject","inLanguage":"tr","@id":"https:\/\/kibrisdakik.com\/?p=87083#primaryimage","url":"https:\/\/kibrisdakik.com\/wp-content\/uploads\/2025\/07\/1753604632109e-Egitim-Bakani-Azerbaycan-mezunlar-1-740x420.jpg","contentUrl":"https:\/\/kibrisdakik.com\/wp-content\/uploads\/2025\/07\/1753604632109e-Egitim-Bakani-Azerbaycan-mezunlar-1-740x420.jpg","width":929,"height":433},{"@type":"BreadcrumbList","@id":"https:\/\/kibrisdakik.com\/?p=87083#breadcrumb","itemListElement":[{"@type":"ListItem","position":1,"name":"Home","item":"https:\/\/kibrisdakik.com\/"},{"@type":"ListItem","position":2,"name":"\u00c7avu\u015fo\u011flu, Azerbaycan\u2019da KKTC \u00fcniversiteleri mezunlar\u0131yla bulu\u015ftu"}]},{"@type":"WebSite","@id":"https:\/\/kibrisdakik.com\/#website","url":"https:\/\/kibrisdakik.com\/","name":"","description":"Tam vaktinde haber","potentialAction":[{"@type":"SearchAction","target":{"@type":"EntryPoint","urlTemplate":"https:\/\/kibrisdakik.com\/?s={search_term_string}"},"query-input":{"@type":"PropertyValueSpecification","valueRequired":true,"valueName":"search_term_string"}}],"inLanguage":"tr"},{"@type":"Person","@id":"https:\/\/kibrisdakik.com\/#\/schema\/person\/9cd9d437bbb44f72b73ba127e06d8e79","name":"admin","image":{"@type":"ImageObject","inLanguage":"tr","@id":"https:\/\/secure.gravatar.com\/avatar\/ccc17943b9d660506c869530f897617f7cb1c21a4bf30023f252596d83e1f007?s=96&d=mm&r=g","url":"https:\/\/secure.gravatar.com\/avatar\/ccc17943b9d660506c869530f897617f7cb1c21a4bf30023f252596d83e1f007?s=96&d=mm&r=g","contentUrl":"https:\/\/secure.gravatar.com\/avatar\/ccc17943b9d660506c869530f897617f7cb1c21a4bf30023f252596d83e1f007?s=96&d=mm&r=g","caption":"admin"},"sameAs":["https:\/\/kibrisdakik.com"],"url":"https:\/\/kibrisdakik.com\/?author=1"}]}},"_links":{"self":[{"href":"https:\/\/kibrisdakik.com\/index.php?rest_route=\/wp\/v2\/posts\/87083","targetHints":{"allow":["GET"]}}],"collection":[{"href":"https:\/\/kibrisdakik.com\/index.php?rest_route=\/wp\/v2\/posts"}],"about":[{"href":"https:\/\/kibrisdakik.com\/index.php?rest_route=\/wp\/v2\/types\/post"}],"author":[{"embeddable":true,"href":"https:\/\/kibrisdakik.com\/index.php?rest_route=\/wp\/v2\/users\/1"}],"replies":[{"embeddable":true,"href":"https:\/\/kibrisdakik.com\/index.php?rest_route=%2Fwp%2Fv2%2Fcomments&post=87083"}],"version-history":[{"count":0,"href":"https:\/\/kibrisdakik.com\/index.php?rest_route=\/wp\/v2\/posts\/87083\/revisions"}],"wp:featuredmedia":[{"embeddable":true,"href":"https:\/\/kibrisdakik.com\/index.php?rest_route=\/wp\/v2\/media\/87084"}],"wp:attachment":[{"href":"https:\/\/kibrisdakik.com\/index.php?rest_route=%2Fwp%2Fv2%2Fmedia&parent=87083"}],"wp:term":[{"taxonomy":"category","embeddable":true,"href":"https:\/\/kibrisdakik.com\/index.php?rest_route=%2Fwp%2Fv2%2Fcategories&post=87083"},{"taxonomy":"post_tag","embeddable":true,"href":"https:\/\/kibrisdakik.com\/index.php?rest_route=%2Fwp%2Fv2%2Ftags&post=87083"}],"curies":[{"name":"wp","href":"https:\/\/api.w.org\/{rel}","templated":true}]}}