{"id":8709,"date":"2023-06-13T08:26:02","date_gmt":"2023-06-13T08:26:02","guid":{"rendered":"https:\/\/kibrisdakik.com\/index.php\/2023\/06\/13\/guvenlik-kuvvetleri-komutanligindan-yedek-subay-son-yoklama-duyurusu\/"},"modified":"2023-06-13T08:26:02","modified_gmt":"2023-06-13T08:26:02","slug":"guvenlik-kuvvetleri-komutanligindan-yedek-subay-son-yoklama-duyurusu","status":"publish","type":"post","link":"https:\/\/kibrisdakik.com\/?p=8709","title":{"rendered":"G\u00fcvenlik Kuvvetleri Komutanl\u0131\u011f\u0131\u2019ndan Yedek Subay son yoklama duyurusu"},"content":{"rendered":"<p><\/p>\n<div>\n<div class=\"mariselle-image-container center\">\n                <img width=\"768\" height=\"527\" class=\"lazy-image\" alt=\"\" decoding=\"async\" loading=\"lazy\" sizes=\"auto, (max-width: 768px) 100vw, 768px\" src=\"https:\/\/brtk.net\/wp-content\/uploads\/2023\/06\/13\/gkk-logo-1.jpg?ver=ea18dbdef6bee32f80f88d50929ba01a\" srcset=\"https:\/\/brtk.net\/wp-content\/uploads\/2023\/06\/13\/gkk-logo-1.jpg?ver=ea18dbdef6bee32f80f88d50929ba01a 768w, https:\/\/brtk.net\/wp-content\/uploads\/2023\/06\/13\/gkk-logo-1-300x206.jpg?ver=9562b02aaaa7612c05b04342427f8e3c 300w\"\/>                            <\/div>\n<p>De\u011fi\u015ftirilmi\u015f \u015fekli ile 59\/2000 say\u0131l\u0131 Askerlik Yasas\u0131 kapsam\u0131nda, 2023 y\u0131l\u0131 46. d\u00f6nem 3. devre Yedek Subay (Aste\u011fmen ve \u00c7avu\u015f) aday adayl\u0131\u011f\u0131na, 16 Haziran tarihine kadar m\u00fcracaat edenlerin son yoklamalar\u0131n\u0131n 20 Haziran\u2019da 08.30-16.00 saatleri aras\u0131nda lefko\u015fa\u2019daki G\u00fcvenlik Kuvvetleri ASAL ve Seferberlik \u015eube M\u00fcd\u00fcrl\u00fc\u011f\u00fcnde yap\u0131laca\u011f\u0131 bildirildi. <\/p>\n<p>Yedek Subay (Aste\u011fmen ve \u00c7avu\u015f) aday adaylar\u0131n\u0131n yoklama tarihinde, <a href=\"https:\/\/brtk.net\/\"\/><a href=\"https:\/\/brtk.net\/\"\/><a href=\"https:\/\/brtk.net\/\">KKTC<\/a> kimlik kart\u0131, <a href=\"https:\/\/brtk.net\/\"\/><a href=\"https:\/\/brtk.net\/\"\/><a href=\"https:\/\/brtk.net\/\">KKTC<\/a> do\u011fum kay\u0131t belgesi, \u00e7ift uyruklular i\u00e7in T.C kimlik kart\u0131n\u0131n asl\u0131, T.C vukuatl\u0131 n\u00fcfus kay\u0131t \u00f6rne\u011fi ve varsa <a href=\"https:\/\/brtk.net\/\"\/><a href=\"https:\/\/brtk.net\/\"\/><a href=\"https:\/\/brtk.net\/\">KKTC<\/a> yurtta\u015fl\u0131\u011fa Kabul belgesini yanlar\u0131nda bulundurmalar\u0131 gerekiyor. <\/p>\n<p>G\u00fcvenlik Kuvvetleri Komutanl\u0131\u011f\u0131\u2019ndan (GKK) yap\u0131lan a\u00e7\u0131klamaya g\u00f6re, ayr\u0131ca istenen belgeler, Polis Genel M\u00fcd\u00fcrl\u00fc\u011f\u00fc\u2019nden son iki ay i\u00e7erisinde al\u0131nm\u0131\u015f karakter belgesi, mezun oldu\u011fu okulun diplomas\u0131 veya ge\u00e7ici mezuniyet belgesinin <a href=\"https:\/\/brtk.net\/\"\/><a href=\"https:\/\/brtk.net\/\"\/><a href=\"https:\/\/brtk.net\/\">KKTC<\/a> Milli E\u011fitim Bakanl\u0131\u011f\u0131nca onayl\u0131 bir adet sureti, varsa s\u00fcr\u00fc\u015f ehliyeti, ikametg\u00e2h belgesi, kan grubunu g\u00f6steren belge, sa\u011fl\u0131k problemi olanlar\u0131n, rahats\u0131zl\u0131klar\u0131n\u0131 g\u00f6steren sa\u011fl\u0131k raporunun asl\u0131 ve sa\u011fl\u0131k raporu fotokopisi, varsa epikriz raporu olarak a\u00e7\u0131kland\u0131. <\/p>\n<p>A\u00e7\u0131klamada, radyo, televizyon ve bas\u0131n yolu ile yap\u0131lan duyurular\u0131n, y\u00fck\u00fcml\u00fclere yaz\u0131l\u0131 tebligat yap\u0131lm\u0131\u015f gibi kabul edilece\u011fi ve duyurulara ra\u011fmen Askerlik Yasas\u0131nda belirtilen me\u015fru bir mazereti olmaks\u0131z\u0131n duyuru yap\u0131lan tarih ve yerde haz\u0131r bulunmayanlar\u0131n yoklama ka\u00e7a\u011f\u0131 durumuna d\u00fc\u015feceklerinden haklar\u0131nda yasal i\u015flem yap\u0131laca\u011f\u0131 hat\u0131rlat\u0131ld\u0131. <\/p>\n<p>Y\u00fck\u00fcml\u00fcler bu duyuru metnine ve konuyla ilgili daha fazla bilgiye www.mucahit.gov.ct.tr internet adresinin ana sayfas\u0131ndan ula\u015fabiliyor.<\/p>\n<\/p><\/div>\n<p><script async\n                    defer\n                    crossorigin=\"anonymous\"\n                    src=\"https:\/\/connect.facebook.net\/tr_TR\/sdk.js#xfbml=1&#038;version=v3.3\"\n            ><\/script><\/p>\n","protected":false},"excerpt":{"rendered":"<p>De\u011fi\u015ftirilmi\u015f \u015fekli ile 59\/2000 say\u0131l\u0131 Askerlik Yasas\u0131 kapsam\u0131nda, 2023 y\u0131l\u0131 46. d\u00f6nem 3. devre Yedek Subay (Aste\u011fmen ve \u00c7avu\u015f) aday adayl\u0131\u011f\u0131na, 16 Haziran tarihine kadar m\u00fcracaat edenlerin son yoklamalar\u0131n\u0131n 20 Haziran\u2019da 08.30-16.00 saatleri aras\u0131nda lefko\u015fa\u2019daki G\u00fcvenlik Kuvvetleri ASAL ve Seferberlik \u015eube M\u00fcd\u00fcrl\u00fc\u011f\u00fcnde yap\u0131laca\u011f\u0131 bildirildi. Yedek Subay (Aste\u011fmen ve \u00c7avu\u015f) aday adaylar\u0131n\u0131n yoklama tarihinde, KKTC kimlik<\/p>\n","protected":false},"author":1,"featured_media":8710,"comment_status":"open","ping_status":"open","sticky":false,"template":"","format":"standard","meta":{"footnotes":""},"categories":[1],"tags":[],"class_list":["post-8709","post","type-post","status-publish","format-standard","has-post-thumbnail","hentry","category-gundem"],"yoast_head":"<!-- This site is optimized with the Yoast SEO plugin v27.4 - https:\/\/yoast.com\/product\/yoast-seo-wordpress\/ -->\n<title>G\u00fcvenlik Kuvvetleri Komutanl\u0131\u011f\u0131\u2019ndan Yedek Subay son yoklama duyurusu -<\/title>\n<meta name=\"robots\" content=\"index, follow, max-snippet:-1, max-image-preview:large, max-video-preview:-1\" \/>\n<link rel=\"canonical\" href=\"https:\/\/kibrisdakik.com\/?p=8709\" \/>\n<meta property=\"og:locale\" content=\"tr_TR\" \/>\n<meta property=\"og:type\" content=\"article\" \/>\n<meta property=\"og:title\" content=\"G\u00fcvenlik Kuvvetleri Komutanl\u0131\u011f\u0131\u2019ndan Yedek Subay son yoklama duyurusu -\" \/>\n<meta property=\"og:description\" content=\"De\u011fi\u015ftirilmi\u015f \u015fekli ile 59\/2000 say\u0131l\u0131 Askerlik Yasas\u0131 kapsam\u0131nda, 2023 y\u0131l\u0131 46. d\u00f6nem 3. devre Yedek Subay (Aste\u011fmen ve \u00c7avu\u015f) aday adayl\u0131\u011f\u0131na, 16 Haziran tarihine kadar m\u00fcracaat edenlerin son yoklamalar\u0131n\u0131n 20 Haziran\u2019da 08.30-16.00 saatleri aras\u0131nda lefko\u015fa\u2019daki G\u00fcvenlik Kuvvetleri ASAL ve Seferberlik \u015eube M\u00fcd\u00fcrl\u00fc\u011f\u00fcnde yap\u0131laca\u011f\u0131 bildirildi. Yedek Subay (Aste\u011fmen ve \u00c7avu\u015f) aday adaylar\u0131n\u0131n yoklama tarihinde, KKTC kimlik\" \/>\n<meta property=\"og:url\" content=\"https:\/\/kibrisdakik.com\/?p=8709\" \/>\n<meta property=\"article:published_time\" content=\"2023-06-13T08:26:02+00:00\" \/>\n<meta property=\"og:image\" content=\"https:\/\/kibrisdakik.com\/wp-content\/uploads\/2023\/06\/gkk-logo-1-740x420.jpg\" \/>\n\t<meta property=\"og:image:width\" content=\"768\" \/>\n\t<meta property=\"og:image:height\" content=\"527\" \/>\n\t<meta property=\"og:image:type\" content=\"image\/jpeg\" \/>\n<meta name=\"author\" content=\"admin\" \/>\n<meta name=\"twitter:card\" content=\"summary_large_image\" \/>\n<meta name=\"twitter:label1\" content=\"Yazan:\" \/>\n\t<meta name=\"twitter:data1\" content=\"admin\" \/>\n\t<meta name=\"twitter:label2\" content=\"Tahmini okuma s\u00fcresi\" \/>\n\t<meta name=\"twitter:data2\" content=\"1 dakika\" \/>\n<script type=\"application\/ld+json\" class=\"yoast-schema-graph\">{\"@context\":\"https:\\\/\\\/schema.org\",\"@graph\":[{\"@type\":\"Article\",\"@id\":\"https:\\\/\\\/kibrisdakik.com\\\/?p=8709#article\",\"isPartOf\":{\"@id\":\"https:\\\/\\\/kibrisdakik.com\\\/?p=8709\"},\"author\":{\"name\":\"admin\",\"@id\":\"https:\\\/\\\/kibrisdakik.com\\\/#\\\/schema\\\/person\\\/9cd9d437bbb44f72b73ba127e06d8e79\"},\"headline\":\"G\u00fcvenlik Kuvvetleri Komutanl\u0131\u011f\u0131\u2019ndan Yedek Subay son yoklama duyurusu\",\"datePublished\":\"2023-06-13T08:26:02+00:00\",\"mainEntityOfPage\":{\"@id\":\"https:\\\/\\\/kibrisdakik.com\\\/?p=8709\"},\"wordCount\":305,\"commentCount\":0,\"image\":{\"@id\":\"https:\\\/\\\/kibrisdakik.com\\\/?p=8709#primaryimage\"},\"thumbnailUrl\":\"https:\\\/\\\/kibrisdakik.com\\\/wp-content\\\/uploads\\\/2023\\\/06\\\/gkk-logo-1-740x420.jpg\",\"articleSection\":[\"G\u00fcndem\"],\"inLanguage\":\"tr\",\"potentialAction\":[{\"@type\":\"CommentAction\",\"name\":\"Comment\",\"target\":[\"https:\\\/\\\/kibrisdakik.com\\\/?p=8709#respond\"]}]},{\"@type\":\"WebPage\",\"@id\":\"https:\\\/\\\/kibrisdakik.com\\\/?p=8709\",\"url\":\"https:\\\/\\\/kibrisdakik.com\\\/?p=8709\",\"name\":\"G\u00fcvenlik Kuvvetleri Komutanl\u0131\u011f\u0131\u2019ndan Yedek Subay son yoklama duyurusu -\",\"isPartOf\":{\"@id\":\"https:\\\/\\\/kibrisdakik.com\\\/#website\"},\"primaryImageOfPage\":{\"@id\":\"https:\\\/\\\/kibrisdakik.com\\\/?p=8709#primaryimage\"},\"image\":{\"@id\":\"https:\\\/\\\/kibrisdakik.com\\\/?p=8709#primaryimage\"},\"thumbnailUrl\":\"https:\\\/\\\/kibrisdakik.com\\\/wp-content\\\/uploads\\\/2023\\\/06\\\/gkk-logo-1-740x420.jpg\",\"datePublished\":\"2023-06-13T08:26:02+00:00\",\"author\":{\"@id\":\"https:\\\/\\\/kibrisdakik.com\\\/#\\\/schema\\\/person\\\/9cd9d437bbb44f72b73ba127e06d8e79\"},\"breadcrumb\":{\"@id\":\"https:\\\/\\\/kibrisdakik.com\\\/?p=8709#breadcrumb\"},\"inLanguage\":\"tr\",\"potentialAction\":[{\"@type\":\"ReadAction\",\"target\":[\"https:\\\/\\\/kibrisdakik.com\\\/?p=8709\"]}]},{\"@type\":\"ImageObject\",\"inLanguage\":\"tr\",\"@id\":\"https:\\\/\\\/kibrisdakik.com\\\/?p=8709#primaryimage\",\"url\":\"https:\\\/\\\/kibrisdakik.com\\\/wp-content\\\/uploads\\\/2023\\\/06\\\/gkk-logo-1-740x420.jpg\",\"contentUrl\":\"https:\\\/\\\/kibrisdakik.com\\\/wp-content\\\/uploads\\\/2023\\\/06\\\/gkk-logo-1-740x420.jpg\",\"width\":768,\"height\":527},{\"@type\":\"BreadcrumbList\",\"@id\":\"https:\\\/\\\/kibrisdakik.com\\\/?p=8709#breadcrumb\",\"itemListElement\":[{\"@type\":\"ListItem\",\"position\":1,\"name\":\"Home\",\"item\":\"https:\\\/\\\/kibrisdakik.com\\\/\"},{\"@type\":\"ListItem\",\"position\":2,\"name\":\"G\u00fcvenlik Kuvvetleri Komutanl\u0131\u011f\u0131\u2019ndan Yedek Subay son yoklama duyurusu\"}]},{\"@type\":\"WebSite\",\"@id\":\"https:\\\/\\\/kibrisdakik.com\\\/#website\",\"url\":\"https:\\\/\\\/kibrisdakik.com\\\/\",\"name\":\"\",\"description\":\"Tam vaktinde haber\",\"potentialAction\":[{\"@type\":\"SearchAction\",\"target\":{\"@type\":\"EntryPoint\",\"urlTemplate\":\"https:\\\/\\\/kibrisdakik.com\\\/?s={search_term_string}\"},\"query-input\":{\"@type\":\"PropertyValueSpecification\",\"valueRequired\":true,\"valueName\":\"search_term_string\"}}],\"inLanguage\":\"tr\"},{\"@type\":\"Person\",\"@id\":\"https:\\\/\\\/kibrisdakik.com\\\/#\\\/schema\\\/person\\\/9cd9d437bbb44f72b73ba127e06d8e79\",\"name\":\"admin\",\"image\":{\"@type\":\"ImageObject\",\"inLanguage\":\"tr\",\"@id\":\"https:\\\/\\\/secure.gravatar.com\\\/avatar\\\/ccc17943b9d660506c869530f897617f7cb1c21a4bf30023f252596d83e1f007?s=96&d=mm&r=g\",\"url\":\"https:\\\/\\\/secure.gravatar.com\\\/avatar\\\/ccc17943b9d660506c869530f897617f7cb1c21a4bf30023f252596d83e1f007?s=96&d=mm&r=g\",\"contentUrl\":\"https:\\\/\\\/secure.gravatar.com\\\/avatar\\\/ccc17943b9d660506c869530f897617f7cb1c21a4bf30023f252596d83e1f007?s=96&d=mm&r=g\",\"caption\":\"admin\"},\"sameAs\":[\"https:\\\/\\\/kibrisdakik.com\"],\"url\":\"https:\\\/\\\/kibrisdakik.com\\\/?author=1\"}]}<\/script>\n<!-- \/ Yoast SEO plugin. -->","yoast_head_json":{"title":"G\u00fcvenlik Kuvvetleri Komutanl\u0131\u011f\u0131\u2019ndan Yedek Subay son yoklama duyurusu -","robots":{"index":"index","follow":"follow","max-snippet":"max-snippet:-1","max-image-preview":"max-image-preview:large","max-video-preview":"max-video-preview:-1"},"canonical":"https:\/\/kibrisdakik.com\/?p=8709","og_locale":"tr_TR","og_type":"article","og_title":"G\u00fcvenlik Kuvvetleri Komutanl\u0131\u011f\u0131\u2019ndan Yedek Subay son yoklama duyurusu -","og_description":"De\u011fi\u015ftirilmi\u015f \u015fekli ile 59\/2000 say\u0131l\u0131 Askerlik Yasas\u0131 kapsam\u0131nda, 2023 y\u0131l\u0131 46. d\u00f6nem 3. devre Yedek Subay (Aste\u011fmen ve \u00c7avu\u015f) aday adayl\u0131\u011f\u0131na, 16 Haziran tarihine kadar m\u00fcracaat edenlerin son yoklamalar\u0131n\u0131n 20 Haziran\u2019da 08.30-16.00 saatleri aras\u0131nda lefko\u015fa\u2019daki G\u00fcvenlik Kuvvetleri ASAL ve Seferberlik \u015eube M\u00fcd\u00fcrl\u00fc\u011f\u00fcnde yap\u0131laca\u011f\u0131 bildirildi. Yedek Subay (Aste\u011fmen ve \u00c7avu\u015f) aday adaylar\u0131n\u0131n yoklama tarihinde, KKTC kimlik","og_url":"https:\/\/kibrisdakik.com\/?p=8709","article_published_time":"2023-06-13T08:26:02+00:00","og_image":[{"width":768,"height":527,"url":"https:\/\/kibrisdakik.com\/wp-content\/uploads\/2023\/06\/gkk-logo-1-740x420.jpg","type":"image\/jpeg"}],"author":"admin","twitter_card":"summary_large_image","twitter_misc":{"Yazan:":"admin","Tahmini okuma s\u00fcresi":"1 dakika"},"schema":{"@context":"https:\/\/schema.org","@graph":[{"@type":"Article","@id":"https:\/\/kibrisdakik.com\/?p=8709#article","isPartOf":{"@id":"https:\/\/kibrisdakik.com\/?p=8709"},"author":{"name":"admin","@id":"https:\/\/kibrisdakik.com\/#\/schema\/person\/9cd9d437bbb44f72b73ba127e06d8e79"},"headline":"G\u00fcvenlik Kuvvetleri Komutanl\u0131\u011f\u0131\u2019ndan Yedek Subay son yoklama duyurusu","datePublished":"2023-06-13T08:26:02+00:00","mainEntityOfPage":{"@id":"https:\/\/kibrisdakik.com\/?p=8709"},"wordCount":305,"commentCount":0,"image":{"@id":"https:\/\/kibrisdakik.com\/?p=8709#primaryimage"},"thumbnailUrl":"https:\/\/kibrisdakik.com\/wp-content\/uploads\/2023\/06\/gkk-logo-1-740x420.jpg","articleSection":["G\u00fcndem"],"inLanguage":"tr","potentialAction":[{"@type":"CommentAction","name":"Comment","target":["https:\/\/kibrisdakik.com\/?p=8709#respond"]}]},{"@type":"WebPage","@id":"https:\/\/kibrisdakik.com\/?p=8709","url":"https:\/\/kibrisdakik.com\/?p=8709","name":"G\u00fcvenlik Kuvvetleri Komutanl\u0131\u011f\u0131\u2019ndan Yedek Subay son yoklama duyurusu -","isPartOf":{"@id":"https:\/\/kibrisdakik.com\/#website"},"primaryImageOfPage":{"@id":"https:\/\/kibrisdakik.com\/?p=8709#primaryimage"},"image":{"@id":"https:\/\/kibrisdakik.com\/?p=8709#primaryimage"},"thumbnailUrl":"https:\/\/kibrisdakik.com\/wp-content\/uploads\/2023\/06\/gkk-logo-1-740x420.jpg","datePublished":"2023-06-13T08:26:02+00:00","author":{"@id":"https:\/\/kibrisdakik.com\/#\/schema\/person\/9cd9d437bbb44f72b73ba127e06d8e79"},"breadcrumb":{"@id":"https:\/\/kibrisdakik.com\/?p=8709#breadcrumb"},"inLanguage":"tr","potentialAction":[{"@type":"ReadAction","target":["https:\/\/kibrisdakik.com\/?p=8709"]}]},{"@type":"ImageObject","inLanguage":"tr","@id":"https:\/\/kibrisdakik.com\/?p=8709#primaryimage","url":"https:\/\/kibrisdakik.com\/wp-content\/uploads\/2023\/06\/gkk-logo-1-740x420.jpg","contentUrl":"https:\/\/kibrisdakik.com\/wp-content\/uploads\/2023\/06\/gkk-logo-1-740x420.jpg","width":768,"height":527},{"@type":"BreadcrumbList","@id":"https:\/\/kibrisdakik.com\/?p=8709#breadcrumb","itemListElement":[{"@type":"ListItem","position":1,"name":"Home","item":"https:\/\/kibrisdakik.com\/"},{"@type":"ListItem","position":2,"name":"G\u00fcvenlik Kuvvetleri Komutanl\u0131\u011f\u0131\u2019ndan Yedek Subay son yoklama duyurusu"}]},{"@type":"WebSite","@id":"https:\/\/kibrisdakik.com\/#website","url":"https:\/\/kibrisdakik.com\/","name":"","description":"Tam vaktinde haber","potentialAction":[{"@type":"SearchAction","target":{"@type":"EntryPoint","urlTemplate":"https:\/\/kibrisdakik.com\/?s={search_term_string}"},"query-input":{"@type":"PropertyValueSpecification","valueRequired":true,"valueName":"search_term_string"}}],"inLanguage":"tr"},{"@type":"Person","@id":"https:\/\/kibrisdakik.com\/#\/schema\/person\/9cd9d437bbb44f72b73ba127e06d8e79","name":"admin","image":{"@type":"ImageObject","inLanguage":"tr","@id":"https:\/\/secure.gravatar.com\/avatar\/ccc17943b9d660506c869530f897617f7cb1c21a4bf30023f252596d83e1f007?s=96&d=mm&r=g","url":"https:\/\/secure.gravatar.com\/avatar\/ccc17943b9d660506c869530f897617f7cb1c21a4bf30023f252596d83e1f007?s=96&d=mm&r=g","contentUrl":"https:\/\/secure.gravatar.com\/avatar\/ccc17943b9d660506c869530f897617f7cb1c21a4bf30023f252596d83e1f007?s=96&d=mm&r=g","caption":"admin"},"sameAs":["https:\/\/kibrisdakik.com"],"url":"https:\/\/kibrisdakik.com\/?author=1"}]}},"_links":{"self":[{"href":"https:\/\/kibrisdakik.com\/index.php?rest_route=\/wp\/v2\/posts\/8709","targetHints":{"allow":["GET"]}}],"collection":[{"href":"https:\/\/kibrisdakik.com\/index.php?rest_route=\/wp\/v2\/posts"}],"about":[{"href":"https:\/\/kibrisdakik.com\/index.php?rest_route=\/wp\/v2\/types\/post"}],"author":[{"embeddable":true,"href":"https:\/\/kibrisdakik.com\/index.php?rest_route=\/wp\/v2\/users\/1"}],"replies":[{"embeddable":true,"href":"https:\/\/kibrisdakik.com\/index.php?rest_route=%2Fwp%2Fv2%2Fcomments&post=8709"}],"version-history":[{"count":0,"href":"https:\/\/kibrisdakik.com\/index.php?rest_route=\/wp\/v2\/posts\/8709\/revisions"}],"wp:featuredmedia":[{"embeddable":true,"href":"https:\/\/kibrisdakik.com\/index.php?rest_route=\/wp\/v2\/media\/8710"}],"wp:attachment":[{"href":"https:\/\/kibrisdakik.com\/index.php?rest_route=%2Fwp%2Fv2%2Fmedia&parent=8709"}],"wp:term":[{"taxonomy":"category","embeddable":true,"href":"https:\/\/kibrisdakik.com\/index.php?rest_route=%2Fwp%2Fv2%2Fcategories&post=8709"},{"taxonomy":"post_tag","embeddable":true,"href":"https:\/\/kibrisdakik.com\/index.php?rest_route=%2Fwp%2Fv2%2Ftags&post=8709"}],"curies":[{"name":"wp","href":"https:\/\/api.w.org\/{rel}","templated":true}]}}