{"id":87150,"date":"2025-07-29T11:55:03","date_gmt":"2025-07-29T08:55:03","guid":{"rendered":"https:\/\/kibrisdakik.com\/index.php\/2025\/07\/29\/ktmmob-baskani-aysal-espa-heyetini-kabul-etti\/"},"modified":"2025-07-29T11:55:03","modified_gmt":"2025-07-29T08:55:03","slug":"ktmmob-baskani-aysal-espa-heyetini-kabul-etti","status":"publish","type":"post","link":"https:\/\/kibrisdakik.com\/?p=87150","title":{"rendered":"KTMMOB Ba\u015fkan\u0131 Aysal, ESPA heyetini kabul etti"},"content":{"rendered":"<p> <br \/>\n<\/p>\n<div>\n<div class=\"mariselle-image-container none\">\n                                            <\/div>\n<p>K\u0131br\u0131s T\u00fcrk M\u00fchendis ve Mimar Odalar\u0131 Birli\u011fi (KTMMOB) Ba\u015fkan\u0131 Seran Aysal, Mete Boyac\u0131 ba\u015fkanl\u0131\u011f\u0131ndaki Ekonomi ve Sosyal Politikalar Ara\u015ft\u0131rma Merkezi (ESPA) heyetini kabul etti.<\/p>\n<p>Birlikten yap\u0131lan a\u00e7\u0131klamaya g\u00f6re toplant\u0131ya, KTMMOB\u2019den Genel Sayman Nevter Zafer C\u00f6mert ve Y\u00f6netim Kurulu Faal \u00dcyeleri Celal Devrim \u00d6nen ile G\u00f6rkem \u00c7elik, ESPA\u2019dan Y\u00f6netim Kurulu \u00dcyeleri Adem Kaan Kaner ve Candan Avunduk, Denetleme Kurulu \u00dcyesi Mehmet Saydam, Genel Direkt\u00f6r Serta\u00e7 Sonan ve Ara\u015ft\u0131rmac\u0131 Ebru K\u00fc\u00e7\u00fck\u015fener kat\u0131ld\u0131.<\/p>\n<p>-Aysal: \u201cBu hareketin hedeflerini \u00f6nemsiyor ve de\u011ferli buluyoruz\u201d<\/p>\n<p>KTMMOB Seran Aysal konu\u015fmas\u0131nda, KTMMOB\u2019nin b\u00fcnyesinde farkl\u0131 mesleklerden 15 oday\u0131 bar\u0131nd\u0131rd\u0131\u011f\u0131n\u0131 belirtti.<\/p>\n<p>\u00d6rg\u00fctl\u00fc m\u00fccadeleye inand\u0131klar\u0131n\u0131 kaydeden Aysal, ilkeleri do\u011fru zemine oturtup, \u00f6rg\u00fctl\u00fc olarak gerekli m\u00fccadelelerin verilmesi ile \u00fclkedeki sorunlar\u0131n \u00e7\u00f6z\u00fclmesinde ba\u015far\u0131 sa\u011flanaca\u011f\u0131n\u0131 d\u00fc\u015f\u00fcnd\u00fcklerini ifade etti.<\/p>\n<p>\u201cKendi alanlar\u0131n\u0131zda ve i\u015flerinizde ba\u015far\u0131l\u0131 olmu\u015f ki\u015filersiniz, bu bilgi birikiminin topluma yans\u0131mas\u0131 veya toplumla payla\u015f\u0131lmas\u0131 son derece de\u011ferlidir\u201d diyen Aysal, \u015f\u00f6yle konu\u015ftu:<\/p>\n<p>\u201cBu hareketin hedefini ve yarataca\u011f\u0131 durumu \u00f6nemsiyoruz ve de\u011ferli buluyoruz. Ba\u015far\u0131l\u0131 olmas\u0131n\u0131 diliyoruz. \u00d6tekile\u015ftirilerek ve ileti\u015fimden uzak durularak, verilen m\u00fccadelelerde al\u0131nan sonu\u00e7lar g\u00fc\u00e7 birli\u011fine ihtiya\u00e7 olundu\u011funu herkese hissettirdi.\u201d<\/p>\n<p>\u00dclkede uzun bir s\u00fcredir \u201cb\u00f6l y\u00f6net\u201d ve \u201c\u00f6tekile\u015ftirme\u201d nedeniyle toplumun bir araya gelmesinin \u00f6n\u00fcne ge\u00e7ildi\u011fini savunan Aysal, \u201cToplum olarak dibin dibine do\u011fru olan yolculu\u011fumuz kesintisiz devam ediyor. Umar\u0131m ki bu ve benzeri giri\u015fimlerde do\u011fru ilkelerle en geni\u015f fikir birli\u011fi olu\u015fturulur ve K\u0131br\u0131s T\u00fcrk toplumunun bu topraklara tutunmas\u0131n\u0131 sa\u011flamak i\u00e7in m\u00fccadele zemini olu\u015fur\u201d dedi.<\/p>\n<p>Liyakat konusunun kamudaki ana sorunlar\u0131ndan biri oldu\u011funu ifade eden Aysal, m\u00fclkiyet, e\u011fitim gibi toplum genelinin \u00fczerinde uzla\u015f\u0131 sa\u011flayaca\u011f\u0131 konularla ba\u015flay\u0131p, somut giri\u015fimlerle k\u00f6t\u00fc gidi\u015fe dur denilebilece\u011fine inan\u00e7 belirtti. Seran Aysal, radikal kararlara ve her konuda toplumsal kararl\u0131l\u0131\u011fa ihtiya\u00e7 oldu\u011funu kaydetti.<\/p>\n<p>-Boyac\u0131<\/p>\n<p>ESPA Ba\u015fkan\u0131 Mete Boyac\u0131 da, \u00e7al\u0131\u015fmalar\u0131yla ilgili bilgi vererek, \u00fclkedeki sorunlar\u0131n \u00e7\u00f6z\u00fcm\u00fc i\u00e7in ne yap\u0131labilece\u011fi konusunda ortak bir zemin olu\u015fturmak hedefinde olduklar\u0131n\u0131 belirtti.<\/p>\n<\/p><\/div>\n<p><script async\n                    defer\n                    crossorigin=\"anonymous\"\n                    src=\"https:\/\/connect.facebook.net\/tr_TR\/sdk.js#xfbml=1&#038;version=v3.3\"\n            ><\/script><br \/>\n<br \/><br \/>\n<br \/><a href=\"[kibrisdakik.com]\n<\/p>\n","protected":false},"excerpt":{"rendered":"<p>K\u0131br\u0131s T\u00fcrk M\u00fchendis ve Mimar Odalar\u0131 Birli\u011fi (KTMMOB) Ba\u015fkan\u0131 Seran Aysal, Mete Boyac\u0131 ba\u015fkanl\u0131\u011f\u0131ndaki Ekonomi ve Sosyal Politikalar Ara\u015ft\u0131rma Merkezi (ESPA) heyetini kabul etti. Birlikten yap\u0131lan a\u00e7\u0131klamaya g\u00f6re toplant\u0131ya, KTMMOB\u2019den Genel Sayman Nevter Zafer C\u00f6mert ve Y\u00f6netim Kurulu Faal \u00dcyeleri Celal Devrim \u00d6nen ile G\u00f6rkem \u00c7elik, ESPA\u2019dan Y\u00f6netim Kurulu \u00dcyeleri Adem Kaan Kaner ve Candan<\/p>\n","protected":false},"author":1,"featured_media":87151,"comment_status":"open","ping_status":"open","sticky":false,"template":"","format":"standard","meta":{"footnotes":""},"categories":[81,101],"tags":[],"class_list":["post-87150","post","type-post","status-publish","format-standard","has-post-thumbnail","hentry","category-kibris","category-manset"],"yoast_head":"<!-- This site is optimized with the Yoast SEO plugin v27.5 - https:\/\/yoast.com\/product\/yoast-seo-wordpress\/ -->\n<title>KTMMOB Ba\u015fkan\u0131 Aysal, ESPA heyetini kabul etti -<\/title>\n<meta name=\"robots\" content=\"index, follow, max-snippet:-1, max-image-preview:large, max-video-preview:-1\" \/>\n<link rel=\"canonical\" href=\"https:\/\/kibrisdakik.com\/?p=87150\" \/>\n<meta property=\"og:locale\" content=\"tr_TR\" \/>\n<meta property=\"og:type\" content=\"article\" \/>\n<meta property=\"og:title\" content=\"KTMMOB Ba\u015fkan\u0131 Aysal, ESPA heyetini kabul etti -\" \/>\n<meta property=\"og:description\" content=\"K\u0131br\u0131s T\u00fcrk M\u00fchendis ve Mimar Odalar\u0131 Birli\u011fi (KTMMOB) Ba\u015fkan\u0131 Seran Aysal, Mete Boyac\u0131 ba\u015fkanl\u0131\u011f\u0131ndaki Ekonomi ve Sosyal Politikalar Ara\u015ft\u0131rma Merkezi (ESPA) heyetini kabul etti. Birlikten yap\u0131lan a\u00e7\u0131klamaya g\u00f6re toplant\u0131ya, KTMMOB\u2019den Genel Sayman Nevter Zafer C\u00f6mert ve Y\u00f6netim Kurulu Faal \u00dcyeleri Celal Devrim \u00d6nen ile G\u00f6rkem \u00c7elik, ESPA\u2019dan Y\u00f6netim Kurulu \u00dcyeleri Adem Kaan Kaner ve Candan\" \/>\n<meta property=\"og:url\" content=\"https:\/\/kibrisdakik.com\/?p=87150\" \/>\n<meta property=\"article:published_time\" content=\"2025-07-29T08:55:03+00:00\" \/>\n<meta property=\"og:image\" content=\"https:\/\/kibrisdakik.com\/wp-content\/uploads\/2025\/07\/KTMMOB-ESPA-TOPLANTI-scaled-740x420.jpg\" \/>\n\t<meta property=\"og:image:width\" content=\"2560\" \/>\n\t<meta property=\"og:image:height\" content=\"1353\" \/>\n\t<meta property=\"og:image:type\" content=\"image\/jpeg\" \/>\n<meta name=\"author\" content=\"admin\" \/>\n<meta name=\"twitter:card\" content=\"summary_large_image\" \/>\n<meta name=\"twitter:label1\" content=\"Yazan:\" \/>\n\t<meta name=\"twitter:data1\" content=\"admin\" \/>\n\t<meta name=\"twitter:label2\" content=\"Tahmini okuma s\u00fcresi\" \/>\n\t<meta name=\"twitter:data2\" content=\"2 dakika\" \/>\n<script type=\"application\/ld+json\" class=\"yoast-schema-graph\">{\"@context\":\"https:\\\/\\\/schema.org\",\"@graph\":[{\"@type\":\"Article\",\"@id\":\"https:\\\/\\\/kibrisdakik.com\\\/?p=87150#article\",\"isPartOf\":{\"@id\":\"https:\\\/\\\/kibrisdakik.com\\\/?p=87150\"},\"author\":{\"name\":\"admin\",\"@id\":\"https:\\\/\\\/kibrisdakik.com\\\/#\\\/schema\\\/person\\\/9cd9d437bbb44f72b73ba127e06d8e79\"},\"headline\":\"KTMMOB Ba\u015fkan\u0131 Aysal, ESPA heyetini kabul etti\",\"datePublished\":\"2025-07-29T08:55:03+00:00\",\"mainEntityOfPage\":{\"@id\":\"https:\\\/\\\/kibrisdakik.com\\\/?p=87150\"},\"wordCount\":404,\"commentCount\":0,\"image\":{\"@id\":\"https:\\\/\\\/kibrisdakik.com\\\/?p=87150#primaryimage\"},\"thumbnailUrl\":\"https:\\\/\\\/kibrisdakik.com\\\/wp-content\\\/uploads\\\/2025\\\/07\\\/KTMMOB-ESPA-TOPLANTI-scaled-740x420.jpg\",\"articleSection\":[\"K\u0131br\u0131s\",\"Man\u015fet\"],\"inLanguage\":\"tr\",\"potentialAction\":[{\"@type\":\"CommentAction\",\"name\":\"Comment\",\"target\":[\"https:\\\/\\\/kibrisdakik.com\\\/?p=87150#respond\"]}]},{\"@type\":\"WebPage\",\"@id\":\"https:\\\/\\\/kibrisdakik.com\\\/?p=87150\",\"url\":\"https:\\\/\\\/kibrisdakik.com\\\/?p=87150\",\"name\":\"KTMMOB Ba\u015fkan\u0131 Aysal, ESPA heyetini kabul etti -\",\"isPartOf\":{\"@id\":\"https:\\\/\\\/kibrisdakik.com\\\/#website\"},\"primaryImageOfPage\":{\"@id\":\"https:\\\/\\\/kibrisdakik.com\\\/?p=87150#primaryimage\"},\"image\":{\"@id\":\"https:\\\/\\\/kibrisdakik.com\\\/?p=87150#primaryimage\"},\"thumbnailUrl\":\"https:\\\/\\\/kibrisdakik.com\\\/wp-content\\\/uploads\\\/2025\\\/07\\\/KTMMOB-ESPA-TOPLANTI-scaled-740x420.jpg\",\"datePublished\":\"2025-07-29T08:55:03+00:00\",\"author\":{\"@id\":\"https:\\\/\\\/kibrisdakik.com\\\/#\\\/schema\\\/person\\\/9cd9d437bbb44f72b73ba127e06d8e79\"},\"breadcrumb\":{\"@id\":\"https:\\\/\\\/kibrisdakik.com\\\/?p=87150#breadcrumb\"},\"inLanguage\":\"tr\",\"potentialAction\":[{\"@type\":\"ReadAction\",\"target\":[\"https:\\\/\\\/kibrisdakik.com\\\/?p=87150\"]}]},{\"@type\":\"ImageObject\",\"inLanguage\":\"tr\",\"@id\":\"https:\\\/\\\/kibrisdakik.com\\\/?p=87150#primaryimage\",\"url\":\"https:\\\/\\\/kibrisdakik.com\\\/wp-content\\\/uploads\\\/2025\\\/07\\\/KTMMOB-ESPA-TOPLANTI-scaled-740x420.jpg\",\"contentUrl\":\"https:\\\/\\\/kibrisdakik.com\\\/wp-content\\\/uploads\\\/2025\\\/07\\\/KTMMOB-ESPA-TOPLANTI-scaled-740x420.jpg\",\"width\":2560,\"height\":1353},{\"@type\":\"BreadcrumbList\",\"@id\":\"https:\\\/\\\/kibrisdakik.com\\\/?p=87150#breadcrumb\",\"itemListElement\":[{\"@type\":\"ListItem\",\"position\":1,\"name\":\"Home\",\"item\":\"https:\\\/\\\/kibrisdakik.com\\\/\"},{\"@type\":\"ListItem\",\"position\":2,\"name\":\"KTMMOB Ba\u015fkan\u0131 Aysal, ESPA heyetini kabul etti\"}]},{\"@type\":\"WebSite\",\"@id\":\"https:\\\/\\\/kibrisdakik.com\\\/#website\",\"url\":\"https:\\\/\\\/kibrisdakik.com\\\/\",\"name\":\"\",\"description\":\"Tam vaktinde haber\",\"potentialAction\":[{\"@type\":\"SearchAction\",\"target\":{\"@type\":\"EntryPoint\",\"urlTemplate\":\"https:\\\/\\\/kibrisdakik.com\\\/?s={search_term_string}\"},\"query-input\":{\"@type\":\"PropertyValueSpecification\",\"valueRequired\":true,\"valueName\":\"search_term_string\"}}],\"inLanguage\":\"tr\"},{\"@type\":\"Person\",\"@id\":\"https:\\\/\\\/kibrisdakik.com\\\/#\\\/schema\\\/person\\\/9cd9d437bbb44f72b73ba127e06d8e79\",\"name\":\"admin\",\"image\":{\"@type\":\"ImageObject\",\"inLanguage\":\"tr\",\"@id\":\"https:\\\/\\\/secure.gravatar.com\\\/avatar\\\/ccc17943b9d660506c869530f897617f7cb1c21a4bf30023f252596d83e1f007?s=96&d=mm&r=g\",\"url\":\"https:\\\/\\\/secure.gravatar.com\\\/avatar\\\/ccc17943b9d660506c869530f897617f7cb1c21a4bf30023f252596d83e1f007?s=96&d=mm&r=g\",\"contentUrl\":\"https:\\\/\\\/secure.gravatar.com\\\/avatar\\\/ccc17943b9d660506c869530f897617f7cb1c21a4bf30023f252596d83e1f007?s=96&d=mm&r=g\",\"caption\":\"admin\"},\"sameAs\":[\"https:\\\/\\\/kibrisdakik.com\"],\"url\":\"https:\\\/\\\/kibrisdakik.com\\\/?author=1\"}]}<\/script>\n<!-- \/ Yoast SEO plugin. -->","yoast_head_json":{"title":"KTMMOB Ba\u015fkan\u0131 Aysal, ESPA heyetini kabul etti -","robots":{"index":"index","follow":"follow","max-snippet":"max-snippet:-1","max-image-preview":"max-image-preview:large","max-video-preview":"max-video-preview:-1"},"canonical":"https:\/\/kibrisdakik.com\/?p=87150","og_locale":"tr_TR","og_type":"article","og_title":"KTMMOB Ba\u015fkan\u0131 Aysal, ESPA heyetini kabul etti -","og_description":"K\u0131br\u0131s T\u00fcrk M\u00fchendis ve Mimar Odalar\u0131 Birli\u011fi (KTMMOB) Ba\u015fkan\u0131 Seran Aysal, Mete Boyac\u0131 ba\u015fkanl\u0131\u011f\u0131ndaki Ekonomi ve Sosyal Politikalar Ara\u015ft\u0131rma Merkezi (ESPA) heyetini kabul etti. Birlikten yap\u0131lan a\u00e7\u0131klamaya g\u00f6re toplant\u0131ya, KTMMOB\u2019den Genel Sayman Nevter Zafer C\u00f6mert ve Y\u00f6netim Kurulu Faal \u00dcyeleri Celal Devrim \u00d6nen ile G\u00f6rkem \u00c7elik, ESPA\u2019dan Y\u00f6netim Kurulu \u00dcyeleri Adem Kaan Kaner ve Candan","og_url":"https:\/\/kibrisdakik.com\/?p=87150","article_published_time":"2025-07-29T08:55:03+00:00","og_image":[{"width":2560,"height":1353,"url":"https:\/\/kibrisdakik.com\/wp-content\/uploads\/2025\/07\/KTMMOB-ESPA-TOPLANTI-scaled-740x420.jpg","type":"image\/jpeg"}],"author":"admin","twitter_card":"summary_large_image","twitter_misc":{"Yazan:":"admin","Tahmini okuma s\u00fcresi":"2 dakika"},"schema":{"@context":"https:\/\/schema.org","@graph":[{"@type":"Article","@id":"https:\/\/kibrisdakik.com\/?p=87150#article","isPartOf":{"@id":"https:\/\/kibrisdakik.com\/?p=87150"},"author":{"name":"admin","@id":"https:\/\/kibrisdakik.com\/#\/schema\/person\/9cd9d437bbb44f72b73ba127e06d8e79"},"headline":"KTMMOB Ba\u015fkan\u0131 Aysal, ESPA heyetini kabul etti","datePublished":"2025-07-29T08:55:03+00:00","mainEntityOfPage":{"@id":"https:\/\/kibrisdakik.com\/?p=87150"},"wordCount":404,"commentCount":0,"image":{"@id":"https:\/\/kibrisdakik.com\/?p=87150#primaryimage"},"thumbnailUrl":"https:\/\/kibrisdakik.com\/wp-content\/uploads\/2025\/07\/KTMMOB-ESPA-TOPLANTI-scaled-740x420.jpg","articleSection":["K\u0131br\u0131s","Man\u015fet"],"inLanguage":"tr","potentialAction":[{"@type":"CommentAction","name":"Comment","target":["https:\/\/kibrisdakik.com\/?p=87150#respond"]}]},{"@type":"WebPage","@id":"https:\/\/kibrisdakik.com\/?p=87150","url":"https:\/\/kibrisdakik.com\/?p=87150","name":"KTMMOB Ba\u015fkan\u0131 Aysal, ESPA heyetini kabul etti -","isPartOf":{"@id":"https:\/\/kibrisdakik.com\/#website"},"primaryImageOfPage":{"@id":"https:\/\/kibrisdakik.com\/?p=87150#primaryimage"},"image":{"@id":"https:\/\/kibrisdakik.com\/?p=87150#primaryimage"},"thumbnailUrl":"https:\/\/kibrisdakik.com\/wp-content\/uploads\/2025\/07\/KTMMOB-ESPA-TOPLANTI-scaled-740x420.jpg","datePublished":"2025-07-29T08:55:03+00:00","author":{"@id":"https:\/\/kibrisdakik.com\/#\/schema\/person\/9cd9d437bbb44f72b73ba127e06d8e79"},"breadcrumb":{"@id":"https:\/\/kibrisdakik.com\/?p=87150#breadcrumb"},"inLanguage":"tr","potentialAction":[{"@type":"ReadAction","target":["https:\/\/kibrisdakik.com\/?p=87150"]}]},{"@type":"ImageObject","inLanguage":"tr","@id":"https:\/\/kibrisdakik.com\/?p=87150#primaryimage","url":"https:\/\/kibrisdakik.com\/wp-content\/uploads\/2025\/07\/KTMMOB-ESPA-TOPLANTI-scaled-740x420.jpg","contentUrl":"https:\/\/kibrisdakik.com\/wp-content\/uploads\/2025\/07\/KTMMOB-ESPA-TOPLANTI-scaled-740x420.jpg","width":2560,"height":1353},{"@type":"BreadcrumbList","@id":"https:\/\/kibrisdakik.com\/?p=87150#breadcrumb","itemListElement":[{"@type":"ListItem","position":1,"name":"Home","item":"https:\/\/kibrisdakik.com\/"},{"@type":"ListItem","position":2,"name":"KTMMOB Ba\u015fkan\u0131 Aysal, ESPA heyetini kabul etti"}]},{"@type":"WebSite","@id":"https:\/\/kibrisdakik.com\/#website","url":"https:\/\/kibrisdakik.com\/","name":"","description":"Tam vaktinde haber","potentialAction":[{"@type":"SearchAction","target":{"@type":"EntryPoint","urlTemplate":"https:\/\/kibrisdakik.com\/?s={search_term_string}"},"query-input":{"@type":"PropertyValueSpecification","valueRequired":true,"valueName":"search_term_string"}}],"inLanguage":"tr"},{"@type":"Person","@id":"https:\/\/kibrisdakik.com\/#\/schema\/person\/9cd9d437bbb44f72b73ba127e06d8e79","name":"admin","image":{"@type":"ImageObject","inLanguage":"tr","@id":"https:\/\/secure.gravatar.com\/avatar\/ccc17943b9d660506c869530f897617f7cb1c21a4bf30023f252596d83e1f007?s=96&d=mm&r=g","url":"https:\/\/secure.gravatar.com\/avatar\/ccc17943b9d660506c869530f897617f7cb1c21a4bf30023f252596d83e1f007?s=96&d=mm&r=g","contentUrl":"https:\/\/secure.gravatar.com\/avatar\/ccc17943b9d660506c869530f897617f7cb1c21a4bf30023f252596d83e1f007?s=96&d=mm&r=g","caption":"admin"},"sameAs":["https:\/\/kibrisdakik.com"],"url":"https:\/\/kibrisdakik.com\/?author=1"}]}},"_links":{"self":[{"href":"https:\/\/kibrisdakik.com\/index.php?rest_route=\/wp\/v2\/posts\/87150","targetHints":{"allow":["GET"]}}],"collection":[{"href":"https:\/\/kibrisdakik.com\/index.php?rest_route=\/wp\/v2\/posts"}],"about":[{"href":"https:\/\/kibrisdakik.com\/index.php?rest_route=\/wp\/v2\/types\/post"}],"author":[{"embeddable":true,"href":"https:\/\/kibrisdakik.com\/index.php?rest_route=\/wp\/v2\/users\/1"}],"replies":[{"embeddable":true,"href":"https:\/\/kibrisdakik.com\/index.php?rest_route=%2Fwp%2Fv2%2Fcomments&post=87150"}],"version-history":[{"count":0,"href":"https:\/\/kibrisdakik.com\/index.php?rest_route=\/wp\/v2\/posts\/87150\/revisions"}],"wp:featuredmedia":[{"embeddable":true,"href":"https:\/\/kibrisdakik.com\/index.php?rest_route=\/wp\/v2\/media\/87151"}],"wp:attachment":[{"href":"https:\/\/kibrisdakik.com\/index.php?rest_route=%2Fwp%2Fv2%2Fmedia&parent=87150"}],"wp:term":[{"taxonomy":"category","embeddable":true,"href":"https:\/\/kibrisdakik.com\/index.php?rest_route=%2Fwp%2Fv2%2Fcategories&post=87150"},{"taxonomy":"post_tag","embeddable":true,"href":"https:\/\/kibrisdakik.com\/index.php?rest_route=%2Fwp%2Fv2%2Ftags&post=87150"}],"curies":[{"name":"wp","href":"https:\/\/api.w.org\/{rel}","templated":true}]}}