{"id":87160,"date":"2025-07-29T13:12:16","date_gmt":"2025-07-29T10:12:16","guid":{"rendered":"https:\/\/kibrisdakik.com\/index.php\/2025\/07\/29\/tarim-bakani-cavus-guzelyurt-soguk-hava-deposu-insaatini-yerinde-inceledi\/"},"modified":"2025-07-29T13:12:16","modified_gmt":"2025-07-29T10:12:16","slug":"tarim-bakani-cavus-guzelyurt-soguk-hava-deposu-insaatini-yerinde-inceledi","status":"publish","type":"post","link":"https:\/\/kibrisdakik.com\/?p=87160","title":{"rendered":"Tar\u0131m Bakan\u0131 \u00c7avu\u015f, G\u00fczelyurt so\u011fuk hava deposu in\u015faat\u0131n\u0131 yerinde inceledi"},"content":{"rendered":"<p> <br \/>\n<\/p>\n<div>\n<div class=\"mariselle-image-container none\">\n                                            <\/div>\n<p>Tar\u0131m ve Do\u011fal Kaynaklar Bakan\u0131 H\u00fcseyin \u00c7avu\u015f, G\u00fczelyurt\u2019ta yap\u0131m\u0131 devam eden so\u011fuk hava deposu ve entegre tesisinde incelemelerde bulundu.<\/p>\n<p>Bakanl\u0131k\u2019tan yap\u0131lan a\u00e7\u0131klamaya g\u00f6re, \u00c7avu\u015f\u2019a inceleme s\u0131ras\u0131nda yetkililer taraf\u0131ndan proje s\u00fcreci, teknik altyap\u0131 ve in\u015faat\u0131n ilerleyi\u015fi hakk\u0131nda bilgi verildi.<\/p>\n<p>A\u00e7\u0131klamada, proje kapsam\u0131nda ilk etapta 15 bin ton kapasiteyle hizmet verecek olan tesisin, ileri a\u015famalarda 40 bin tona kadar geni\u015fletilebilece\u011fi ifade edildi. A\u00e7\u0131klamada, tesis tamamland\u0131\u011f\u0131nda, ba\u015fta narenciye olmak \u00fczere pek \u00e7ok tar\u0131m \u00fcr\u00fcn\u00fcn\u00fcn mevsimsel dalgalanmalardan etkilenmeden sa\u011fl\u0131kl\u0131 bi\u00e7imde saklanmas\u0131na imk\u00e2n tan\u0131yaca\u011f\u0131 belirtildi.<\/p>\n<p>Bakan H\u00fcseyin \u00c7avu\u015f ise\u00a0 projenin \u00fclke tar\u0131m\u0131na uzun vadeli katk\u0131 sa\u011flayaca\u011f\u0131n\u0131 vurgulad\u0131.<\/p>\n<p><strong>-\u201cTar\u0131mda s\u00fcrd\u00fcr\u00fclebilirli\u011fi destekleyen stratejik bir yat\u0131r\u0131m\u201d<\/strong><\/p>\n<p>\u201cG\u00fczelyurt So\u011fuk Hava Deposu, sadece bir depolama alan\u0131 de\u011fil; \u00fcreticimizin eme\u011fini koruyan, piyasada istikrar sa\u011flayan ve tar\u0131mda s\u00fcrd\u00fcr\u00fclebilirli\u011fi destekleyen stratejik bir yat\u0131r\u0131md\u0131r,\u201d diyen \u00c7avu\u015f, projenin planlanan s\u00fcrede tamamlanmas\u0131 i\u00e7in gerekli t\u00fcm koordinasyonun sa\u011fland\u0131\u011f\u0131n\u0131 kaydetti.<\/p>\n<p>Bakan \u00c7avu\u015f, modern altyap\u0131s\u0131yla dikkat \u00e7eken tesisin, enerji ihtiyac\u0131n\u0131n b\u00fcy\u00fck \u00f6l\u00e7\u00fcde g\u00fcne\u015f panelleri arac\u0131l\u0131\u011f\u0131yla kar\u015f\u0131lanaca\u011f\u0131n\u0131\u00a0 ve \u00e7evreci yap\u0131s\u0131yla \u00f6rnek bir model olaca\u011f\u0131n\u0131 belirtti.<\/p>\n<p>\u00dcreticilerin her zaman yan\u0131nda olduklar\u0131n\u0131 da ifade eden \u00c7avu\u015f, \u201cAmac\u0131m\u0131z sadece bug\u00fcn\u00fc de\u011fil, gelece\u011fi de planlamakt\u0131r. \u00dcreticimizin \u00fcr\u00fcn\u00fc de\u011ferinde sat\u0131lmal\u0131, eme\u011fi zayi olmamal\u0131d\u0131r. Bu tesis bu amaca hizmet edecek g\u00fc\u00e7l\u00fc bir ad\u0131md\u0131r.\u201d dedi.<\/p>\n<\/p><\/div>\n<p><script async\n                    defer\n                    crossorigin=\"anonymous\"\n                    src=\"https:\/\/connect.facebook.net\/tr_TR\/sdk.js#xfbml=1&#038;version=v3.3\"\n            ><\/script><br \/>\n<br \/><br \/>\n<br \/><a href=\"[kibrisdakik.com]\n<\/p>\n","protected":false},"excerpt":{"rendered":"<p>Tar\u0131m ve Do\u011fal Kaynaklar Bakan\u0131 H\u00fcseyin \u00c7avu\u015f, G\u00fczelyurt\u2019ta yap\u0131m\u0131 devam eden so\u011fuk hava deposu ve entegre tesisinde incelemelerde bulundu. Bakanl\u0131k\u2019tan yap\u0131lan a\u00e7\u0131klamaya g\u00f6re, \u00c7avu\u015f\u2019a inceleme s\u0131ras\u0131nda yetkililer taraf\u0131ndan proje s\u00fcreci, teknik altyap\u0131 ve in\u015faat\u0131n ilerleyi\u015fi hakk\u0131nda bilgi verildi. A\u00e7\u0131klamada, proje kapsam\u0131nda ilk etapta 15 bin ton kapasiteyle hizmet verecek olan tesisin, ileri a\u015famalarda 40 bin<\/p>\n","protected":false},"author":1,"featured_media":87161,"comment_status":"open","ping_status":"open","sticky":false,"template":"","format":"standard","meta":{"footnotes":""},"categories":[81,101],"tags":[],"class_list":["post-87160","post","type-post","status-publish","format-standard","has-post-thumbnail","hentry","category-kibris","category-manset"],"yoast_head":"<!-- This site is optimized with the Yoast SEO plugin v27.4 - https:\/\/yoast.com\/product\/yoast-seo-wordpress\/ -->\n<title>Tar\u0131m Bakan\u0131 \u00c7avu\u015f, G\u00fczelyurt so\u011fuk hava deposu in\u015faat\u0131n\u0131 yerinde inceledi -<\/title>\n<meta name=\"robots\" content=\"index, follow, max-snippet:-1, max-image-preview:large, max-video-preview:-1\" \/>\n<link rel=\"canonical\" href=\"https:\/\/kibrisdakik.com\/?p=87160\" \/>\n<meta property=\"og:locale\" content=\"tr_TR\" \/>\n<meta property=\"og:type\" content=\"article\" \/>\n<meta property=\"og:title\" content=\"Tar\u0131m Bakan\u0131 \u00c7avu\u015f, G\u00fczelyurt so\u011fuk hava deposu in\u015faat\u0131n\u0131 yerinde inceledi -\" \/>\n<meta property=\"og:description\" content=\"Tar\u0131m ve Do\u011fal Kaynaklar Bakan\u0131 H\u00fcseyin \u00c7avu\u015f, G\u00fczelyurt\u2019ta yap\u0131m\u0131 devam eden so\u011fuk hava deposu ve entegre tesisinde incelemelerde bulundu. Bakanl\u0131k\u2019tan yap\u0131lan a\u00e7\u0131klamaya g\u00f6re, \u00c7avu\u015f\u2019a inceleme s\u0131ras\u0131nda yetkililer taraf\u0131ndan proje s\u00fcreci, teknik altyap\u0131 ve in\u015faat\u0131n ilerleyi\u015fi hakk\u0131nda bilgi verildi. A\u00e7\u0131klamada, proje kapsam\u0131nda ilk etapta 15 bin ton kapasiteyle hizmet verecek olan tesisin, ileri a\u015famalarda 40 bin\" \/>\n<meta property=\"og:url\" content=\"https:\/\/kibrisdakik.com\/?p=87160\" \/>\n<meta property=\"article:published_time\" content=\"2025-07-29T10:12:16+00:00\" \/>\n<meta property=\"og:image\" content=\"https:\/\/kibrisdakik.com\/wp-content\/uploads\/2025\/07\/1753780841278SOGUK-HAVA-DEPOSU2-740x410.jpg\" \/>\n\t<meta property=\"og:image:width\" content=\"931\" \/>\n\t<meta property=\"og:image:height\" content=\"410\" \/>\n\t<meta property=\"og:image:type\" content=\"image\/jpeg\" \/>\n<meta name=\"author\" content=\"admin\" \/>\n<meta name=\"twitter:card\" content=\"summary_large_image\" \/>\n<meta name=\"twitter:label1\" content=\"Yazan:\" \/>\n\t<meta name=\"twitter:data1\" content=\"admin\" \/>\n\t<meta name=\"twitter:label2\" content=\"Tahmini okuma s\u00fcresi\" \/>\n\t<meta name=\"twitter:data2\" content=\"1 dakika\" \/>\n<script type=\"application\/ld+json\" class=\"yoast-schema-graph\">{\"@context\":\"https:\\\/\\\/schema.org\",\"@graph\":[{\"@type\":\"Article\",\"@id\":\"https:\\\/\\\/kibrisdakik.com\\\/?p=87160#article\",\"isPartOf\":{\"@id\":\"https:\\\/\\\/kibrisdakik.com\\\/?p=87160\"},\"author\":{\"name\":\"admin\",\"@id\":\"https:\\\/\\\/kibrisdakik.com\\\/#\\\/schema\\\/person\\\/9cd9d437bbb44f72b73ba127e06d8e79\"},\"headline\":\"Tar\u0131m Bakan\u0131 \u00c7avu\u015f, G\u00fczelyurt so\u011fuk hava deposu in\u015faat\u0131n\u0131 yerinde inceledi\",\"datePublished\":\"2025-07-29T10:12:16+00:00\",\"mainEntityOfPage\":{\"@id\":\"https:\\\/\\\/kibrisdakik.com\\\/?p=87160\"},\"wordCount\":305,\"commentCount\":0,\"image\":{\"@id\":\"https:\\\/\\\/kibrisdakik.com\\\/?p=87160#primaryimage\"},\"thumbnailUrl\":\"https:\\\/\\\/kibrisdakik.com\\\/wp-content\\\/uploads\\\/2025\\\/07\\\/1753780841278SOGUK-HAVA-DEPOSU2-740x410.jpg\",\"articleSection\":[\"K\u0131br\u0131s\",\"Man\u015fet\"],\"inLanguage\":\"tr\",\"potentialAction\":[{\"@type\":\"CommentAction\",\"name\":\"Comment\",\"target\":[\"https:\\\/\\\/kibrisdakik.com\\\/?p=87160#respond\"]}]},{\"@type\":\"WebPage\",\"@id\":\"https:\\\/\\\/kibrisdakik.com\\\/?p=87160\",\"url\":\"https:\\\/\\\/kibrisdakik.com\\\/?p=87160\",\"name\":\"Tar\u0131m Bakan\u0131 \u00c7avu\u015f, G\u00fczelyurt so\u011fuk hava deposu in\u015faat\u0131n\u0131 yerinde inceledi -\",\"isPartOf\":{\"@id\":\"https:\\\/\\\/kibrisdakik.com\\\/#website\"},\"primaryImageOfPage\":{\"@id\":\"https:\\\/\\\/kibrisdakik.com\\\/?p=87160#primaryimage\"},\"image\":{\"@id\":\"https:\\\/\\\/kibrisdakik.com\\\/?p=87160#primaryimage\"},\"thumbnailUrl\":\"https:\\\/\\\/kibrisdakik.com\\\/wp-content\\\/uploads\\\/2025\\\/07\\\/1753780841278SOGUK-HAVA-DEPOSU2-740x410.jpg\",\"datePublished\":\"2025-07-29T10:12:16+00:00\",\"author\":{\"@id\":\"https:\\\/\\\/kibrisdakik.com\\\/#\\\/schema\\\/person\\\/9cd9d437bbb44f72b73ba127e06d8e79\"},\"breadcrumb\":{\"@id\":\"https:\\\/\\\/kibrisdakik.com\\\/?p=87160#breadcrumb\"},\"inLanguage\":\"tr\",\"potentialAction\":[{\"@type\":\"ReadAction\",\"target\":[\"https:\\\/\\\/kibrisdakik.com\\\/?p=87160\"]}]},{\"@type\":\"ImageObject\",\"inLanguage\":\"tr\",\"@id\":\"https:\\\/\\\/kibrisdakik.com\\\/?p=87160#primaryimage\",\"url\":\"https:\\\/\\\/kibrisdakik.com\\\/wp-content\\\/uploads\\\/2025\\\/07\\\/1753780841278SOGUK-HAVA-DEPOSU2-740x410.jpg\",\"contentUrl\":\"https:\\\/\\\/kibrisdakik.com\\\/wp-content\\\/uploads\\\/2025\\\/07\\\/1753780841278SOGUK-HAVA-DEPOSU2-740x410.jpg\",\"width\":931,\"height\":410},{\"@type\":\"BreadcrumbList\",\"@id\":\"https:\\\/\\\/kibrisdakik.com\\\/?p=87160#breadcrumb\",\"itemListElement\":[{\"@type\":\"ListItem\",\"position\":1,\"name\":\"Home\",\"item\":\"https:\\\/\\\/kibrisdakik.com\\\/\"},{\"@type\":\"ListItem\",\"position\":2,\"name\":\"Tar\u0131m Bakan\u0131 \u00c7avu\u015f, G\u00fczelyurt so\u011fuk hava deposu in\u015faat\u0131n\u0131 yerinde inceledi\"}]},{\"@type\":\"WebSite\",\"@id\":\"https:\\\/\\\/kibrisdakik.com\\\/#website\",\"url\":\"https:\\\/\\\/kibrisdakik.com\\\/\",\"name\":\"\",\"description\":\"Tam vaktinde haber\",\"potentialAction\":[{\"@type\":\"SearchAction\",\"target\":{\"@type\":\"EntryPoint\",\"urlTemplate\":\"https:\\\/\\\/kibrisdakik.com\\\/?s={search_term_string}\"},\"query-input\":{\"@type\":\"PropertyValueSpecification\",\"valueRequired\":true,\"valueName\":\"search_term_string\"}}],\"inLanguage\":\"tr\"},{\"@type\":\"Person\",\"@id\":\"https:\\\/\\\/kibrisdakik.com\\\/#\\\/schema\\\/person\\\/9cd9d437bbb44f72b73ba127e06d8e79\",\"name\":\"admin\",\"image\":{\"@type\":\"ImageObject\",\"inLanguage\":\"tr\",\"@id\":\"https:\\\/\\\/secure.gravatar.com\\\/avatar\\\/ccc17943b9d660506c869530f897617f7cb1c21a4bf30023f252596d83e1f007?s=96&d=mm&r=g\",\"url\":\"https:\\\/\\\/secure.gravatar.com\\\/avatar\\\/ccc17943b9d660506c869530f897617f7cb1c21a4bf30023f252596d83e1f007?s=96&d=mm&r=g\",\"contentUrl\":\"https:\\\/\\\/secure.gravatar.com\\\/avatar\\\/ccc17943b9d660506c869530f897617f7cb1c21a4bf30023f252596d83e1f007?s=96&d=mm&r=g\",\"caption\":\"admin\"},\"sameAs\":[\"https:\\\/\\\/kibrisdakik.com\"],\"url\":\"https:\\\/\\\/kibrisdakik.com\\\/?author=1\"}]}<\/script>\n<!-- \/ Yoast SEO plugin. -->","yoast_head_json":{"title":"Tar\u0131m Bakan\u0131 \u00c7avu\u015f, G\u00fczelyurt so\u011fuk hava deposu in\u015faat\u0131n\u0131 yerinde inceledi -","robots":{"index":"index","follow":"follow","max-snippet":"max-snippet:-1","max-image-preview":"max-image-preview:large","max-video-preview":"max-video-preview:-1"},"canonical":"https:\/\/kibrisdakik.com\/?p=87160","og_locale":"tr_TR","og_type":"article","og_title":"Tar\u0131m Bakan\u0131 \u00c7avu\u015f, G\u00fczelyurt so\u011fuk hava deposu in\u015faat\u0131n\u0131 yerinde inceledi -","og_description":"Tar\u0131m ve Do\u011fal Kaynaklar Bakan\u0131 H\u00fcseyin \u00c7avu\u015f, G\u00fczelyurt\u2019ta yap\u0131m\u0131 devam eden so\u011fuk hava deposu ve entegre tesisinde incelemelerde bulundu. Bakanl\u0131k\u2019tan yap\u0131lan a\u00e7\u0131klamaya g\u00f6re, \u00c7avu\u015f\u2019a inceleme s\u0131ras\u0131nda yetkililer taraf\u0131ndan proje s\u00fcreci, teknik altyap\u0131 ve in\u015faat\u0131n ilerleyi\u015fi hakk\u0131nda bilgi verildi. A\u00e7\u0131klamada, proje kapsam\u0131nda ilk etapta 15 bin ton kapasiteyle hizmet verecek olan tesisin, ileri a\u015famalarda 40 bin","og_url":"https:\/\/kibrisdakik.com\/?p=87160","article_published_time":"2025-07-29T10:12:16+00:00","og_image":[{"width":931,"height":410,"url":"https:\/\/kibrisdakik.com\/wp-content\/uploads\/2025\/07\/1753780841278SOGUK-HAVA-DEPOSU2-740x410.jpg","type":"image\/jpeg"}],"author":"admin","twitter_card":"summary_large_image","twitter_misc":{"Yazan:":"admin","Tahmini okuma s\u00fcresi":"1 dakika"},"schema":{"@context":"https:\/\/schema.org","@graph":[{"@type":"Article","@id":"https:\/\/kibrisdakik.com\/?p=87160#article","isPartOf":{"@id":"https:\/\/kibrisdakik.com\/?p=87160"},"author":{"name":"admin","@id":"https:\/\/kibrisdakik.com\/#\/schema\/person\/9cd9d437bbb44f72b73ba127e06d8e79"},"headline":"Tar\u0131m Bakan\u0131 \u00c7avu\u015f, G\u00fczelyurt so\u011fuk hava deposu in\u015faat\u0131n\u0131 yerinde inceledi","datePublished":"2025-07-29T10:12:16+00:00","mainEntityOfPage":{"@id":"https:\/\/kibrisdakik.com\/?p=87160"},"wordCount":305,"commentCount":0,"image":{"@id":"https:\/\/kibrisdakik.com\/?p=87160#primaryimage"},"thumbnailUrl":"https:\/\/kibrisdakik.com\/wp-content\/uploads\/2025\/07\/1753780841278SOGUK-HAVA-DEPOSU2-740x410.jpg","articleSection":["K\u0131br\u0131s","Man\u015fet"],"inLanguage":"tr","potentialAction":[{"@type":"CommentAction","name":"Comment","target":["https:\/\/kibrisdakik.com\/?p=87160#respond"]}]},{"@type":"WebPage","@id":"https:\/\/kibrisdakik.com\/?p=87160","url":"https:\/\/kibrisdakik.com\/?p=87160","name":"Tar\u0131m Bakan\u0131 \u00c7avu\u015f, G\u00fczelyurt so\u011fuk hava deposu in\u015faat\u0131n\u0131 yerinde inceledi -","isPartOf":{"@id":"https:\/\/kibrisdakik.com\/#website"},"primaryImageOfPage":{"@id":"https:\/\/kibrisdakik.com\/?p=87160#primaryimage"},"image":{"@id":"https:\/\/kibrisdakik.com\/?p=87160#primaryimage"},"thumbnailUrl":"https:\/\/kibrisdakik.com\/wp-content\/uploads\/2025\/07\/1753780841278SOGUK-HAVA-DEPOSU2-740x410.jpg","datePublished":"2025-07-29T10:12:16+00:00","author":{"@id":"https:\/\/kibrisdakik.com\/#\/schema\/person\/9cd9d437bbb44f72b73ba127e06d8e79"},"breadcrumb":{"@id":"https:\/\/kibrisdakik.com\/?p=87160#breadcrumb"},"inLanguage":"tr","potentialAction":[{"@type":"ReadAction","target":["https:\/\/kibrisdakik.com\/?p=87160"]}]},{"@type":"ImageObject","inLanguage":"tr","@id":"https:\/\/kibrisdakik.com\/?p=87160#primaryimage","url":"https:\/\/kibrisdakik.com\/wp-content\/uploads\/2025\/07\/1753780841278SOGUK-HAVA-DEPOSU2-740x410.jpg","contentUrl":"https:\/\/kibrisdakik.com\/wp-content\/uploads\/2025\/07\/1753780841278SOGUK-HAVA-DEPOSU2-740x410.jpg","width":931,"height":410},{"@type":"BreadcrumbList","@id":"https:\/\/kibrisdakik.com\/?p=87160#breadcrumb","itemListElement":[{"@type":"ListItem","position":1,"name":"Home","item":"https:\/\/kibrisdakik.com\/"},{"@type":"ListItem","position":2,"name":"Tar\u0131m Bakan\u0131 \u00c7avu\u015f, G\u00fczelyurt so\u011fuk hava deposu in\u015faat\u0131n\u0131 yerinde inceledi"}]},{"@type":"WebSite","@id":"https:\/\/kibrisdakik.com\/#website","url":"https:\/\/kibrisdakik.com\/","name":"","description":"Tam vaktinde haber","potentialAction":[{"@type":"SearchAction","target":{"@type":"EntryPoint","urlTemplate":"https:\/\/kibrisdakik.com\/?s={search_term_string}"},"query-input":{"@type":"PropertyValueSpecification","valueRequired":true,"valueName":"search_term_string"}}],"inLanguage":"tr"},{"@type":"Person","@id":"https:\/\/kibrisdakik.com\/#\/schema\/person\/9cd9d437bbb44f72b73ba127e06d8e79","name":"admin","image":{"@type":"ImageObject","inLanguage":"tr","@id":"https:\/\/secure.gravatar.com\/avatar\/ccc17943b9d660506c869530f897617f7cb1c21a4bf30023f252596d83e1f007?s=96&d=mm&r=g","url":"https:\/\/secure.gravatar.com\/avatar\/ccc17943b9d660506c869530f897617f7cb1c21a4bf30023f252596d83e1f007?s=96&d=mm&r=g","contentUrl":"https:\/\/secure.gravatar.com\/avatar\/ccc17943b9d660506c869530f897617f7cb1c21a4bf30023f252596d83e1f007?s=96&d=mm&r=g","caption":"admin"},"sameAs":["https:\/\/kibrisdakik.com"],"url":"https:\/\/kibrisdakik.com\/?author=1"}]}},"_links":{"self":[{"href":"https:\/\/kibrisdakik.com\/index.php?rest_route=\/wp\/v2\/posts\/87160","targetHints":{"allow":["GET"]}}],"collection":[{"href":"https:\/\/kibrisdakik.com\/index.php?rest_route=\/wp\/v2\/posts"}],"about":[{"href":"https:\/\/kibrisdakik.com\/index.php?rest_route=\/wp\/v2\/types\/post"}],"author":[{"embeddable":true,"href":"https:\/\/kibrisdakik.com\/index.php?rest_route=\/wp\/v2\/users\/1"}],"replies":[{"embeddable":true,"href":"https:\/\/kibrisdakik.com\/index.php?rest_route=%2Fwp%2Fv2%2Fcomments&post=87160"}],"version-history":[{"count":0,"href":"https:\/\/kibrisdakik.com\/index.php?rest_route=\/wp\/v2\/posts\/87160\/revisions"}],"wp:featuredmedia":[{"embeddable":true,"href":"https:\/\/kibrisdakik.com\/index.php?rest_route=\/wp\/v2\/media\/87161"}],"wp:attachment":[{"href":"https:\/\/kibrisdakik.com\/index.php?rest_route=%2Fwp%2Fv2%2Fmedia&parent=87160"}],"wp:term":[{"taxonomy":"category","embeddable":true,"href":"https:\/\/kibrisdakik.com\/index.php?rest_route=%2Fwp%2Fv2%2Fcategories&post=87160"},{"taxonomy":"post_tag","embeddable":true,"href":"https:\/\/kibrisdakik.com\/index.php?rest_route=%2Fwp%2Fv2%2Ftags&post=87160"}],"curies":[{"name":"wp","href":"https:\/\/api.w.org\/{rel}","templated":true}]}}