{"id":8748,"date":"2023-06-13T15:36:00","date_gmt":"2023-06-13T15:36:00","guid":{"rendered":"https:\/\/kibrisdakik.com\/index.php\/2023\/06\/13\/yesil-atiklarin-geri-donusumu-ulkemizde-ilk-kompostlama-tesisi-faaliyete-gecti\/"},"modified":"2023-06-13T15:36:00","modified_gmt":"2023-06-13T15:36:00","slug":"yesil-atiklarin-geri-donusumu-ulkemizde-ilk-kompostlama-tesisi-faaliyete-gecti","status":"publish","type":"post","link":"https:\/\/kibrisdakik.com\/?p=8748","title":{"rendered":"Ye\u015fil at\u0131klar\u0131n geri d\u00f6n\u00fc\u015f\u00fcm\u00fc \u00dclkemizde ilk kompostlama tesisi faaliyete ge\u00e7ti"},"content":{"rendered":"<p><\/p>\n<div>\n<p>Lapta-Alsancak- \u00c7aml\u0131bel Belediyesi \u00fclkemizde bir ilk olan ye\u015fil at\u0131k kompostlama tesisini faaliyete ge\u00e7irdi.<\/p>\n<p>Lapta-Alsancak- \u00c7aml\u0131bel Belediyesi Avrupa Komisyonu deste\u011fiyle, daha iyi bir \u00e7evre i\u00e7in ye\u015fil at\u0131\u011f\u0131n geri d\u00f6n\u00fc\u015ft\u00fcr\u00fclmesi projesi kapsam\u0131nda ye\u015fil at\u0131k kompostlama tesisini faaliyete ge\u00e7irdi.<\/p>\n<p>B\u00f6lgede \u00e7\u0131kan ye\u015fil at\u0131\u011f\u0131n geri d\u00f6n\u00fc\u015f\u00fcm\u00fcn\u00fc sa\u011flayacak ve \u00fclkemizde bir ilk olan tesis, d\u00fczenlenen t\u00f6renle a\u00e7\u0131ld\u0131.<\/p>\n<p>T\u00f6renin a\u00e7\u0131l\u0131\u015f konu\u015fmas\u0131n\u0131 yapan Lapta-Alsancak- \u00c7aml\u0131bel Belediyesi Ba\u015fkan\u0131 F\u0131rat Ataser, 2017 y\u0131l\u0131nda ba\u015flayan projeyi tamamlaman\u0131n gururunu ya\u015fad\u0131klar\u0131n\u0131 ifade ederek, projeye katk\u0131 koyan herkese te\u015fekk\u00fcr etti.<\/p>\n<p>Ataser, proje ile ye\u015fil at\u0131klar\u0131n toplan\u0131p hayat bulaca\u011f\u0131n\u0131 ve yeniden  topra\u011fa verilece\u011fini anlatarak, projenin s\u00fcr\u00fcd\u00fcr\u00fclebilir olmas\u0131n\u0131n b\u00fcy\u00fck \u00f6nem arz etti\u011fini s\u00f6yledi.<\/p>\n<p>Avrupa Komisyonu K\u0131br\u0131s Misyon Sorumlusu Stefan Simosis de projenin at\u0131klar\u0131n azalt\u0131lmas\u0131 ve \u00e7evreye katk\u0131 sa\u011flanmas\u0131 anlam\u0131nda \u00f6nemli bir ad\u0131m oldu\u011funa i\u015faret ederek, yerel makamlar\u0131n bu gibi projelere deste\u011fine \u00f6nem verdiklerini kaydetti.<\/p>\n<\/p><\/div>\n<p><script async\n                    defer\n                    crossorigin=\"anonymous\"\n                    src=\"https:\/\/connect.facebook.net\/tr_TR\/sdk.js#xfbml=1&#038;version=v3.3\"\n            ><\/script><\/p>\n","protected":false},"excerpt":{"rendered":"<p>Lapta-Alsancak- \u00c7aml\u0131bel Belediyesi \u00fclkemizde bir ilk olan ye\u015fil at\u0131k kompostlama tesisini faaliyete ge\u00e7irdi. Lapta-Alsancak- \u00c7aml\u0131bel Belediyesi Avrupa Komisyonu deste\u011fiyle, daha iyi bir \u00e7evre i\u00e7in ye\u015fil at\u0131\u011f\u0131n geri d\u00f6n\u00fc\u015ft\u00fcr\u00fclmesi projesi kapsam\u0131nda ye\u015fil at\u0131k kompostlama tesisini faaliyete ge\u00e7irdi. B\u00f6lgede \u00e7\u0131kan ye\u015fil at\u0131\u011f\u0131n geri d\u00f6n\u00fc\u015f\u00fcm\u00fcn\u00fc sa\u011flayacak ve \u00fclkemizde bir ilk olan tesis, d\u00fczenlenen t\u00f6renle a\u00e7\u0131ld\u0131. T\u00f6renin a\u00e7\u0131l\u0131\u015f konu\u015fmas\u0131n\u0131<\/p>\n","protected":false},"author":1,"featured_media":8704,"comment_status":"open","ping_status":"open","sticky":false,"template":"","format":"standard","meta":{"footnotes":""},"categories":[1],"tags":[],"class_list":["post-8748","post","type-post","status-publish","format-standard","has-post-thumbnail","hentry","category-gundem"],"yoast_head":"<!-- This site is optimized with the Yoast SEO plugin v27.5 - https:\/\/yoast.com\/product\/yoast-seo-wordpress\/ -->\n<title>Ye\u015fil at\u0131klar\u0131n geri d\u00f6n\u00fc\u015f\u00fcm\u00fc \u00dclkemizde ilk kompostlama tesisi faaliyete ge\u00e7ti -<\/title>\n<meta name=\"robots\" content=\"index, follow, max-snippet:-1, max-image-preview:large, max-video-preview:-1\" \/>\n<link rel=\"canonical\" href=\"https:\/\/kibrisdakik.com\/?p=8748\" \/>\n<meta property=\"og:locale\" content=\"tr_TR\" \/>\n<meta property=\"og:type\" content=\"article\" \/>\n<meta property=\"og:title\" content=\"Ye\u015fil at\u0131klar\u0131n geri d\u00f6n\u00fc\u015f\u00fcm\u00fc \u00dclkemizde ilk kompostlama tesisi faaliyete ge\u00e7ti -\" \/>\n<meta property=\"og:description\" content=\"Lapta-Alsancak- \u00c7aml\u0131bel Belediyesi \u00fclkemizde bir ilk olan ye\u015fil at\u0131k kompostlama tesisini faaliyete ge\u00e7irdi. Lapta-Alsancak- \u00c7aml\u0131bel Belediyesi Avrupa Komisyonu deste\u011fiyle, daha iyi bir \u00e7evre i\u00e7in ye\u015fil at\u0131\u011f\u0131n geri d\u00f6n\u00fc\u015ft\u00fcr\u00fclmesi projesi kapsam\u0131nda ye\u015fil at\u0131k kompostlama tesisini faaliyete ge\u00e7irdi. B\u00f6lgede \u00e7\u0131kan ye\u015fil at\u0131\u011f\u0131n geri d\u00f6n\u00fc\u015f\u00fcm\u00fcn\u00fc sa\u011flayacak ve \u00fclkemizde bir ilk olan tesis, d\u00fczenlenen t\u00f6renle a\u00e7\u0131ld\u0131. T\u00f6renin a\u00e7\u0131l\u0131\u015f konu\u015fmas\u0131n\u0131\" \/>\n<meta property=\"og:url\" content=\"https:\/\/kibrisdakik.com\/?p=8748\" \/>\n<meta property=\"article:published_time\" content=\"2023-06-13T15:36:00+00:00\" \/>\n<meta property=\"og:image\" content=\"https:\/\/kibrisdakik.com\/wp-content\/uploads\/2023\/06\/KOMPOST-44-740x420.jpg\" \/>\n\t<meta property=\"og:image:width\" content=\"1600\" \/>\n\t<meta property=\"og:image:height\" content=\"1200\" \/>\n\t<meta property=\"og:image:type\" content=\"image\/jpeg\" \/>\n<meta name=\"author\" content=\"admin\" \/>\n<meta name=\"twitter:card\" content=\"summary_large_image\" \/>\n<meta name=\"twitter:label1\" content=\"Yazan:\" \/>\n\t<meta name=\"twitter:data1\" content=\"admin\" \/>\n\t<meta name=\"twitter:label2\" content=\"Tahmini okuma s\u00fcresi\" \/>\n\t<meta name=\"twitter:data2\" content=\"1 dakika\" \/>\n<script type=\"application\/ld+json\" class=\"yoast-schema-graph\">{\"@context\":\"https:\\\/\\\/schema.org\",\"@graph\":[{\"@type\":\"Article\",\"@id\":\"https:\\\/\\\/kibrisdakik.com\\\/?p=8748#article\",\"isPartOf\":{\"@id\":\"https:\\\/\\\/kibrisdakik.com\\\/?p=8748\"},\"author\":{\"name\":\"admin\",\"@id\":\"https:\\\/\\\/kibrisdakik.com\\\/#\\\/schema\\\/person\\\/9cd9d437bbb44f72b73ba127e06d8e79\"},\"headline\":\"Ye\u015fil at\u0131klar\u0131n geri d\u00f6n\u00fc\u015f\u00fcm\u00fc \u00dclkemizde ilk kompostlama tesisi faaliyete ge\u00e7ti\",\"datePublished\":\"2023-06-13T15:36:00+00:00\",\"mainEntityOfPage\":{\"@id\":\"https:\\\/\\\/kibrisdakik.com\\\/?p=8748\"},\"wordCount\":216,\"commentCount\":0,\"image\":{\"@id\":\"https:\\\/\\\/kibrisdakik.com\\\/?p=8748#primaryimage\"},\"thumbnailUrl\":\"https:\\\/\\\/kibrisdakik.com\\\/wp-content\\\/uploads\\\/2023\\\/06\\\/KOMPOST-44-740x420.jpg\",\"articleSection\":[\"G\u00fcndem\"],\"inLanguage\":\"tr\",\"potentialAction\":[{\"@type\":\"CommentAction\",\"name\":\"Comment\",\"target\":[\"https:\\\/\\\/kibrisdakik.com\\\/?p=8748#respond\"]}]},{\"@type\":\"WebPage\",\"@id\":\"https:\\\/\\\/kibrisdakik.com\\\/?p=8748\",\"url\":\"https:\\\/\\\/kibrisdakik.com\\\/?p=8748\",\"name\":\"Ye\u015fil at\u0131klar\u0131n geri d\u00f6n\u00fc\u015f\u00fcm\u00fc \u00dclkemizde ilk kompostlama tesisi faaliyete ge\u00e7ti -\",\"isPartOf\":{\"@id\":\"https:\\\/\\\/kibrisdakik.com\\\/#website\"},\"primaryImageOfPage\":{\"@id\":\"https:\\\/\\\/kibrisdakik.com\\\/?p=8748#primaryimage\"},\"image\":{\"@id\":\"https:\\\/\\\/kibrisdakik.com\\\/?p=8748#primaryimage\"},\"thumbnailUrl\":\"https:\\\/\\\/kibrisdakik.com\\\/wp-content\\\/uploads\\\/2023\\\/06\\\/KOMPOST-44-740x420.jpg\",\"datePublished\":\"2023-06-13T15:36:00+00:00\",\"author\":{\"@id\":\"https:\\\/\\\/kibrisdakik.com\\\/#\\\/schema\\\/person\\\/9cd9d437bbb44f72b73ba127e06d8e79\"},\"breadcrumb\":{\"@id\":\"https:\\\/\\\/kibrisdakik.com\\\/?p=8748#breadcrumb\"},\"inLanguage\":\"tr\",\"potentialAction\":[{\"@type\":\"ReadAction\",\"target\":[\"https:\\\/\\\/kibrisdakik.com\\\/?p=8748\"]}]},{\"@type\":\"ImageObject\",\"inLanguage\":\"tr\",\"@id\":\"https:\\\/\\\/kibrisdakik.com\\\/?p=8748#primaryimage\",\"url\":\"https:\\\/\\\/kibrisdakik.com\\\/wp-content\\\/uploads\\\/2023\\\/06\\\/KOMPOST-44-740x420.jpg\",\"contentUrl\":\"https:\\\/\\\/kibrisdakik.com\\\/wp-content\\\/uploads\\\/2023\\\/06\\\/KOMPOST-44-740x420.jpg\",\"width\":1600,\"height\":1200},{\"@type\":\"BreadcrumbList\",\"@id\":\"https:\\\/\\\/kibrisdakik.com\\\/?p=8748#breadcrumb\",\"itemListElement\":[{\"@type\":\"ListItem\",\"position\":1,\"name\":\"Home\",\"item\":\"https:\\\/\\\/kibrisdakik.com\\\/\"},{\"@type\":\"ListItem\",\"position\":2,\"name\":\"Ye\u015fil at\u0131klar\u0131n geri d\u00f6n\u00fc\u015f\u00fcm\u00fc \u00dclkemizde ilk kompostlama tesisi faaliyete ge\u00e7ti\"}]},{\"@type\":\"WebSite\",\"@id\":\"https:\\\/\\\/kibrisdakik.com\\\/#website\",\"url\":\"https:\\\/\\\/kibrisdakik.com\\\/\",\"name\":\"\",\"description\":\"Tam vaktinde haber\",\"potentialAction\":[{\"@type\":\"SearchAction\",\"target\":{\"@type\":\"EntryPoint\",\"urlTemplate\":\"https:\\\/\\\/kibrisdakik.com\\\/?s={search_term_string}\"},\"query-input\":{\"@type\":\"PropertyValueSpecification\",\"valueRequired\":true,\"valueName\":\"search_term_string\"}}],\"inLanguage\":\"tr\"},{\"@type\":\"Person\",\"@id\":\"https:\\\/\\\/kibrisdakik.com\\\/#\\\/schema\\\/person\\\/9cd9d437bbb44f72b73ba127e06d8e79\",\"name\":\"admin\",\"image\":{\"@type\":\"ImageObject\",\"inLanguage\":\"tr\",\"@id\":\"https:\\\/\\\/secure.gravatar.com\\\/avatar\\\/ccc17943b9d660506c869530f897617f7cb1c21a4bf30023f252596d83e1f007?s=96&d=mm&r=g\",\"url\":\"https:\\\/\\\/secure.gravatar.com\\\/avatar\\\/ccc17943b9d660506c869530f897617f7cb1c21a4bf30023f252596d83e1f007?s=96&d=mm&r=g\",\"contentUrl\":\"https:\\\/\\\/secure.gravatar.com\\\/avatar\\\/ccc17943b9d660506c869530f897617f7cb1c21a4bf30023f252596d83e1f007?s=96&d=mm&r=g\",\"caption\":\"admin\"},\"sameAs\":[\"https:\\\/\\\/kibrisdakik.com\"],\"url\":\"https:\\\/\\\/kibrisdakik.com\\\/?author=1\"}]}<\/script>\n<!-- \/ Yoast SEO plugin. -->","yoast_head_json":{"title":"Ye\u015fil at\u0131klar\u0131n geri d\u00f6n\u00fc\u015f\u00fcm\u00fc \u00dclkemizde ilk kompostlama tesisi faaliyete ge\u00e7ti -","robots":{"index":"index","follow":"follow","max-snippet":"max-snippet:-1","max-image-preview":"max-image-preview:large","max-video-preview":"max-video-preview:-1"},"canonical":"https:\/\/kibrisdakik.com\/?p=8748","og_locale":"tr_TR","og_type":"article","og_title":"Ye\u015fil at\u0131klar\u0131n geri d\u00f6n\u00fc\u015f\u00fcm\u00fc \u00dclkemizde ilk kompostlama tesisi faaliyete ge\u00e7ti -","og_description":"Lapta-Alsancak- \u00c7aml\u0131bel Belediyesi \u00fclkemizde bir ilk olan ye\u015fil at\u0131k kompostlama tesisini faaliyete ge\u00e7irdi. Lapta-Alsancak- \u00c7aml\u0131bel Belediyesi Avrupa Komisyonu deste\u011fiyle, daha iyi bir \u00e7evre i\u00e7in ye\u015fil at\u0131\u011f\u0131n geri d\u00f6n\u00fc\u015ft\u00fcr\u00fclmesi projesi kapsam\u0131nda ye\u015fil at\u0131k kompostlama tesisini faaliyete ge\u00e7irdi. B\u00f6lgede \u00e7\u0131kan ye\u015fil at\u0131\u011f\u0131n geri d\u00f6n\u00fc\u015f\u00fcm\u00fcn\u00fc sa\u011flayacak ve \u00fclkemizde bir ilk olan tesis, d\u00fczenlenen t\u00f6renle a\u00e7\u0131ld\u0131. T\u00f6renin a\u00e7\u0131l\u0131\u015f konu\u015fmas\u0131n\u0131","og_url":"https:\/\/kibrisdakik.com\/?p=8748","article_published_time":"2023-06-13T15:36:00+00:00","og_image":[{"width":1600,"height":1200,"url":"https:\/\/kibrisdakik.com\/wp-content\/uploads\/2023\/06\/KOMPOST-44-740x420.jpg","type":"image\/jpeg"}],"author":"admin","twitter_card":"summary_large_image","twitter_misc":{"Yazan:":"admin","Tahmini okuma s\u00fcresi":"1 dakika"},"schema":{"@context":"https:\/\/schema.org","@graph":[{"@type":"Article","@id":"https:\/\/kibrisdakik.com\/?p=8748#article","isPartOf":{"@id":"https:\/\/kibrisdakik.com\/?p=8748"},"author":{"name":"admin","@id":"https:\/\/kibrisdakik.com\/#\/schema\/person\/9cd9d437bbb44f72b73ba127e06d8e79"},"headline":"Ye\u015fil at\u0131klar\u0131n geri d\u00f6n\u00fc\u015f\u00fcm\u00fc \u00dclkemizde ilk kompostlama tesisi faaliyete ge\u00e7ti","datePublished":"2023-06-13T15:36:00+00:00","mainEntityOfPage":{"@id":"https:\/\/kibrisdakik.com\/?p=8748"},"wordCount":216,"commentCount":0,"image":{"@id":"https:\/\/kibrisdakik.com\/?p=8748#primaryimage"},"thumbnailUrl":"https:\/\/kibrisdakik.com\/wp-content\/uploads\/2023\/06\/KOMPOST-44-740x420.jpg","articleSection":["G\u00fcndem"],"inLanguage":"tr","potentialAction":[{"@type":"CommentAction","name":"Comment","target":["https:\/\/kibrisdakik.com\/?p=8748#respond"]}]},{"@type":"WebPage","@id":"https:\/\/kibrisdakik.com\/?p=8748","url":"https:\/\/kibrisdakik.com\/?p=8748","name":"Ye\u015fil at\u0131klar\u0131n geri d\u00f6n\u00fc\u015f\u00fcm\u00fc \u00dclkemizde ilk kompostlama tesisi faaliyete ge\u00e7ti -","isPartOf":{"@id":"https:\/\/kibrisdakik.com\/#website"},"primaryImageOfPage":{"@id":"https:\/\/kibrisdakik.com\/?p=8748#primaryimage"},"image":{"@id":"https:\/\/kibrisdakik.com\/?p=8748#primaryimage"},"thumbnailUrl":"https:\/\/kibrisdakik.com\/wp-content\/uploads\/2023\/06\/KOMPOST-44-740x420.jpg","datePublished":"2023-06-13T15:36:00+00:00","author":{"@id":"https:\/\/kibrisdakik.com\/#\/schema\/person\/9cd9d437bbb44f72b73ba127e06d8e79"},"breadcrumb":{"@id":"https:\/\/kibrisdakik.com\/?p=8748#breadcrumb"},"inLanguage":"tr","potentialAction":[{"@type":"ReadAction","target":["https:\/\/kibrisdakik.com\/?p=8748"]}]},{"@type":"ImageObject","inLanguage":"tr","@id":"https:\/\/kibrisdakik.com\/?p=8748#primaryimage","url":"https:\/\/kibrisdakik.com\/wp-content\/uploads\/2023\/06\/KOMPOST-44-740x420.jpg","contentUrl":"https:\/\/kibrisdakik.com\/wp-content\/uploads\/2023\/06\/KOMPOST-44-740x420.jpg","width":1600,"height":1200},{"@type":"BreadcrumbList","@id":"https:\/\/kibrisdakik.com\/?p=8748#breadcrumb","itemListElement":[{"@type":"ListItem","position":1,"name":"Home","item":"https:\/\/kibrisdakik.com\/"},{"@type":"ListItem","position":2,"name":"Ye\u015fil at\u0131klar\u0131n geri d\u00f6n\u00fc\u015f\u00fcm\u00fc \u00dclkemizde ilk kompostlama tesisi faaliyete ge\u00e7ti"}]},{"@type":"WebSite","@id":"https:\/\/kibrisdakik.com\/#website","url":"https:\/\/kibrisdakik.com\/","name":"","description":"Tam vaktinde haber","potentialAction":[{"@type":"SearchAction","target":{"@type":"EntryPoint","urlTemplate":"https:\/\/kibrisdakik.com\/?s={search_term_string}"},"query-input":{"@type":"PropertyValueSpecification","valueRequired":true,"valueName":"search_term_string"}}],"inLanguage":"tr"},{"@type":"Person","@id":"https:\/\/kibrisdakik.com\/#\/schema\/person\/9cd9d437bbb44f72b73ba127e06d8e79","name":"admin","image":{"@type":"ImageObject","inLanguage":"tr","@id":"https:\/\/secure.gravatar.com\/avatar\/ccc17943b9d660506c869530f897617f7cb1c21a4bf30023f252596d83e1f007?s=96&d=mm&r=g","url":"https:\/\/secure.gravatar.com\/avatar\/ccc17943b9d660506c869530f897617f7cb1c21a4bf30023f252596d83e1f007?s=96&d=mm&r=g","contentUrl":"https:\/\/secure.gravatar.com\/avatar\/ccc17943b9d660506c869530f897617f7cb1c21a4bf30023f252596d83e1f007?s=96&d=mm&r=g","caption":"admin"},"sameAs":["https:\/\/kibrisdakik.com"],"url":"https:\/\/kibrisdakik.com\/?author=1"}]}},"_links":{"self":[{"href":"https:\/\/kibrisdakik.com\/index.php?rest_route=\/wp\/v2\/posts\/8748","targetHints":{"allow":["GET"]}}],"collection":[{"href":"https:\/\/kibrisdakik.com\/index.php?rest_route=\/wp\/v2\/posts"}],"about":[{"href":"https:\/\/kibrisdakik.com\/index.php?rest_route=\/wp\/v2\/types\/post"}],"author":[{"embeddable":true,"href":"https:\/\/kibrisdakik.com\/index.php?rest_route=\/wp\/v2\/users\/1"}],"replies":[{"embeddable":true,"href":"https:\/\/kibrisdakik.com\/index.php?rest_route=%2Fwp%2Fv2%2Fcomments&post=8748"}],"version-history":[{"count":0,"href":"https:\/\/kibrisdakik.com\/index.php?rest_route=\/wp\/v2\/posts\/8748\/revisions"}],"wp:featuredmedia":[{"embeddable":true,"href":"https:\/\/kibrisdakik.com\/index.php?rest_route=\/wp\/v2\/media\/8704"}],"wp:attachment":[{"href":"https:\/\/kibrisdakik.com\/index.php?rest_route=%2Fwp%2Fv2%2Fmedia&parent=8748"}],"wp:term":[{"taxonomy":"category","embeddable":true,"href":"https:\/\/kibrisdakik.com\/index.php?rest_route=%2Fwp%2Fv2%2Fcategories&post=8748"},{"taxonomy":"post_tag","embeddable":true,"href":"https:\/\/kibrisdakik.com\/index.php?rest_route=%2Fwp%2Fv2%2Ftags&post=8748"}],"curies":[{"name":"wp","href":"https:\/\/api.w.org\/{rel}","templated":true}]}}