{"id":87522,"date":"2025-07-30T21:34:07","date_gmt":"2025-07-30T18:34:07","guid":{"rendered":"https:\/\/kibrisdakik.com\/index.php\/2025\/07\/30\/is-kadinlari-derneginden-turkiye-cumhuriyeti-lefkosa-buyukelcisi-basceriye-nezaket-ziyareti\/"},"modified":"2025-07-30T21:34:07","modified_gmt":"2025-07-30T18:34:07","slug":"is-kadinlari-derneginden-turkiye-cumhuriyeti-lefkosa-buyukelcisi-basceriye-nezaket-ziyareti","status":"publish","type":"post","link":"https:\/\/kibrisdakik.com\/?p=87522","title":{"rendered":"\u0130\u015f Kad\u0131nlar\u0131 Derne\u011fi\u2019nden T\u00fcrkiye Cumhuriyeti Lefko\u015fa B\u00fcy\u00fckel\u00e7isi Ba\u015f\u00e7eri\u2019ye nezaket ziyareti"},"content":{"rendered":"<p> <br \/>\n<\/p>\n<div>\n<div class=\"mariselle-image-container center\">\n                                            <\/div>\n<p>\u0130\u015f Kad\u0131nlar\u0131 Derne\u011fi, T\u00fcrkiye Cumhuriyeti Lefko\u015fa B\u00fcy\u00fckel\u00e7isi Ali Murat Ba\u015f\u00e7eri\u2019ye nezaket ziyaretinde bulundu.<\/p>\n<p>\u0130\u015f Kad\u0131nlar\u0131 Derne\u011fi\u2019nden verilen bilgiye g\u00f6re, \u0130\u015f Kad\u0131nlar\u0131 Derne\u011fi Ba\u015fkan\u0131 Bilen Say\u0131l\u0131 Bozk\u0131rl\u0131 ve y\u00f6netim kurulu \u00fcyelerinin kat\u0131l\u0131m\u0131yla ger\u00e7ekle\u015fen ziyarette, kad\u0131n giri\u015fimcili\u011finin g\u00fc\u00e7lenmesi, i\u015f d\u00fcnyas\u0131nda kad\u0131n temsiliyetinin art\u0131r\u0131lmas\u0131 ve T\u00fcrkiye-KKTC aras\u0131ndaki ekonomik i\u015f birliklerinde kad\u0131nlar\u0131n daha etkin rol almas\u0131 konular\u0131 ele al\u0131nd\u0131.<\/p>\n<p>Ziyarette konu\u015fan \u0130\u015f Kad\u0131nlar\u0131 Derne\u011fi Ba\u015fkan\u0131 Bilen Say\u0131l\u0131 Bozk\u0131rl\u0131, derneklerinin 18 y\u0131ll\u0131k bir ge\u00e7mi\u015fi oldu\u011funa i\u015faret ederek, kad\u0131nlar\u0131n ekonomik hayatta daha g\u00f6r\u00fcn\u00fcr hale gelmesi i\u00e7in y\u00fcr\u00fctt\u00fckleri projeler hakk\u0131nda bilgi verdi.  <\/p>\n<p>T\u00fcrkiye Cumhuriyeti\u2019nin her zaman yanlar\u0131nda oldu\u011funu hissettiklerini ifade eden Bozk\u0131rl\u0131, Ba\u015f\u00e7eri\u2019ye desteklerinden dolay\u0131 te\u015fekk\u00fcr etti.<\/p>\n<\/p><\/div>\n<p><script async\n                    defer\n                    crossorigin=\"anonymous\"\n                    src=\"https:\/\/connect.facebook.net\/tr_TR\/sdk.js#xfbml=1&#038;version=v3.3\"\n            ><\/script><br \/>\n<br \/><br \/>\n<br \/><a href=\"[kibrisdakik.com]\n<\/p>\n","protected":false},"excerpt":{"rendered":"<p>\u0130\u015f Kad\u0131nlar\u0131 Derne\u011fi, T\u00fcrkiye Cumhuriyeti Lefko\u015fa B\u00fcy\u00fckel\u00e7isi Ali Murat Ba\u015f\u00e7eri\u2019ye nezaket ziyaretinde bulundu. \u0130\u015f Kad\u0131nlar\u0131 Derne\u011fi\u2019nden verilen bilgiye g\u00f6re, \u0130\u015f Kad\u0131nlar\u0131 Derne\u011fi Ba\u015fkan\u0131 Bilen Say\u0131l\u0131 Bozk\u0131rl\u0131 ve y\u00f6netim kurulu \u00fcyelerinin kat\u0131l\u0131m\u0131yla ger\u00e7ekle\u015fen ziyarette, kad\u0131n giri\u015fimcili\u011finin g\u00fc\u00e7lenmesi, i\u015f d\u00fcnyas\u0131nda kad\u0131n temsiliyetinin art\u0131r\u0131lmas\u0131 ve T\u00fcrkiye-KKTC aras\u0131ndaki ekonomik i\u015f birliklerinde kad\u0131nlar\u0131n daha etkin rol almas\u0131 konular\u0131 ele al\u0131nd\u0131.<\/p>\n","protected":false},"author":1,"featured_media":87523,"comment_status":"open","ping_status":"open","sticky":false,"template":"","format":"standard","meta":{"footnotes":""},"categories":[81,101],"tags":[],"class_list":["post-87522","post","type-post","status-publish","format-standard","has-post-thumbnail","hentry","category-kibris","category-manset"],"yoast_head":"<!-- This site is optimized with the Yoast SEO plugin v27.5 - https:\/\/yoast.com\/product\/yoast-seo-wordpress\/ -->\n<title>\u0130\u015f Kad\u0131nlar\u0131 Derne\u011fi\u2019nden T\u00fcrkiye Cumhuriyeti Lefko\u015fa B\u00fcy\u00fckel\u00e7isi Ba\u015f\u00e7eri\u2019ye nezaket ziyareti -<\/title>\n<meta name=\"robots\" content=\"index, follow, max-snippet:-1, max-image-preview:large, max-video-preview:-1\" \/>\n<link rel=\"canonical\" href=\"https:\/\/kibrisdakik.com\/?p=87522\" \/>\n<meta property=\"og:locale\" content=\"tr_TR\" \/>\n<meta property=\"og:type\" content=\"article\" \/>\n<meta property=\"og:title\" content=\"\u0130\u015f Kad\u0131nlar\u0131 Derne\u011fi\u2019nden T\u00fcrkiye Cumhuriyeti Lefko\u015fa B\u00fcy\u00fckel\u00e7isi Ba\u015f\u00e7eri\u2019ye nezaket ziyareti -\" \/>\n<meta property=\"og:description\" content=\"\u0130\u015f Kad\u0131nlar\u0131 Derne\u011fi, T\u00fcrkiye Cumhuriyeti Lefko\u015fa B\u00fcy\u00fckel\u00e7isi Ali Murat Ba\u015f\u00e7eri\u2019ye nezaket ziyaretinde bulundu. \u0130\u015f Kad\u0131nlar\u0131 Derne\u011fi\u2019nden verilen bilgiye g\u00f6re, \u0130\u015f Kad\u0131nlar\u0131 Derne\u011fi Ba\u015fkan\u0131 Bilen Say\u0131l\u0131 Bozk\u0131rl\u0131 ve y\u00f6netim kurulu \u00fcyelerinin kat\u0131l\u0131m\u0131yla ger\u00e7ekle\u015fen ziyarette, kad\u0131n giri\u015fimcili\u011finin g\u00fc\u00e7lenmesi, i\u015f d\u00fcnyas\u0131nda kad\u0131n temsiliyetinin art\u0131r\u0131lmas\u0131 ve T\u00fcrkiye-KKTC aras\u0131ndaki ekonomik i\u015f birliklerinde kad\u0131nlar\u0131n daha etkin rol almas\u0131 konular\u0131 ele al\u0131nd\u0131.\" \/>\n<meta property=\"og:url\" content=\"https:\/\/kibrisdakik.com\/?p=87522\" \/>\n<meta property=\"article:published_time\" content=\"2025-07-30T18:34:07+00:00\" \/>\n<meta property=\"og:image\" content=\"https:\/\/kibrisdakik.com\/wp-content\/uploads\/2025\/07\/17538850044033550c046-512b-47ca-a4f0-6b5504a7c389-740x420.jpeg\" \/>\n\t<meta property=\"og:image:width\" content=\"1600\" \/>\n\t<meta property=\"og:image:height\" content=\"1200\" \/>\n\t<meta property=\"og:image:type\" content=\"image\/jpeg\" \/>\n<meta name=\"author\" content=\"admin\" \/>\n<meta name=\"twitter:card\" content=\"summary_large_image\" \/>\n<meta name=\"twitter:label1\" content=\"Yazan:\" \/>\n\t<meta name=\"twitter:data1\" content=\"admin\" \/>\n\t<meta name=\"twitter:label2\" content=\"Tahmini okuma s\u00fcresi\" \/>\n\t<meta name=\"twitter:data2\" content=\"1 dakika\" \/>\n<script type=\"application\/ld+json\" class=\"yoast-schema-graph\">{\"@context\":\"https:\\\/\\\/schema.org\",\"@graph\":[{\"@type\":\"Article\",\"@id\":\"https:\\\/\\\/kibrisdakik.com\\\/?p=87522#article\",\"isPartOf\":{\"@id\":\"https:\\\/\\\/kibrisdakik.com\\\/?p=87522\"},\"author\":{\"name\":\"admin\",\"@id\":\"https:\\\/\\\/kibrisdakik.com\\\/#\\\/schema\\\/person\\\/9cd9d437bbb44f72b73ba127e06d8e79\"},\"headline\":\"\u0130\u015f Kad\u0131nlar\u0131 Derne\u011fi\u2019nden T\u00fcrkiye Cumhuriyeti Lefko\u015fa B\u00fcy\u00fckel\u00e7isi Ba\u015f\u00e7eri\u2019ye nezaket ziyareti\",\"datePublished\":\"2025-07-30T18:34:07+00:00\",\"mainEntityOfPage\":{\"@id\":\"https:\\\/\\\/kibrisdakik.com\\\/?p=87522\"},\"wordCount\":185,\"commentCount\":0,\"image\":{\"@id\":\"https:\\\/\\\/kibrisdakik.com\\\/?p=87522#primaryimage\"},\"thumbnailUrl\":\"https:\\\/\\\/kibrisdakik.com\\\/wp-content\\\/uploads\\\/2025\\\/07\\\/17538850044033550c046-512b-47ca-a4f0-6b5504a7c389-740x420.jpeg\",\"articleSection\":[\"K\u0131br\u0131s\",\"Man\u015fet\"],\"inLanguage\":\"tr\",\"potentialAction\":[{\"@type\":\"CommentAction\",\"name\":\"Comment\",\"target\":[\"https:\\\/\\\/kibrisdakik.com\\\/?p=87522#respond\"]}]},{\"@type\":\"WebPage\",\"@id\":\"https:\\\/\\\/kibrisdakik.com\\\/?p=87522\",\"url\":\"https:\\\/\\\/kibrisdakik.com\\\/?p=87522\",\"name\":\"\u0130\u015f Kad\u0131nlar\u0131 Derne\u011fi\u2019nden T\u00fcrkiye Cumhuriyeti Lefko\u015fa B\u00fcy\u00fckel\u00e7isi Ba\u015f\u00e7eri\u2019ye nezaket ziyareti -\",\"isPartOf\":{\"@id\":\"https:\\\/\\\/kibrisdakik.com\\\/#website\"},\"primaryImageOfPage\":{\"@id\":\"https:\\\/\\\/kibrisdakik.com\\\/?p=87522#primaryimage\"},\"image\":{\"@id\":\"https:\\\/\\\/kibrisdakik.com\\\/?p=87522#primaryimage\"},\"thumbnailUrl\":\"https:\\\/\\\/kibrisdakik.com\\\/wp-content\\\/uploads\\\/2025\\\/07\\\/17538850044033550c046-512b-47ca-a4f0-6b5504a7c389-740x420.jpeg\",\"datePublished\":\"2025-07-30T18:34:07+00:00\",\"author\":{\"@id\":\"https:\\\/\\\/kibrisdakik.com\\\/#\\\/schema\\\/person\\\/9cd9d437bbb44f72b73ba127e06d8e79\"},\"breadcrumb\":{\"@id\":\"https:\\\/\\\/kibrisdakik.com\\\/?p=87522#breadcrumb\"},\"inLanguage\":\"tr\",\"potentialAction\":[{\"@type\":\"ReadAction\",\"target\":[\"https:\\\/\\\/kibrisdakik.com\\\/?p=87522\"]}]},{\"@type\":\"ImageObject\",\"inLanguage\":\"tr\",\"@id\":\"https:\\\/\\\/kibrisdakik.com\\\/?p=87522#primaryimage\",\"url\":\"https:\\\/\\\/kibrisdakik.com\\\/wp-content\\\/uploads\\\/2025\\\/07\\\/17538850044033550c046-512b-47ca-a4f0-6b5504a7c389-740x420.jpeg\",\"contentUrl\":\"https:\\\/\\\/kibrisdakik.com\\\/wp-content\\\/uploads\\\/2025\\\/07\\\/17538850044033550c046-512b-47ca-a4f0-6b5504a7c389-740x420.jpeg\",\"width\":1600,\"height\":1200},{\"@type\":\"BreadcrumbList\",\"@id\":\"https:\\\/\\\/kibrisdakik.com\\\/?p=87522#breadcrumb\",\"itemListElement\":[{\"@type\":\"ListItem\",\"position\":1,\"name\":\"Home\",\"item\":\"https:\\\/\\\/kibrisdakik.com\\\/\"},{\"@type\":\"ListItem\",\"position\":2,\"name\":\"\u0130\u015f Kad\u0131nlar\u0131 Derne\u011fi\u2019nden T\u00fcrkiye Cumhuriyeti Lefko\u015fa B\u00fcy\u00fckel\u00e7isi Ba\u015f\u00e7eri\u2019ye nezaket ziyareti\"}]},{\"@type\":\"WebSite\",\"@id\":\"https:\\\/\\\/kibrisdakik.com\\\/#website\",\"url\":\"https:\\\/\\\/kibrisdakik.com\\\/\",\"name\":\"\",\"description\":\"Tam vaktinde haber\",\"potentialAction\":[{\"@type\":\"SearchAction\",\"target\":{\"@type\":\"EntryPoint\",\"urlTemplate\":\"https:\\\/\\\/kibrisdakik.com\\\/?s={search_term_string}\"},\"query-input\":{\"@type\":\"PropertyValueSpecification\",\"valueRequired\":true,\"valueName\":\"search_term_string\"}}],\"inLanguage\":\"tr\"},{\"@type\":\"Person\",\"@id\":\"https:\\\/\\\/kibrisdakik.com\\\/#\\\/schema\\\/person\\\/9cd9d437bbb44f72b73ba127e06d8e79\",\"name\":\"admin\",\"image\":{\"@type\":\"ImageObject\",\"inLanguage\":\"tr\",\"@id\":\"https:\\\/\\\/secure.gravatar.com\\\/avatar\\\/ccc17943b9d660506c869530f897617f7cb1c21a4bf30023f252596d83e1f007?s=96&d=mm&r=g\",\"url\":\"https:\\\/\\\/secure.gravatar.com\\\/avatar\\\/ccc17943b9d660506c869530f897617f7cb1c21a4bf30023f252596d83e1f007?s=96&d=mm&r=g\",\"contentUrl\":\"https:\\\/\\\/secure.gravatar.com\\\/avatar\\\/ccc17943b9d660506c869530f897617f7cb1c21a4bf30023f252596d83e1f007?s=96&d=mm&r=g\",\"caption\":\"admin\"},\"sameAs\":[\"https:\\\/\\\/kibrisdakik.com\"],\"url\":\"https:\\\/\\\/kibrisdakik.com\\\/?author=1\"}]}<\/script>\n<!-- \/ Yoast SEO plugin. -->","yoast_head_json":{"title":"\u0130\u015f Kad\u0131nlar\u0131 Derne\u011fi\u2019nden T\u00fcrkiye Cumhuriyeti Lefko\u015fa B\u00fcy\u00fckel\u00e7isi Ba\u015f\u00e7eri\u2019ye nezaket ziyareti -","robots":{"index":"index","follow":"follow","max-snippet":"max-snippet:-1","max-image-preview":"max-image-preview:large","max-video-preview":"max-video-preview:-1"},"canonical":"https:\/\/kibrisdakik.com\/?p=87522","og_locale":"tr_TR","og_type":"article","og_title":"\u0130\u015f Kad\u0131nlar\u0131 Derne\u011fi\u2019nden T\u00fcrkiye Cumhuriyeti Lefko\u015fa B\u00fcy\u00fckel\u00e7isi Ba\u015f\u00e7eri\u2019ye nezaket ziyareti -","og_description":"\u0130\u015f Kad\u0131nlar\u0131 Derne\u011fi, T\u00fcrkiye Cumhuriyeti Lefko\u015fa B\u00fcy\u00fckel\u00e7isi Ali Murat Ba\u015f\u00e7eri\u2019ye nezaket ziyaretinde bulundu. \u0130\u015f Kad\u0131nlar\u0131 Derne\u011fi\u2019nden verilen bilgiye g\u00f6re, \u0130\u015f Kad\u0131nlar\u0131 Derne\u011fi Ba\u015fkan\u0131 Bilen Say\u0131l\u0131 Bozk\u0131rl\u0131 ve y\u00f6netim kurulu \u00fcyelerinin kat\u0131l\u0131m\u0131yla ger\u00e7ekle\u015fen ziyarette, kad\u0131n giri\u015fimcili\u011finin g\u00fc\u00e7lenmesi, i\u015f d\u00fcnyas\u0131nda kad\u0131n temsiliyetinin art\u0131r\u0131lmas\u0131 ve T\u00fcrkiye-KKTC aras\u0131ndaki ekonomik i\u015f birliklerinde kad\u0131nlar\u0131n daha etkin rol almas\u0131 konular\u0131 ele al\u0131nd\u0131.","og_url":"https:\/\/kibrisdakik.com\/?p=87522","article_published_time":"2025-07-30T18:34:07+00:00","og_image":[{"width":1600,"height":1200,"url":"https:\/\/kibrisdakik.com\/wp-content\/uploads\/2025\/07\/17538850044033550c046-512b-47ca-a4f0-6b5504a7c389-740x420.jpeg","type":"image\/jpeg"}],"author":"admin","twitter_card":"summary_large_image","twitter_misc":{"Yazan:":"admin","Tahmini okuma s\u00fcresi":"1 dakika"},"schema":{"@context":"https:\/\/schema.org","@graph":[{"@type":"Article","@id":"https:\/\/kibrisdakik.com\/?p=87522#article","isPartOf":{"@id":"https:\/\/kibrisdakik.com\/?p=87522"},"author":{"name":"admin","@id":"https:\/\/kibrisdakik.com\/#\/schema\/person\/9cd9d437bbb44f72b73ba127e06d8e79"},"headline":"\u0130\u015f Kad\u0131nlar\u0131 Derne\u011fi\u2019nden T\u00fcrkiye Cumhuriyeti Lefko\u015fa B\u00fcy\u00fckel\u00e7isi Ba\u015f\u00e7eri\u2019ye nezaket ziyareti","datePublished":"2025-07-30T18:34:07+00:00","mainEntityOfPage":{"@id":"https:\/\/kibrisdakik.com\/?p=87522"},"wordCount":185,"commentCount":0,"image":{"@id":"https:\/\/kibrisdakik.com\/?p=87522#primaryimage"},"thumbnailUrl":"https:\/\/kibrisdakik.com\/wp-content\/uploads\/2025\/07\/17538850044033550c046-512b-47ca-a4f0-6b5504a7c389-740x420.jpeg","articleSection":["K\u0131br\u0131s","Man\u015fet"],"inLanguage":"tr","potentialAction":[{"@type":"CommentAction","name":"Comment","target":["https:\/\/kibrisdakik.com\/?p=87522#respond"]}]},{"@type":"WebPage","@id":"https:\/\/kibrisdakik.com\/?p=87522","url":"https:\/\/kibrisdakik.com\/?p=87522","name":"\u0130\u015f Kad\u0131nlar\u0131 Derne\u011fi\u2019nden T\u00fcrkiye Cumhuriyeti Lefko\u015fa B\u00fcy\u00fckel\u00e7isi Ba\u015f\u00e7eri\u2019ye nezaket ziyareti -","isPartOf":{"@id":"https:\/\/kibrisdakik.com\/#website"},"primaryImageOfPage":{"@id":"https:\/\/kibrisdakik.com\/?p=87522#primaryimage"},"image":{"@id":"https:\/\/kibrisdakik.com\/?p=87522#primaryimage"},"thumbnailUrl":"https:\/\/kibrisdakik.com\/wp-content\/uploads\/2025\/07\/17538850044033550c046-512b-47ca-a4f0-6b5504a7c389-740x420.jpeg","datePublished":"2025-07-30T18:34:07+00:00","author":{"@id":"https:\/\/kibrisdakik.com\/#\/schema\/person\/9cd9d437bbb44f72b73ba127e06d8e79"},"breadcrumb":{"@id":"https:\/\/kibrisdakik.com\/?p=87522#breadcrumb"},"inLanguage":"tr","potentialAction":[{"@type":"ReadAction","target":["https:\/\/kibrisdakik.com\/?p=87522"]}]},{"@type":"ImageObject","inLanguage":"tr","@id":"https:\/\/kibrisdakik.com\/?p=87522#primaryimage","url":"https:\/\/kibrisdakik.com\/wp-content\/uploads\/2025\/07\/17538850044033550c046-512b-47ca-a4f0-6b5504a7c389-740x420.jpeg","contentUrl":"https:\/\/kibrisdakik.com\/wp-content\/uploads\/2025\/07\/17538850044033550c046-512b-47ca-a4f0-6b5504a7c389-740x420.jpeg","width":1600,"height":1200},{"@type":"BreadcrumbList","@id":"https:\/\/kibrisdakik.com\/?p=87522#breadcrumb","itemListElement":[{"@type":"ListItem","position":1,"name":"Home","item":"https:\/\/kibrisdakik.com\/"},{"@type":"ListItem","position":2,"name":"\u0130\u015f Kad\u0131nlar\u0131 Derne\u011fi\u2019nden T\u00fcrkiye Cumhuriyeti Lefko\u015fa B\u00fcy\u00fckel\u00e7isi Ba\u015f\u00e7eri\u2019ye nezaket ziyareti"}]},{"@type":"WebSite","@id":"https:\/\/kibrisdakik.com\/#website","url":"https:\/\/kibrisdakik.com\/","name":"","description":"Tam vaktinde haber","potentialAction":[{"@type":"SearchAction","target":{"@type":"EntryPoint","urlTemplate":"https:\/\/kibrisdakik.com\/?s={search_term_string}"},"query-input":{"@type":"PropertyValueSpecification","valueRequired":true,"valueName":"search_term_string"}}],"inLanguage":"tr"},{"@type":"Person","@id":"https:\/\/kibrisdakik.com\/#\/schema\/person\/9cd9d437bbb44f72b73ba127e06d8e79","name":"admin","image":{"@type":"ImageObject","inLanguage":"tr","@id":"https:\/\/secure.gravatar.com\/avatar\/ccc17943b9d660506c869530f897617f7cb1c21a4bf30023f252596d83e1f007?s=96&d=mm&r=g","url":"https:\/\/secure.gravatar.com\/avatar\/ccc17943b9d660506c869530f897617f7cb1c21a4bf30023f252596d83e1f007?s=96&d=mm&r=g","contentUrl":"https:\/\/secure.gravatar.com\/avatar\/ccc17943b9d660506c869530f897617f7cb1c21a4bf30023f252596d83e1f007?s=96&d=mm&r=g","caption":"admin"},"sameAs":["https:\/\/kibrisdakik.com"],"url":"https:\/\/kibrisdakik.com\/?author=1"}]}},"_links":{"self":[{"href":"https:\/\/kibrisdakik.com\/index.php?rest_route=\/wp\/v2\/posts\/87522","targetHints":{"allow":["GET"]}}],"collection":[{"href":"https:\/\/kibrisdakik.com\/index.php?rest_route=\/wp\/v2\/posts"}],"about":[{"href":"https:\/\/kibrisdakik.com\/index.php?rest_route=\/wp\/v2\/types\/post"}],"author":[{"embeddable":true,"href":"https:\/\/kibrisdakik.com\/index.php?rest_route=\/wp\/v2\/users\/1"}],"replies":[{"embeddable":true,"href":"https:\/\/kibrisdakik.com\/index.php?rest_route=%2Fwp%2Fv2%2Fcomments&post=87522"}],"version-history":[{"count":0,"href":"https:\/\/kibrisdakik.com\/index.php?rest_route=\/wp\/v2\/posts\/87522\/revisions"}],"wp:featuredmedia":[{"embeddable":true,"href":"https:\/\/kibrisdakik.com\/index.php?rest_route=\/wp\/v2\/media\/87523"}],"wp:attachment":[{"href":"https:\/\/kibrisdakik.com\/index.php?rest_route=%2Fwp%2Fv2%2Fmedia&parent=87522"}],"wp:term":[{"taxonomy":"category","embeddable":true,"href":"https:\/\/kibrisdakik.com\/index.php?rest_route=%2Fwp%2Fv2%2Fcategories&post=87522"},{"taxonomy":"post_tag","embeddable":true,"href":"https:\/\/kibrisdakik.com\/index.php?rest_route=%2Fwp%2Fv2%2Ftags&post=87522"}],"curies":[{"name":"wp","href":"https:\/\/api.w.org\/{rel}","templated":true}]}}