{"id":87553,"date":"2025-07-31T15:21:03","date_gmt":"2025-07-31T12:21:03","guid":{"rendered":"https:\/\/kibrisdakik.com\/index.php\/2025\/07\/31\/14-pulya-festivali-15-24-agustos-tarihleri-arasinda-duzenleniyor\/"},"modified":"2025-07-31T15:21:03","modified_gmt":"2025-07-31T12:21:03","slug":"14-pulya-festivali-15-24-agustos-tarihleri-arasinda-duzenleniyor","status":"publish","type":"post","link":"https:\/\/kibrisdakik.com\/?p=87553","title":{"rendered":"14. Pulya Festivali 15-24 A\u011fustos tarihleri aras\u0131nda d\u00fczenleniyor"},"content":{"rendered":"<p> <br \/>\n<\/p>\n<div>\n<div class=\"mariselle-image-container center\">\n                                            <\/div>\n<p>14.Yenibo\u011fazi\u00e7i Pulya Festivali ve 5. Uluslararas\u0131 Halk Danslar\u0131 Festivali 15-24 A\u011fustos tarihleri aras\u0131nda Yenibo\u011fazi\u00e7i Festival alan\u0131nda ger\u00e7ekle\u015ftirecek.<\/p>\n<p>Festival ile ilgili Mimoza Beach hotelde bas\u0131n toplant\u0131s\u0131 d\u00fczenlendi\u2026<\/p>\n<p>Yenibo\u011fazi\u00e7i Belediye Ba\u015fkan\u0131 Katip Demir, Festivalin d\u00fczenlenmesinde eme\u011fi ge\u00e7enlere te\u015fekk\u00fcr etti.<\/p>\n<p>Demir, t\u00fcm halk\u0131 festivale davet etti.<\/p>\n<p>Yenibo\u011fazi\u00e7i Belediyesi Festival Komitesi Ba\u015fkan\u0131 Atalay Talaykurt da her kesime hitap edecek etkinklerle dolu bir festival organize edildi\u011fini belirterek, \u015eampiyon Melekler\u2019in de unutulmad\u0131\u011f\u0131n\u0131, \u015eampiyon Melekler Plaj Voleybolu turnuvas\u0131n\u0131n Belediye Plaj\u0131\u2019nda yap\u0131laca\u011f\u0131n\u0131 a\u00e7\u0131klad\u0131.<\/p>\n<p>Talaykurt, Cittaslow K\u00f6y Pazarlar\u0131\u2019n\u0131n da festival boyunca hizmette olaca\u011f\u0131n\u0131 ifade etti.<\/p>\n<p>Yenibo\u011fazi\u00e7i Belediyesi Halk Danslar\u0131 Toplulu\u011fu E\u011fitmeni Ata \u00c7eker festivalde KKTC\u2019nin yan\u0131 s\u0131ra T\u00fcrkiye, Bosna Hersek ve Rusya\u2019dan halk dans ekiplerinin yer alaca\u011f\u0131n\u0131 s\u00f6yledi.<\/p>\n<p>Devlet Piyangosu Ma\u011fusa \u015eube Sorumlusu Naz\u0131m Yap\u0131c\u0131o\u011flu ise Devlet Piyangosu\u2019nun 15 A\u011fustos \u00e7ekili\u015finin Yenibo\u011fazi\u00e7i Pulya Festivali etkinlikleri \u00e7er\u00e7evesinde yap\u0131laca\u011f\u0131n\u0131 a\u00e7\u0131klad\u0131.<\/p>\n<p>\u201c\u00c7ocuklar\u0131n G\u00f6z\u00fcnden Cittaslow Yenibo\u011fazi\u00e7i\u201d foto\u011fraf yar\u0131\u015fmas\u0131 da festival etkinlikleri \u00e7er\u00e7evesinde yer alacak.<\/p>\n<p>Foto\u011fraf yar\u0131\u015fmas\u0131 Juri Ba\u015fkan\u0131 \u0130smail G\u00f6k\u00e7e 12-15 ya\u015f aras\u0131ndaki \u00e7ocuklar\u0131n kat\u0131labilece\u011fi yar\u0131\u015fmayla ilgili bilgi verdi\u2026<\/p>\n<\/p><\/div>\n<p><script async\n                    defer\n                    crossorigin=\"anonymous\"\n                    src=\"https:\/\/connect.facebook.net\/tr_TR\/sdk.js#xfbml=1&#038;version=v3.3\"\n            ><\/script><br \/>\n<br \/><br \/>\n<br \/><a href=\"[kibrisdakik.com]\n<\/p>\n","protected":false},"excerpt":{"rendered":"<p>14.Yenibo\u011fazi\u00e7i Pulya Festivali ve 5. Uluslararas\u0131 Halk Danslar\u0131 Festivali 15-24 A\u011fustos tarihleri aras\u0131nda Yenibo\u011fazi\u00e7i Festival alan\u0131nda ger\u00e7ekle\u015ftirecek. Festival ile ilgili Mimoza Beach hotelde bas\u0131n toplant\u0131s\u0131 d\u00fczenlendi\u2026 Yenibo\u011fazi\u00e7i Belediye Ba\u015fkan\u0131 Katip Demir, Festivalin d\u00fczenlenmesinde eme\u011fi ge\u00e7enlere te\u015fekk\u00fcr etti. Demir, t\u00fcm halk\u0131 festivale davet etti. Yenibo\u011fazi\u00e7i Belediyesi Festival Komitesi Ba\u015fkan\u0131 Atalay Talaykurt da her kesime hitap edecek<\/p>\n","protected":false},"author":1,"featured_media":87554,"comment_status":"open","ping_status":"open","sticky":false,"template":"","format":"standard","meta":{"footnotes":""},"categories":[81,101],"tags":[],"class_list":["post-87553","post","type-post","status-publish","format-standard","has-post-thumbnail","hentry","category-kibris","category-manset"],"yoast_head":"<!-- This site is optimized with the Yoast SEO plugin v27.5 - https:\/\/yoast.com\/product\/yoast-seo-wordpress\/ -->\n<title>14. Pulya Festivali 15-24 A\u011fustos tarihleri aras\u0131nda d\u00fczenleniyor -<\/title>\n<meta name=\"robots\" content=\"index, follow, max-snippet:-1, max-image-preview:large, max-video-preview:-1\" \/>\n<link rel=\"canonical\" href=\"https:\/\/kibrisdakik.com\/?p=87553\" \/>\n<meta property=\"og:locale\" content=\"tr_TR\" \/>\n<meta property=\"og:type\" content=\"article\" \/>\n<meta property=\"og:title\" content=\"14. Pulya Festivali 15-24 A\u011fustos tarihleri aras\u0131nda d\u00fczenleniyor -\" \/>\n<meta property=\"og:description\" content=\"14.Yenibo\u011fazi\u00e7i Pulya Festivali ve 5. Uluslararas\u0131 Halk Danslar\u0131 Festivali 15-24 A\u011fustos tarihleri aras\u0131nda Yenibo\u011fazi\u00e7i Festival alan\u0131nda ger\u00e7ekle\u015ftirecek. Festival ile ilgili Mimoza Beach hotelde bas\u0131n toplant\u0131s\u0131 d\u00fczenlendi\u2026 Yenibo\u011fazi\u00e7i Belediye Ba\u015fkan\u0131 Katip Demir, Festivalin d\u00fczenlenmesinde eme\u011fi ge\u00e7enlere te\u015fekk\u00fcr etti. Demir, t\u00fcm halk\u0131 festivale davet etti. Yenibo\u011fazi\u00e7i Belediyesi Festival Komitesi Ba\u015fkan\u0131 Atalay Talaykurt da her kesime hitap edecek\" \/>\n<meta property=\"og:url\" content=\"https:\/\/kibrisdakik.com\/?p=87553\" \/>\n<meta property=\"article:published_time\" content=\"2025-07-31T12:21:03+00:00\" \/>\n<meta property=\"og:image\" content=\"https:\/\/kibrisdakik.com\/wp-content\/uploads\/2025\/07\/InShot_20250731_120243646-scaled-740x420.jpg\" \/>\n\t<meta property=\"og:image:width\" content=\"2560\" \/>\n\t<meta property=\"og:image:height\" content=\"1439\" \/>\n\t<meta property=\"og:image:type\" content=\"image\/jpeg\" \/>\n<meta name=\"author\" content=\"admin\" \/>\n<meta name=\"twitter:card\" content=\"summary_large_image\" \/>\n<meta name=\"twitter:label1\" content=\"Yazan:\" \/>\n\t<meta name=\"twitter:data1\" content=\"admin\" \/>\n\t<meta name=\"twitter:label2\" content=\"Tahmini okuma s\u00fcresi\" \/>\n\t<meta name=\"twitter:data2\" content=\"1 dakika\" \/>\n<script type=\"application\/ld+json\" class=\"yoast-schema-graph\">{\"@context\":\"https:\\\/\\\/schema.org\",\"@graph\":[{\"@type\":\"Article\",\"@id\":\"https:\\\/\\\/kibrisdakik.com\\\/?p=87553#article\",\"isPartOf\":{\"@id\":\"https:\\\/\\\/kibrisdakik.com\\\/?p=87553\"},\"author\":{\"name\":\"admin\",\"@id\":\"https:\\\/\\\/kibrisdakik.com\\\/#\\\/schema\\\/person\\\/9cd9d437bbb44f72b73ba127e06d8e79\"},\"headline\":\"14. Pulya Festivali 15-24 A\u011fustos tarihleri aras\u0131nda d\u00fczenleniyor\",\"datePublished\":\"2025-07-31T12:21:03+00:00\",\"mainEntityOfPage\":{\"@id\":\"https:\\\/\\\/kibrisdakik.com\\\/?p=87553\"},\"wordCount\":245,\"commentCount\":0,\"image\":{\"@id\":\"https:\\\/\\\/kibrisdakik.com\\\/?p=87553#primaryimage\"},\"thumbnailUrl\":\"https:\\\/\\\/kibrisdakik.com\\\/wp-content\\\/uploads\\\/2025\\\/07\\\/InShot_20250731_120243646-scaled-740x420.jpg\",\"articleSection\":[\"K\u0131br\u0131s\",\"Man\u015fet\"],\"inLanguage\":\"tr\",\"potentialAction\":[{\"@type\":\"CommentAction\",\"name\":\"Comment\",\"target\":[\"https:\\\/\\\/kibrisdakik.com\\\/?p=87553#respond\"]}]},{\"@type\":\"WebPage\",\"@id\":\"https:\\\/\\\/kibrisdakik.com\\\/?p=87553\",\"url\":\"https:\\\/\\\/kibrisdakik.com\\\/?p=87553\",\"name\":\"14. Pulya Festivali 15-24 A\u011fustos tarihleri aras\u0131nda d\u00fczenleniyor -\",\"isPartOf\":{\"@id\":\"https:\\\/\\\/kibrisdakik.com\\\/#website\"},\"primaryImageOfPage\":{\"@id\":\"https:\\\/\\\/kibrisdakik.com\\\/?p=87553#primaryimage\"},\"image\":{\"@id\":\"https:\\\/\\\/kibrisdakik.com\\\/?p=87553#primaryimage\"},\"thumbnailUrl\":\"https:\\\/\\\/kibrisdakik.com\\\/wp-content\\\/uploads\\\/2025\\\/07\\\/InShot_20250731_120243646-scaled-740x420.jpg\",\"datePublished\":\"2025-07-31T12:21:03+00:00\",\"author\":{\"@id\":\"https:\\\/\\\/kibrisdakik.com\\\/#\\\/schema\\\/person\\\/9cd9d437bbb44f72b73ba127e06d8e79\"},\"breadcrumb\":{\"@id\":\"https:\\\/\\\/kibrisdakik.com\\\/?p=87553#breadcrumb\"},\"inLanguage\":\"tr\",\"potentialAction\":[{\"@type\":\"ReadAction\",\"target\":[\"https:\\\/\\\/kibrisdakik.com\\\/?p=87553\"]}]},{\"@type\":\"ImageObject\",\"inLanguage\":\"tr\",\"@id\":\"https:\\\/\\\/kibrisdakik.com\\\/?p=87553#primaryimage\",\"url\":\"https:\\\/\\\/kibrisdakik.com\\\/wp-content\\\/uploads\\\/2025\\\/07\\\/InShot_20250731_120243646-scaled-740x420.jpg\",\"contentUrl\":\"https:\\\/\\\/kibrisdakik.com\\\/wp-content\\\/uploads\\\/2025\\\/07\\\/InShot_20250731_120243646-scaled-740x420.jpg\",\"width\":2560,\"height\":1439},{\"@type\":\"BreadcrumbList\",\"@id\":\"https:\\\/\\\/kibrisdakik.com\\\/?p=87553#breadcrumb\",\"itemListElement\":[{\"@type\":\"ListItem\",\"position\":1,\"name\":\"Home\",\"item\":\"https:\\\/\\\/kibrisdakik.com\\\/\"},{\"@type\":\"ListItem\",\"position\":2,\"name\":\"14. Pulya Festivali 15-24 A\u011fustos tarihleri aras\u0131nda d\u00fczenleniyor\"}]},{\"@type\":\"WebSite\",\"@id\":\"https:\\\/\\\/kibrisdakik.com\\\/#website\",\"url\":\"https:\\\/\\\/kibrisdakik.com\\\/\",\"name\":\"\",\"description\":\"Tam vaktinde haber\",\"potentialAction\":[{\"@type\":\"SearchAction\",\"target\":{\"@type\":\"EntryPoint\",\"urlTemplate\":\"https:\\\/\\\/kibrisdakik.com\\\/?s={search_term_string}\"},\"query-input\":{\"@type\":\"PropertyValueSpecification\",\"valueRequired\":true,\"valueName\":\"search_term_string\"}}],\"inLanguage\":\"tr\"},{\"@type\":\"Person\",\"@id\":\"https:\\\/\\\/kibrisdakik.com\\\/#\\\/schema\\\/person\\\/9cd9d437bbb44f72b73ba127e06d8e79\",\"name\":\"admin\",\"image\":{\"@type\":\"ImageObject\",\"inLanguage\":\"tr\",\"@id\":\"https:\\\/\\\/secure.gravatar.com\\\/avatar\\\/ccc17943b9d660506c869530f897617f7cb1c21a4bf30023f252596d83e1f007?s=96&d=mm&r=g\",\"url\":\"https:\\\/\\\/secure.gravatar.com\\\/avatar\\\/ccc17943b9d660506c869530f897617f7cb1c21a4bf30023f252596d83e1f007?s=96&d=mm&r=g\",\"contentUrl\":\"https:\\\/\\\/secure.gravatar.com\\\/avatar\\\/ccc17943b9d660506c869530f897617f7cb1c21a4bf30023f252596d83e1f007?s=96&d=mm&r=g\",\"caption\":\"admin\"},\"sameAs\":[\"https:\\\/\\\/kibrisdakik.com\"],\"url\":\"https:\\\/\\\/kibrisdakik.com\\\/?author=1\"}]}<\/script>\n<!-- \/ Yoast SEO plugin. -->","yoast_head_json":{"title":"14. Pulya Festivali 15-24 A\u011fustos tarihleri aras\u0131nda d\u00fczenleniyor -","robots":{"index":"index","follow":"follow","max-snippet":"max-snippet:-1","max-image-preview":"max-image-preview:large","max-video-preview":"max-video-preview:-1"},"canonical":"https:\/\/kibrisdakik.com\/?p=87553","og_locale":"tr_TR","og_type":"article","og_title":"14. Pulya Festivali 15-24 A\u011fustos tarihleri aras\u0131nda d\u00fczenleniyor -","og_description":"14.Yenibo\u011fazi\u00e7i Pulya Festivali ve 5. Uluslararas\u0131 Halk Danslar\u0131 Festivali 15-24 A\u011fustos tarihleri aras\u0131nda Yenibo\u011fazi\u00e7i Festival alan\u0131nda ger\u00e7ekle\u015ftirecek. Festival ile ilgili Mimoza Beach hotelde bas\u0131n toplant\u0131s\u0131 d\u00fczenlendi\u2026 Yenibo\u011fazi\u00e7i Belediye Ba\u015fkan\u0131 Katip Demir, Festivalin d\u00fczenlenmesinde eme\u011fi ge\u00e7enlere te\u015fekk\u00fcr etti. Demir, t\u00fcm halk\u0131 festivale davet etti. Yenibo\u011fazi\u00e7i Belediyesi Festival Komitesi Ba\u015fkan\u0131 Atalay Talaykurt da her kesime hitap edecek","og_url":"https:\/\/kibrisdakik.com\/?p=87553","article_published_time":"2025-07-31T12:21:03+00:00","og_image":[{"width":2560,"height":1439,"url":"https:\/\/kibrisdakik.com\/wp-content\/uploads\/2025\/07\/InShot_20250731_120243646-scaled-740x420.jpg","type":"image\/jpeg"}],"author":"admin","twitter_card":"summary_large_image","twitter_misc":{"Yazan:":"admin","Tahmini okuma s\u00fcresi":"1 dakika"},"schema":{"@context":"https:\/\/schema.org","@graph":[{"@type":"Article","@id":"https:\/\/kibrisdakik.com\/?p=87553#article","isPartOf":{"@id":"https:\/\/kibrisdakik.com\/?p=87553"},"author":{"name":"admin","@id":"https:\/\/kibrisdakik.com\/#\/schema\/person\/9cd9d437bbb44f72b73ba127e06d8e79"},"headline":"14. Pulya Festivali 15-24 A\u011fustos tarihleri aras\u0131nda d\u00fczenleniyor","datePublished":"2025-07-31T12:21:03+00:00","mainEntityOfPage":{"@id":"https:\/\/kibrisdakik.com\/?p=87553"},"wordCount":245,"commentCount":0,"image":{"@id":"https:\/\/kibrisdakik.com\/?p=87553#primaryimage"},"thumbnailUrl":"https:\/\/kibrisdakik.com\/wp-content\/uploads\/2025\/07\/InShot_20250731_120243646-scaled-740x420.jpg","articleSection":["K\u0131br\u0131s","Man\u015fet"],"inLanguage":"tr","potentialAction":[{"@type":"CommentAction","name":"Comment","target":["https:\/\/kibrisdakik.com\/?p=87553#respond"]}]},{"@type":"WebPage","@id":"https:\/\/kibrisdakik.com\/?p=87553","url":"https:\/\/kibrisdakik.com\/?p=87553","name":"14. Pulya Festivali 15-24 A\u011fustos tarihleri aras\u0131nda d\u00fczenleniyor -","isPartOf":{"@id":"https:\/\/kibrisdakik.com\/#website"},"primaryImageOfPage":{"@id":"https:\/\/kibrisdakik.com\/?p=87553#primaryimage"},"image":{"@id":"https:\/\/kibrisdakik.com\/?p=87553#primaryimage"},"thumbnailUrl":"https:\/\/kibrisdakik.com\/wp-content\/uploads\/2025\/07\/InShot_20250731_120243646-scaled-740x420.jpg","datePublished":"2025-07-31T12:21:03+00:00","author":{"@id":"https:\/\/kibrisdakik.com\/#\/schema\/person\/9cd9d437bbb44f72b73ba127e06d8e79"},"breadcrumb":{"@id":"https:\/\/kibrisdakik.com\/?p=87553#breadcrumb"},"inLanguage":"tr","potentialAction":[{"@type":"ReadAction","target":["https:\/\/kibrisdakik.com\/?p=87553"]}]},{"@type":"ImageObject","inLanguage":"tr","@id":"https:\/\/kibrisdakik.com\/?p=87553#primaryimage","url":"https:\/\/kibrisdakik.com\/wp-content\/uploads\/2025\/07\/InShot_20250731_120243646-scaled-740x420.jpg","contentUrl":"https:\/\/kibrisdakik.com\/wp-content\/uploads\/2025\/07\/InShot_20250731_120243646-scaled-740x420.jpg","width":2560,"height":1439},{"@type":"BreadcrumbList","@id":"https:\/\/kibrisdakik.com\/?p=87553#breadcrumb","itemListElement":[{"@type":"ListItem","position":1,"name":"Home","item":"https:\/\/kibrisdakik.com\/"},{"@type":"ListItem","position":2,"name":"14. Pulya Festivali 15-24 A\u011fustos tarihleri aras\u0131nda d\u00fczenleniyor"}]},{"@type":"WebSite","@id":"https:\/\/kibrisdakik.com\/#website","url":"https:\/\/kibrisdakik.com\/","name":"","description":"Tam vaktinde haber","potentialAction":[{"@type":"SearchAction","target":{"@type":"EntryPoint","urlTemplate":"https:\/\/kibrisdakik.com\/?s={search_term_string}"},"query-input":{"@type":"PropertyValueSpecification","valueRequired":true,"valueName":"search_term_string"}}],"inLanguage":"tr"},{"@type":"Person","@id":"https:\/\/kibrisdakik.com\/#\/schema\/person\/9cd9d437bbb44f72b73ba127e06d8e79","name":"admin","image":{"@type":"ImageObject","inLanguage":"tr","@id":"https:\/\/secure.gravatar.com\/avatar\/ccc17943b9d660506c869530f897617f7cb1c21a4bf30023f252596d83e1f007?s=96&d=mm&r=g","url":"https:\/\/secure.gravatar.com\/avatar\/ccc17943b9d660506c869530f897617f7cb1c21a4bf30023f252596d83e1f007?s=96&d=mm&r=g","contentUrl":"https:\/\/secure.gravatar.com\/avatar\/ccc17943b9d660506c869530f897617f7cb1c21a4bf30023f252596d83e1f007?s=96&d=mm&r=g","caption":"admin"},"sameAs":["https:\/\/kibrisdakik.com"],"url":"https:\/\/kibrisdakik.com\/?author=1"}]}},"_links":{"self":[{"href":"https:\/\/kibrisdakik.com\/index.php?rest_route=\/wp\/v2\/posts\/87553","targetHints":{"allow":["GET"]}}],"collection":[{"href":"https:\/\/kibrisdakik.com\/index.php?rest_route=\/wp\/v2\/posts"}],"about":[{"href":"https:\/\/kibrisdakik.com\/index.php?rest_route=\/wp\/v2\/types\/post"}],"author":[{"embeddable":true,"href":"https:\/\/kibrisdakik.com\/index.php?rest_route=\/wp\/v2\/users\/1"}],"replies":[{"embeddable":true,"href":"https:\/\/kibrisdakik.com\/index.php?rest_route=%2Fwp%2Fv2%2Fcomments&post=87553"}],"version-history":[{"count":0,"href":"https:\/\/kibrisdakik.com\/index.php?rest_route=\/wp\/v2\/posts\/87553\/revisions"}],"wp:featuredmedia":[{"embeddable":true,"href":"https:\/\/kibrisdakik.com\/index.php?rest_route=\/wp\/v2\/media\/87554"}],"wp:attachment":[{"href":"https:\/\/kibrisdakik.com\/index.php?rest_route=%2Fwp%2Fv2%2Fmedia&parent=87553"}],"wp:term":[{"taxonomy":"category","embeddable":true,"href":"https:\/\/kibrisdakik.com\/index.php?rest_route=%2Fwp%2Fv2%2Fcategories&post=87553"},{"taxonomy":"post_tag","embeddable":true,"href":"https:\/\/kibrisdakik.com\/index.php?rest_route=%2Fwp%2Fv2%2Ftags&post=87553"}],"curies":[{"name":"wp","href":"https:\/\/api.w.org\/{rel}","templated":true}]}}